{"id":12639,"date":"2025-04-25T10:00:20","date_gmt":"2025-04-25T08:00:20","guid":{"rendered":"https:\/\/www.unihabit.com\/?p=12639"},"modified":"2025-05-09T14:44:11","modified_gmt":"2025-05-09T12:44:11","slug":"beca-mec-cataluna","status":"publish","type":"post","link":"https:\/\/www.unihabit.com\/ca\/beca-mec-cataluna\/","title":{"rendered":"Beques universit\u00e0ries 2025"},"content":{"rendered":"<p><div class=\"fusion-fullwidth fullwidth-box fusion-builder-row-1 fusion-flex-container has-pattern-background has-mask-background nonhundred-percent-fullwidth non-hundred-percent-height-scrolling\" style=\"--awb-border-radius-top-left:0px;--awb-border-radius-top-right:0px;--awb-border-radius-bottom-right:0px;--awb-border-radius-bottom-left:0px;--awb-flex-wrap:wrap;\" ><div class=\"fusion-builder-row fusion-row fusion-flex-align-items-flex-start fusion-flex-content-wrap\" style=\"max-width:1248px;margin-left: calc(-4% \/ 2 );margin-right: calc(-4% \/ 2 );\"><div class=\"fusion-layout-column fusion_builder_column fusion-builder-column-0 fusion_builder_column_1_1 1_1 fusion-flex-column\" style=\"--awb-bg-size:cover;--awb-width-large:100%;--awb-margin-top-large:0px;--awb-spacing-right-large:1.92%;--awb-margin-bottom-large:20px;--awb-spacing-left-large:1.92%;--awb-width-medium:100%;--awb-order-medium:0;--awb-spacing-right-medium:1.92%;--awb-spacing-left-medium:1.92%;--awb-width-small:100%;--awb-order-small:0;--awb-spacing-right-small:1.92%;--awb-spacing-left-small:1.92%;\"><div class=\"fusion-column-wrapper fusion-column-has-shadow fusion-flex-justify-content-flex-start fusion-content-layout-column\"><div class=\"fusion-text fusion-text-1\" style=\"--awb-content-alignment:justify;\">\n<\/div><div class=\"fusion-text fusion-text-2\" style=\"--awb-content-alignment:justify;\"><p><span style=\"font-weight: 400;\">Tant si comences la universitat com si ja est\u00e0s estudiant un grau universitari, en aquest blog t&#8217;expliquem tot sobre les beques universit\u00e0ries del 2025. Des de la Beca MEC a Catalunya, les diferents beques auton\u00f2miques i les beques d&#8217;entitats privades.<\/span><\/p>\n<\/div><div class=\"fusion-title title fusion-title-1 fusion-sep-none fusion-title-text fusion-title-size-two\"><h2 class=\"fusion-title-heading title-heading-left\" style=\"margin:0;\"><b>Quants tipus de beques universit\u00e0ries hi ha?<\/b><\/h2><\/div><div class=\"fusion-text fusion-text-3\" style=\"--awb-content-alignment:justify;\"><p><span style=\"font-weight: 400;\">Com a estudiant universitari a Catalunya pots optar a beques de car\u00e0cter general, tant del govern espanyol com de la Generalitat de Catalunya, o b\u00e9 sol\u00b7licitar una beca concreta de la universitat en la qual realitzis els estudis, sempre que compleixis amb els requisits establerts en cada convocat\u00f2ria.<\/span><\/p>\n<p><span style=\"font-weight: 400;\">Les beques es diferencien per dos tipus: les beques generals atorgades per l&#8217;administraci\u00f3 p\u00fablica i les particulars atorgades per diferents entitats.<\/span><\/p>\n<\/div><div class=\"fusion-title title fusion-title-2 fusion-sep-none fusion-title-text fusion-title-size-three\"><h3 class=\"fusion-title-heading title-heading-left\" style=\"margin:0;\"><b>Beques de car\u00e0cter general<\/b><\/h3><\/div><div class=\"fusion-text fusion-text-4\" style=\"--awb-content-alignment:justify;\"><ul>\n<li style=\"font-weight: 400;\" aria-level=\"1\"><b>Beques MEC:<\/b><span style=\"font-weight: 400;\"> S\u00f3n les beques concedides pel Govern d&#8217;Espanya mitjan\u00e7ant el Ministeri d&#8217;Educaci\u00f3. Aquestes beques poden sol\u00b7licitar-les, des d&#8217;alumnes de batxillerat, Formaci\u00f3 Professional, Graus universitaris, m\u00e0sters oficials i fins i tot programes espec\u00edfics com per exemple el d&#8217;Acc\u00e9s a la universitat per a majors de 25 anys.<\/span><\/li>\n<li style=\"font-weight: 400;\" aria-level=\"1\"><b>Beques auton\u00f2miques:<\/b><span style=\"font-weight: 400;\"> Les beques auton\u00f2miques estableixen la convocat\u00f2ria en funci\u00f3 de cada comunitat aut\u00f2noma. Aquestes s\u00f3n beques complement\u00e0ries a les beques MEC ofertes pel Ministeri d&#8217;Educaci\u00f3, Formaci\u00f3 Professional i Esports. En el cas de Catalunya, \u00e9s la Beca d&#8217;Equitat.<\/span><\/li>\n<li style=\"font-weight: 400;\" aria-level=\"1\"><b>Beques de col\u00b7laboraci\u00f3:<\/b><span style=\"font-weight: 400;\"> ajudes destinades a facilitar la col\u00b7laboraci\u00f3 amb departaments dels estudiants que estan en \u00faltim curs de grau o els qui cursin el primer curs d&#8217;un M\u00e0ster Oficial, en r\u00e8gim de compatibilitat amb els seus estudis.<\/span><\/li>\n<\/ul>\n<\/div><div class=\"fusion-title title fusion-title-3 fusion-sep-none fusion-title-text fusion-title-size-three\"><h3 class=\"fusion-title-heading title-heading-left\" style=\"margin:0;\"><b>Beques d\u2019entitats particulars o privades<\/b><\/h3><\/div><div class=\"fusion-text fusion-text-5\" style=\"--awb-content-alignment:justify;\"><ul>\n<li style=\"font-weight: 400;\" aria-level=\"1\"><b>Beques d&#8217;entitats privades:<\/b><span style=\"font-weight: 400;\"> com a bancs o institucions universit\u00e0ries.<\/span><\/li>\n<\/ul>\n<\/div><\/div><\/div><\/div><\/div><div class=\"fusion-fullwidth fullwidth-box fusion-builder-row-2 fusion-flex-container has-pattern-background has-mask-background nonhundred-percent-fullwidth non-hundred-percent-height-scrolling\" style=\"--awb-border-radius-top-left:0px;--awb-border-radius-top-right:0px;--awb-border-radius-bottom-right:0px;--awb-border-radius-bottom-left:0px;--awb-flex-wrap:wrap;\" ><div class=\"fusion-builder-row fusion-row fusion-flex-align-items-flex-start fusion-flex-content-wrap\" style=\"max-width:1248px;margin-left: calc(-4% \/ 2 );margin-right: calc(-4% \/ 2 );\"><div class=\"fusion-layout-column fusion_builder_column fusion-builder-column-1 fusion_builder_column_1_1 1_1 fusion-flex-column\" style=\"--awb-bg-size:cover;--awb-width-large:100%;--awb-margin-top-large:0px;--awb-spacing-right-large:1.92%;--awb-margin-bottom-large:20px;--awb-spacing-left-large:1.92%;--awb-width-medium:100%;--awb-order-medium:0;--awb-spacing-right-medium:1.92%;--awb-spacing-left-medium:1.92%;--awb-width-small:100%;--awb-order-small:0;--awb-spacing-right-small:1.92%;--awb-spacing-left-small:1.92%;\"><div class=\"fusion-column-wrapper fusion-column-has-shadow fusion-flex-justify-content-flex-start fusion-content-layout-column\"><div class=\"fusion-title title fusion-title-4 fusion-sep-none fusion-title-text fusion-title-size-two\"><h2 class=\"fusion-title-heading title-heading-left\" style=\"margin:0;\"><b>Taula resum de les beques universit\u00e0ries a Catalunya<\/b><\/h2><\/div>\n<div class=\"table-1\">\n<p>&nbsp;<\/p>\n<table style=\"width: 100%;\" width=\"100%\">\n<thead>\n<tr>\n<th style=\"width: 99.3822%;\" colspan=\"2\">\n<div class=\"table-1\">\n<div class=\"table-1\">\n<div class=\"table-1\">Beques per a estudiants universitaris 2025 a Catalunya<\/div>\n<\/div>\n<\/div>\n<\/th>\n<\/tr>\n<\/thead>\n<tbody>\n<tr>\n<td style=\"width: 15.181%;\" align=\"left\"><strong>Beques generals<\/strong><\/td>\n<td style=\"width: 84.2012%;\" align=\"left\">-Beques MEC: beques generals del Ministeri d&#8217;Educaci\u00f3.<br \/>\n-Beques auton\u00f2miques com la Beca Equitat a Catalunya (Consultar\u00a0les beques d&#8217;altres comunitats auton\u00f2miques)<br \/>\n-Beques de col\u00b7laboraci\u00f3 en departaments d&#8217;estudiants d&#8217;\u00faltim curs o primer d&#8217;un M\u00e0ster Oficial convocada pel Ministeri d&#8217;Educaci\u00f3 i Formaci\u00f3 professional.<\/td>\n<\/tr>\n<tr>\n<td style=\"width: 15.181%;\">\n<div class=\"table-1\">\n<div class=\"table-1\">\n<div class=\"table-1\"><strong>Beques d&#8217;entitats privades<\/strong><\/div>\n<\/div>\n<\/div>\n<\/td>\n<td style=\"width: 84.2012%;\">-Beques Universitat Pompeu Fabra<br \/>\n-Beques Universitat Polit\u00e8cnica de Catalunya<br \/>\n-Beques Universitat de Barcelona<br \/>\n-Beques Universitat Aut\u00f2noma de Barcelona<\/td>\n<\/tr>\n<\/tbody>\n<\/table>\n<\/div>\n<div class=\"fusion-title title fusion-title-5 fusion-sep-none fusion-title-text fusion-title-size-two\"><h2 class=\"fusion-title-heading title-heading-left\" style=\"margin:0;\"><b>Quines beques puc sol\u00b7licitar com a universitari?<\/b><\/h2><\/div><div class=\"fusion-text fusion-text-6\" style=\"--awb-content-alignment:justify;\"><p><span style=\"font-weight: 400;\">Si est\u00e0s <\/span><b>estudiant un grau universitari oficial en una universitat de Catalunya i tamb\u00e9 a la UOC<\/b><span style=\"font-weight: 400;\"> (Universitat Oberta de Catalunya) pots sol\u00b7licitar les seg\u00fcents beques per a estudiants universitaris:<\/span><\/p>\n<\/div><div class=\"fusion-image-element \" style=\"text-align:center;--awb-caption-title-font-family:var(--h2_typography-font-family);--awb-caption-title-font-weight:var(--h2_typography-font-weight);--awb-caption-title-font-style:var(--h2_typography-font-style);--awb-caption-title-size:var(--h2_typography-font-size);--awb-caption-title-transform:var(--h2_typography-text-transform);--awb-caption-title-line-height:var(--h2_typography-line-height);--awb-caption-title-letter-spacing:var(--h2_typography-letter-spacing);\"><span class=\" fusion-imageframe imageframe-none imageframe-1 hover-type-none\"><img decoding=\"async\" width=\"900\" height=\"600\" alt=\"beca mec cataluna estudio\" title=\"beca mec cataluna estudio\" src=\"https:\/\/www.unihabit.com\/wp-content\/uploads\/2024\/04\/beca-mec-cataluna-estudio-1.png\" class=\"img-responsive wp-image-16812\" srcset=\"https:\/\/www.unihabit.com\/wp-content\/uploads\/2024\/04\/beca-mec-cataluna-estudio-1-200x133.png 200w, https:\/\/www.unihabit.com\/wp-content\/uploads\/2024\/04\/beca-mec-cataluna-estudio-1-400x267.png 400w, https:\/\/www.unihabit.com\/wp-content\/uploads\/2024\/04\/beca-mec-cataluna-estudio-1-600x400.png 600w, https:\/\/www.unihabit.com\/wp-content\/uploads\/2024\/04\/beca-mec-cataluna-estudio-1-800x533.png 800w, https:\/\/www.unihabit.com\/wp-content\/uploads\/2024\/04\/beca-mec-cataluna-estudio-1.png 900w\" sizes=\"(max-width: 640px) 100vw, 900px\" \/><\/span><\/div><\/div><\/div><\/div><\/div><div class=\"fusion-fullwidth fullwidth-box fusion-builder-row-3 fusion-flex-container has-pattern-background has-mask-background nonhundred-percent-fullwidth non-hundred-percent-height-scrolling\" style=\"--awb-border-radius-top-left:0px;--awb-border-radius-top-right:0px;--awb-border-radius-bottom-right:0px;--awb-border-radius-bottom-left:0px;--awb-flex-wrap:wrap;\" ><div class=\"fusion-builder-row fusion-row fusion-flex-align-items-flex-start fusion-flex-content-wrap\" style=\"max-width:1248px;margin-left: calc(-4% \/ 2 );margin-right: calc(-4% \/ 2 );\"><div class=\"fusion-layout-column fusion_builder_column fusion-builder-column-2 fusion_builder_column_1_1 1_1 fusion-flex-column\" style=\"--awb-bg-size:cover;--awb-width-large:100%;--awb-margin-top-large:0px;--awb-spacing-right-large:1.92%;--awb-margin-bottom-large:20px;--awb-spacing-left-large:1.92%;--awb-width-medium:100%;--awb-order-medium:0;--awb-spacing-right-medium:1.92%;--awb-spacing-left-medium:1.92%;--awb-width-small:100%;--awb-order-small:0;--awb-spacing-right-small:1.92%;--awb-spacing-left-small:1.92%;\"><div class=\"fusion-column-wrapper fusion-column-has-shadow fusion-flex-justify-content-flex-start fusion-content-layout-column\"><div class=\"fusion-title title fusion-title-6 fusion-sep-none fusion-title-text fusion-title-size-three\" style=\"--awb-margin-top:30px;\"><h3 class=\"fusion-title-heading title-heading-left\" style=\"margin:0;\"><b>Beques generals i auton\u00f2miques<\/b><\/h3><\/div><div class=\"fusion-title title fusion-title-7 fusion-sep-none fusion-title-text fusion-title-size-four\"><h4 class=\"fusion-title-heading title-heading-left\" style=\"margin:0;\"><b>Beca de car\u00e0cter general del Ministeri d&#8217;Educaci\u00f3<\/b><\/h4><\/div><div class=\"fusion-text fusion-text-7\" style=\"--awb-content-alignment:justify;\"><p><span style=\"font-weight: 400;\">La <\/span><a href=\"https:\/\/agaur.gencat.cat\/ca\/beques-i-ajuts\/pagines-especials\/beques-i-ajuts-per-estudis-universitaris1\/beca-general-ministeri\/index.html\" target=\"_blank\" rel=\"noopener\"><span style=\"font-weight: 400;\">beca de car\u00e0cter general<\/span><\/a><span style=\"font-weight: 400;\"> es convoca <\/span><b>anualment pel Ministeri d&#8217;Educaci\u00f3 i Formaci\u00f3 Professional<\/b><span style=\"font-weight: 400;\"> gestionada per l\u2019Ag\u00e8ncia de Gesti\u00f3 d\u2019Ajudes Universit\u00e0ries i de Recerca de Catalunya i va dirigida a estudiants universitaris que estudi\u00efn t\u00edtols oficials de grau o m\u00e0ster universitari.<\/span><\/p>\n<ul>\n<li style=\"font-weight: 400;\" aria-level=\"1\"><b>Termini de presentaci\u00f3: <\/b><span style=\"font-weight: 400;\">des del 24 de mar\u00e7 fins al 14 de maig, tots dos inclosos.<\/span><\/li>\n<li style=\"font-weight: 400;\" aria-level=\"1\"><b>Incompatibilitats:<\/b><span style=\"font-weight: 400;\"> la beca de car\u00e0cter general \u00e9s incompatible amb altres ajudes concedides per qualsevol altre organisme p\u00fablic.<\/span><\/li>\n<li style=\"font-weight: 400;\" aria-level=\"1\"><b>Import: <\/b><span style=\"font-weight: 400;\">a calcular. L&#8217;ajuda m\u00ednima d&#8217;aquesta beca \u00e9s la matr\u00edcula. A partir d&#8217;aquesta quantia m\u00ednima, es poden anar sumant unes altres que s&#8217;atorguen de manera directa.<\/span><\/li>\n<li style=\"font-weight: 400;\" aria-level=\"1\"><b>Qui pot sol\u00b7licitar-la?<\/b><span style=\"font-weight: 400;\"> Per a beneficiar-se d&#8217;aquestes beques, l&#8217;alumnat d&#8217;estudis universitaris oficials de grau o m\u00e0ster universitari, ha de complir amb els requisits generals, acad\u00e8mics i econ\u00f2mics (de renda i patrimoni) que fixa la convocat\u00f2ria.<\/span><\/li>\n<\/ul>\n<\/div><div class=\"fusion-title title fusion-title-8 fusion-sep-none fusion-title-text fusion-title-size-four\"><h4 class=\"fusion-title-heading title-heading-left\" style=\"margin:0;\"><b>Beques de col\u00b7laboraci\u00f3 del Ministeri d&#8217;Educaci\u00f3, Formaci\u00f3 Professional i esports<\/b><\/h4><\/div><div class=\"fusion-text fusion-text-8\" style=\"--awb-content-alignment:justify;\"><p><span style=\"font-weight: 400;\">Les <\/span><a href=\"https:\/\/www.educacionfpydeportes.gob.es\/ca\/servicios-al-ciudadano\/catalogo\/general\/99\/998142\/ficha\/948142-2024.html\" target=\"_blank\" rel=\"noopener\"><span style=\"font-weight: 400;\">beques de col\u00b7laboraci\u00f3<\/span><\/a><span style=\"font-weight: 400;\"> es dirigeixen a <\/span><b>estudiants d&#8217;\u00faltim any de grau o primer d&#8217;un m\u00e0ster<\/b><span style=\"font-weight: 400;\">, per a promoure la iniciaci\u00f3 en tasques de recerca dels estudiants universitaris que vagin a finalitzar els estudis.<\/span><\/p>\n<ul>\n<li style=\"font-weight: 400;\" aria-level=\"1\"><b>Termini de presentaci\u00f3:<\/b><span style=\"font-weight: 400;\"> de juny a setembre, tots dos inclosos.<\/span><\/li>\n<li style=\"font-weight: 400;\" aria-level=\"1\"><b>Incompatibilitats:<\/b><span style=\"font-weight: 400;\"> les establertes en la convocat\u00f2ria.<\/span><\/li>\n<li style=\"font-weight: 400;\" aria-level=\"1\"><b>Import: <\/b><span style=\"font-weight: 400;\">la dotaci\u00f3 total i \u00fanica d&#8217;aquesta beca \u00e9s de 2.000 \u20ac per a tots els beneficiaris.<\/span><\/li>\n<li style=\"font-weight: 400;\" aria-level=\"1\"><b>Qui pot sol\u00b7licitar-la?<\/b><span style=\"font-weight: 400;\"> Estudiants d&#8217;\u00faltim any de Grau o M\u00e0ster que compleixin amb els requisits establerts en la convocat\u00f2ria.<\/span><\/li>\n<\/ul>\n<\/div><div class=\"fusion-title title fusion-title-9 fusion-sep-none fusion-title-text fusion-title-size-four\"><h4 class=\"fusion-title-heading title-heading-left\" style=\"margin:0;\"><b>Beca Equitat de Catalunya<\/b><\/h4><\/div><div class=\"fusion-text fusion-text-9\" style=\"--awb-content-alignment:justify;\"><p><span style=\"font-weight: 400;\">La <\/span><a href=\"https:\/\/agaur.gencat.cat\/ca\/beques-i-ajuts\/pagines-especials\/beques-i-ajuts-per-estudis-universitaris1\/acreditacio-economica-i-beques-equitat\/index.html\" target=\"_blank\" rel=\"noopener\"><span style=\"font-weight: 400;\">beca equitat<\/span><\/a><span style=\"font-weight: 400;\"> consisteix en <\/span><b>l&#8217;aplicaci\u00f3 d&#8217;un percentatge de minoraci\u00f3 (fins del 80%) en funci\u00f3 del tram de renda assignat i els estudis que cursis<\/b><span style=\"font-weight: 400;\">, en el preu de la matr\u00edcula. Aquesta beca va dirigida a estudiants universitaris que cursin un grau o m\u00e0ster oficial en una de les universitats p\u00fabliques de Catalunya, en la UOC o en algun dels 3 centres adscrits que participen.<\/span><\/p>\n<ul>\n<li style=\"font-weight: 400;\" aria-level=\"1\"><b>Termini de presentaci\u00f3: <\/b><span style=\"font-weight: 400;\">de setembre a octubre, tots dos inclosos.<\/span><\/li>\n<li style=\"font-weight: 400;\" aria-level=\"1\"><b>Incompatibilitats:<\/b><span style=\"font-weight: 400;\"> si se&#8217;t concedeix la beca General, la beca d&#8217;equitat quedar\u00e0 sense efecte.<\/span><\/li>\n<li style=\"font-weight: 400;\" aria-level=\"1\"><b>Import:<\/b><span style=\"font-weight: 400;\"> s&#8217;aplicar\u00e0 la minoraci\u00f3 que et correspongui.<\/span><\/li>\n<li style=\"font-weight: 400;\" aria-level=\"1\"><b>Qui pot sol\u00b7licitar-la?<\/b><span style=\"font-weight: 400;\"> Estudiants que cursin oficialment un grau o m\u00e0ster en una universitat p\u00fablica de Catalunya, en la UOC o un dels 3 centres adscrits que participen.<\/span><\/li>\n<\/ul>\n<\/div><\/div><\/div><\/div><\/div><div class=\"fusion-fullwidth fullwidth-box fusion-builder-row-4 fusion-flex-container has-pattern-background has-mask-background nonhundred-percent-fullwidth non-hundred-percent-height-scrolling\" style=\"--awb-border-radius-top-left:0px;--awb-border-radius-top-right:0px;--awb-border-radius-bottom-right:0px;--awb-border-radius-bottom-left:0px;--awb-flex-wrap:wrap;\" ><div class=\"fusion-builder-row fusion-row fusion-flex-align-items-flex-start fusion-flex-content-wrap\" style=\"max-width:1248px;margin-left: calc(-4% \/ 2 );margin-right: calc(-4% \/ 2 );\"><div class=\"fusion-layout-column fusion_builder_column fusion-builder-column-3 fusion_builder_column_1_1 1_1 fusion-flex-column\" style=\"--awb-bg-size:cover;--awb-width-large:100%;--awb-margin-top-large:0px;--awb-spacing-right-large:1.92%;--awb-margin-bottom-large:20px;--awb-spacing-left-large:1.92%;--awb-width-medium:100%;--awb-order-medium:0;--awb-spacing-right-medium:1.92%;--awb-spacing-left-medium:1.92%;--awb-width-small:100%;--awb-order-small:0;--awb-spacing-right-small:1.92%;--awb-spacing-left-small:1.92%;\"><div class=\"fusion-column-wrapper fusion-column-has-shadow fusion-flex-justify-content-flex-start fusion-content-layout-column\"><div class=\"fusion-image-element \" style=\"text-align:center;--awb-caption-title-font-family:var(--h2_typography-font-family);--awb-caption-title-font-weight:var(--h2_typography-font-weight);--awb-caption-title-font-style:var(--h2_typography-font-style);--awb-caption-title-size:var(--h2_typography-font-size);--awb-caption-title-transform:var(--h2_typography-text-transform);--awb-caption-title-line-height:var(--h2_typography-line-height);--awb-caption-title-letter-spacing:var(--h2_typography-letter-spacing);\"><span class=\" fusion-imageframe imageframe-none imageframe-2 hover-type-none\"><img decoding=\"async\" width=\"900\" height=\"600\" alt=\"beca mec cataluna jardin\" title=\"beca mec cataluna jardin\" src=\"https:\/\/www.unihabit.com\/wp-content\/uploads\/2024\/04\/beca-mec-cataluna-jardin-1.png\" class=\"img-responsive wp-image-16818\" srcset=\"https:\/\/www.unihabit.com\/wp-content\/uploads\/2024\/04\/beca-mec-cataluna-jardin-1-200x133.png 200w, https:\/\/www.unihabit.com\/wp-content\/uploads\/2024\/04\/beca-mec-cataluna-jardin-1-400x267.png 400w, https:\/\/www.unihabit.com\/wp-content\/uploads\/2024\/04\/beca-mec-cataluna-jardin-1-600x400.png 600w, https:\/\/www.unihabit.com\/wp-content\/uploads\/2024\/04\/beca-mec-cataluna-jardin-1-800x533.png 800w, https:\/\/www.unihabit.com\/wp-content\/uploads\/2024\/04\/beca-mec-cataluna-jardin-1.png 900w\" sizes=\"(max-width: 640px) 100vw, 900px\" \/><\/span><\/div><div class=\"fusion-title title fusion-title-10 fusion-sep-none fusion-title-text fusion-title-size-three\" style=\"--awb-margin-top:30px;\"><h3 class=\"fusion-title-heading title-heading-left\" style=\"margin:0;\"><b>Beques d\u2019entitats privades a Catalunya<\/b><\/h3><\/div><div class=\"fusion-title title fusion-title-11 fusion-sep-none fusion-title-text fusion-title-size-four\"><h4 class=\"fusion-title-heading title-heading-left\" style=\"margin:0;\"><b>Universitat Pompeu Fabra<\/b><\/h4><\/div><div class=\"fusion-text fusion-text-10\" style=\"--awb-content-alignment:justify;\"><p><a href=\"https:\/\/www.upf.edu\/web\/graus\/programa_upf_ajuts_a_l_estudi\" target=\"_blank\" rel=\"noopener\"><span style=\"font-weight: 400;\">Ajudes a l&#8217;estudi de la comunitat UPF:<\/span><\/a><span style=\"font-weight: 400;\"> Aquestes ajudes van dirigides a estudiants de centres propis de la UPF, matriculats en ensenyaments universitaris oficials i que es trobin davant de dificultats econ\u00f2miques importants.<\/span><\/p>\n<p><a href=\"https:\/\/www.upf.edu\/web\/graus\/beques_salari\" target=\"_blank\" rel=\"noopener\"><span style=\"font-weight: 400;\">Programa UPF beques salari<\/span><\/a><span style=\"font-weight: 400;\"> per a nous estudiants de grau de la UPF, aquesta beca est\u00e0 destinada a estudiants en condicions d&#8217;accedir a la universitat per primera vegada amb escassos recursos econ\u00f2mics.<\/span><\/p>\n<\/div><div class=\"fusion-title title fusion-title-12 fusion-sep-none fusion-title-text fusion-title-size-four\"><h4 class=\"fusion-title-heading title-heading-left\" style=\"margin:0;\"><b>Universitat Polit\u00e8cnica de Catalunya<\/b><\/h4><\/div><div class=\"fusion-text fusion-text-11\" style=\"--awb-content-alignment:justify;\"><p><a href=\"https:\/\/www.upc.edu\/ca\/graus\/preus-i-beques\/preus-i-beques\" target=\"_blank\" rel=\"noopener\"><span style=\"font-weight: 400;\">Ajudes Comprom\u00eds UPC:<\/span><\/a><span style=\"font-weight: 400;\"> Aquesta beca va dirigida a estudiants de nou acc\u00e9s a la universitat que es matriculin a temps complet en qualsevol dels graus en centres propis de la UPC.<\/span><\/p>\n<\/div><div class=\"fusion-title title fusion-title-13 fusion-sep-none fusion-title-text fusion-title-size-four\"><h4 class=\"fusion-title-heading title-heading-left\" style=\"margin:0;\"><b>Universitat de Barcelona<\/b><\/h4><\/div><div class=\"fusion-text fusion-text-12\" style=\"--awb-content-alignment:justify;\"><p><span style=\"font-weight: 400;\">Ajudes a l&#8217;estudi per a <\/span><a href=\"https:\/\/www.ub.edu\/beques\/grausimasters\/ajuts_espec_bkub\/ajuts_estudi\/index.html\" target=\"_blank\" rel=\"noopener\"><span style=\"font-weight: 400;\">estudiants amb dificultats econ\u00f2miques especials<\/span><\/a><span style=\"font-weight: 400;\"> o circumst\u00e0ncies personals.<\/span><\/p>\n<p><a href=\"https:\/\/seu.ub.edu\/ajutsPublic\/showPublicacion\/264037?lang=ca_ES\" target=\"_blank\" rel=\"noopener\"><span style=\"font-weight: 400;\">Ajuda Connecta UB<\/span><\/a><span style=\"font-weight: 400;\"> per a garantir la connectivitat a Internet i l&#8217;\u00fas temporal d&#8217;ordinadors port\u00e0tils a estudiants de la Universitat de Barcelona.<\/span><\/p>\n<p><a href=\"https:\/\/portalentodigital.fundaciononce.es\/convocatoria-de-becas-de-formacion-individual-por-talento-digital\" target=\"_blank\" rel=\"noopener\"><span style=\"font-weight: 400;\">Ajuda per talent digital<\/span><\/a><span style=\"font-weight: 400;\">, beca de formaci\u00f3 individual en continguts digitals i tecnol\u00f2gics per a estudiants amb discapacitat.<\/span><\/p>\n<\/div><div class=\"fusion-title title fusion-title-14 fusion-sep-none fusion-title-text fusion-title-size-four\"><h4 class=\"fusion-title-heading title-heading-left\" style=\"margin:0;\"><b>Universitat Aut\u00f2noma de Barcelona<\/b><\/h4><\/div><div class=\"fusion-text fusion-text-13\" style=\"--awb-content-alignment:justify;\"><p><a href=\"https:\/\/www.uab.cat\/web\/estudis\/grau\/oferta-de-graus\/beques-d-estudi\/detall-beca-1345798606891.html?param1=1345887018564&amp;param2=UAB-FATWIRE\" target=\"_blank\" rel=\"noopener\"><span style=\"font-weight: 400;\">Beca salari \u00cdtaca-Banc Santander<\/span><\/a><span style=\"font-weight: 400;\"> per a alumnes que hagin finalitzat batxillerat en un <\/span><a href=\"https:\/\/www.uab.cat\/doc\/centres_secundaria_itaca_2023\" target=\"_blank\" rel=\"noopener\"><span style=\"font-weight: 400;\">centre<\/span><\/a><span style=\"font-weight: 400;\"> que hagi participat en qualsevol edici\u00f3 del Campus \u00cdtaca de la UAB.<\/span><\/p>\n<p><a href=\"https:\/\/www.uab.cat\/web\/estudis\/grau\/oferta-de-graus\/beques-d-estudi\/detall-beca-1345798606891.html?param1=1345890024514&amp;param2=UAB-FATWIRE\" target=\"_blank\" rel=\"noopener\"><span style=\"font-weight: 400;\">Beca Santander-Ajuda Econ\u00f2mica<\/span><\/a><span style=\"font-weight: 400;\"> per a afavorir la igualtat de g\u00e8nere en els graus de la UAB. Aquesta beca es dirigeix a estudiants que estiguin cursant en un centre propi de la UAB i formin part del sexe menys representat en el grau.<\/span><\/p>\n<p><a href=\"https:\/\/www.uab.cat\/web\/estudis\/grau\/oferta-de-graus\/beques-d-estudi\/detall-beca-1345798606891.html?param1=1345894933818&amp;param2=UAB-FATWIRE\" target=\"_blank\" rel=\"noopener\"><span style=\"font-weight: 400;\">Ajudes #UABRefugi<\/span><\/a><span style=\"font-weight: 400;\"> per a estudiants de grau, m\u00e0ster universitari i doctorat inscrits en un centre propi de la UAB i vinculats al programa d&#8217;acolliment de la FAS i acreditin trobar-se en situaci\u00f3 de necessitat de protecci\u00f3 internacional.<\/span><\/p>\n<p><a href=\"https:\/\/www.uab.cat\/web\/estudis\/grau\/oferta-de-graus\/beques-d-estudi\/detall-beca-1345798606891.html?param1=1345890485856&amp;param2=UAB-FATWIRE\" target=\"_blank\" rel=\"noopener\"><span style=\"font-weight: 400;\">Programa d&#8217;ajudes a l&#8217;estudi de la UAB<\/span><\/a><span style=\"font-weight: 400;\">: gratu\u00eftat de matr\u00edcula per a les persones guanyadores de les Olimp\u00edades cient\u00edfiques, cl\u00e0ssica, d&#8217;economia (face local) d&#8217;inform\u00e0tica i de telecomunicacions de Catalunya. Aquesta beca es dirigeix a estudiants que hagin quedat en primera posici\u00f3 en les Olimp\u00edades Cient\u00edfiques destinades a l&#8217;alumnat de 2n de batxillerat, i matriculats en la UAB en els estudis esmentats.<\/span><\/p>\n<p><a href=\"https:\/\/www.uab.cat\/web\/estudis\/grau\/oferta-de-graus\/beques-d-estudi\/detall-beca-1345798606891.html?param1=1345894882002&amp;param2=UAB-FATWIRE\" target=\"_blank\" rel=\"noopener\"><span style=\"font-weight: 400;\">Ajudes per a persones v\u00edctimes de viol\u00e8ncia<\/span><\/a><span style=\"font-weight: 400;\"> per ra\u00f3 de g\u00e8nere que cursin estudis oficials en un centre propi de la UAB, acreditin la condici\u00f3 de v\u00edctima i tinguin nacionalitat d&#8217;un estat membre de la Uni\u00f3 Europea.<\/span><\/p>\n<p><a href=\"https:\/\/www.uab.cat\/web\/estudis\/grau\/oferta-de-graus\/beques-d-estudi\/detall-beca-1345798606891.html?param1=1345890413955&amp;param2=UAB-FATWIRE\" target=\"_blank\" rel=\"noopener\"><span style=\"font-weight: 400;\">Ajudes a l&#8217;estudi per a situacions d&#8217;Emerg\u00e8ncia<\/span><\/a><span style=\"font-weight: 400;\">: Programa Finestreta. Aquestes ajudes es dirigeixen a estudiants que cursin estudis oficials en un centre propi de la UAB, acreditin una situaci\u00f3 d&#8217;emerg\u00e8ncia, ser membre d&#8217;un estat de la Uni\u00f3 Europea, no estar en possessi\u00f3 o reunir els requisits legals per a l&#8217;obtenci\u00f3 d&#8217;un t\u00edtol oficial del mateix nivell acad\u00e8mic i que l&#8217;estudiant hagi sol\u00b7licitat aquesta ajuda amb anterioritat.<\/span><\/p>\n<p><a href=\"https:\/\/www.uab.cat\/web\/estudis\/grau\/oferta-de-graus\/beques-d-estudi\/detall-beca-1345798606891.html?param1=1345890626793&amp;param2=UAB-FATWIRE\" target=\"_blank\" rel=\"noopener\"><span style=\"font-weight: 400;\">Ajudes per a estades i treballs de camp<\/span><\/a><span style=\"font-weight: 400;\">. Per a obtenir aquesta beca \u00e9s necessari que l&#8217;estudiant estigui matriculat en un t\u00edtol oficial d&#8217;un centre propi de la UAB i tingui assignada l&#8217;assignatura obligat\u00f2ria que inclogui la sortida o treball de camp.<\/span><\/p>\n<\/div><div class=\"fusion-image-element \" style=\"text-align:center;--awb-caption-title-font-family:var(--h2_typography-font-family);--awb-caption-title-font-weight:var(--h2_typography-font-weight);--awb-caption-title-font-style:var(--h2_typography-font-style);--awb-caption-title-size:var(--h2_typography-font-size);--awb-caption-title-transform:var(--h2_typography-text-transform);--awb-caption-title-line-height:var(--h2_typography-line-height);--awb-caption-title-letter-spacing:var(--h2_typography-letter-spacing);\"><span class=\" fusion-imageframe imageframe-none imageframe-3 hover-type-none\"><img decoding=\"async\" width=\"900\" height=\"600\" alt=\"beca mec cataluna habitacion\" title=\"beca mec cataluna habitacion\" src=\"https:\/\/www.unihabit.com\/wp-content\/uploads\/2024\/04\/beca-mec-cataluna-habitacion-1.png\" class=\"img-responsive wp-image-16815\" srcset=\"https:\/\/www.unihabit.com\/wp-content\/uploads\/2024\/04\/beca-mec-cataluna-habitacion-1-200x133.png 200w, https:\/\/www.unihabit.com\/wp-content\/uploads\/2024\/04\/beca-mec-cataluna-habitacion-1-400x267.png 400w, https:\/\/www.unihabit.com\/wp-content\/uploads\/2024\/04\/beca-mec-cataluna-habitacion-1-600x400.png 600w, https:\/\/www.unihabit.com\/wp-content\/uploads\/2024\/04\/beca-mec-cataluna-habitacion-1-800x533.png 800w, https:\/\/www.unihabit.com\/wp-content\/uploads\/2024\/04\/beca-mec-cataluna-habitacion-1.png 900w\" sizes=\"(max-width: 640px) 100vw, 900px\" \/><\/span><\/div><\/div><\/div><\/div><\/div><div class=\"fusion-fullwidth fullwidth-box fusion-builder-row-5 fusion-flex-container has-pattern-background has-mask-background nonhundred-percent-fullwidth non-hundred-percent-height-scrolling\" style=\"--awb-border-radius-top-left:0px;--awb-border-radius-top-right:0px;--awb-border-radius-bottom-right:0px;--awb-border-radius-bottom-left:0px;--awb-flex-wrap:wrap;\" ><div class=\"fusion-builder-row fusion-row fusion-flex-align-items-flex-start fusion-flex-content-wrap\" style=\"max-width:1248px;margin-left: calc(-4% \/ 2 );margin-right: calc(-4% \/ 2 );\"><div class=\"fusion-layout-column fusion_builder_column fusion-builder-column-4 fusion_builder_column_1_1 1_1 fusion-flex-column\" style=\"--awb-bg-size:cover;--awb-width-large:100%;--awb-margin-top-large:0px;--awb-spacing-right-large:1.92%;--awb-margin-bottom-large:20px;--awb-spacing-left-large:1.92%;--awb-width-medium:100%;--awb-order-medium:0;--awb-spacing-right-medium:1.92%;--awb-spacing-left-medium:1.92%;--awb-width-small:100%;--awb-order-small:0;--awb-spacing-right-small:1.92%;--awb-spacing-left-small:1.92%;\"><div class=\"fusion-column-wrapper fusion-column-has-shadow fusion-flex-justify-content-flex-start fusion-content-layout-column\"><div class=\"fusion-title title fusion-title-15 fusion-sep-none fusion-title-text fusion-title-size-two\" style=\"--awb-margin-top:30px;\"><h2 class=\"fusion-title-heading title-heading-left\" style=\"margin:0;\"><b>Quants diners puc rebre amb una beca general de la universitat?<\/b><\/h2><\/div><div class=\"fusion-text fusion-text-14\"><p><span style=\"font-weight: 400;\">Els diners de la beca est\u00e0 subjecte a diferents aspectes com la <\/span><b>renda familiar, nota mitjana i els membres que componen la unitat familiar. <\/b><span style=\"font-weight: 400;\">Pel que respecta a la beca de car\u00e0cter general es divideix en dos: la quantia fixa i la quantia variable. Cadascuna amb un import que variar\u00e0 per a cada estudiant en funci\u00f3 dels aspectes esmentats anteriorment, establerts en diferents llindars.<\/span><\/p>\n<p><span style=\"font-weight: 400;\">La <\/span><b>quantia fixa<\/b><span style=\"font-weight: 400;\"> establerta pel Ministeri d&#8217;Educaci\u00f3 es divideix en 3:<\/span><b><\/b><\/p>\n<ul>\n<li aria-level=\"1\"><b>Per renda: des de 1.700 \u20ac<\/b><\/li>\n<li aria-level=\"1\"><b>Per resid\u00e8ncia: des de 2.500 \u20ac<\/b><\/li>\n<li aria-level=\"1\"><b>Per excel\u00b7l\u00e8ncia en el rendiment acad\u00e8mic: entre 50 i 125 \u20ac.<\/b><\/li>\n<\/ul>\n<p><span style=\"font-weight: 400;\">La <\/span><b>quantitat variable<\/b><span style=\"font-weight: 400;\"> pot anar des dels 60 \u20ac (quantitat m\u00ednima), en funci\u00f3 de la renda familiar, la nota mitjana dels estudis, i el pressupost total que el Ministeri destina a les beques per a estudiants universitaris.<\/span><\/p>\n<\/div><div class=\"fusion-title title fusion-title-16 fusion-sep-none fusion-title-text fusion-title-size-two\"><h2 class=\"fusion-title-heading title-heading-left\" style=\"margin:0;\"><b>Puc reclamar la beca si me l\u2019han denegat?<\/b><\/h2><\/div><div class=\"fusion-text fusion-text-15\"><p><span style=\"font-weight: 400;\">Una vegada ven\u00e7ut el termini de sol\u00b7licituds de la beca, es realitza una primera resoluci\u00f3 informant l&#8217;estudiant si aquesta ha estat aprovada o denegada. En cas de ser denegada, <\/span><b>s&#8217;obre el termini per a <\/b><a href=\"https:\/\/agaur.gencat.cat\/ca\/beques-i-ajuts\/pagines-especials\/beques-i-ajuts-per-estudis-universitaris1\/beca-general-ministeri\/Presentar-una-allegacio\/index.html\" target=\"_blank\" rel=\"noopener\"><b>realitzar una al\u00b7legaci\u00f3<\/b><\/a><b>.<\/b><\/p>\n<\/div><div style=\"text-align:center;\"><a class=\"fusion-button button-flat fusion-button-default-size button-default fusion-button-default button-1 fusion-button-default-span fusion-button-default-type\" target=\"_self\" href=\"https:\/\/www.unihabit.com\/ca\/\"><span class=\"fusion-button-text awb-button__text awb-button__text--default\">Veure resid\u00e8ncies universit\u00e0ries<\/span><\/a><\/div><\/div><\/div><\/div><\/div><\/p>\n","protected":false},"excerpt":{"rendered":"","protected":false},"author":1,"featured_media":16863,"comment_status":"open","ping_status":"open","sticky":false,"template":"","format":"standard","meta":{"footnotes":""},"categories":[29,51,50],"tags":[],"class_list":["post-12639","post","type-post","status-publish","format-standard","has-post-thumbnail","hentry","category-blog","category-estapassant","category-informacio-unihabit"],"_links":{"self":[{"href":"https:\/\/www.unihabit.com\/ca\/wp-json\/wp\/v2\/posts\/12639","targetHints":{"allow":["GET"]}}],"collection":[{"href":"https:\/\/www.unihabit.com\/ca\/wp-json\/wp\/v2\/posts"}],"about":[{"href":"https:\/\/www.unihabit.com\/ca\/wp-json\/wp\/v2\/types\/post"}],"author":[{"embeddable":true,"href":"https:\/\/www.unihabit.com\/ca\/wp-json\/wp\/v2\/users\/1"}],"replies":[{"embeddable":true,"href":"https:\/\/www.unihabit.com\/ca\/wp-json\/wp\/v2\/comments?post=12639"}],"version-history":[{"count":20,"href":"https:\/\/www.unihabit.com\/ca\/wp-json\/wp\/v2\/posts\/12639\/revisions"}],"predecessor-version":[{"id":16835,"href":"https:\/\/www.unihabit.com\/ca\/wp-json\/wp\/v2\/posts\/12639\/revisions\/16835"}],"wp:featuredmedia":[{"embeddable":true,"href":"https:\/\/www.unihabit.com\/ca\/wp-json\/wp\/v2\/media\/16863"}],"wp:attachment":[{"href":"https:\/\/www.unihabit.com\/ca\/wp-json\/wp\/v2\/media?parent=12639"}],"wp:term":[{"taxonomy":"category","embeddable":true,"href":"https:\/\/www.unihabit.com\/ca\/wp-json\/wp\/v2\/categories?post=12639"},{"taxonomy":"post_tag","embeddable":true,"href":"https:\/\/www.unihabit.com\/ca\/wp-json\/wp\/v2\/tags?post=12639"}],"curies":[{"name":"wp","href":"https:\/\/api.w.org\/{rel}","templated":true}]}}