{"id":16657,"date":"2025-04-14T12:23:16","date_gmt":"2025-04-14T10:23:16","guid":{"rendered":"https:\/\/www.unihabit.com\/?p=16657"},"modified":"2025-04-22T13:15:38","modified_gmt":"2025-04-22T11:15:38","slug":"per-que-estudiar-un-cicle-formatiu","status":"publish","type":"post","link":"https:\/\/www.unihabit.com\/ca\/per-que-estudiar-un-cicle-formatiu\/","title":{"rendered":"Per qu\u00e8 estudiar un cicle formatiu? Raons per les quals es converteix en l\u2019alternativa m\u00e9s comuna a un grau universitari"},"content":{"rendered":"<p><div class=\"fusion-fullwidth fullwidth-box fusion-builder-row-1 fusion-flex-container nonhundred-percent-fullwidth non-hundred-percent-height-scrolling\" style=\"--awb-border-radius-top-left:0px;--awb-border-radius-top-right:0px;--awb-border-radius-bottom-right:0px;--awb-border-radius-bottom-left:0px;--awb-flex-wrap:wrap;\" ><div class=\"fusion-builder-row fusion-row fusion-flex-align-items-flex-start fusion-flex-content-wrap\" style=\"max-width:1248px;margin-left: calc(-4% \/ 2 );margin-right: calc(-4% \/ 2 );\"><div class=\"fusion-layout-column fusion_builder_column fusion-builder-column-0 fusion_builder_column_1_1 1_1 fusion-flex-column\" style=\"--awb-bg-size:cover;--awb-width-large:100%;--awb-margin-top-large:0px;--awb-spacing-right-large:1.92%;--awb-margin-bottom-large:0px;--awb-spacing-left-large:1.92%;--awb-width-medium:100%;--awb-spacing-right-medium:1.92%;--awb-spacing-left-medium:1.92%;--awb-width-small:100%;--awb-spacing-right-small:1.92%;--awb-spacing-left-small:1.92%;\"><div class=\"fusion-column-wrapper fusion-flex-justify-content-flex-start fusion-content-layout-column\"><div class=\"fusion-text fusion-text-1\" style=\"--awb-content-alignment:justify;\">\n<\/div><\/div><\/div><\/div><\/div><div class=\"fusion-fullwidth fullwidth-box fusion-builder-row-2 fusion-flex-container has-pattern-background has-mask-background nonhundred-percent-fullwidth non-hundred-percent-height-scrolling\" style=\"--awb-border-radius-top-left:0px;--awb-border-radius-top-right:0px;--awb-border-radius-bottom-right:0px;--awb-border-radius-bottom-left:0px;--awb-flex-wrap:wrap;\" ><div class=\"fusion-builder-row fusion-row fusion-flex-align-items-flex-start fusion-flex-content-wrap\" style=\"max-width:1248px;margin-left: calc(-4% \/ 2 );margin-right: calc(-4% \/ 2 );\"><div class=\"fusion-layout-column fusion_builder_column fusion-builder-column-1 fusion_builder_column_1_1 1_1 fusion-flex-column\" style=\"--awb-bg-size:cover;--awb-width-large:100%;--awb-margin-top-large:0px;--awb-spacing-right-large:1.92%;--awb-margin-bottom-large:20px;--awb-spacing-left-large:1.92%;--awb-width-medium:100%;--awb-order-medium:0;--awb-spacing-right-medium:1.92%;--awb-spacing-left-medium:1.92%;--awb-width-small:100%;--awb-order-small:0;--awb-spacing-right-small:1.92%;--awb-spacing-left-small:1.92%;\"><div class=\"fusion-column-wrapper fusion-column-has-shadow fusion-flex-justify-content-flex-start fusion-content-layout-column\"><div class=\"fusion-text fusion-text-2\" style=\"--awb-content-alignment:justify;\"><p><span style=\"font-weight: 400;\">La Formaci\u00f3 Professional, cada cop m\u00e9s, s\u2019ha anat consolidant com una alternativa accessible i atractiva per a molts estudiants. Si t\u2019est\u00e0s preguntant <strong>per qu\u00e8 estudiar un cicle formatiu<\/strong><\/span><span style=\"font-weight: 400;\">, en aquest article d\u2019Unihabit entrarem en detall sobre les diferents raons per les quals estudiar una FP pot convertir-se en una gran alternativa a un grau universitari.<\/span><\/p>\n<\/div><div class=\"fusion-title title fusion-title-1 fusion-sep-none fusion-title-text fusion-title-size-two\"><h2 class=\"fusion-title-heading title-heading-left\" style=\"margin:0;\"><b>Qu\u00e8 \u00e9s un cicle formatiu?<\/b><\/h2><\/div><div class=\"fusion-text fusion-text-3\" style=\"--awb-content-alignment:justify;\"><p><span style=\"font-weight: 400;\">Abans de comen\u00e7ar a aprofundir en els cicles formatius, vegem qu\u00e8 \u00e9s un cicle formatiu. Un cicle formatiu \u00e9s un <\/span><b>sistema d\u2019ensenyament que destaca per la seva formaci\u00f3 pr\u00e0ctica i la proximitat que t\u00e9 amb l\u2019\u00e0mbit professional. <\/b><span style=\"font-weight: 400;\">Dit d\u2019una altra manera, \u00e9s la formaci\u00f3 que prepara directament els estudiants per a un desenvolupament professional orientat a l\u2019alta demanda del mercat laboral en una professi\u00f3 concreta.<\/span><\/p>\n<\/div><\/div><\/div><\/div><\/div><div class=\"fusion-fullwidth fullwidth-box fusion-builder-row-3 fusion-flex-container has-pattern-background has-mask-background nonhundred-percent-fullwidth non-hundred-percent-height-scrolling\" style=\"--awb-border-radius-top-left:0px;--awb-border-radius-top-right:0px;--awb-border-radius-bottom-right:0px;--awb-border-radius-bottom-left:0px;--awb-flex-wrap:wrap;\" ><div class=\"fusion-builder-row fusion-row fusion-flex-align-items-flex-start fusion-flex-content-wrap\" style=\"max-width:1248px;margin-left: calc(-4% \/ 2 );margin-right: calc(-4% \/ 2 );\"><div class=\"fusion-layout-column fusion_builder_column fusion-builder-column-2 fusion_builder_column_1_1 1_1 fusion-flex-column\" style=\"--awb-bg-size:cover;--awb-width-large:100%;--awb-margin-top-large:0px;--awb-spacing-right-large:1.92%;--awb-margin-bottom-large:20px;--awb-spacing-left-large:1.92%;--awb-width-medium:100%;--awb-order-medium:0;--awb-spacing-right-medium:1.92%;--awb-spacing-left-medium:1.92%;--awb-width-small:100%;--awb-order-small:0;--awb-spacing-right-small:1.92%;--awb-spacing-left-small:1.92%;\"><div class=\"fusion-column-wrapper fusion-column-has-shadow fusion-flex-justify-content-flex-start fusion-content-layout-column\"><div class=\"fusion-title title fusion-title-2 fusion-sep-none fusion-title-text fusion-title-size-two\"><h2 class=\"fusion-title-heading title-heading-left\" style=\"margin:0;\"><b>Quines difer\u00e8ncies hi ha entre un Cicle Formatiu de Grau Mitj\u00e0 i de Grau Superior?<\/b><\/h2><\/div><div class=\"fusion-text fusion-text-4\" style=\"--awb-content-alignment:justify;\"><p><span style=\"font-weight: 400;\">La principal <\/span><b>difer\u00e8ncia entre un Cicle Formatiu de Grau Mitj\u00e0 (CFGM) i un Cicle Formatiu de Grau Superior (CFGS) resideix en el nivell de titulaci\u00f3 obtinguda en finalitzar els estudis. <\/b><span style=\"font-weight: 400;\">Mentre el CFGM ofereix el t\u00edtol de T\u00e8cnic, els estudiants amb el t\u00edtol de CFGS obtindran el t\u00edtol de T\u00e8cnic Superior.<\/span><\/p>\n<p><span style=\"font-weight: 400;\">Un <\/span><b>Cicle Formatiu de Grau Mitj\u00e0<\/b><span style=\"font-weight: 400;\"> \u00e9s la formaci\u00f3 interm\u00e8dia entre l\u2019educaci\u00f3 secund\u00e0ria i l\u2019educaci\u00f3 superior. Aquest tipus de formaci\u00f3 va dirigit a aquells <\/span><b>estudiants que tenen el t\u00edtol d\u2019Educaci\u00f3 Secund\u00e0ria Obligat\u00f2ria (ESO)<\/b><span style=\"font-weight: 400;\"> i t\u00e9 una durada d\u2019<\/span><b>entre 1 i 2 anys, en funci\u00f3 de l\u2019especialitzaci\u00f3.<\/b><\/p>\n<p><span style=\"font-weight: 400;\">D\u2019altra banda, un <\/span><b>Cicle Formatiu de Grau Superior \u00e9s la formaci\u00f3 amb el nivell m\u00e9s alt dins de la Formaci\u00f3 Professional disponible<\/b><span style=\"font-weight: 400;\">, ja que proporciona als estudiants un coneixement m\u00e9s avan\u00e7at i una especialitzaci\u00f3 m\u00e9s gran en el camp escollit. Per accedir-hi, els <\/span><b>estudiants han de tenir com a m\u00ednim el t\u00edtol de batxillerat o el d\u2019un Cicle Mitj\u00e0.<\/b><span style=\"font-weight: 400;\"> Generalment, t\u00e9 una <\/span><b>durada d\u2019entre 2 i 3 anys<\/b><span style=\"font-weight: 400;\">, segons l\u2019especialitat de cada cicle.<\/span><\/p>\n<p><span style=\"font-weight: 400;\">A m\u00e9s de la titulaci\u00f3, les <\/span><b>compet\u00e8ncies i habilitats adquirides tamb\u00e9 varien<\/b><span style=\"font-weight: 400;\">, ja que en un CFGM s\u2019obtenen coneixements per aconseguir una base s\u00f2lida i en un CFGS s\u2019aprofundeix en els coneixements i habilitats t\u00e8cniques espec\u00edfiques de l\u2019especialitzaci\u00f3. Tamb\u00e9, en l\u2019\u00e0mbit laboral, els <\/span><b>estudiants graduats com a T\u00e8cnic Superior podran assumir rols m\u00e9s especialitzats<\/b><span style=\"font-weight: 400;\"> i, per tant, amb m\u00e9s responsabilitat.<\/span><\/p>\n<\/div><div class=\"fusion-image-element \" style=\"text-align:center;--awb-caption-title-font-family:var(--h2_typography-font-family);--awb-caption-title-font-weight:var(--h2_typography-font-weight);--awb-caption-title-font-style:var(--h2_typography-font-style);--awb-caption-title-size:var(--h2_typography-font-size);--awb-caption-title-transform:var(--h2_typography-text-transform);--awb-caption-title-line-height:var(--h2_typography-line-height);--awb-caption-title-letter-spacing:var(--h2_typography-letter-spacing);\"><span class=\" fusion-imageframe imageframe-none imageframe-1 hover-type-none\"><img decoding=\"async\" width=\"900\" height=\"600\" alt=\"por que estudiar FP companeros\" title=\"por que estudiar FP companeros\" src=\"https:\/\/www.unihabit.com\/wp-content\/uploads\/2025\/04\/por-que-estudiar-FP-companeros.png\" class=\"img-responsive wp-image-16639\" srcset=\"https:\/\/www.unihabit.com\/wp-content\/uploads\/2025\/04\/por-que-estudiar-FP-companeros-200x133.png 200w, https:\/\/www.unihabit.com\/wp-content\/uploads\/2025\/04\/por-que-estudiar-FP-companeros-400x267.png 400w, https:\/\/www.unihabit.com\/wp-content\/uploads\/2025\/04\/por-que-estudiar-FP-companeros-600x400.png 600w, https:\/\/www.unihabit.com\/wp-content\/uploads\/2025\/04\/por-que-estudiar-FP-companeros-800x533.png 800w, https:\/\/www.unihabit.com\/wp-content\/uploads\/2025\/04\/por-que-estudiar-FP-companeros.png 900w\" sizes=\"(max-width: 640px) 100vw, 900px\" \/><\/span><\/div><div class=\"fusion-title title fusion-title-3 fusion-sep-none fusion-title-text fusion-title-size-two\"><h2 class=\"fusion-title-heading title-heading-left\" style=\"margin:0;\"><b>Per qu\u00e8 estudiar un cicle formatiu?<\/b><\/h2><\/div><div class=\"fusion-text fusion-text-5\" style=\"--awb-content-alignment:justify;\"><p><span style=\"font-weight: 400;\">Sense m\u00e9s pre\u00e0mbuls, ens endinsem en les diferents raons de per qu\u00e8 estudiar una FP.<\/span><\/p>\n<\/div><div class=\"fusion-title title fusion-title-4 fusion-sep-none fusion-title-text fusion-title-size-three\"><h3 class=\"fusion-title-heading title-heading-left\" style=\"margin:0;\"><b>M\u00e9s ocupabilitat<\/b><\/h3><\/div><div class=\"fusion-text fusion-text-6\" style=\"--awb-content-alignment:justify;\"><p><span style=\"font-weight: 400;\">Actualment, moltes empreses requereixen perfils amb estudis de Formaci\u00f3 Professional. La tend\u00e8ncia del mercat laboral est\u00e0 canviant, i aix\u00f2 fa que es cre\u00efn <\/span><b>nous llocs de treball que necessiten professionals m\u00e9s t\u00e8cnics i amb coneixements m\u00e9s espec\u00edfics.<\/b><\/p>\n<\/div><div class=\"fusion-title title fusion-title-5 fusion-sep-none fusion-title-text fusion-title-size-three\"><h3 class=\"fusion-title-heading title-heading-left\" style=\"margin:0;\"><b>Titulaci\u00f3 oficial<\/b><\/h3><\/div><div class=\"fusion-text fusion-text-7\" style=\"--awb-content-alignment:justify;\"><p><span style=\"font-weight: 400;\">Els Cicles Formatius <\/span><b>ofereixen t\u00edtols oficials acreditats pel Ministeri d\u2019Educaci\u00f3, v\u00e0lids a tota la Uni\u00f3 Europea.<\/b><span style=\"font-weight: 400;\"> A m\u00e9s, el Ministeri est\u00e0 impulsant la Formaci\u00f3 Professional, fet que mostra una projecci\u00f3 d\u2019increment amb gran rellev\u00e0ncia i competitivitat els pr\u00f2xims anys, facilitant l\u2019ocupabilitat.<\/span><\/p>\n<\/div><div class=\"fusion-title title fusion-title-6 fusion-sep-none fusion-title-text fusion-title-size-three\"><h3 class=\"fusion-title-heading title-heading-left\" style=\"margin:0;\"><b>Durada de la formaci\u00f3<\/b><\/h3><\/div><div class=\"fusion-text fusion-text-8\"><p><span style=\"font-weight: 400;\">Totes les titulacions de grau mitj\u00e0 o superior tenen una durada <\/span><b>m\u00e0xima de 2 anys<\/b><span style=\"font-weight: 400;\"> (amb l\u2019excepci\u00f3 d\u2019algun cicle que pot arribar als 3 anys). Aix\u00f2 permet als estudiants <\/span><b>completar els estudis i accedir al m\u00f3n laboral abans que un grau universitari.<\/b><span style=\"font-weight: 400;\"> Per aix\u00f2, si et preguntes per qu\u00e8 estudiar FP, aquesta pot ser una de les raons per triar un cicle com l\u2019alternativa m\u00e9s adequada per a la teva carrera professional.<\/span><\/p>\n<\/div><div class=\"fusion-title title fusion-title-7 fusion-sep-none fusion-title-text fusion-title-size-three\"><h3 class=\"fusion-title-heading title-heading-left\" style=\"margin:0;\"><b>Formaci\u00f3 complement\u00e0ria<\/b><\/h3><\/div><div class=\"fusion-text fusion-text-9\" style=\"--awb-content-alignment:justify;\"><p><span style=\"font-weight: 400;\">Aquells estudiants que cursen un Cicle Formatiu de Grau Superior poden continuar formant-se, sigui <\/span><b>accedint a un grau universitari o cursant un altre Grau Superior.<\/b><\/p>\n<\/div><div class=\"fusion-title title fusion-title-8 fusion-sep-none fusion-title-text fusion-title-size-three\"><h3 class=\"fusion-title-heading title-heading-left\" style=\"margin:0;\"><b>Inserci\u00f3 al m\u00f3n laboral<\/b><\/h3><\/div><div class=\"fusion-text fusion-text-10\"><p><span style=\"font-weight: 400;\">Tots els estudis de Formaci\u00f3 Professional disposen d\u2019una <\/span><b>bossa d\u2019hores de pr\u00e0ctiques en centres de treball.<\/b><span style=\"font-weight: 400;\"> Per aix\u00f2, els estudiants aconsegueixen una gran aproximaci\u00f3 al m\u00f3n laboral, on poden aplicar tots els coneixements adquirits durant aquests anys.<\/span><\/p>\n<\/div><div class=\"fusion-title title fusion-title-9 fusion-sep-none fusion-title-text fusion-title-size-three\"><h3 class=\"fusion-title-heading title-heading-left\" style=\"margin:0;\"><b>\u00c0mplia oferta formativa<\/b><\/h3><\/div><div class=\"fusion-text fusion-text-11\" style=\"--awb-content-alignment:justify;\"><p><span style=\"font-weight: 400;\">Gr\u00e0cies a la consolidaci\u00f3 de la Formaci\u00f3 Professional, cada vegada m\u00e9s <\/span><b>els cicles formatius abasten diferents disciplines.<\/b><span style=\"font-weight: 400;\"> A m\u00e9s, els cicles ofereixen diferents modalitats d\u2019estudi: <\/span><b>presencials, semipresencials, duals i a dist\u00e0ncia<\/b><span style=\"font-weight: 400;\">. Aix\u00f2 facilita als alumnes compaginar els estudis amb altres activitats o responsabilitats.<\/span><\/p>\n<\/div><div class=\"fusion-title title fusion-title-10 fusion-sep-none fusion-title-text fusion-title-size-three\"><h3 class=\"fusion-title-heading title-heading-left\" style=\"margin:0;\"><b>Educaci\u00f3 assequible<\/b><\/h3><\/div><div class=\"fusion-text fusion-text-12\" style=\"--awb-content-alignment:justify;\"><p><span style=\"font-weight: 400;\">D\u2019entre tots els avantatges, aquest \u00e9s un dels m\u00e9s destacats sobre per qu\u00e8 estudiar FP. El cost dels cicles \u00e9s <\/span><b>molt m\u00e9s assequible i inferior a les taxes universit\u00e0ries.<\/b><\/p>\n<\/div><div class=\"fusion-title title fusion-title-11 fusion-sep-none fusion-title-text fusion-title-size-three\"><h3 class=\"fusion-title-heading title-heading-left\" style=\"margin:0;\"><b>Coneixements pr\u00e0ctics<\/b><\/h3><\/div><div class=\"fusion-text fusion-text-13\" style=\"--awb-content-alignment:justify;\"><p><span style=\"font-weight: 400;\">La Formaci\u00f3 Professional utilitza <\/span><b>metodologies m\u00e9s din\u00e0miques i pr\u00e0ctiques amb projectes realistes i aplicables a l\u2019\u00e0mbit laboral.<\/b><span style=\"font-weight: 400;\"> Molts cicles deixen enrere les proves de memoritzaci\u00f3 com a eina d\u2019avaluaci\u00f3 que encara s\u2019aplica a la majoria d\u2019universitats.<\/span><\/p>\n<\/div><\/div><\/div><\/div><\/div><div class=\"fusion-fullwidth fullwidth-box fusion-builder-row-4 fusion-flex-container has-pattern-background has-mask-background nonhundred-percent-fullwidth non-hundred-percent-height-scrolling\" style=\"--awb-border-radius-top-left:0px;--awb-border-radius-top-right:0px;--awb-border-radius-bottom-right:0px;--awb-border-radius-bottom-left:0px;--awb-flex-wrap:wrap;\" ><div class=\"fusion-builder-row fusion-row fusion-flex-align-items-flex-start fusion-flex-content-wrap\" style=\"max-width:1248px;margin-left: calc(-4% \/ 2 );margin-right: calc(-4% \/ 2 );\"><div class=\"fusion-layout-column fusion_builder_column fusion-builder-column-3 fusion_builder_column_1_2 1_2 fusion-flex-column fusion-flex-align-self-center\" style=\"--awb-bg-size:cover;--awb-width-large:50%;--awb-margin-top-large:0px;--awb-spacing-right-large:3.84%;--awb-margin-bottom-large:20px;--awb-spacing-left-large:3.84%;--awb-width-medium:50%;--awb-order-medium:0;--awb-spacing-right-medium:3.84%;--awb-spacing-left-medium:3.84%;--awb-width-small:100%;--awb-order-small:0;--awb-spacing-right-small:1.92%;--awb-spacing-left-small:1.92%;\" data-scroll-devices=\"small-visibility,medium-visibility,large-visibility\"><div class=\"fusion-column-wrapper fusion-column-has-shadow fusion-flex-justify-content-flex-start fusion-content-layout-column\"><div class=\"fusion-title title fusion-title-12 fusion-sep-none fusion-title-text fusion-title-size-two\"><h2 class=\"fusion-title-heading title-heading-left\" style=\"margin:0;\"><b>Per qu\u00e8 estudiar una FP? Preguntes freq\u00fcents<\/b><\/h2><\/div><div class=\"fusion-text fusion-text-14\" style=\"--awb-content-alignment:justify;\"><p><span style=\"font-weight: 400;\">A continuaci\u00f3, detallem algunes de les preguntes freq\u00fcents m\u00e9s destacades sobre per qu\u00e8 estudiar una FP.<\/span><\/p>\n<\/div><div class=\"fusion-title title fusion-title-13 fusion-sep-none fusion-title-text fusion-title-size-three\"><h3 class=\"fusion-title-heading title-heading-left\" style=\"margin:0;\"><b>Qu\u00e8 \u00e9s la Formaci\u00f3 Professional Dual?<\/b><\/h3><\/div><div class=\"fusion-text fusion-text-15\" style=\"--awb-content-alignment:justify;\"><p><span style=\"font-weight: 400;\">La Formaci\u00f3 Professional Dual (FP Dual) consisteix en una <\/span><b>modalitat de Formaci\u00f3 Professional que es caracteritza per la combinaci\u00f3 entre el centre educatiu i l\u2019empresa.<\/b><span style=\"font-weight: 400;\"> \u00c9s a dir, l\u2019estudiant rep una formaci\u00f3 te\u00f2rica que posteriorment aplica en un lloc de treball, mentre combina les classes amb experi\u00e8ncia professional.<\/span><\/p>\n<\/div><\/div><\/div><div class=\"fusion-layout-column fusion_builder_column fusion-builder-column-4 fusion_builder_column_1_2 1_2 fusion-flex-column fusion-flex-align-self-center\" style=\"--awb-bg-size:cover;--awb-width-large:50%;--awb-margin-top-large:0px;--awb-spacing-right-large:3.84%;--awb-margin-bottom-large:20px;--awb-spacing-left-large:3.84%;--awb-width-medium:50%;--awb-order-medium:0;--awb-spacing-right-medium:3.84%;--awb-spacing-left-medium:3.84%;--awb-width-small:100%;--awb-order-small:0;--awb-spacing-right-small:1.92%;--awb-spacing-left-small:1.92%;\" data-scroll-devices=\"small-visibility,medium-visibility,large-visibility\"><div class=\"fusion-column-wrapper fusion-column-has-shadow fusion-flex-justify-content-flex-start fusion-content-layout-column\"><div class=\"fusion-image-element \" style=\"text-align:center;--awb-caption-title-font-family:var(--h2_typography-font-family);--awb-caption-title-font-weight:var(--h2_typography-font-weight);--awb-caption-title-font-style:var(--h2_typography-font-style);--awb-caption-title-size:var(--h2_typography-font-size);--awb-caption-title-transform:var(--h2_typography-text-transform);--awb-caption-title-line-height:var(--h2_typography-line-height);--awb-caption-title-letter-spacing:var(--h2_typography-letter-spacing);\"><span class=\" fusion-imageframe imageframe-none imageframe-2 hover-type-none\"><img decoding=\"async\" width=\"900\" height=\"600\" alt=\"por que estudiar FP clase\" title=\"por que estudiar FP clase\" src=\"https:\/\/www.unihabit.com\/wp-content\/uploads\/2025\/04\/por-que-estudiar-FP-clase-1.png\" class=\"img-responsive wp-image-16783\" srcset=\"https:\/\/www.unihabit.com\/wp-content\/uploads\/2025\/04\/por-que-estudiar-FP-clase-1-200x133.png 200w, https:\/\/www.unihabit.com\/wp-content\/uploads\/2025\/04\/por-que-estudiar-FP-clase-1-400x267.png 400w, https:\/\/www.unihabit.com\/wp-content\/uploads\/2025\/04\/por-que-estudiar-FP-clase-1-600x400.png 600w, https:\/\/www.unihabit.com\/wp-content\/uploads\/2025\/04\/por-que-estudiar-FP-clase-1-800x533.png 800w, https:\/\/www.unihabit.com\/wp-content\/uploads\/2025\/04\/por-que-estudiar-FP-clase-1.png 900w\" sizes=\"(max-width: 640px) 100vw, 600px\" \/><\/span><\/div><\/div><\/div><div class=\"fusion-layout-column fusion_builder_column fusion-builder-column-5 fusion_builder_column_1_1 1_1 fusion-flex-column\" style=\"--awb-bg-size:cover;--awb-width-large:100%;--awb-margin-top-large:0px;--awb-spacing-right-large:1.92%;--awb-margin-bottom-large:20px;--awb-spacing-left-large:1.92%;--awb-width-medium:100%;--awb-order-medium:0;--awb-spacing-right-medium:1.92%;--awb-spacing-left-medium:1.92%;--awb-width-small:100%;--awb-order-small:0;--awb-spacing-right-small:1.92%;--awb-spacing-left-small:1.92%;\"><div class=\"fusion-column-wrapper fusion-column-has-shadow fusion-flex-justify-content-flex-start fusion-content-layout-column\"><div class=\"fusion-title title fusion-title-14 fusion-sep-none fusion-title-text fusion-title-size-three\"><h3 class=\"fusion-title-heading title-heading-left\" style=\"margin:0;\"><b>Quina difer\u00e8ncia hi ha entre FP Dual i les pr\u00e0ctiques de l\u2019FP?<\/b><\/h3><\/div><div class=\"fusion-text fusion-text-16\" style=\"--awb-content-alignment:justify;\"><p><span style=\"font-weight: 400;\">Un Cicle Formatiu inclou una bossa de pr\u00e0ctiques de 400 hores durant els dos anys de durada, mentre que <\/span><b>una FP Dual ofereix aproximadament 1.200 hores pr\u00e0ctiques<\/b><span style=\"font-weight: 400;\"> a realitzar en centres de treball.<\/span><\/p>\n<\/div><div class=\"fusion-title title fusion-title-15 fusion-sep-none fusion-title-text fusion-title-size-three\"><h3 class=\"fusion-title-heading title-heading-left\" style=\"margin:0;\"><b>Amb quina nota es pot accedir a un cicle formatiu?<\/b><\/h3><\/div><div class=\"fusion-text fusion-text-17\" style=\"--awb-content-alignment:justify;\"><p><span style=\"font-weight: 400;\">Per <\/span><b>accedir a un CFGM<\/b><span style=\"font-weight: 400;\"> \u00e9s necessari <\/span><b>haver superat l\u2019Educaci\u00f3 Secund\u00e0ria Obligat\u00f2ria, tenir el T\u00edtol Professional B\u00e0sic, haver superat el Batxillerat o una prova d\u2019acc\u00e9s als Cicles Formatius de Grau Mitj\u00e0.<\/b><\/p>\n<p><span style=\"font-weight: 400;\">Per <\/span><b>accedir a un CFGS<\/b><span style=\"font-weight: 400;\">, tampoc es requereix nota m\u00ednima, per\u00f2 cal haver obtingut el t\u00edtol de Batxillerat, <\/span><b>haver superat un CFGM, haver superat el curs d\u2019orientaci\u00f3 universit\u00e0ria o tenir una titulaci\u00f3 universit\u00e0ria o equivalent.<\/b><\/p>\n<\/div><div class=\"fusion-title title fusion-title-16 fusion-sep-none fusion-title-text fusion-title-size-three\"><h3 class=\"fusion-title-heading title-heading-left\" style=\"margin:0;\"><b>Quant duren els cicles formatius?<\/b><\/h3><\/div><div class=\"fusion-text fusion-text-18\" style=\"--awb-content-alignment:justify;\"><p><span style=\"font-weight: 400;\">Els cicles formatius tenen, de mitjana, una <\/span><b>durada de dos cursos acad\u00e8mics<\/b><span style=\"font-weight: 400;\">, per\u00f2 pot variar segons el cicle.<\/span><\/p>\n<\/div><div class=\"fusion-title title fusion-title-17 fusion-sep-none fusion-title-text fusion-title-size-three\"><h3 class=\"fusion-title-heading title-heading-left\" style=\"margin:0;\"><b>Com funcionen els m\u00f2duls d\u2019un cicle formatiu?<\/b><\/h3><\/div><div class=\"fusion-text fusion-text-19\" style=\"--awb-content-alignment:justify;\"><p><span style=\"font-weight: 400;\">Un m\u00f2dul \u00e9s una <\/span><b>unitat educativa que permet estructurar la formaci\u00f3 i els objectius d\u2019aprenentatge dins dels cicles formatius. <\/b><span style=\"font-weight: 400;\">El conjunt de m\u00f2duls formen una assignatura i poden estar repartits entre els dos anys del cicle.<\/span><\/p>\n<\/div><div class=\"fusion-image-element \" style=\"text-align:center;--awb-caption-title-font-family:var(--h2_typography-font-family);--awb-caption-title-font-weight:var(--h2_typography-font-weight);--awb-caption-title-font-style:var(--h2_typography-font-style);--awb-caption-title-size:var(--h2_typography-font-size);--awb-caption-title-transform:var(--h2_typography-text-transform);--awb-caption-title-line-height:var(--h2_typography-line-height);--awb-caption-title-letter-spacing:var(--h2_typography-letter-spacing);\"><span class=\" fusion-imageframe imageframe-none imageframe-3 hover-type-none\"><img decoding=\"async\" width=\"900\" height=\"600\" alt=\"por que estudiar FP salon\" title=\"por que estudiar FP salon\" src=\"https:\/\/www.unihabit.com\/wp-content\/uploads\/2025\/04\/por-que-estudiar-FP-salon.png\" class=\"img-responsive wp-image-16642\" srcset=\"https:\/\/www.unihabit.com\/wp-content\/uploads\/2025\/04\/por-que-estudiar-FP-salon-200x133.png 200w, https:\/\/www.unihabit.com\/wp-content\/uploads\/2025\/04\/por-que-estudiar-FP-salon-400x267.png 400w, https:\/\/www.unihabit.com\/wp-content\/uploads\/2025\/04\/por-que-estudiar-FP-salon-600x400.png 600w, https:\/\/www.unihabit.com\/wp-content\/uploads\/2025\/04\/por-que-estudiar-FP-salon-800x533.png 800w, https:\/\/www.unihabit.com\/wp-content\/uploads\/2025\/04\/por-que-estudiar-FP-salon.png 900w\" sizes=\"(max-width: 640px) 100vw, 900px\" \/><\/span><\/div><div class=\"fusion-title title fusion-title-18 fusion-sep-none fusion-title-text fusion-title-size-two\"><h2 class=\"fusion-title-heading title-heading-left\" style=\"margin:0;\"><b>Resid\u00e8ncies universit\u00e0ries per a estudiants d&#8217;FP<\/b><\/h2><\/div><div class=\"fusion-text fusion-text-20\" style=\"--awb-content-alignment:justify;\"><p><span style=\"font-weight: 400;\">Les <\/span><b>nostres resid\u00e8ncies universit\u00e0ries s\u00f3n la millor opci\u00f3 tant per a estudiants universitaris com estudiants d&#8217;FP.<\/b><span style=\"font-weight: 400;\"> A Unihabit oferim als estudiants un entorn c\u00f2mode i funcional perqu\u00e8 puguin <\/span><b>centrar-se en els estudis i a m\u00e9s puguin despla\u00e7ar-se f\u00e0cilment als centres de treball per a les seves pr\u00e0ctiques.<\/b><\/p>\n<\/div><div class=\"fusion-text fusion-text-21\" style=\"--awb-content-alignment:justify;\"><p><span style=\"font-weight: 400;\">Les resid\u00e8ncies universit\u00e0ries <\/span><a href=\"https:\/\/www.unihabit.com\/ca\/\"><span style=\"font-weight: 400;\">Unihabit<\/span><\/a><span style=\"font-weight: 400;\"> estan <\/span><b>molt ben situades a prop tant d&#8217;universitats com centres educatius d&#8217;FP.<\/b><span style=\"font-weight: 400;\"> Per aix\u00f2, viure en una resid\u00e8ncia universit\u00e0ria durant els dos anys de l\u2019FP pot convertir-se en una gran soluci\u00f3 per a molts estudiants.<\/span><\/p>\n<p><span style=\"font-weight: 400;\">Si tens dubtes sobre les nostres resid\u00e8ncies universit\u00e0ries, no dubtis a contactar amb nosaltres per tel\u00e8fon al 935 953 953 o 608 608 829 o b\u00e9 per correu electr\u00f2nic a <\/span><a href=\"mailto:info@unihabit.com\"><span style=\"font-weight: 400;\">info@unihabit.com<\/span><\/a><span style=\"font-weight: 400;\">.<\/span><\/p>\n<\/div><div style=\"text-align:center;\"><a class=\"fusion-button button-flat fusion-button-default-size button-default fusion-button-default button-1 fusion-button-default-span fusion-button-default-type\" target=\"_self\" href=\"https:\/\/www.unihabit.com\/ca\/\"><span class=\"fusion-button-text awb-button__text awb-button__text--default\">Veure resid\u00e8ncies universit\u00e0ries Unihabit<\/span><\/a><\/div><\/div><\/div><\/div><\/div><\/p>\n","protected":false},"excerpt":{"rendered":"","protected":false},"author":1,"featured_media":16731,"comment_status":"open","ping_status":"open","sticky":false,"template":"","format":"standard","meta":{"footnotes":""},"categories":[29,315,320,325,330,50],"tags":[],"class_list":["post-16657","post","type-post","status-publish","format-standard","has-post-thumbnail","hentry","category-blog","category-estudia-barcelona","category-estudia-girona","category-estudia-manresa","category-estudia-sant-cugat","category-informacio-unihabit"],"_links":{"self":[{"href":"https:\/\/www.unihabit.com\/ca\/wp-json\/wp\/v2\/posts\/16657","targetHints":{"allow":["GET"]}}],"collection":[{"href":"https:\/\/www.unihabit.com\/ca\/wp-json\/wp\/v2\/posts"}],"about":[{"href":"https:\/\/www.unihabit.com\/ca\/wp-json\/wp\/v2\/types\/post"}],"author":[{"embeddable":true,"href":"https:\/\/www.unihabit.com\/ca\/wp-json\/wp\/v2\/users\/1"}],"replies":[{"embeddable":true,"href":"https:\/\/www.unihabit.com\/ca\/wp-json\/wp\/v2\/comments?post=16657"}],"version-history":[{"count":8,"href":"https:\/\/www.unihabit.com\/ca\/wp-json\/wp\/v2\/posts\/16657\/revisions"}],"predecessor-version":[{"id":16788,"href":"https:\/\/www.unihabit.com\/ca\/wp-json\/wp\/v2\/posts\/16657\/revisions\/16788"}],"wp:featuredmedia":[{"embeddable":true,"href":"https:\/\/www.unihabit.com\/ca\/wp-json\/wp\/v2\/media\/16731"}],"wp:attachment":[{"href":"https:\/\/www.unihabit.com\/ca\/wp-json\/wp\/v2\/media?parent=16657"}],"wp:term":[{"taxonomy":"category","embeddable":true,"href":"https:\/\/www.unihabit.com\/ca\/wp-json\/wp\/v2\/categories?post=16657"},{"taxonomy":"post_tag","embeddable":true,"href":"https:\/\/www.unihabit.com\/ca\/wp-json\/wp\/v2\/tags?post=16657"}],"curies":[{"name":"wp","href":"https:\/\/api.w.org\/{rel}","templated":true}]}}