{"id":17042,"date":"2025-06-03T10:28:18","date_gmt":"2025-06-03T08:28:18","guid":{"rendered":"https:\/\/www.unihabit.com\/?p=17042"},"modified":"2025-06-03T10:28:18","modified_gmt":"2025-06-03T08:28:18","slug":"entrevista-a-kinjal-chatterjee","status":"publish","type":"post","link":"https:\/\/www.unihabit.com\/ca\/entrevista-a-kinjal-chatterjee\/","title":{"rendered":"Entrevista a Kinjal Chatterjee: \u201cEst\u00e0 molt b\u00e9 perqu\u00e8 sents una sensaci\u00f3 de comunitat.\u201d"},"content":{"rendered":"<div class=\"fusion-fullwidth fullwidth-box fusion-builder-row-1 fusion-flex-container nonhundred-percent-fullwidth non-hundred-percent-height-scrolling\" style=\"--awb-border-radius-top-left:0px;--awb-border-radius-top-right:0px;--awb-border-radius-bottom-right:0px;--awb-border-radius-bottom-left:0px;--awb-flex-wrap:wrap;\" ><div class=\"fusion-builder-row fusion-row fusion-flex-align-items-flex-start fusion-flex-content-wrap\" style=\"max-width:1248px;margin-left: calc(-4% \/ 2 );margin-right: calc(-4% \/ 2 );\"><div class=\"fusion-layout-column fusion_builder_column fusion-builder-column-0 fusion_builder_column_1_1 1_1 fusion-flex-column\" style=\"--awb-bg-size:cover;--awb-width-large:100%;--awb-margin-top-large:0px;--awb-spacing-right-large:1.92%;--awb-margin-bottom-large:20px;--awb-spacing-left-large:1.92%;--awb-width-medium:100%;--awb-order-medium:0;--awb-spacing-right-medium:1.92%;--awb-spacing-left-medium:1.92%;--awb-width-small:100%;--awb-order-small:0;--awb-spacing-right-small:1.92%;--awb-spacing-left-small:1.92%;\"><div class=\"fusion-column-wrapper fusion-column-has-shadow fusion-flex-justify-content-flex-start fusion-content-layout-column\"><div class=\"fusion-text fusion-text-1\" style=\"--awb-content-alignment:justify;--awb-text-transform:none;\"><p><span style=\"font-weight: 400;\">Kinjal Chatterjee \u00e9s natural de Calcuta (\u00cdndia) i fa dos anys que viu a Unihabit Ciutat Vella (Barcelona). Estudia el doble grau de Global BBA i intel\u00b7lig\u00e8ncia artificial per a negocis en la EADA Business School.<\/span><\/p>\n<p><span style=\"font-weight: 400;\">Des d&#8217;Unihabit hem entrevistat al Kinjal perqu\u00e8 ens expliqui la seva hist\u00f2ria i la seva experi\u00e8ncia a la resid\u00e8ncia universit\u00e0ria de Barcelona, Unihabit Ciutat Vella.<\/span><\/p>\n<\/div><div class=\"fusion-title title fusion-title-1 fusion-sep-none fusion-title-text fusion-title-size-two\"><h2 class=\"fusion-title-heading title-heading-left\" style=\"margin:0;\"><b>Per qu\u00e8 vas triar estudiar a Barcelona?<\/b><\/h2><\/div><div class=\"fusion-text fusion-text-2\" style=\"--awb-content-alignment:justify;--awb-text-transform:none;\"><p><span style=\"font-weight: 400;\">Estava pensant qu\u00e8 volia estudiar, i sempre havia sabut que em dedicaria a una cosa relacionada amb la <\/span><b>tecnologia o amb el m\u00f3n dels negocis.<\/b><span style=\"font-weight: 400;\"> Vaig trobar aquest doble grau, que era perfecte, i a m\u00e9s el meu director de programa \u00e9s director de laboratori en el MIT, i volia estudiar amb ell. Per aix\u00f2 vaig triar venir a Barcelona.<\/span><b> Tamb\u00e9 va influir que soc fan del Bar\u00e7a des que tenia uns quatre anys,<\/b><span style=\"font-weight: 400;\"> aix\u00ed que tot quadrava.<\/span><\/p>\n<\/div><div class=\"fusion-title title fusion-title-2 fusion-sep-none fusion-title-text fusion-title-size-two\"><h2 class=\"fusion-title-heading title-heading-left\" style=\"margin:0;\"><b>I, t&#8217;agrada Barcelona?<\/b><\/h2><\/div><div class=\"fusion-text fusion-text-3\" style=\"--awb-content-alignment:justify;--awb-text-transform:none;\"><p><span style=\"font-weight: 400;\">S\u00ed, m&#8217;encanta Barcelona. <\/span><b>Mai \u00e9s avorrit, tens tantes coses per fer\u2026\u00a0<\/b><\/p>\n<\/div><div class=\"fusion-title title fusion-title-3 fusion-sep-none fusion-title-text fusion-title-size-two\"><h2 class=\"fusion-title-heading title-heading-left\" style=\"margin:0;\"><b>Per qu\u00e8 vas triar Unihabit per a viure?<\/b><\/h2><\/div><div class=\"fusion-text fusion-text-4\" style=\"--awb-content-alignment:justify;--awb-text-transform:none;\"><p>Quan estava buscant on viure, primer, vaig veure que<b> la meva uni tenia connexions amb Unihabit, i vaig saber que Unihabit era un lloc leg\u00edtim.<\/b> Tamb\u00e9, est\u00e0 <b>molt a prop del centre de Barcelona i molt connectat amb tot. <\/b>Pla\u00e7a Catalunya est\u00e0 a deu minuts caminant, passeig de Gr\u00e0cia a uns quinze minuts, i tamb\u00e9 \u00e9s un lloc bonic est\u00e8ticament.<\/p>\n<p><span style=\"font-weight: 400;\">Aquestes van ser les meves raons per a triar Unihabit.<\/span><\/p>\n<\/div><div style=\"text-align:center;\"><a class=\"fusion-button button-flat fusion-button-default-size button-default fusion-button-default button-1 fusion-button-default-span fusion-button-default-type\" target=\"_self\" href=\"https:\/\/www.unihabit.com\/ca\/residencies-universitaries-barcelona\/\"><span class=\"fusion-button-text awb-button__text awb-button__text--default\">Veure resid\u00e8ncia Unihabit Ciutat Vella<\/span><\/a><\/div><div class=\"fusion-title title fusion-title-4 fusion-sep-none fusion-title-text fusion-title-size-two\"><h2 class=\"fusion-title-heading title-heading-left\" style=\"margin:0;\"><b>Has estat un any i has renovat per segon any\u2026<\/b><\/h2><\/div><div class=\"fusion-text fusion-text-5\" style=\"--awb-content-alignment:justify;--awb-text-transform:none;\"><p><span style=\"font-weight: 400;\">Vaig venir a viure aqu\u00ed el primer any i despr\u00e9s vaig decidir<\/span><b> renovar el contracte perqu\u00e8 m&#8217;encanta aquest lloc i m&#8217;encanta la gent. <\/b><span style=\"font-weight: 400;\">Molta gent que vaig con\u00e8ixer l&#8217;any passat tamb\u00e9 van renovar, aix\u00ed que vaig pensar: si els meus amics es queden aqu\u00ed, jo tamb\u00e9 em quedo, per qu\u00e8 no m&#8217;hauria de quedar?<\/span><\/p>\n<\/div><div class=\"fusion-title title fusion-title-5 fusion-sep-none fusion-title-text fusion-title-size-two\"><h2 class=\"fusion-title-heading title-heading-left\" style=\"margin:0;\"><b>Imparteixen les classes en angl\u00e8s?<\/b><\/h2><\/div><div class=\"fusion-text fusion-text-6\" style=\"--awb-content-alignment:justify;--awb-text-transform:none;\"><p><b>Les meves classes s\u00f3n en angl\u00e8s, <\/b><span style=\"font-weight: 400;\">No parlo molt espanyol, per\u00f2 entenc molt, un setanta per cent m\u00e9s o menys.<\/span><\/p>\n<\/div><div class=\"fusion-title title fusion-title-6 fusion-sep-none fusion-title-text fusion-title-size-two\"><h2 class=\"fusion-title-heading title-heading-left\" style=\"margin:0;\"><b>Coneixies l&#8217;idioma abans de venir o l&#8217;has apr\u00e8s aqu\u00ed?<\/b><\/h2><\/div><div class=\"fusion-text fusion-text-7\" style=\"--awb-content-alignment:justify;--awb-text-transform:none;\"><p><b>Vaig intentar usar Duolingo, com tothom, per\u00f2 vaig tenir problemes amb el visat perqu\u00e8 tenia 17 anys quan<\/b><span style=\"font-weight: 400;\"> vaig venir, i vaig oblidar tot el que havia apr\u00e8s abans. Per\u00f2 una vegada aqu\u00ed,<\/span><b> ja m&#8217;he acostumat, i ara puc caminar per la ciutat i espavilar-me en espanyol<\/b><span style=\"font-weight: 400;\">, per\u00f2 encara no puc parlar fluid.<\/span><\/p>\n<\/div><div class=\"fusion-title title fusion-title-7 fusion-sep-none fusion-title-text fusion-title-size-two\"><h2 class=\"fusion-title-heading title-heading-left\" style=\"margin:0;\"><b>Quin \u00e9s el teu lloc favorit de la resid\u00e8ncia Unihabit Ciutat Vella?<\/b><\/h2><\/div><div class=\"fusion-text fusion-text-8\" style=\"--awb-content-alignment:justify;--awb-text-transform:none;\"><p>El meu lloc preferit de Unihabit<b> \u00e9s la terrassa superior,<\/b> les vistes s\u00f3n incre\u00efbles.<\/p>\n<p><span style=\"font-weight: 400;\">Al mat\u00ed pots anar i fa sol, com gaireb\u00e9 sempre a Barcelona. La terrassa \u00e9s perfecta.<\/span><b> Hi ha una taula de ping-pong, genial per a jugar o simplement per a prendre el sol,<\/b><span style=\"font-weight: 400;\"> encara que no ho faig molt, per\u00f2 \u00e9s un espai genial. I a la nit,<\/span><b> pots veure les estrelles i tota la ciutat il\u00b7luminada. Fins i tot es pot veure Montju\u00efc des de la terrassa, \u00e9s preci\u00f3s.<\/b><\/p>\n<p><span style=\"font-weight: 400;\">A part d&#8217;aix\u00f2,<\/span><b> la sala d&#8217;estudi \u00e9s molt bona. <\/b><span style=\"font-weight: 400;\">Sempre est\u00e0 plena perqu\u00e8 tothom estudia, est\u00e0 molt b\u00e9 perqu\u00e8 sents una sensaci\u00f3 de comunitat.<\/span><\/p>\n<p><span style=\"font-weight: 400;\">Est\u00e0s molt lluny de casa, per\u00f2<\/span><b> veus a altres persones que tamb\u00e9 estan lluny de les seves fam\u00edlies fent el mateix que tu, i aix\u00f2 et dona for\u00e7a.<\/b><\/p>\n<p><span style=\"font-weight: 400;\">Aix\u00ed que s\u00ed, aquestes dues coses s\u00f3n les que m\u00e9s m&#8217;agraden.<\/span><\/p>\n<\/div><div class=\"fusion-title title fusion-title-8 fusion-sep-none fusion-title-text fusion-title-size-two\"><h2 class=\"fusion-title-heading title-heading-left\" style=\"margin:0;\"><b>Va ser dif\u00edcil venir a estudiar aqu\u00ed des de l&#8217;\u00cdndia?<\/b><\/h2><\/div><div class=\"fusion-text fusion-text-9\" style=\"--awb-content-alignment:justify;--awb-text-transform:none;\"><p><span style=\"font-weight: 400;\">Com que tenia 17 anys, <\/span><b>necessitava tenir tutors legals a Espanya per a obtenir el visat.<\/b><\/p>\n<p><span style=\"font-weight: 400;\">Quan vaig ser al consolat, no ho sabia, i el consolat no era a la meva ciutat, sin\u00f3 a Delhi.<\/span><\/p>\n<p><span style=\"font-weight: 400;\">Va ser interessant perqu\u00e8 van dir:<\/span><b> \u201cOK, agafem els teus documents, per\u00f2 tens dues setmanes per a aconseguir tutors legals.\u201d<\/b><span style=\"font-weight: 400;\"> Vam haver de c\u00f3rrer una mica.<\/span><\/p>\n<p><span style=\"font-weight: 400;\">Els advocats de la universitat van dir que ho farien, aix\u00ed que <\/span><b>va ser tot un proc\u00e9s, i la meva arribada es va retardar unes dues setmanes.<\/b><\/p>\n<\/div><div class=\"fusion-title title fusion-title-9 fusion-sep-none fusion-title-text fusion-title-size-two\"><h2 class=\"fusion-title-heading title-heading-left\" style=\"margin:0;\"><b>Trobes a faltar casa teva?<\/b><\/h2><\/div><div class=\"fusion-text fusion-text-10\" style=\"--awb-content-alignment:justify;--awb-text-transform:none;\"><p><b>Trobo a faltar el menjar, trobo a faltar a la meva mare.<\/b><span style=\"font-weight: 400;\"> Per\u00f2 diria que m&#8217;agrada m\u00e9s Barcelona que la meva ciutat natal. Vull dir, \u00f2bviament vull la meva ciutat, per\u00f2 es pot fer una mica avorrida i fa massa calor a l&#8217;estiu.<\/span><\/p>\n<\/div><div class=\"fusion-title title fusion-title-10 fusion-sep-none fusion-title-text fusion-title-size-two\"><h2 class=\"fusion-title-heading title-heading-left\" style=\"margin:0;\"><b>Tens planejat quedar-te a Barcelona despr\u00e9s d&#8217;estudiar?<\/b><\/h2><\/div><div class=\"fusion-text fusion-text-11\" style=\"--awb-content-alignment:justify;--awb-text-transform:none;\"><p><span style=\"font-weight: 400;\">Encara no ho s\u00e9, la veritat. Acabo de<\/span><b> finalitzar el segon any, i el quart any ho far\u00e9 a Fran\u00e7a, aix\u00ed que em graduar\u00e9 a Fran\u00e7a.<\/b><\/p>\n<p><span style=\"font-weight: 400;\">No estic del tot segur si tornar\u00e9 aqu\u00ed, o si, quan trobi feina, potser em mudar\u00e9 all\u00e0 o far\u00e9 un m\u00e0ster en un altre lloc. <\/span><b>Per\u00f2 \u00e9s un lloc on sempre estar\u00e9 obert a tornar.<\/b><\/p>\n<\/div><div class=\"fusion-title title fusion-title-11 fusion-sep-none fusion-title-text fusion-title-size-two\"><h2 class=\"fusion-title-heading title-heading-left\" style=\"margin:0;\"><b>Veure l\u2019entrevista sencera<\/b><\/h2><\/div><div class=\"fusion-video fusion-youtube\" style=\"--awb-max-width:900px;--awb-max-height:800px;--awb-align-self:center;--awb-width:100%;\"><div class=\"video-shortcode\"><lite-youtube videoid=\"NdyxJG4sOUA\" class=\"landscape\" params=\"wmode=transparent&autoplay=1&amp;enablejsapi=1\" title=\"YouTube video player 1\" data-button-label=\"Play Video\" width=\"900\" height=\"800\" data-thumbnail-size=\"auto\" data-no-cookie=\"on\"><\/lite-youtube><\/div><\/div><\/div><\/div><\/div><\/div>\n","protected":false},"excerpt":{"rendered":"","protected":false},"author":1,"featured_media":17087,"comment_status":"open","ping_status":"open","sticky":false,"template":"","format":"standard","meta":{"footnotes":""},"categories":[29,212,316,313],"tags":[],"class_list":["post-17042","post","type-post","status-publish","format-standard","has-post-thumbnail","hentry","category-blog","category-entrevistas-ca","category-estudiants-unihabit-barcelona","category-unihabit-barcelona-blog"],"_links":{"self":[{"href":"https:\/\/www.unihabit.com\/ca\/wp-json\/wp\/v2\/posts\/17042","targetHints":{"allow":["GET"]}}],"collection":[{"href":"https:\/\/www.unihabit.com\/ca\/wp-json\/wp\/v2\/posts"}],"about":[{"href":"https:\/\/www.unihabit.com\/ca\/wp-json\/wp\/v2\/types\/post"}],"author":[{"embeddable":true,"href":"https:\/\/www.unihabit.com\/ca\/wp-json\/wp\/v2\/users\/1"}],"replies":[{"embeddable":true,"href":"https:\/\/www.unihabit.com\/ca\/wp-json\/wp\/v2\/comments?post=17042"}],"version-history":[{"count":7,"href":"https:\/\/www.unihabit.com\/ca\/wp-json\/wp\/v2\/posts\/17042\/revisions"}],"predecessor-version":[{"id":17092,"href":"https:\/\/www.unihabit.com\/ca\/wp-json\/wp\/v2\/posts\/17042\/revisions\/17092"}],"wp:featuredmedia":[{"embeddable":true,"href":"https:\/\/www.unihabit.com\/ca\/wp-json\/wp\/v2\/media\/17087"}],"wp:attachment":[{"href":"https:\/\/www.unihabit.com\/ca\/wp-json\/wp\/v2\/media?parent=17042"}],"wp:term":[{"taxonomy":"category","embeddable":true,"href":"https:\/\/www.unihabit.com\/ca\/wp-json\/wp\/v2\/categories?post=17042"},{"taxonomy":"post_tag","embeddable":true,"href":"https:\/\/www.unihabit.com\/ca\/wp-json\/wp\/v2\/tags?post=17042"}],"curies":[{"name":"wp","href":"https:\/\/api.w.org\/{rel}","templated":true}]}}