{"id":17595,"date":"2025-09-02T10:00:36","date_gmt":"2025-09-02T08:00:36","guid":{"rendered":"https:\/\/www.unihabit.com\/?p=17595"},"modified":"2025-09-08T10:09:32","modified_gmt":"2025-09-08T08:09:32","slug":"fp-amb-mes-sortides-al-mon-laboral","status":"publish","type":"post","link":"https:\/\/www.unihabit.com\/ca\/fp-amb-mes-sortides-al-mon-laboral\/","title":{"rendered":"FP amb m\u00e9s sortides laborals en 2025: descobreix les titulacions amb major ocupabilitat a Espanya"},"content":{"rendered":"<p><div class=\"fusion-fullwidth fullwidth-box fusion-builder-row-1 fusion-flex-container nonhundred-percent-fullwidth non-hundred-percent-height-scrolling\" style=\"--awb-border-radius-top-left:0px;--awb-border-radius-top-right:0px;--awb-border-radius-bottom-right:0px;--awb-border-radius-bottom-left:0px;--awb-flex-wrap:wrap;\" ><div class=\"fusion-builder-row fusion-row fusion-flex-align-items-flex-start fusion-flex-content-wrap\" style=\"max-width:1248px;margin-left: calc(-4% \/ 2 );margin-right: calc(-4% \/ 2 );\"><div class=\"fusion-layout-column fusion_builder_column fusion-builder-column-0 fusion_builder_column_1_1 1_1 fusion-flex-column\" style=\"--awb-bg-size:cover;--awb-width-large:100%;--awb-margin-top-large:0px;--awb-spacing-right-large:1.92%;--awb-margin-bottom-large:0px;--awb-spacing-left-large:1.92%;--awb-width-medium:100%;--awb-spacing-right-medium:1.92%;--awb-spacing-left-medium:1.92%;--awb-width-small:100%;--awb-spacing-right-small:1.92%;--awb-spacing-left-small:1.92%;\"><div class=\"fusion-column-wrapper fusion-flex-justify-content-flex-start fusion-content-layout-column\"><div class=\"fusion-text fusion-text-1\" style=\"--awb-content-alignment:justify;\">\n<\/div><\/div><\/div><\/div><\/div><div class=\"fusion-fullwidth fullwidth-box fusion-builder-row-2 fusion-flex-container has-pattern-background has-mask-background nonhundred-percent-fullwidth non-hundred-percent-height-scrolling\" style=\"--awb-border-radius-top-left:0px;--awb-border-radius-top-right:0px;--awb-border-radius-bottom-right:0px;--awb-border-radius-bottom-left:0px;--awb-flex-wrap:wrap;\" ><div class=\"fusion-builder-row fusion-row fusion-flex-align-items-flex-start fusion-flex-content-wrap\" style=\"max-width:1248px;margin-left: calc(-4% \/ 2 );margin-right: calc(-4% \/ 2 );\"><div class=\"fusion-layout-column fusion_builder_column fusion-builder-column-1 fusion_builder_column_1_1 1_1 fusion-flex-column\" style=\"--awb-bg-size:cover;--awb-width-large:100%;--awb-margin-top-large:0px;--awb-spacing-right-large:1.92%;--awb-margin-bottom-large:20px;--awb-spacing-left-large:1.92%;--awb-width-medium:100%;--awb-order-medium:0;--awb-spacing-right-medium:1.92%;--awb-spacing-left-medium:1.92%;--awb-width-small:100%;--awb-order-small:0;--awb-spacing-right-small:1.92%;--awb-spacing-left-small:1.92%;\"><div class=\"fusion-column-wrapper fusion-column-has-shadow fusion-flex-justify-content-flex-start fusion-content-layout-column\"><div class=\"fusion-text fusion-text-2\" style=\"--awb-content-alignment:justify;\"><p><b>FP amb m\u00e9s sortides laborals el 2025: descobreix les titulacions amb m\u00e9s ocupabilitat a Espanya<\/b><\/p>\n<p><span style=\"font-weight: 400;\">Si busques una<\/span><b> FP amb m\u00e9s sortides laborals<\/b><span style=\"font-weight: 400;\">, ets al lloc adequat. Triar el cicle formatiu correcte pot marcar la difer\u00e8ncia entre trobar feina r\u00e0pidament o quedar-te sense oportunitats.<\/span><\/p>\n<p><span style=\"font-weight: 400;\">L\u2019any 2025, les titulacions de Formaci\u00f3 Professional m\u00e9s demandades per les empreses a Espanya s\u00f3n:<\/span><\/p>\n<ul>\n<li aria-level=\"1\"><b>Grau Mitj\u00e0 en Gesti\u00f3 Administrativa<\/b><b><br \/>\n<\/b><\/li>\n<\/ul>\n<ul>\n<li aria-level=\"1\"><b>Grau Mitj\u00e0 en Cures Auxiliars d\u2019Infermeria (TCAE)<\/b><b><br \/>\n<\/b><\/li>\n<\/ul>\n<ul>\n<li aria-level=\"1\"><b>Grau Superior en Administraci\u00f3 i Finances<\/b><b><br \/>\n<\/b><\/li>\n<\/ul>\n<ul>\n<li aria-level=\"1\"><b>Grau Superior en Educaci\u00f3 Infantil<\/b><\/li>\n<\/ul>\n<p><b><\/b><span style=\"font-weight: 400;\">Aquests cicles destaquen per la seva <\/span><b>alta taxa d\u2019ocupabilitat<\/b><span style=\"font-weight: 400;\">, la seva versatilitat en diferents sectors i per oferir una<\/span><b> inserci\u00f3 laboral r\u00e0pida<\/b><span style=\"font-weight: 400;\"> un cop finalitzats els estudis.<\/span><\/p>\n<\/div><\/div><\/div><\/div><\/div><div class=\"fusion-fullwidth fullwidth-box fusion-builder-row-3 fusion-flex-container has-pattern-background has-mask-background nonhundred-percent-fullwidth non-hundred-percent-height-scrolling\" style=\"--awb-border-radius-top-left:0px;--awb-border-radius-top-right:0px;--awb-border-radius-bottom-right:0px;--awb-border-radius-bottom-left:0px;--awb-flex-wrap:wrap;\" ><div class=\"fusion-builder-row fusion-row fusion-flex-align-items-center fusion-flex-content-wrap\" style=\"max-width:1248px;margin-left: calc(-4% \/ 2 );margin-right: calc(-4% \/ 2 );\"><div class=\"fusion-layout-column fusion_builder_column fusion-builder-column-2 fusion_builder_column_1_2 1_2 fusion-flex-column\" style=\"--awb-bg-size:cover;--awb-width-large:50%;--awb-margin-top-large:0px;--awb-spacing-right-large:3.84%;--awb-margin-bottom-large:20px;--awb-spacing-left-large:3.84%;--awb-width-medium:50%;--awb-order-medium:0;--awb-spacing-right-medium:3.84%;--awb-spacing-left-medium:3.84%;--awb-width-small:100%;--awb-order-small:0;--awb-spacing-right-small:1.92%;--awb-spacing-left-small:1.92%;\"><div class=\"fusion-column-wrapper fusion-column-has-shadow fusion-flex-justify-content-flex-start fusion-content-layout-column\"><div class=\"fusion-title title fusion-title-1 fusion-sep-none fusion-title-text fusion-title-size-two\"><h2 class=\"fusion-title-heading title-heading-left\" style=\"margin:0;\"><b>Les FP amb m\u00e9s sortides laborals a Espanya<\/b><\/h2><\/div><div class=\"fusion-text fusion-text-3\" style=\"--awb-content-alignment:justify;\"><p><span style=\"font-weight: 400;\">Segons els \u00faltims informes d\u2019ocupabilitat del <\/span><a href=\"https:\/\/www.sepe.es\/HomeSepe\/ca\/\" target=\"_blank\" rel=\"noopener\"><span style=\"font-weight: 400;\">SEPE<\/span><\/a><span style=\"font-weight: 400;\"> i <\/span><a href=\"https:\/\/www.randstad.es\/\" target=\"_blank\" rel=\"noopener\"><span style=\"font-weight: 400;\">Randstad<\/span><\/a><span style=\"font-weight: 400;\">,<\/span><b> el 73% dels titulats en Formaci\u00f3 Professional troben feina en menys d\u2019un any<\/b><span style=\"font-weight: 400;\">, superant fins i tot algunes titulacions universit\u00e0ries. Pots ampliar aquesta informaci\u00f3 en l\u2019enlla\u00e7 oficial de Randstad: <\/span><a href=\"https:\/\/www.randstad.es\/nosotros\/sala-prensa\/la-formacion-profesional-acelera-la-empleabilidad\/\" target=\"_blank\" rel=\"noopener\"><b><i>La formaci\u00f3 professional accelera l\u2019ocupabilitat<\/i><\/b><\/a><b>.<\/b><\/p>\n<p><span style=\"font-weight: 400;\">A m\u00e9s, l\u2019\u00faltim <\/span><a href=\"https:\/\/www.mites.gob.es\/ficheros\/ministerio\/sec_trabajo\/analisis_mercado_trabajo\/jovenes\/2025\/Informe_Jovenes_Num45_Mayo_2025.pdf\" target=\"_blank\" rel=\"noopener\"><b><i>Informe Joves i Mercat de Treball<\/i><\/b><b> (n\u00famero 45, maig de 2025)<\/b><\/a><span style=\"font-weight: 400;\">, elaborat pel Ministeri de Treball, confirma la tend\u00e8ncia positiva d\u2019inserci\u00f3 laboral entre els titulats d\u2019FP, i en destaca el pes creixent en l\u2019ocupaci\u00f3 juvenil.<\/span><\/p>\n<p><span style=\"font-weight: 400;\">Aquests s\u00f3n els cicles amb millors perspectives:<\/span><\/p>\n<\/div><\/div><\/div><div class=\"fusion-layout-column fusion_builder_column fusion-builder-column-3 fusion_builder_column_1_2 1_2 fusion-flex-column\" style=\"--awb-bg-size:cover;--awb-width-large:50%;--awb-margin-top-large:0px;--awb-spacing-right-large:3.84%;--awb-margin-bottom-large:20px;--awb-spacing-left-large:3.84%;--awb-width-medium:50%;--awb-order-medium:0;--awb-spacing-right-medium:3.84%;--awb-spacing-left-medium:3.84%;--awb-width-small:100%;--awb-order-small:0;--awb-spacing-right-small:1.92%;--awb-spacing-left-small:1.92%;\"><div class=\"fusion-column-wrapper fusion-column-has-shadow fusion-flex-justify-content-flex-start fusion-content-layout-column\"><div class=\"fusion-image-element \" style=\"--awb-caption-title-font-family:var(--h2_typography-font-family);--awb-caption-title-font-weight:var(--h2_typography-font-weight);--awb-caption-title-font-style:var(--h2_typography-font-style);--awb-caption-title-size:var(--h2_typography-font-size);--awb-caption-title-transform:var(--h2_typography-text-transform);--awb-caption-title-line-height:var(--h2_typography-line-height);--awb-caption-title-letter-spacing:var(--h2_typography-letter-spacing);\"><span class=\" fusion-imageframe imageframe-none imageframe-1 hover-type-none\"><img decoding=\"async\" width=\"900\" height=\"600\" alt=\"fp con salidas laborales estudio\" title=\"fp con salidas laborales estudio\" src=\"https:\/\/www.unihabit.com\/wp-content\/uploads\/2025\/08\/fp-con-salidas-laborales-estudio.png\" class=\"img-responsive wp-image-17580\" srcset=\"https:\/\/www.unihabit.com\/wp-content\/uploads\/2025\/08\/fp-con-salidas-laborales-estudio-200x133.png 200w, https:\/\/www.unihabit.com\/wp-content\/uploads\/2025\/08\/fp-con-salidas-laborales-estudio-400x267.png 400w, https:\/\/www.unihabit.com\/wp-content\/uploads\/2025\/08\/fp-con-salidas-laborales-estudio-600x400.png 600w, https:\/\/www.unihabit.com\/wp-content\/uploads\/2025\/08\/fp-con-salidas-laborales-estudio-800x533.png 800w, https:\/\/www.unihabit.com\/wp-content\/uploads\/2025\/08\/fp-con-salidas-laborales-estudio.png 900w\" sizes=\"(max-width: 640px) 100vw, 600px\" \/><\/span><\/div><\/div><\/div><\/div><\/div><div class=\"fusion-fullwidth fullwidth-box fusion-builder-row-4 fusion-flex-container has-pattern-background has-mask-background nonhundred-percent-fullwidth non-hundred-percent-height-scrolling\" style=\"--awb-border-radius-top-left:0px;--awb-border-radius-top-right:0px;--awb-border-radius-bottom-right:0px;--awb-border-radius-bottom-left:0px;--awb-flex-wrap:wrap;\" ><div class=\"fusion-builder-row fusion-row fusion-flex-align-items-flex-start fusion-flex-content-wrap\" style=\"max-width:1248px;margin-left: calc(-4% \/ 2 );margin-right: calc(-4% \/ 2 );\"><div class=\"fusion-layout-column fusion_builder_column fusion-builder-column-4 fusion_builder_column_1_1 1_1 fusion-flex-column\" style=\"--awb-bg-size:cover;--awb-width-large:100%;--awb-margin-top-large:0px;--awb-spacing-right-large:1.92%;--awb-margin-bottom-large:20px;--awb-spacing-left-large:1.92%;--awb-width-medium:100%;--awb-order-medium:0;--awb-spacing-right-medium:1.92%;--awb-spacing-left-medium:1.92%;--awb-width-small:100%;--awb-order-small:0;--awb-spacing-right-small:1.92%;--awb-spacing-left-small:1.92%;\"><div class=\"fusion-column-wrapper fusion-column-has-shadow fusion-flex-justify-content-flex-start fusion-content-layout-column\"><div class=\"fusion-title title fusion-title-2 fusion-sep-none fusion-title-text fusion-title-size-three\"><h3 class=\"fusion-title-heading title-heading-left\" style=\"margin:0;\"><b>Grau Mitj\u00e0 amb m\u00e9s sortides laborals<\/b><\/h3><\/div><div class=\"fusion-title title fusion-title-3 fusion-sep-none fusion-title-text fusion-title-size-four\"><h4 class=\"fusion-title-heading title-heading-left\" style=\"margin:0;\"><b>1. T\u00e8cnic en Gesti\u00f3 Administrativa<\/b><\/h4><\/div><div class=\"fusion-text fusion-text-4\" style=\"--awb-content-alignment:justify;\"><ul>\n<li style=\"font-weight: 400;\" aria-level=\"1\"><span style=\"font-weight: 400;\">M\u00e9s de<\/span><b> 124.000 contractes el 2024.<\/b><\/li>\n<li style=\"font-weight: 400;\" aria-level=\"1\"><span style=\"font-weight: 400;\">Altament demandat per empreses de tots els sectors.<\/span><\/li>\n<li style=\"font-weight: 400;\" aria-level=\"1\"><span style=\"font-weight: 400;\">Funcions: tramitaci\u00f3 de n\u00f2mines, atenci\u00f3 al client, suport en comptabilitat i recursos humans.<\/span><\/li>\n<li style=\"font-weight: 400;\" aria-level=\"1\"><span style=\"font-weight: 400;\">Sou: entre 18.000 \u20ac i 22.000 \u20ac anuals.<\/span><\/li>\n<\/ul>\n<p><span style=\"font-weight: 400;\">\u00c9s el cicle de FP amb m\u00e9s contractes signats. La seva versatilitat el converteix en una aposta segura si busques una feina estable.<\/span><\/p>\n<\/div><div class=\"fusion-title title fusion-title-4 fusion-sep-none fusion-title-text fusion-title-size-four\"><h4 class=\"fusion-title-heading title-heading-left\" style=\"margin:0;\"><b>2. T\u00e8cnic en Cures Auxiliars d\u2019Infermeria (TCAE)<\/b><\/h4><\/div><div class=\"fusion-text fusion-text-5\" style=\"--awb-content-alignment:justify;\"><ul>\n<li style=\"font-weight: 400;\" aria-level=\"1\"><span style=\"font-weight: 400;\">M\u00e9s de <\/span><b>100.000 llocs de treball el 2024.<\/b><\/li>\n<li style=\"font-weight: 400;\" aria-level=\"1\"><span style=\"font-weight: 400;\">Funcions: higiene, mobilitat, alimentaci\u00f3 de pacients, suport al personal d\u2019infermeria.<\/span><\/li>\n<li style=\"font-weight: 400;\" aria-level=\"1\"><span style=\"font-weight: 400;\">Alta demanda en hospitals, resid\u00e8ncies i centres sociosanitaris.\u00a0<\/span><\/li>\n<\/ul>\n<p><span style=\"font-weight: 400;\">A Espanya es necessiten m\u00e9s de 47.000 professionals amb aquest perfil. Si t\u2019atrau l\u2019\u00e0mbit sanitari, aquesta FP t\u00e9 present i futur.<\/span><\/p>\n<\/div><div class=\"fusion-title title fusion-title-5 fusion-sep-none fusion-title-text fusion-title-size-four\"><h4 class=\"fusion-title-heading title-heading-left\" style=\"margin:0;\"><b>3. Atenci\u00f3 a persones en situaci\u00f3 de depend\u00e8ncia<\/b><\/h4><\/div><div class=\"fusion-text fusion-text-6\" style=\"--awb-content-alignment:justify;\"><ul>\n<li style=\"font-weight: 400;\" aria-level=\"1\"><span style=\"font-weight: 400;\">M\u00e9s de <\/span><b>24.000 nous llocs de treball durant l\u2019\u00faltim any.<\/b><\/li>\n<li style=\"font-weight: 400;\" aria-level=\"1\"><span style=\"font-weight: 400;\">Ajuda directa a persones amb autonomia redu\u00efda.<\/span><\/li>\n<li style=\"font-weight: 400;\" aria-level=\"1\"><span style=\"font-weight: 400;\">Sortides professionals: serveis socials, assist\u00e8ncia domicili\u00e0ria, centres especialitzats.<\/span><\/li>\n<\/ul>\n<p><span style=\"font-weight: 400;\">Una formaci\u00f3 amb un fort component hum\u00e0 i una elevada demanda tant en el sector p\u00fablic com en el privat.<\/span><\/p>\n<\/div><div class=\"fusion-title title fusion-title-6 fusion-sep-none fusion-title-text fusion-title-size-four\"><h4 class=\"fusion-title-heading title-heading-left\" style=\"margin:0;\"><b>4. Activitats Comercials<\/b><\/h4><\/div><div class=\"fusion-text fusion-text-7\" style=\"--awb-content-alignment:justify;\"><ul>\n<li style=\"font-weight: 400;\" aria-level=\"1\"><span style=\"font-weight: 400;\">M\u00e9s de 20.000 contractes signats el 2024.<\/span><\/li>\n<li style=\"font-weight: 400;\" aria-level=\"1\"><span style=\"font-weight: 400;\">Professionals clau en l\u2019\u00e0rea de vendes i atenci\u00f3 al client.<\/span><\/li>\n<li style=\"font-weight: 400;\" aria-level=\"1\"><span style=\"font-weight: 400;\">Ideal per a perfils din\u00e0mics, orientats a objectius i amb facilitat per al tracte amb les persones.<\/span><\/li>\n<\/ul>\n<\/div><div class=\"fusion-title title fusion-title-7 fusion-sep-none fusion-title-text fusion-title-size-four\"><h4 class=\"fusion-title-heading title-heading-left\" style=\"margin:0;\"><b>5. Perruqueria i Cosm\u00e8tica Capil\u00b7lar<\/b><b><\/b><\/h4><\/div><div class=\"fusion-text fusion-text-8\" style=\"--awb-content-alignment:justify;\"><ul>\n<li>M\u00e9s de 23.000 contractacions l\u2019any passat.<\/li>\n<li style=\"font-weight: 400;\" aria-level=\"1\"><span style=\"font-weight: 400;\">Feina en perruqueries, salons de bellesa i centres est\u00e8tics.<\/span><\/li>\n<li style=\"font-weight: 400;\" aria-level=\"1\"><span style=\"font-weight: 400;\">Alta demanda gr\u00e0cies al creixement del sector est\u00e8tic.<\/span><\/li>\n<\/ul>\n<\/div><\/div><\/div><div class=\"fusion-layout-column fusion_builder_column fusion-builder-column-5 fusion_builder_column_1_1 1_1 fusion-flex-column\" style=\"--awb-bg-size:cover;--awb-width-large:100%;--awb-margin-top-large:0px;--awb-spacing-right-large:1.92%;--awb-margin-bottom-large:20px;--awb-spacing-left-large:1.92%;--awb-width-medium:100%;--awb-order-medium:0;--awb-spacing-right-medium:1.92%;--awb-spacing-left-medium:1.92%;--awb-width-small:100%;--awb-order-small:0;--awb-spacing-right-small:1.92%;--awb-spacing-left-small:1.92%;\"><div class=\"fusion-column-wrapper fusion-column-has-shadow fusion-flex-justify-content-flex-start fusion-content-layout-column\"><div class=\"fusion-image-element \" style=\"text-align:center;--awb-caption-title-font-family:var(--h2_typography-font-family);--awb-caption-title-font-weight:var(--h2_typography-font-weight);--awb-caption-title-font-style:var(--h2_typography-font-style);--awb-caption-title-size:var(--h2_typography-font-size);--awb-caption-title-transform:var(--h2_typography-text-transform);--awb-caption-title-line-height:var(--h2_typography-line-height);--awb-caption-title-letter-spacing:var(--h2_typography-letter-spacing);\"><span class=\" fusion-imageframe imageframe-none imageframe-2 hover-type-none\"><img decoding=\"async\" width=\"900\" height=\"600\" alt=\"fp con salidas laborales proyecto\" title=\"fp con salidas laborales proyecto\" src=\"https:\/\/www.unihabit.com\/wp-content\/uploads\/2025\/08\/fp-con-salidas-laborales-proyecto.png\" class=\"img-responsive wp-image-17583\" srcset=\"https:\/\/www.unihabit.com\/wp-content\/uploads\/2025\/08\/fp-con-salidas-laborales-proyecto-200x133.png 200w, https:\/\/www.unihabit.com\/wp-content\/uploads\/2025\/08\/fp-con-salidas-laborales-proyecto-400x267.png 400w, https:\/\/www.unihabit.com\/wp-content\/uploads\/2025\/08\/fp-con-salidas-laborales-proyecto-600x400.png 600w, https:\/\/www.unihabit.com\/wp-content\/uploads\/2025\/08\/fp-con-salidas-laborales-proyecto-800x533.png 800w, https:\/\/www.unihabit.com\/wp-content\/uploads\/2025\/08\/fp-con-salidas-laborales-proyecto.png 900w\" sizes=\"(max-width: 640px) 100vw, 900px\" \/><\/span><\/div><\/div><\/div><\/div><\/div><div class=\"fusion-fullwidth fullwidth-box fusion-builder-row-5 fusion-flex-container has-pattern-background has-mask-background nonhundred-percent-fullwidth non-hundred-percent-height-scrolling\" style=\"--awb-border-radius-top-left:0px;--awb-border-radius-top-right:0px;--awb-border-radius-bottom-right:0px;--awb-border-radius-bottom-left:0px;--awb-flex-wrap:wrap;\" ><div class=\"fusion-builder-row fusion-row fusion-flex-align-items-flex-start fusion-flex-content-wrap\" style=\"max-width:1248px;margin-left: calc(-4% \/ 2 );margin-right: calc(-4% \/ 2 );\"><div class=\"fusion-layout-column fusion_builder_column fusion-builder-column-6 fusion_builder_column_1_1 1_1 fusion-flex-column\" style=\"--awb-bg-size:cover;--awb-width-large:100%;--awb-margin-top-large:0px;--awb-spacing-right-large:1.92%;--awb-margin-bottom-large:20px;--awb-spacing-left-large:1.92%;--awb-width-medium:100%;--awb-order-medium:0;--awb-spacing-right-medium:1.92%;--awb-spacing-left-medium:1.92%;--awb-width-small:100%;--awb-order-small:0;--awb-spacing-right-small:1.92%;--awb-spacing-left-small:1.92%;\"><div class=\"fusion-column-wrapper fusion-column-has-shadow fusion-flex-justify-content-flex-start fusion-content-layout-column\"><div class=\"fusion-title title fusion-title-8 fusion-sep-none fusion-title-text fusion-title-size-three\"><h3 class=\"fusion-title-heading title-heading-left\" style=\"margin:0;\"><b>Grau Superior amb m\u00e9s sortides laborals<\/b><\/h3><\/div><div class=\"fusion-title title fusion-title-9 fusion-sep-none fusion-title-text fusion-title-size-four\"><h4 class=\"fusion-title-heading title-heading-left\" style=\"margin:0;\"><b>1. T\u00e8cnic Superior en Administraci\u00f3 i Finances<\/b><\/h4><\/div><div class=\"fusion-text fusion-text-9\" style=\"--awb-content-alignment:justify;\"><ul>\n<li style=\"font-weight: 400;\" aria-level=\"1\"><span style=\"font-weight: 400;\">Prop de <\/span><b>90.000 vacants el 2024.<\/b><\/li>\n<li style=\"font-weight: 400;\" aria-level=\"1\"><span style=\"font-weight: 400;\">Sortides professionals: comptabilitat, gesti\u00f3 financera, log\u00edstica, recursos humans, fiscalitat.<\/span><\/li>\n<li style=\"font-weight: 400;\" aria-level=\"1\"><span style=\"font-weight: 400;\">Alta ocupabilitat en empreses de tots els sectors.<\/span><\/li>\n<\/ul>\n<p><span style=\"font-weight: 400;\">Ideal per a qui busca estabilitat i projecci\u00f3 professional a llarg termini en l\u2019entorn empresarial.<\/span><\/p>\n<\/div><div class=\"fusion-title title fusion-title-10 fusion-sep-none fusion-title-text fusion-title-size-four\"><h4 class=\"fusion-title-heading title-heading-left\" style=\"margin:0;\"><b>2. T\u00e8cnic Superior en Educaci\u00f3 Infantil<\/b><\/h4><\/div><div class=\"fusion-text fusion-text-10\" style=\"--awb-content-alignment:justify;\"><ul>\n<li style=\"font-weight: 400;\" aria-level=\"1\"><span style=\"font-weight: 400;\">M\u00e9s de <\/span><b>55.000 contractacions el 2024.<\/b><\/li>\n<li style=\"font-weight: 400;\" aria-level=\"1\"><span style=\"font-weight: 400;\">Treballa en llars d\u2019infants, escoles, ludoteques i centres d\u2019educaci\u00f3 infantil.<\/span><\/li>\n<li style=\"font-weight: 400;\" aria-level=\"1\"><span style=\"font-weight: 400;\">Opcions tant en el sector p\u00fablic com en el privat.<\/span><\/li>\n<\/ul>\n<p><span style=\"font-weight: 400;\">Si t\u2019agrada l\u2019educaci\u00f3 i la cura infantil, \u00e9s una opci\u00f3 amb gran sortida laboral.<\/span><\/p>\n<\/div><div class=\"fusion-title title fusion-title-11 fusion-sep-none fusion-title-text fusion-title-size-four\"><h4 class=\"fusion-title-heading title-heading-left\" style=\"margin:0;\"><b>3. T\u00e8cnic Superior en Integraci\u00f3 Social<\/b><\/h4><\/div><div class=\"fusion-text fusion-text-11\" style=\"--awb-content-alignment:justify;\"><ul>\n<li style=\"font-weight: 400;\" aria-level=\"1\"><span style=\"font-weight: 400;\">M\u00e9s de 30.000 llocs de treball generats l\u2019\u00faltim any.<\/span><\/li>\n<li style=\"font-weight: 400;\" aria-level=\"1\"><span style=\"font-weight: 400;\">Intervenci\u00f3 social, atenci\u00f3 a col\u00b7lectius vulnerables, mediaci\u00f3 comunit\u00e0ria.<\/span><\/li>\n<li style=\"font-weight: 400;\" aria-level=\"1\"><span style=\"font-weight: 400;\">Alta demanda en ONG, serveis p\u00fablics i centres educatius.<\/span><\/li>\n<\/ul>\n<\/div><div class=\"fusion-title title fusion-title-12 fusion-sep-none fusion-title-text fusion-title-size-four\"><h4 class=\"fusion-title-heading title-heading-left\" style=\"margin:0;\"><b>4. T\u00e8cnic Superior en Desenvolupament d\u2019Aplicacions Multiplataforma (DAM)<\/b><\/h4><\/div><div class=\"fusion-text fusion-text-12\" style=\"--awb-content-alignment:justify;\"><ul>\n<li style=\"font-weight: 400;\" aria-level=\"1\"><span style=\"font-weight: 400;\">Molt valorat pel sector tecnol\u00f2gic.<\/span><\/li>\n<li style=\"font-weight: 400;\" aria-level=\"1\"><span style=\"font-weight: 400;\">Desenvolupament d\u2019aplicacions i programari per a empreses.<\/span><\/li>\n<li style=\"font-weight: 400;\" aria-level=\"1\"><span style=\"font-weight: 400;\">Salaris competitius i demanda creixent en startups i multinacionals.<\/span><\/li>\n<\/ul>\n<p><span style=\"font-weight: 400;\">Si t\u2019apassiona la programaci\u00f3, aquesta FP t\u2019obre moltes portes en el sector digital.<\/span><\/p>\n<\/div><div class=\"fusion-title title fusion-title-13 fusion-sep-none fusion-title-text fusion-title-size-four\"><h4 class=\"fusion-title-heading title-heading-left\" style=\"margin:0;\"><b>5. Laboratori Cl\u00ednic i Biom\u00e8dic<\/b><\/h4><\/div><div class=\"fusion-text fusion-text-13\" style=\"--awb-content-alignment:justify;\"><ul>\n<li aria-level=\"1\"><b>M\u00e9s de 10.000 contractacions el 2024.<\/b><\/li>\n<li aria-level=\"1\"><span style=\"font-weight: 400;\">An\u00e0lisis cl\u00ednics, laboratoris hospitalaris, centres de recerca.<\/span><\/li>\n<li aria-level=\"1\"><span style=\"font-weight: 400;\">Molt vinculat a l\u2019\u00e0mbit sanitari, amb alta estabilitat laboral.<\/span><\/li>\n<\/ul>\n<\/div><div class=\"fusion-image-element \" style=\"text-align:center;--awb-caption-title-font-family:var(--h2_typography-font-family);--awb-caption-title-font-weight:var(--h2_typography-font-weight);--awb-caption-title-font-style:var(--h2_typography-font-style);--awb-caption-title-size:var(--h2_typography-font-size);--awb-caption-title-transform:var(--h2_typography-text-transform);--awb-caption-title-line-height:var(--h2_typography-line-height);--awb-caption-title-letter-spacing:var(--h2_typography-letter-spacing);\"><span class=\" fusion-imageframe imageframe-none imageframe-3 hover-type-none\"><img decoding=\"async\" width=\"900\" height=\"600\" alt=\"fp con salidas laborales bici\" title=\"fp con salidas laborales bici\" src=\"https:\/\/www.unihabit.com\/wp-content\/uploads\/2025\/08\/fp-con-salidas-laborales-bici.png\" class=\"img-responsive wp-image-17577\" srcset=\"https:\/\/www.unihabit.com\/wp-content\/uploads\/2025\/08\/fp-con-salidas-laborales-bici-200x133.png 200w, https:\/\/www.unihabit.com\/wp-content\/uploads\/2025\/08\/fp-con-salidas-laborales-bici-400x267.png 400w, https:\/\/www.unihabit.com\/wp-content\/uploads\/2025\/08\/fp-con-salidas-laborales-bici-600x400.png 600w, https:\/\/www.unihabit.com\/wp-content\/uploads\/2025\/08\/fp-con-salidas-laborales-bici-800x533.png 800w, https:\/\/www.unihabit.com\/wp-content\/uploads\/2025\/08\/fp-con-salidas-laborales-bici.png 900w\" sizes=\"(max-width: 640px) 100vw, 900px\" \/><\/span><\/div><\/div><\/div><\/div><\/div><div class=\"fusion-fullwidth fullwidth-box fusion-builder-row-6 fusion-flex-container has-pattern-background has-mask-background nonhundred-percent-fullwidth non-hundred-percent-height-scrolling\" style=\"--awb-border-radius-top-left:0px;--awb-border-radius-top-right:0px;--awb-border-radius-bottom-right:0px;--awb-border-radius-bottom-left:0px;--awb-flex-wrap:wrap;\" ><div class=\"fusion-builder-row fusion-row fusion-flex-align-items-flex-start fusion-flex-content-wrap\" style=\"max-width:1248px;margin-left: calc(-4% \/ 2 );margin-right: calc(-4% \/ 2 );\"><div class=\"fusion-layout-column fusion_builder_column fusion-builder-column-7 fusion_builder_column_1_1 1_1 fusion-flex-column\" style=\"--awb-bg-size:cover;--awb-width-large:100%;--awb-margin-top-large:0px;--awb-spacing-right-large:1.92%;--awb-margin-bottom-large:20px;--awb-spacing-left-large:1.92%;--awb-width-medium:100%;--awb-order-medium:0;--awb-spacing-right-medium:1.92%;--awb-spacing-left-medium:1.92%;--awb-width-small:100%;--awb-order-small:0;--awb-spacing-right-small:1.92%;--awb-spacing-left-small:1.92%;\"><div class=\"fusion-column-wrapper fusion-column-has-shadow fusion-flex-justify-content-flex-start fusion-content-layout-column\"><div class=\"fusion-title title fusion-title-14 fusion-sep-none fusion-title-text fusion-title-size-two\"><h2 class=\"fusion-title-heading title-heading-left\" style=\"margin:0;\"><b>Sector amb m\u00e9s ocupabilitat per a titulats en FP<\/b><\/h2><\/div><div class=\"fusion-text fusion-text-14\" style=\"--awb-content-alignment:justify;\"><p><span style=\"font-weight: 400;\">Els <\/span><b>sectors amb m\u00e9s ocupabilitat <\/b><span style=\"font-weight: 400;\">per a titulats en FP el 2025 s\u00f3n:<\/span><\/p>\n<ul>\n<li style=\"font-weight: 400;\" aria-level=\"1\"><b>Administraci\u00f3 i gesti\u00f3 d\u2019empreses<\/b><\/li>\n<li style=\"font-weight: 400;\" aria-level=\"1\"><b>Sanitat i atenci\u00f3 sociosanit\u00e0ria<\/b><\/li>\n<li style=\"font-weight: 400;\" aria-level=\"1\"><b>Serveis socioculturals i comunitaris<\/b><\/li>\n<li style=\"font-weight: 400;\" aria-level=\"1\"><b>Educaci\u00f3<\/b><\/li>\n<li style=\"font-weight: 400;\" aria-level=\"1\"><b>Inform\u00e0tica i telecomunicacions<\/b><\/li>\n<li style=\"font-weight: 400;\" aria-level=\"1\"><b>Comer\u00e7 i vendes<\/b><\/li>\n<\/ul>\n<p><span style=\"font-weight: 400;\">Especialment en els sectors <\/span><b>sanitari i administratiu<\/b><span style=\"font-weight: 400;\">, la demanda de t\u00e8cnics qualificats continua creixent any rere any. La digitalitzaci\u00f3 i l\u2019envelliment de la poblaci\u00f3 estan impulsant la creaci\u00f3 de nous llocs de treball, fet que converteix la Formaci\u00f3 Professional en una via directa cap a l\u2019ocupaci\u00f3 estable i ben remunerada.<\/span><\/p>\n<\/div><div class=\"fusion-title title fusion-title-15 fusion-sep-none fusion-title-text fusion-title-size-two\"><h2 class=\"fusion-title-heading title-heading-left\" style=\"margin:0;\"><b>Com triar una FP amb sortides laborals?<\/b><\/h2><\/div><div class=\"fusion-text fusion-text-15\" style=\"--awb-content-alignment:justify;\"><p><span style=\"font-weight: 400;\">Triar una <\/span><b>FP amb sortides laborals<\/b><span style=\"font-weight: 400;\"> no ha de basar-se nom\u00e9s en les estad\u00edstiques d\u2019ocupabilitat.<\/span><\/p>\n<p><span style=\"font-weight: 400;\">Aqu\u00ed et deixem alguns consells per prendre la millor decisi\u00f3:<\/span><\/p>\n<ul>\n<li style=\"font-weight: 400;\" aria-level=\"1\"><b>Consulta informes actualitzats d\u2019ocupabilitat<\/b><span style=\"font-weight: 400;\"> (com l\u2019<\/span><a href=\"https:\/\/www.sepe.es\/HomeSepe\/ca\/que-es-el-sepe\/comunicacion-institucional\/publicaciones\/publicaciones-oficiales\/listado-pub-mercado-trabajo\/informe-mercadotrabajo-estatal-general.html\" target=\"_blank\" rel=\"noopener\"><span style=\"font-weight: 400;\">Informe de mercat de treball estatal general<\/span><\/a><span style=\"font-weight: 400;\"> de l\u2019Observatori de les Ocupacions del SEPE).<\/span><\/li>\n<li style=\"font-weight: 400;\" aria-level=\"1\"><b>Reflexiona sobre els teus interessos personals i habilitats.<\/b><\/li>\n<li style=\"font-weight: 400;\" aria-level=\"1\"><b>Valora la modalitat d\u2019estudi que prefereixes:\u00a0 presencial o online<\/b><span style=\"font-weight: 400;\">. Pots consultar el nostre blog sobre <\/span><a href=\"https:\/\/www.unihabit.com\/ca\/estudiar-online-o-presencial\/\"><span style=\"font-weight: 400;\">estudiar online o presencial<\/span><\/a><span style=\"font-weight: 400;\"> per con\u00e8ixer els avantatges i desaventatges de cada opci\u00f3 i descobrir quina \u00e9s la m\u00e9s adequada per a tu.<\/span><\/li>\n<li style=\"font-weight: 400;\" aria-level=\"1\"><b>Informa\u2019t sobre les pr\u00e0ctiques obligat\u00f2ries <\/b><span style=\"font-weight: 400;\">i les sortides laborals reals que t\u00e9 el cicle. A m\u00e9s, \u00e9s important que coneguis com funcionen els cr\u00e8dits universitaris i quin paper juguen en la teva formaci\u00f3. Pot consultar el nostre blog: <\/span><a href=\"https:\/\/www.unihabit.com\/ca\/que-son-els-credits-universitaris\/\"><span style=\"font-weight: 400;\">qu\u00e8 s\u00f3n els cr\u00e8dits universitaris<\/span><\/a><span style=\"font-weight: 400;\">, per entendre la seva utilitat, els diferents tipus que existeixen i com afecten al teu itinerari acad\u00e8mic.<\/span><\/li>\n<li style=\"font-weight: 400;\" aria-level=\"1\"><span style=\"font-weight: 400;\">Assegura\u2019t que el centre estigui <\/span><b>ben connectat amb empreses i centres de treball <\/b><span style=\"font-weight: 400;\">del sector.<\/span><\/li>\n<\/ul>\n<\/div><div class=\"fusion-title title fusion-title-16 fusion-sep-none fusion-title-text fusion-title-size-two\"><h2 class=\"fusion-title-heading title-heading-left\" style=\"margin:0;\"><b>On viure si estudies FP a Catalunya?<\/b><\/h2><\/div><div class=\"fusion-text fusion-text-16\" style=\"--awb-content-alignment:justify;\"><p><span style=\"font-weight: 400;\">Si estudiar\u00e0s un cicle formatiu en ciutats com <\/span><b>Barcelona<\/b><span style=\"font-weight: 400;\">, <\/span><b>Girona<\/b><span style=\"font-weight: 400;\">, <\/span><b>Manresa <\/b><span style=\"font-weight: 400;\">o <\/span><b>Sant Cugat<\/b><span style=\"font-weight: 400;\">, a <\/span><a href=\"https:\/\/www.unihabit.com\/ca\/\"><b>Unihabit <\/b><\/a><span style=\"font-weight: 400;\">t\u2019oferim<\/span><b> allotjament pensat per a estudiants de FP.<\/b><\/p>\n<p><span style=\"font-weight: 400;\">Les nostres resid\u00e8ncies estan ubicades estrat\u00e8gicament a prop dels centres de Formaci\u00f3 Professional i et permeten:<\/span><\/p>\n<ul>\n<li style=\"font-weight: 400;\" aria-level=\"1\"><span style=\"font-weight: 400;\">Viure en un entorn tranquil, c\u00f2mode i segur.<\/span><\/li>\n<li style=\"font-weight: 400;\" aria-level=\"1\"><span style=\"font-weight: 400;\">Accedir f\u00e0cilment als centres educatius i de pr\u00e0ctiques.<\/span><\/li>\n<li style=\"font-weight: 400;\" aria-level=\"1\"><span style=\"font-weight: 400;\">Compartir espai amb altres estudiants de FP, graus o m\u00e0sters.<\/span><\/li>\n<\/ul>\n<p><b>Coneix les nostres resid\u00e8ncies:<\/b><\/p>\n<ul>\n<li style=\"font-weight: 400;\" aria-level=\"1\"><a href=\"https:\/\/www.unihabit.com\/ca\/residencies-universitaries-barcelona\/\"><span style=\"font-weight: 400;\">Resid\u00e8ncies universit\u00e0ries Barcelona<\/span><\/a><span style=\"font-weight: 400;\"> &#8211; Ciutat Vella<\/span><\/li>\n<li style=\"font-weight: 400;\" aria-level=\"1\"><a href=\"https:\/\/www.unihabit.com\/ca\/residencia-universitaria-barcelona-gracia\/\"><span style=\"font-weight: 400;\">Resid\u00e8ncia universit\u00e0ria Barcelona Gr\u00e0cia<\/span><\/a><\/li>\n<li style=\"font-weight: 400;\" aria-level=\"1\"><a href=\"https:\/\/www.unihabit.com\/ca\/residencia-universitaria-girona\/\"><span style=\"font-weight: 400;\">Resid\u00e8ncia universit\u00e0ria Girona<\/span><\/a><\/li>\n<li style=\"font-weight: 400;\" aria-level=\"1\"><a href=\"https:\/\/www.unihabit.com\/ca\/residencia-universitaria-manresa\/\"><span style=\"font-weight: 400;\">Resid\u00e8ncia universit\u00e0ria Manresa<\/span><\/a> <span style=\"font-weight: 400;\">Pots con\u00e8ixer m\u00e9s sobre tots els graus i cicles formatius que pots estudiar a Manresa i per qu\u00e8 triar aquesta ciutat al nostre blog: <\/span><a href=\"https:\/\/www.unihabit.com\/ca\/que-estudiar-a-manresa\/\"><b>Qu\u00e8 estudiar a Manresa?<\/b><\/a><\/li>\n<li style=\"font-weight: 400;\" aria-level=\"1\"><a href=\"https:\/\/www.unihabit.com\/ca\/residencia-universitaria-sant-cugat\/\"><span style=\"font-weight: 400;\">Resid\u00e8ncia universit\u00e0ria Sant Cugat<\/span><\/a><\/li>\n<\/ul>\n<\/div><div class=\"fusion-title title fusion-title-17 fusion-sep-none fusion-title-text fusion-title-size-two\"><h2 class=\"fusion-title-heading title-heading-left\" style=\"margin:0;\"><b>Estudia una FP amb futur<\/b><\/h2><\/div><div class=\"fusion-text fusion-text-17\" style=\"--awb-content-alignment:justify;\"><p><span style=\"font-weight: 400;\">La Formaci\u00f3 Professional est\u00e0 guanyant terreny com a via d\u2019acc\u00e9s al mercat laboral. Si encara <\/span><b>tens dubtes sobre si aquesta opci\u00f3 \u00e9s la adequada per a tu, en el nostre article <\/b><a href=\"https:\/\/www.unihabit.com\/ca\/per-que-estudiar-un-cicle-formatiu\/\"><b><i>Per qu\u00e8 estudiar FP<\/i><\/b><\/a> <span style=\"font-weight: 400;\">t\u2019expliquem detalladament per qu\u00e8 pot convertir-se en una gran alternativa a un grau universitari.<\/span><\/p>\n<p><span style=\"font-weight: 400;\">Des de <\/span><b>Unihabit<\/b><span style=\"font-weight: 400;\">, t\u2019acompanyem en aquesta etapa oferint-te el millor allotjament perqu\u00e8 nom\u00e9s t\u2019hagis de preocupar d\u2019aprendre, cr\u00e9ixer i avan\u00e7ar cap al teu futur professional.<\/span><\/p>\n<\/div><div style=\"text-align:center;\"><a class=\"fusion-button button-flat fusion-button-default-size button-default fusion-button-default button-1 fusion-button-default-span fusion-button-default-type\" target=\"_self\" href=\"https:\/\/www.unihabit.com\/ca\/reserva-allotjament\/\"><span class=\"fusion-button-text awb-button__text awb-button__text--default\">Reserva ja el teu allotjament a Unihabit<\/span><\/a><\/div><\/div><\/div><\/div><\/div><\/p>\n","protected":false},"excerpt":{"rendered":"","protected":false},"author":1,"featured_media":17586,"comment_status":"open","ping_status":"open","sticky":false,"template":"","format":"standard","meta":{"footnotes":""},"categories":[29],"tags":[],"class_list":["post-17595","post","type-post","status-publish","format-standard","has-post-thumbnail","hentry","category-blog"],"_links":{"self":[{"href":"https:\/\/www.unihabit.com\/ca\/wp-json\/wp\/v2\/posts\/17595","targetHints":{"allow":["GET"]}}],"collection":[{"href":"https:\/\/www.unihabit.com\/ca\/wp-json\/wp\/v2\/posts"}],"about":[{"href":"https:\/\/www.unihabit.com\/ca\/wp-json\/wp\/v2\/types\/post"}],"author":[{"embeddable":true,"href":"https:\/\/www.unihabit.com\/ca\/wp-json\/wp\/v2\/users\/1"}],"replies":[{"embeddable":true,"href":"https:\/\/www.unihabit.com\/ca\/wp-json\/wp\/v2\/comments?post=17595"}],"version-history":[{"count":10,"href":"https:\/\/www.unihabit.com\/ca\/wp-json\/wp\/v2\/posts\/17595\/revisions"}],"predecessor-version":[{"id":17694,"href":"https:\/\/www.unihabit.com\/ca\/wp-json\/wp\/v2\/posts\/17595\/revisions\/17694"}],"wp:featuredmedia":[{"embeddable":true,"href":"https:\/\/www.unihabit.com\/ca\/wp-json\/wp\/v2\/media\/17586"}],"wp:attachment":[{"href":"https:\/\/www.unihabit.com\/ca\/wp-json\/wp\/v2\/media?parent=17595"}],"wp:term":[{"taxonomy":"category","embeddable":true,"href":"https:\/\/www.unihabit.com\/ca\/wp-json\/wp\/v2\/categories?post=17595"},{"taxonomy":"post_tag","embeddable":true,"href":"https:\/\/www.unihabit.com\/ca\/wp-json\/wp\/v2\/tags?post=17595"}],"curies":[{"name":"wp","href":"https:\/\/api.w.org\/{rel}","templated":true}]}}