{"id":17681,"date":"2025-08-11T10:20:40","date_gmt":"2025-08-11T08:20:40","guid":{"rendered":"https:\/\/www.unihabit.com\/entrevista-a-marc-guixe-vine-para-un-ano-y-ya-llevo-cinco-en-unihabit-girona\/"},"modified":"2025-09-08T09:57:40","modified_gmt":"2025-09-08T07:57:40","slug":"entrevista-a-marc-guixe","status":"publish","type":"post","link":"https:\/\/www.unihabit.com\/ca\/entrevista-a-marc-guixe\/","title":{"rendered":"Entrevista a Marc Guix\u00e9: \u201cVaig venir per un any\u2026 i ja en porto cinc a Unihabit Girona!\u201d"},"content":{"rendered":"<p><div class=\"fusion-fullwidth fullwidth-box fusion-builder-row-1 fusion-flex-container has-pattern-background has-mask-background nonhundred-percent-fullwidth non-hundred-percent-height-scrolling\" style=\"--awb-border-radius-top-left:0px;--awb-border-radius-top-right:0px;--awb-border-radius-bottom-right:0px;--awb-border-radius-bottom-left:0px;--awb-flex-wrap:wrap;\" ><div class=\"fusion-builder-row fusion-row fusion-flex-align-items-flex-start fusion-flex-content-wrap\" style=\"max-width:1248px;margin-left: calc(-4% \/ 2 );margin-right: calc(-4% \/ 2 );\"><div class=\"fusion-layout-column fusion_builder_column fusion-builder-column-0 fusion_builder_column_1_1 1_1 fusion-flex-column\" style=\"--awb-bg-size:cover;--awb-width-large:100%;--awb-margin-top-large:0px;--awb-spacing-right-large:1.92%;--awb-margin-bottom-large:20px;--awb-spacing-left-large:1.92%;--awb-width-medium:100%;--awb-order-medium:0;--awb-spacing-right-medium:1.92%;--awb-spacing-left-medium:1.92%;--awb-width-small:100%;--awb-order-small:0;--awb-spacing-right-small:1.92%;--awb-spacing-left-small:1.92%;\"><div class=\"fusion-column-wrapper fusion-column-has-shadow fusion-flex-justify-content-flex-start fusion-content-layout-column\"><div class=\"fusion-text fusion-text-1\" style=\"--awb-content-alignment:justify;\">\n<\/div>\n<\/div><\/div><\/div><\/div><div class=\"fusion-fullwidth fullwidth-box fusion-builder-row-2 fusion-flex-container has-pattern-background has-mask-background nonhundred-percent-fullwidth non-hundred-percent-height-scrolling\" style=\"--awb-border-radius-top-left:0px;--awb-border-radius-top-right:0px;--awb-border-radius-bottom-right:0px;--awb-border-radius-bottom-left:0px;--awb-flex-wrap:wrap;\" ><div class=\"fusion-builder-row fusion-row fusion-flex-align-items-flex-start fusion-flex-content-wrap\" style=\"max-width:1248px;margin-left: calc(-4% \/ 2 );margin-right: calc(-4% \/ 2 );\"><div class=\"fusion-layout-column fusion_builder_column fusion-builder-column-1 fusion_builder_column_1_1 1_1 fusion-flex-column\" style=\"--awb-bg-size:cover;--awb-width-large:100%;--awb-margin-top-large:0px;--awb-spacing-right-large:1.92%;--awb-margin-bottom-large:20px;--awb-spacing-left-large:1.92%;--awb-width-medium:100%;--awb-order-medium:0;--awb-spacing-right-medium:1.92%;--awb-spacing-left-medium:1.92%;--awb-width-small:100%;--awb-order-small:0;--awb-spacing-right-small:1.92%;--awb-spacing-left-small:1.92%;\"><div class=\"fusion-column-wrapper fusion-column-has-shadow fusion-flex-justify-content-flex-start fusion-content-layout-column\"><div class=\"fusion-text fusion-text-2\" style=\"--awb-content-alignment:justify;\"><p><b>Marc Guix\u00e9 \u00e9s d\u2019Andorra i porta cinc anys vivint a la <\/b><a href=\"https:\/\/www.unihabit.com\/ca\/residencia-universitaria-girona\/\"><b>resid\u00e8ncia Unihabit Girona<\/b><\/a><b>.<\/b><span style=\"font-weight: 400;\"> Va arribar-hi el primer any d\u2019universitat i, des de llavors, no ha deixat d\u2019escollir-la com el seu lloc per viure. Hem parlat amb ell perqu\u00e8 ens expliqui per qu\u00e8 continua apostant per <\/span><a href=\"https:\/\/www.unihabit.com\/ca\/\"><b>Unihabit<\/b> <\/a><span style=\"font-weight: 400;\">any rere any.<\/span><\/p>\n<\/div><div class=\"fusion-title title fusion-title-1 fusion-sep-none fusion-title-text fusion-title-size-two\"><h2 class=\"fusion-title-heading title-heading-left\" style=\"margin:0;\"><b>Per qu\u00e8 vas escollir Unihabit?<\/b><\/h2><\/div><div class=\"fusion-text fusion-text-3\" style=\"--awb-content-alignment:justify;\"><p><span style=\"font-weight: 400;\">Vaig venir m\u00e9s que res perqu\u00e8 la comunicaci\u00f3 amb la meva universitat era de les millors. Vaig veure que les instal\u00b7lacions estaven molt b\u00e9 el primer any\u2026i cinc anys despr\u00e9s, encara continuo aqu\u00ed!<\/span><\/p>\n<\/div><div class=\"fusion-title title fusion-title-2 fusion-sep-none fusion-title-text fusion-title-size-two\"><h2 class=\"fusion-title-heading title-heading-left\" style=\"margin:0;\"><b>Qu\u00e8 \u00e9s el que t\u2019ha fet renovar cada any?<\/b><\/h2><\/div><div class=\"fusion-text fusion-text-4\" style=\"--awb-content-alignment:justify;\"><p><span style=\"font-weight: 400;\">\u00c9s un conjunt de coses. Des del principi es fan activitats molt xules, hi ha molt bona harmonia entre la gent, i hi ha molta afici\u00f3 pel futbol \u2014que a mi tamb\u00e9 m\u2019agrada molt\u2014. A m\u00e9s, la sala comuna \u00e9s molt acollidora, el gimn\u00e0s est\u00e0 molt b\u00e9\u2026 em sento a gust aqu\u00ed.<\/span><\/p>\n<\/div><div class=\"fusion-title title fusion-title-3 fusion-sep-none fusion-title-text fusion-title-size-two\"><h2 class=\"fusion-title-heading title-heading-left\" style=\"margin:0;\"><b>Es fan moltes activitats a la resid\u00e8ncia?<\/b><\/h2><\/div><div class=\"fusion-text fusion-text-5\" style=\"--awb-content-alignment:justify;\"><p><span style=\"font-weight: 400;\">S\u00ed! Es fan activitats pr\u00e0cticament per a tot: Carnaval, Nadal, la festa de benvinguda\u2026 Sempre hi ha alguna cosa per compartir amb els altres.<\/span><\/p>\n<\/div><div class=\"fusion-title title fusion-title-4 fusion-sep-none fusion-title-text fusion-title-size-two\"><h2 class=\"fusion-title-heading title-heading-left\" style=\"margin:0;\"><b>Com \u00e9s la relaci\u00f3 amb el David?<\/b><\/h2><\/div><div class=\"fusion-text fusion-text-6\" style=\"--awb-content-alignment:justify;\"><p><span style=\"font-weight: 400;\">El David \u00e9s el boss. Si tens algun problema, sempre est\u00e0 all\u00e0 per ajudar-te.<\/span><\/p>\n<p><span style=\"font-weight: 400;\">David fa 12 anys que est\u00e0 a Unihabit Girona i \u00e9s molt m\u00e9s que el conserge: s\u2019encarrega del manteniment, arregla qualsevol problema i sempre est\u00e0 disponible per als estudiants. Com ell mateix es defineix, \u00e9s una mena de \u201ctutti frutti\u201d: pare, amic, psic\u00f2leg i fins i tot cuiner. La seva prioritat \u00e9s que els residents se sentin a gust, que facin de la resid\u00e8ncia la seva llar i que tinguin un lloc segur on recolzar-se quan ho necessitin.<\/span><\/p>\n<\/div><div class=\"fusion-title title fusion-title-5 fusion-sep-none fusion-title-text fusion-title-size-two\"><h2 class=\"fusion-title-heading title-heading-left\" style=\"margin:0;\"><b>Trobes a faltar casa teva?<\/b><\/h2><\/div><div class=\"fusion-text fusion-text-7\" style=\"--awb-content-alignment:justify;\"><p><span style=\"font-weight: 400;\">Amb un somriure, en Marc admet que sempre s\u2019enyora una mica la llar, per\u00f2 que a la resid\u00e8ncia s\u2019hi troba tan b\u00e9 que no t\u00e9 motius per enyorar-la massa:<\/span><\/p>\n<p><i><span style=\"font-weight: 400;\">\u201cHome, \u2018home sweet home\u2019\u2026 s\u00ed, \u00e9s clar que es troba a faltar. Per\u00f2 aqu\u00ed tens tantes coses que no tens motius per trobar-la tant a faltar.\u201d<\/span><\/i><\/p>\n<\/div><div class=\"fusion-title title fusion-title-6 fusion-sep-none fusion-title-text fusion-title-size-two\"><h2 class=\"fusion-title-heading title-heading-left\" style=\"margin:0;\"><b>Qu\u00e8 et va fer triar una resid\u00e8ncia en lloc d\u2019un altra allotjament?<\/b><\/h2><\/div><div class=\"fusion-text fusion-text-8\" style=\"--awb-content-alignment:justify;\"><p><span style=\"font-weight: 400;\">El primer any, tant jo com la meva germana vam escollir resid\u00e8ncia. Ella a Barcelona i jo aqu\u00ed. M\u00e9s que res per la seguretat, perqu\u00e8 saps que si tens qualsevol problema, sempre hi ha alg\u00fa pendent de tu. Els meus pares sempre ens ho han dit: el primer any, millor resid\u00e8ncia. Si est\u00e0s b\u00e9, t\u2019hi quedes. I si no, sempre pots buscar pis m\u00e9s endavant. Per\u00f2 jo\u2026 m\u2019hi he quedat!<\/span><\/p>\n<p><span style=\"font-weight: 400;\">Si est\u00e0s buscant una resid\u00e8ncia universit\u00e0ria on sentir-te segur, envoltat de bon ambient i amb activitats que et facin sentir com a casa, Unihabit Girona \u00e9s una opci\u00f3 pensada per a tu.<\/span><\/p>\n<p><span style=\"font-weight: 400;\">Com en el cas del Marc, molts estudiants acaben convertint Unihabit en la seva llar durant tota la seva etapa universit\u00e0ria.<\/span><\/p>\n<\/div><div class=\"fusion-title title fusion-title-7 fusion-sep-none fusion-title-text fusion-title-size-two\"><h2 class=\"fusion-title-heading title-heading-left\" style=\"margin:0;\"><b>Veure l\u2019entrevista sencera<\/b><\/h2><\/div><div class=\"fusion-video fusion-youtube\" style=\"--awb-max-width:600px;--awb-max-height:360px;--awb-align-self:center;--awb-width:100%;\"><div class=\"video-shortcode\"><lite-youtube videoid=\"7UUKLRdcYRQ\" class=\"landscape\" params=\"wmode=transparent&autoplay=1&amp;enablejsapi=1\" title=\"YouTube video player 1\" data-button-label=\"Play Video\" width=\"600\" height=\"360\" data-thumbnail-size=\"auto\" data-no-cookie=\"on\"><\/lite-youtube><\/div><\/div><div class=\"fusion-text fusion-text-9\" style=\"--awb-content-alignment:justify;--awb-margin-top:20px;\"><p><span style=\"font-weight: 400;\">Descobreix la <\/span><a href=\"https:\/\/www.unihabit.com\/ca\/residencia-universitaria-girona\/\"><span style=\"font-weight: 400;\">resid\u00e8ncia Unihabit Girona<\/span><\/a><span style=\"font-weight: 400;\"> i assegura\u2019t una estancia c\u00f2moda, segura i plena de viv\u00e8ncies positives.<\/span><\/p>\n<\/div><div style=\"text-align:center;\"><a class=\"fusion-button button-flat fusion-button-default-size button-default fusion-button-default button-1 fusion-button-default-span fusion-button-default-type\" target=\"_self\" href=\"https:\/\/www.unihabit.com\/ca\/reserva-allotjament\/\"><span class=\"fusion-button-text awb-button__text awb-button__text--default\">Reserva allotjament avui mateix<\/span><\/a><\/div><\/div><\/div><\/div><\/div><\/p>\n","protected":false},"excerpt":{"rendered":"","protected":false},"author":1,"featured_media":17676,"comment_status":"open","ping_status":"open","sticky":false,"template":"","format":"standard","meta":{"footnotes":""},"categories":[29,212,313,318,323,328],"tags":[],"class_list":["post-17681","post","type-post","status-publish","format-standard","has-post-thumbnail","hentry","category-blog","category-entrevistas-ca","category-unihabit-barcelona-blog","category-unihabit-girona-blog","category-unihabit-manresa-blog","category-unihabit-sant-cugat-blog"],"_links":{"self":[{"href":"https:\/\/www.unihabit.com\/ca\/wp-json\/wp\/v2\/posts\/17681","targetHints":{"allow":["GET"]}}],"collection":[{"href":"https:\/\/www.unihabit.com\/ca\/wp-json\/wp\/v2\/posts"}],"about":[{"href":"https:\/\/www.unihabit.com\/ca\/wp-json\/wp\/v2\/types\/post"}],"author":[{"embeddable":true,"href":"https:\/\/www.unihabit.com\/ca\/wp-json\/wp\/v2\/users\/1"}],"replies":[{"embeddable":true,"href":"https:\/\/www.unihabit.com\/ca\/wp-json\/wp\/v2\/comments?post=17681"}],"version-history":[{"count":3,"href":"https:\/\/www.unihabit.com\/ca\/wp-json\/wp\/v2\/posts\/17681\/revisions"}],"predecessor-version":[{"id":17690,"href":"https:\/\/www.unihabit.com\/ca\/wp-json\/wp\/v2\/posts\/17681\/revisions\/17690"}],"wp:featuredmedia":[{"embeddable":true,"href":"https:\/\/www.unihabit.com\/ca\/wp-json\/wp\/v2\/media\/17676"}],"wp:attachment":[{"href":"https:\/\/www.unihabit.com\/ca\/wp-json\/wp\/v2\/media?parent=17681"}],"wp:term":[{"taxonomy":"category","embeddable":true,"href":"https:\/\/www.unihabit.com\/ca\/wp-json\/wp\/v2\/categories?post=17681"},{"taxonomy":"post_tag","embeddable":true,"href":"https:\/\/www.unihabit.com\/ca\/wp-json\/wp\/v2\/tags?post=17681"}],"curies":[{"name":"wp","href":"https:\/\/api.w.org\/{rel}","templated":true}]}}