{"id":3511,"date":"2018-01-31T11:35:52","date_gmt":"2018-01-31T09:35:52","guid":{"rendered":"https:\/\/www.unihabit.com\/blog\/unihabit-barcelona-gracia-lesencia-de-casa-pero-a-barcelona\/"},"modified":"2023-11-20T09:04:21","modified_gmt":"2023-11-20T07:04:21","slug":"gracia-viure-unihabit","status":"publish","type":"post","link":"https:\/\/www.unihabit.com\/ca\/gracia-viure-unihabit\/","title":{"rendered":"Unihabit Barcelona Gr\u00e0cia, l&#8217;ess\u00e8ncia de casa per\u00f2 a Barcelona."},"content":{"rendered":"<div class=\"fusion-fullwidth fullwidth-box fusion-builder-row-1 fusion-flex-container nonhundred-percent-fullwidth non-hundred-percent-height-scrolling\" style=\"--awb-border-radius-top-left:0px;--awb-border-radius-top-right:0px;--awb-border-radius-bottom-right:0px;--awb-border-radius-bottom-left:0px;--awb-flex-wrap:wrap;\" ><div class=\"fusion-builder-row fusion-row fusion-flex-align-items-flex-start fusion-flex-content-wrap\" style=\"max-width:1248px;margin-left: calc(-4% \/ 2 );margin-right: calc(-4% \/ 2 );\"><div class=\"fusion-layout-column fusion_builder_column fusion-builder-column-0 fusion_builder_column_1_1 1_1 fusion-flex-column\" style=\"--awb-bg-size:cover;--awb-width-large:100%;--awb-margin-top-large:0px;--awb-spacing-right-large:1.92%;--awb-margin-bottom-large:0px;--awb-spacing-left-large:1.92%;--awb-width-medium:100%;--awb-spacing-right-medium:1.92%;--awb-spacing-left-medium:1.92%;--awb-width-small:100%;--awb-spacing-right-small:1.92%;--awb-spacing-left-small:1.92%;\"><div class=\"fusion-column-wrapper fusion-flex-justify-content-flex-start fusion-content-layout-column\"><div class=\"fusion-text fusion-text-1\"><p>Si busques un barri a <strong>Barcelona<\/strong> que et permeti fer una total immersi\u00f3 en l\u2019esperit i tradicions culturals catalanes, ple d\u2019activitats de tot tipus i amb una forta vinculaci\u00f3 ve\u00efnal d\u2019on en neixen iniciatives que ajuden a involucrar al visitant i fer-lo sentir com a casa, se\u2019ns dubte <a href=\"https:\/\/www.unihabit.com\/ca\/residencia-universitaria-barcelona-gracia\/\">Unihabit Barcelona Gr\u00e0cia<\/a> es la teva resid\u00e8ncia.<\/p>\n<p><img decoding=\"async\" class=\"aligncenter wp-image-4530\" src=\"https:\/\/www.unihabit.com\/wp-content\/uploads\/2020\/10\/barri-de-gracia-1-300x126.jpg\" alt=\"\" width=\"782\" height=\"328\" title=\"\"><\/p>\n<p>Els apartaments <a href=\"https:\/\/www.unihabit.com\/ca\/residencia-universitaria-barcelona-gracia\/\">Unihabit Barcelona Gr\u00e0cia<\/a>, son habitatges universitaris en r\u00e8gim de lloguer situats al carrer Sant Salvador 76, completament restaurats. Rodejat de l\u2019habitual bullici, caracter\u00edstica d\u2019un dels barris m\u00e9s rellevant i conegut per la seva multiculturalitat, internacionalitzaci\u00f3 i forta implicaci\u00f3 ve\u00efnal tant de tota la vida com acabats d\u2019arribar, ofereix un acc\u00e9s directe a un petit m\u00f3n dintre de Barcelona que no et deixar\u00e0 indiferent.<\/p>\n<div id=\"attachment_4531\" style=\"width: 231px\" class=\"wp-caption alignleft\"><a href=\"https:\/\/www.unihabit.com\/wp-content\/uploads\/2020\/10\/barri-de-gracia-1.jpg\"><img decoding=\"async\" aria-describedby=\"caption-attachment-4531\" class=\"wp-image-4531\" title=\"Pla\u00e7a de la Vila Gr\u00e0cia\" src=\"https:\/\/www.unihabit.com\/wp-content\/uploads\/2020\/10\/barri-de-gracia-1.jpg\" alt=\"\" width=\"221\" height=\"166\"><\/a><p id=\"caption-attachment-4531\" class=\"wp-caption-text\">Pla\u00e7a de la Vila Gr\u00e0cia<\/p><\/div>\n<p>Les <a href=\"https:\/\/www.festamajordegracia.cat\/\" target=\"_blank\" rel=\"noopener\">\u201cFestes de Gr\u00e0cia\u201d<\/a>, la festa major local per excel\u00b7l\u00e8ncia, internacionalment coneguda i que es celebra la segona quinzena d\u2019Agost, proveeix al estudiant universitari, professional i\/o investigador que resideixi a als apartaments <a href=\"https:\/\/www.unihabit.com\/ca\/residencia-universitaria-barcelona-gracia\/\" target=\"_blank\" rel=\"noopener\">Unihabit Barcelona Gr\u00e0cia<\/a>, d\u2019una excel\u00b7lent oportunitat per gaudir de la vida de l\u2019entorn i de compartir les instal\u00b7lacions amb coneguts i familiars sense haver de sacrificar-ne cap comoditat.<\/p>\n<p>Els apartaments <a href=\"https:\/\/www.unihabit.com\/ca\/residencia-universitaria-barcelona-gracia\/\" target=\"_blank\" rel=\"noopener\">Unihabit Barcelona Gr\u00e0cia<\/a>, s\u00f3n apartaments de dues habitacions, que en funci\u00f3 de la durada del per\u00edode de lloguer i del seu \u00fas (individual o d&#8217;\u00fas compartit) disposen de diferents tarifes mensuals. Cada dormitori disposa d&#8217;un llit individual, armari, una taula d&#8217;escriptori i una cadira.<\/p>\n<div id=\"attachment_4544\" style=\"width: 781px\" class=\"wp-caption aligncenter\"><a href=\"https:\/\/www.unihabit.com\/wp-content\/uploads\/2020\/10\/Blog-unihabit-portal-V2.png\"><img decoding=\"async\" aria-describedby=\"caption-attachment-4544\" class=\"wp-image-4544\" title=\"Acc\u00e9s apartaments Unihabit Barcelona Gr\u00e0cia\" src=\"https:\/\/www.unihabit.com\/wp-content\/uploads\/2020\/10\/Blog-unihabit-portal-V2-300x150.png\" alt=\"\" width=\"771\" height=\"386\"><\/a><p id=\"caption-attachment-4544\" class=\"wp-caption-text\">Acc\u00e9s apartaments Unihabit Barcelona Gr\u00e0cia<\/p><\/div>\n<p>Cada apartament de <strong>lloguer per a estudiants, professors o investigadors universitaris<\/strong> est\u00e0 equipat amb <strong>aire condicionat, calefacci\u00f3 i WIFI.<\/strong> \u00a0Consten de bany complet (plat de dutxa, renta mans amb armari, lavabo, mirall, porta rotllos i tovalloler ) i un espai multifuncional format per cuina equipada (cuina amb armaris, placa d&#8217;inducci\u00f3 de dos elements, campana extractora, nevera, rentaplats, rentadora i microones amb grill) i sala d&#8217;estar (una taula, quatre cadires, prestatgeria i un sof\u00e0).<\/p>\n<div id=\"attachment_4548\" style=\"width: 796px\" class=\"wp-caption aligncenter\"><a href=\"https:\/\/www.unihabit.com\/wp-content\/uploads\/2020\/10\/unihabit-habitacions-i-lavabos.png\"><img decoding=\"async\" aria-describedby=\"caption-attachment-4548\" class=\"wp-image-4548\" title=\"Habitaci\u00f3 individual i bany apartaments Unihabit Barcelona Gr\u00e0cia\" src=\"https:\/\/www.unihabit.com\/wp-content\/uploads\/2020\/10\/unihabit-habitacions-i-lavabos-300x150.png\" alt=\"\" width=\"786\" height=\"393\"><\/a><p id=\"caption-attachment-4548\" class=\"wp-caption-text\">Habitaci\u00f3 individual i bany apartaments Unihabit Barcelona Gr\u00e0cia<\/p><\/div>\n<p class=\"aligncenter\">La quota mensual de lloguer inclou la neteja de les zones comunes i un p\u00e0rquing per a bicicletes. Els apartaments de lloguer <a href=\"https:\/\/www.unihabit.com\/ca\/residencia-universitaria-barcelona-gracia\/\" target=\"_blank\" rel=\"noopener\">Unihabit Barcelona Gr\u00e0cia<\/a>, disposen de serveis i equipaments complementaris i opcionals amb l\u2019objectiu de fer encara m\u00e9s senzilla i c\u00f2moda la vida als estudiants universitaris que s&#8217;allotgin en aquests apartaments de lloguer. (Els preus dels serveis no inclosos en la quota mensual dels apartaments de lloguer per a estudiants estan detallats\u00a0<a href=\"https:\/\/www.unihabit.com\/ca\/residencia-universitaria-barcelona-gracia\/\" target=\"_blank\" rel=\"noopener\">aqu\u00ed<\/a>).<\/p>\n<div id=\"attachment_4533\" style=\"width: 769px\" class=\"wp-caption aligncenter\"><a href=\"https:\/\/www.unihabit.com\/wp-content\/uploads\/2020\/10\/Unihabit_Gracia4.jpg\"><img decoding=\"async\" aria-describedby=\"caption-attachment-4533\" class=\"wp-image-4533\" title=\"Menjador i cuina apartaments Unihabit Barcelona Gr\u00e0cia\" src=\"https:\/\/www.unihabit.com\/wp-content\/uploads\/2020\/10\/Unihabit_Gracia4-300x150.jpg\" alt=\"\" width=\"759\" height=\"380\"><\/a><p id=\"caption-attachment-4533\" class=\"wp-caption-text\">Menjador i cuina apartaments Unihabit Barcelona Gr\u00e0cia<\/p><\/div>\n<h2 style=\"text-align: center;\"><strong>Si vols viure una experi\u00e8ncia aut\u00e8ntica, \u00fanica, totalment personal i gaudir dels millors serveis i tracte,\u00a0 no deixis d\u2019escollir els apartaments d\u2019<\/strong><a href=\"https:\/\/www.unihabit.com\/ca\/residencia-universitaria-barcelona-gracia\/\" target=\"_blank\" rel=\"noopener\"><strong>Unihabit Barcelona Gr\u00e0cia<\/strong><\/a><strong>!<\/strong><\/h2>\n<p><a href=\"https:\/\/www.unihabit.com\/ca\/residencia-universitaria-barcelona-gracia\/\"><img decoding=\"async\" class=\"aligncenter wp-image-7090 size-medium\" src=\"https:\/\/www.unihabit.com\/wp-content\/uploads\/2020\/10\/graciaCAT-corretgida-300x106.png\" alt=\"\" width=\"300\" height=\"106\" title=\"\"><\/a><\/p>\n<p><strong>\u00a0<\/strong><\/p>\n<\/div><\/div><\/div><\/div><\/div>\n","protected":false},"excerpt":{"rendered":"","protected":false},"author":1,"featured_media":1545,"comment_status":"open","ping_status":"open","sticky":false,"template":"","format":"standard","meta":{"footnotes":""},"categories":[50],"tags":[],"class_list":["post-3511","post","type-post","status-publish","format-standard","has-post-thumbnail","hentry","category-informacio-unihabit"],"_links":{"self":[{"href":"https:\/\/www.unihabit.com\/ca\/wp-json\/wp\/v2\/posts\/3511","targetHints":{"allow":["GET"]}}],"collection":[{"href":"https:\/\/www.unihabit.com\/ca\/wp-json\/wp\/v2\/posts"}],"about":[{"href":"https:\/\/www.unihabit.com\/ca\/wp-json\/wp\/v2\/types\/post"}],"author":[{"embeddable":true,"href":"https:\/\/www.unihabit.com\/ca\/wp-json\/wp\/v2\/users\/1"}],"replies":[{"embeddable":true,"href":"https:\/\/www.unihabit.com\/ca\/wp-json\/wp\/v2\/comments?post=3511"}],"version-history":[{"count":3,"href":"https:\/\/www.unihabit.com\/ca\/wp-json\/wp\/v2\/posts\/3511\/revisions"}],"predecessor-version":[{"id":11787,"href":"https:\/\/www.unihabit.com\/ca\/wp-json\/wp\/v2\/posts\/3511\/revisions\/11787"}],"wp:featuredmedia":[{"embeddable":true,"href":"https:\/\/www.unihabit.com\/ca\/wp-json\/wp\/v2\/media\/1545"}],"wp:attachment":[{"href":"https:\/\/www.unihabit.com\/ca\/wp-json\/wp\/v2\/media?parent=3511"}],"wp:term":[{"taxonomy":"category","embeddable":true,"href":"https:\/\/www.unihabit.com\/ca\/wp-json\/wp\/v2\/categories?post=3511"},{"taxonomy":"post_tag","embeddable":true,"href":"https:\/\/www.unihabit.com\/ca\/wp-json\/wp\/v2\/tags?post=3511"}],"curies":[{"name":"wp","href":"https:\/\/api.w.org\/{rel}","templated":true}]}}