{"id":3514,"date":"2018-02-14T15:17:51","date_gmt":"2018-02-14T13:17:51","guid":{"rendered":"https:\/\/www.unihabit.com\/blog\/sant-valenti-unihabit-un-gran-dia-per-sentir\/"},"modified":"2024-10-08T14:52:13","modified_gmt":"2024-10-08T12:52:13","slug":"sant-valenti-unihabit-un-gran-dia-per-sentir","status":"publish","type":"post","link":"https:\/\/www.unihabit.com\/ca\/sant-valenti-unihabit-un-gran-dia-per-sentir\/","title":{"rendered":"Sant Valent\u00ed Unihabit, un gran dia per sentir"},"content":{"rendered":"<div class=\"fusion-fullwidth fullwidth-box fusion-builder-row-1 fusion-flex-container nonhundred-percent-fullwidth non-hundred-percent-height-scrolling\" style=\"--awb-border-radius-top-left:0px;--awb-border-radius-top-right:0px;--awb-border-radius-bottom-right:0px;--awb-border-radius-bottom-left:0px;--awb-flex-wrap:wrap;\" ><div class=\"fusion-builder-row fusion-row fusion-flex-align-items-flex-start fusion-flex-content-wrap\" style=\"max-width:1248px;margin-left: calc(-4% \/ 2 );margin-right: calc(-4% \/ 2 );\"><div class=\"fusion-layout-column fusion_builder_column fusion-builder-column-0 fusion_builder_column_1_1 1_1 fusion-flex-column\" style=\"--awb-bg-size:cover;--awb-width-large:100%;--awb-margin-top-large:0px;--awb-spacing-right-large:1.92%;--awb-margin-bottom-large:0px;--awb-spacing-left-large:1.92%;--awb-width-medium:100%;--awb-spacing-right-medium:1.92%;--awb-spacing-left-medium:1.92%;--awb-width-small:100%;--awb-spacing-right-small:1.92%;--awb-spacing-left-small:1.92%;\"><div class=\"fusion-column-wrapper fusion-flex-justify-content-flex-start fusion-content-layout-column\"><div class=\"fusion-text fusion-text-1\"><p>Els dies en els que es celebra un sentiment tant bonic i \u00fanic com el d\u2019estimar alg\u00fa, ja sigui per un motiu o altre, son aquells que s\u2019han de preservar i potenciar. El problema es que moltes vegades no sabem d\u2019on venen algunes tradicions ni como gaudir d&#8217;un Sant Valent\u00ed Unihabit,\u00a0com s\u2019han mantingut fins a dia d\u2019avui. Es per aix\u00f2, que des de Unihabit, hem posat fil a l\u2019agulla i hem indagat en el temps per esbrinar d\u2019on va sortir la celebraci\u00f3 del dia de Sant Valent\u00ed. Ens hi acompanyeu?<\/p>\n<p><strong>L&#8217;origen de Sant Valent\u00ed<\/strong><\/p>\n<p>La historia de celebrar Sant Valent\u00ed un 14 de febrer prov\u00e9 quan el Papa Gelasi I a l\u2019any 494 D.C. va voler abolir una de les poques festes paganes que quedaven a Roma, la Lupercales (15 de febrer), posant un dia abans que aquesta la festivitat cat\u00f2lica de Sant Valent\u00ed.<\/p>\n<div id=\"attachment_4629\" style=\"width: 970px\" class=\"wp-caption aligncenter\"><a href=\"https:\/\/www.unihabit.com\/wp-content\/uploads\/2020\/10\/Zelinda-Milano.jpg\"><img decoding=\"async\" aria-describedby=\"caption-attachment-4629\" class=\"wp-image-4629 size-full\" src=\"https:\/\/www.unihabit.com\/wp-content\/uploads\/2020\/10\/Zelinda-Milano.jpg\" alt=\"\" width=\"960\" height=\"958\" title=\"\"><\/a><p id=\"caption-attachment-4629\" class=\"wp-caption-text\">Zelinda Milano<\/p><\/div>\n<p>Hi ha moltes histories sobre l\u2019origen de Sant Valent\u00ed com a festa dels enamorats. Una de les primeres al\u00b7lusions la trobem a finals del segle XIV, en el poema de \u2018El Parlament dels Ocells\u2019, on Chaucer fa una analogia entre el flirteig de les aus i dels homes, referint-se al Dia de Sant Valent\u00ed com la data natural m\u00e9s propicia per fer-ho.<\/p>\n<p>La contradicci\u00f3 d\u2019aquesta historia ve donada pel fet perqu\u00e8 a mitjans de febrer no \u00e9s \u00e8poca d\u2019aparellament de les aus. A m\u00e9s, \u2018El Parlament dels Ocells\u2019 es va composar per celebrar el comprom\u00eds entre Ricard II d\u2019Anglaterra i Ana de Luxemburg el 2 de Maig. Curiosament aquesta data \u00e9s quan es commemora Sant Valent\u00ed a G\u00e8nova.<\/p>\n<p><a href=\"https:\/\/www.unihabit.com\/wp-content\/uploads\/2020\/10\/caballeros-enamorados.jpg\"><img decoding=\"async\" class=\"aligncenter wp-image-4631\" src=\"https:\/\/www.unihabit.com\/wp-content\/uploads\/2020\/10\/caballeros-enamorados.jpg\" alt=\"\" width=\"769\" height=\"385\" title=\"\"><\/a><\/p>\n<p>Aix\u00ed doncs, \u00e9s probable que la data escollida per celebrar el dia dels enamorats sigui una confusi\u00f3 per\u00f2, el cert \u00e9s, que des de l\u2019edat mitja ja s\u2019utilitzava el 14 de febrer per celebrar intercanvis amorosos entre persones que no eren parella.<\/p>\n<p>El Sant Valent\u00ed de l\u2019edat mitja consistia en un intercanvi de targetes amb missatges d\u2019amor. Aquestes targetes es posaven dins una capsa juntament amb caramels o xocolata (un estimulant sexual de l\u2019\u00e8poca) i es regalava a la persona que durant aquell dia es volia conquistar. Aquesta celebraci\u00f3 es va estendre entre tot tipus de classes socials.<\/p>\n<p><a href=\"https:\/\/www.unihabit.com\/wp-content\/uploads\/2020\/10\/poemas_en_latin_y_espan\u0303ol.jpg\"><img decoding=\"async\" class=\"aligncenter size-full wp-image-4632\" src=\"https:\/\/www.unihabit.com\/wp-content\/uploads\/2020\/10\/poemas_en_latin_y_espan\u0303ol.jpg\" alt=\"\" width=\"730\" height=\"412\" title=\"\"><\/a><\/p>\n<p>Al 1969, en el Concili Vatic\u00e0 II, el Papa Pau VI decideix eliminar Sant Valent\u00ed com a festivitat. En aquell temps el 14 de febrer com a dia dels enamorats ja estava completament arrelat en les societats occidentals de consum. Concretament, el primer registre que es te de la comercialitzaci\u00f3 d\u2019aquesta data \u00e9s a l\u2019any 1840 als Estats Units on Esther A. Howlnad va fabricar i vendre a la llibreria del seu pare unes targetes regal amb motius rom\u00e0ntics.<\/p>\n<p>Doncs b\u00e9, ara que ja en sabem una mica m\u00e9s, ha arribat el moment potser de preparar-nos i si ten\u00edem en ment oferir algun detall a aquell\/a a qui m\u00e9s estimem i no sabeu on podeu anar, us proposem que feu una ullada als seg\u00fcents links a veure si all\u00e0 hi trobeu aquell \u201calgu\u201d especial, per aquell alg\u00fa especial.<\/p>\n<p><strong>\u00bfOn puc comprar regals de Sant Valent\u00ed a Barcelona?<\/strong><\/p>\n<p>Si et trobes a la <a href=\"https:\/\/www.unihabit.com\/ca\/residencia-universitaria-barcelona-gracia\/\" target=\"_blank\" rel=\"noopener noreferrer\">resid\u00e8ncia universit\u00e0ria <strong>Unihabit Gr\u00e0cia<\/strong><\/a> t\u2019oferim unes recomanacions en el mateix barri de Gr\u00e0cia i proximitats per regalar flors, dol\u00e7os o un sopar rom\u00e0tic en el dia de Sant Valent\u00ed<\/p>\n<ul>\n<li>Floristeria:\u00a0Zelinda Milano<\/li>\n<li>Pastisseria:\u00a0Madame Desserts<\/li>\n<li>Restaurant itali\u00e0:\u00a0<a href=\"https:\/\/losteriadelcontadino.es\/\" target=\"_blank\" rel=\"noopener noreferrer\">l\u2019Osteria del Contadino<\/a><\/li>\n<\/ul>\n<p>Per els residents a <a href=\"https:\/\/www.unihabit.com\/ca\/residencies-universitaries-barcelona\/\" target=\"_blank\" rel=\"noopener noreferrer\"><strong>Unihabit Ciutat Vella<\/strong><\/a> tamb\u00e9 us oferim algunes recomanacions per les zones del Barri G\u00f2tic i El Raval.<\/p>\n<ul>\n<li>Floristeria:\u00a0<a href=\"https:\/\/www.facebook.com\/mariaponsaflors\/\" target=\"_blank\" rel=\"noopener noreferrer\">Maria Ponsa Flors<\/a><\/li>\n<li>Pastisseria:\u00a0<a href=\"https:\/\/www.facebook.com\/PastisseriaLis\" target=\"_blank\" rel=\"noopener noreferrer\">Pastisser\u00eda Lis<\/a><\/li>\n<\/ul>\n<p><strong>\u00bfOn puc comprar regals de Sant Valent\u00ed a Girona?<\/strong><\/p>\n<p>Aquestes son les nostres recomanacions per aquells residents a <a href=\"https:\/\/www.unihabit.com\/ca\/residencia-universitaria-girona\/\" target=\"_blank\" rel=\"noopener noreferrer\"><strong>Unihabit Girona<\/strong><\/a>.<\/p>\n<ul>\n<li><a href=\"https:\/\/rocambolesc.com\/ca\/\" target=\"_blank\" rel=\"noopener noreferrer\">Rocambolesc<\/a><\/li>\n<li>Floristeria: les <a href=\"https:\/\/www.facebook.com\/Les-flors-de-lAlba-399408270224272\/\" target=\"_blank\" rel=\"noopener noreferrer\">Flors de l\u2019Alba<\/a><\/li>\n<li>Restaurant: el <a href=\"https:\/\/elculdelmon.com\/\" target=\"_blank\" rel=\"noopener noreferrer\">Cul del M\u00f3n <\/a><\/li>\n<\/ul>\n<p>I recordeu&#8230;<\/p>\n<p style=\"text-align: center;\"><strong>&#8220;L\u2019amor no necessita ser compr\u00e8s,\u00a0 necessita ser demostrat&#8221;<\/strong><\/p>\n<p style=\"text-align: center;\"><strong> Paulo Coelho<\/strong>.<\/p>\n<p><a href=\"https:\/\/www.unihabit.com\/ca\/\"><img decoding=\"async\" class=\"aligncenter wp-image-7074 size-medium\" src=\"https:\/\/www.unihabit.com\/wp-content\/uploads\/2020\/10\/lesnostresCAT-corretgida-300x106.png\" alt=\"\" width=\"300\" height=\"106\" title=\"\"><\/a><\/p>\n<\/div><\/div><\/div><\/div><\/div>\n","protected":false},"excerpt":{"rendered":"","protected":false},"author":1,"featured_media":1553,"comment_status":"open","ping_status":"open","sticky":false,"template":"","format":"standard","meta":{"footnotes":""},"categories":[51,50],"tags":[],"class_list":["post-3514","post","type-post","status-publish","format-standard","has-post-thumbnail","hentry","category-estapassant","category-informacio-unihabit"],"_links":{"self":[{"href":"https:\/\/www.unihabit.com\/ca\/wp-json\/wp\/v2\/posts\/3514","targetHints":{"allow":["GET"]}}],"collection":[{"href":"https:\/\/www.unihabit.com\/ca\/wp-json\/wp\/v2\/posts"}],"about":[{"href":"https:\/\/www.unihabit.com\/ca\/wp-json\/wp\/v2\/types\/post"}],"author":[{"embeddable":true,"href":"https:\/\/www.unihabit.com\/ca\/wp-json\/wp\/v2\/users\/1"}],"replies":[{"embeddable":true,"href":"https:\/\/www.unihabit.com\/ca\/wp-json\/wp\/v2\/comments?post=3514"}],"version-history":[{"count":3,"href":"https:\/\/www.unihabit.com\/ca\/wp-json\/wp\/v2\/posts\/3514\/revisions"}],"predecessor-version":[{"id":14275,"href":"https:\/\/www.unihabit.com\/ca\/wp-json\/wp\/v2\/posts\/3514\/revisions\/14275"}],"wp:featuredmedia":[{"embeddable":true,"href":"https:\/\/www.unihabit.com\/ca\/wp-json\/wp\/v2\/media\/1553"}],"wp:attachment":[{"href":"https:\/\/www.unihabit.com\/ca\/wp-json\/wp\/v2\/media?parent=3514"}],"wp:term":[{"taxonomy":"category","embeddable":true,"href":"https:\/\/www.unihabit.com\/ca\/wp-json\/wp\/v2\/categories?post=3514"},{"taxonomy":"post_tag","embeddable":true,"href":"https:\/\/www.unihabit.com\/ca\/wp-json\/wp\/v2\/tags?post=3514"}],"curies":[{"name":"wp","href":"https:\/\/api.w.org\/{rel}","templated":true}]}}