{"id":3516,"date":"2024-05-20T10:00:07","date_gmt":"2024-05-20T08:00:07","guid":{"rendered":"https:\/\/www.unihabit.com\/blog\/descobreix-ciutat-vella-barcelona-amb-unihabit\/"},"modified":"2025-03-26T15:47:59","modified_gmt":"2025-03-26T13:47:59","slug":"descobreix-ciutat-vella-barcelona-amb-unihabit","status":"publish","type":"post","link":"https:\/\/www.unihabit.com\/ca\/descobreix-ciutat-vella-barcelona-amb-unihabit\/","title":{"rendered":"Descobreix Ciutat Vella Barcelona amb Unihabit"},"content":{"rendered":"<div class=\"fusion-fullwidth fullwidth-box fusion-builder-row-1 fusion-flex-container nonhundred-percent-fullwidth non-hundred-percent-height-scrolling\" style=\"--awb-border-radius-top-left:0px;--awb-border-radius-top-right:0px;--awb-border-radius-bottom-right:0px;--awb-border-radius-bottom-left:0px;--awb-flex-wrap:wrap;\" ><div class=\"fusion-builder-row fusion-row fusion-flex-align-items-flex-start fusion-flex-content-wrap\" style=\"max-width:1248px;margin-left: calc(-4% \/ 2 );margin-right: calc(-4% \/ 2 );\"><div class=\"fusion-layout-column fusion_builder_column fusion-builder-column-0 fusion_builder_column_1_1 1_1 fusion-flex-column\" style=\"--awb-bg-size:cover;--awb-width-large:100%;--awb-margin-top-large:0px;--awb-spacing-right-large:1.92%;--awb-margin-bottom-large:0px;--awb-spacing-left-large:1.92%;--awb-width-medium:100%;--awb-spacing-right-medium:1.92%;--awb-spacing-left-medium:1.92%;--awb-width-small:100%;--awb-spacing-right-small:1.92%;--awb-spacing-left-small:1.92%;\"><div class=\"fusion-column-wrapper fusion-flex-justify-content-flex-start fusion-content-layout-column\"><div class=\"fusion-text fusion-text-1\">\n<\/div><div class=\"fusion-text fusion-text-2\" style=\"--awb-content-alignment:justify;\"><p>Si est\u00e0s pensant a comen\u00e7ar la teva etapa universit\u00e0ria, o b\u00e9, realitzar un m\u00e0ster o postgrau a Barcelona i est\u00e0s buscant allotjament, et recomanem que llegeixis aquest article i t&#8217;enamoris d&#8217;una de les zones m\u00e9s boniques de tot el m\u00f3n: Ciutat Vella Barcelona.<\/p>\n<p><a href=\"https:\/\/www.unihabit.com\/residencias-universitarias-barcelona\/\">Unihabit\u00a0Ciutat Vella<\/a> \u00e9s el lloc idoni per a gaudir d&#8217;una estada espectacular a Barcelona mentre prepares el teu futur acad\u00e8mic i professional.<\/p>\n<\/div><\/div><\/div><div class=\"fusion-layout-column fusion_builder_column fusion-builder-column-1 fusion_builder_column_1_2 1_2 fusion-flex-column fusion-flex-align-self-center\" style=\"--awb-bg-size:cover;--awb-width-large:50%;--awb-margin-top-large:0px;--awb-spacing-right-large:3.84%;--awb-margin-bottom-large:20px;--awb-spacing-left-large:3.84%;--awb-width-medium:50%;--awb-order-medium:0;--awb-spacing-right-medium:3.84%;--awb-spacing-left-medium:3.84%;--awb-width-small:100%;--awb-order-small:0;--awb-spacing-right-small:1.92%;--awb-spacing-left-small:1.92%;\" data-scroll-devices=\"small-visibility,medium-visibility,large-visibility\"><div class=\"fusion-column-wrapper fusion-column-has-shadow fusion-flex-justify-content-flex-start fusion-content-layout-column\"><div class=\"fusion-title title fusion-title-1 fusion-sep-none fusion-title-text fusion-title-size-three\"><h3 class=\"fusion-title-heading title-heading-left\" style=\"margin:0;\"><strong>Barri del Raval<\/strong><\/h3><\/div><div class=\"fusion-text fusion-text-3\" style=\"--awb-content-alignment:justify;\"><p>La paraula\u00a0<strong>Raval<\/strong>\u00a0prov\u00e9 de l&#8217;\u00e0rab a-rabal, que significa els afores, ja que antigament el barri quedava fora de les muralles de l&#8217;antiga Barcelona.<\/p>\n<p>L&#8217;antic barri Xin\u00e8s porta m\u00e9s de 30 anys de regeneraci\u00f3 urban\u00edstica, on s&#8217;ha impulsat l&#8217;oferta cultural, gastron\u00f2mica i d&#8217;oci. Actualment \u00e9s el barri m\u00e9s multicultural de Barcelona, ja que els seus carrers acullen multitud de cultures diferents.<\/p>\n<p>A m\u00e9s s&#8217;ha dotat al barri de diversos projectes com el\u00a0<a href=\"https:\/\/www.macba.cat\/ca\" target=\"_blank\" rel=\"noopener\">Museu d&#8217;Art Contemporani<\/a>, el\u00a0<a href=\"http:\/\/www.cccb.org\/es\/\" target=\"_blank\" rel=\"noopener\">Centre de Cultura Contempor\u00e0nia<\/a>\u00a0o la\u00a0<a href=\"https:\/\/www.filmoteca.cat\/web\/es\" target=\"_blank\" rel=\"noopener\">Filmoteca de Catalunya<\/a>, que han estat de gran ajuda perqu\u00e8 el\u00a0Raval\u00a0sigui un lloc ple de vida, personalitat i multicultural.<\/p>\n<p>En aquest genu\u00ed barri podrem trobar estudis d&#8217;art, caf\u00e8s de disseny, comer\u00e7os, llibreries, que fan d&#8217;aquest barri el m\u00e9s\u00a0h\u00edpster\u00a0de tota la Ciutat Comtal.<\/p>\n<\/div><\/div><\/div><div class=\"fusion-layout-column fusion_builder_column fusion-builder-column-2 fusion_builder_column_1_2 1_2 fusion-flex-column fusion-flex-align-self-center\" style=\"--awb-bg-size:cover;--awb-width-large:50%;--awb-margin-top-large:0px;--awb-spacing-right-large:3.84%;--awb-margin-bottom-large:20px;--awb-spacing-left-large:3.84%;--awb-width-medium:50%;--awb-order-medium:0;--awb-spacing-right-medium:3.84%;--awb-spacing-left-medium:3.84%;--awb-width-small:100%;--awb-order-small:0;--awb-spacing-right-small:1.92%;--awb-spacing-left-small:1.92%;\" data-scroll-devices=\"small-visibility,medium-visibility,large-visibility\"><div class=\"fusion-column-wrapper fusion-column-has-shadow fusion-flex-justify-content-flex-start fusion-content-layout-column\"><div class=\"fusion-image-element \" style=\"text-align:center;--awb-caption-title-font-family:var(--h2_typography-font-family);--awb-caption-title-font-weight:var(--h2_typography-font-weight);--awb-caption-title-font-style:var(--h2_typography-font-style);--awb-caption-title-size:var(--h2_typography-font-size);--awb-caption-title-transform:var(--h2_typography-text-transform);--awb-caption-title-line-height:var(--h2_typography-line-height);--awb-caption-title-letter-spacing:var(--h2_typography-letter-spacing);\"><span class=\" fusion-imageframe imageframe-none imageframe-1 hover-type-none\"><img decoding=\"async\" width=\"900\" height=\"600\" alt=\"Ciutat vella el raval\" title=\"Ciutat vella el raval\" src=\"https:\/\/www.unihabit.com\/wp-content\/uploads\/2018\/02\/Ciutat-vella-el-raval.jpg\" class=\"img-responsive wp-image-13455\" srcset=\"https:\/\/www.unihabit.com\/wp-content\/uploads\/2018\/02\/Ciutat-vella-el-raval-200x133.jpg 200w, https:\/\/www.unihabit.com\/wp-content\/uploads\/2018\/02\/Ciutat-vella-el-raval-400x267.jpg 400w, https:\/\/www.unihabit.com\/wp-content\/uploads\/2018\/02\/Ciutat-vella-el-raval-600x400.jpg 600w, https:\/\/www.unihabit.com\/wp-content\/uploads\/2018\/02\/Ciutat-vella-el-raval-800x533.jpg 800w, https:\/\/www.unihabit.com\/wp-content\/uploads\/2018\/02\/Ciutat-vella-el-raval.jpg 900w\" sizes=\"(max-width: 640px) 100vw, 600px\" \/><\/span><\/div><\/div><\/div><div class=\"fusion-layout-column fusion_builder_column fusion-builder-column-3 fusion_builder_column_1_2 1_2 fusion-flex-column fusion-flex-align-self-center\" style=\"--awb-bg-size:cover;--awb-width-large:50%;--awb-margin-top-large:0px;--awb-spacing-right-large:3.84%;--awb-margin-bottom-large:20px;--awb-spacing-left-large:3.84%;--awb-width-medium:50%;--awb-order-medium:0;--awb-spacing-right-medium:3.84%;--awb-spacing-left-medium:3.84%;--awb-width-small:100%;--awb-order-small:0;--awb-spacing-right-small:1.92%;--awb-spacing-left-small:1.92%;\" data-scroll-devices=\"small-visibility,medium-visibility,large-visibility\"><div class=\"fusion-column-wrapper fusion-column-has-shadow fusion-flex-justify-content-flex-start fusion-content-layout-column\"><div class=\"fusion-image-element \" style=\"text-align:center;--awb-caption-title-font-family:var(--h2_typography-font-family);--awb-caption-title-font-weight:var(--h2_typography-font-weight);--awb-caption-title-font-style:var(--h2_typography-font-style);--awb-caption-title-size:var(--h2_typography-font-size);--awb-caption-title-transform:var(--h2_typography-text-transform);--awb-caption-title-line-height:var(--h2_typography-line-height);--awb-caption-title-letter-spacing:var(--h2_typography-letter-spacing);\"><span class=\" fusion-imageframe imageframe-none imageframe-2 hover-type-none\"><img decoding=\"async\" width=\"900\" height=\"600\" alt=\"Ciutat vella barri gotic\" title=\"Ciutat vella barri gotic\" src=\"https:\/\/www.unihabit.com\/wp-content\/uploads\/2018\/02\/Ciutat-vella-barri-gotic.jpg\" class=\"img-responsive wp-image-13449\" srcset=\"https:\/\/www.unihabit.com\/wp-content\/uploads\/2018\/02\/Ciutat-vella-barri-gotic-200x133.jpg 200w, https:\/\/www.unihabit.com\/wp-content\/uploads\/2018\/02\/Ciutat-vella-barri-gotic-400x267.jpg 400w, https:\/\/www.unihabit.com\/wp-content\/uploads\/2018\/02\/Ciutat-vella-barri-gotic-600x400.jpg 600w, https:\/\/www.unihabit.com\/wp-content\/uploads\/2018\/02\/Ciutat-vella-barri-gotic-800x533.jpg 800w, https:\/\/www.unihabit.com\/wp-content\/uploads\/2018\/02\/Ciutat-vella-barri-gotic.jpg 900w\" sizes=\"(max-width: 640px) 100vw, 600px\" \/><\/span><\/div><\/div><\/div><div class=\"fusion-layout-column fusion_builder_column fusion-builder-column-4 fusion_builder_column_1_2 1_2 fusion-flex-column fusion-flex-align-self-center\" style=\"--awb-bg-size:cover;--awb-width-large:50%;--awb-margin-top-large:0px;--awb-spacing-right-large:3.84%;--awb-margin-bottom-large:20px;--awb-spacing-left-large:3.84%;--awb-width-medium:50%;--awb-order-medium:0;--awb-spacing-right-medium:3.84%;--awb-spacing-left-medium:3.84%;--awb-width-small:100%;--awb-order-small:0;--awb-spacing-right-small:1.92%;--awb-spacing-left-small:1.92%;\" data-scroll-devices=\"small-visibility,medium-visibility,large-visibility\"><div class=\"fusion-column-wrapper fusion-column-has-shadow fusion-flex-justify-content-flex-start fusion-content-layout-column\"><div class=\"fusion-title title fusion-title-2 fusion-sep-none fusion-title-text fusion-title-size-three\"><h3 class=\"fusion-title-heading title-heading-left\" style=\"margin:0;\"><strong>Barri del G\u00f2tic<\/strong><\/h3><\/div><div class=\"fusion-text fusion-text-4\" style=\"--awb-content-alignment:justify;\"><p>El <strong>barri G\u00f2tic<\/strong> \u00e9s el centre hist\u00f2ric de la ciutat, amb un origen que se situa en l&#8217;\u00e8poca romana. Actualment, pels seus carrers abunden les construccions medievals com els <strong>palaus de l&#8217;Ajuntament i de la Generalitat, la Catedral de Barcelona<\/strong> o les <strong>esgl\u00e9sies g\u00f2tiques de Santa Mar\u00eda del Pi o la de\u00a0Sant\u00a0Just i Pastor.<\/strong><\/p>\n<p>La seva varietat i el seu encant hist\u00f2ric han fet d&#8217;aquest peculiar barri barcelon\u00ed el lloc ideal per a qualsevol amant de l&#8217;art, la hist\u00f2ria i el turisme.<\/p>\n<p>A m\u00e9s, el Barri G\u00f2tic compta amb una gran quantitat d&#8217;alternatives d&#8217;oci. Els seus carrers i places estan repletes de botigues, terrasses i mercats ambulants. I fins i tot, acull alguns espectacles com a concerts o festivals, com per exemple, el <strong>Festival El\u00a0Grec<\/strong>\u00a0a l&#8217;estiu.<\/p>\n<\/div><\/div><\/div><div class=\"fusion-layout-column fusion_builder_column fusion-builder-column-5 fusion_builder_column_1_2 1_2 fusion-flex-column fusion-flex-align-self-center\" style=\"--awb-bg-size:cover;--awb-width-large:50%;--awb-margin-top-large:0px;--awb-spacing-right-large:3.84%;--awb-margin-bottom-large:20px;--awb-spacing-left-large:3.84%;--awb-width-medium:50%;--awb-order-medium:0;--awb-spacing-right-medium:3.84%;--awb-spacing-left-medium:3.84%;--awb-width-small:100%;--awb-order-small:0;--awb-spacing-right-small:1.92%;--awb-spacing-left-small:1.92%;\" data-scroll-devices=\"small-visibility,medium-visibility,large-visibility\"><div class=\"fusion-column-wrapper fusion-column-has-shadow fusion-flex-justify-content-flex-start fusion-content-layout-column\"><div class=\"fusion-title title fusion-title-3 fusion-sep-none fusion-title-text fusion-title-size-three\"><h3 class=\"fusion-title-heading title-heading-left\" style=\"margin:0;\"><strong>Sant Pere, Santa Caterina i la Ribera<\/strong><\/h3><\/div><div class=\"fusion-text fusion-text-5\" style=\"--awb-content-alignment:justify;\"><p>A l&#8217;edat mitjana, el Barri G\u00f2tic va ampliar les seves muralles abastant aquestes tres noves zones.<\/p>\n<p>Actualment, en el barri, podem trobar precioses cases de la burgesia del segle XVIII juntament amb bars, restaurants i botigues de moda.<\/p>\n<p>Pels seus carrers trobem la <strong>Bas\u00edlica Menor de Santa Mar\u00eda de la Mar<\/strong>, una esgl\u00e9sia g\u00f2tica del segle XIV que va servir d&#8217;inspiraci\u00f3 en el llibre \u2018La Catedral de la Mar\u2019. Tamb\u00e9 podem veure el museu Picasso amb m\u00e9s de 4000 obres del pintor malagueny.<\/p>\n<p>Si us trobeu visitant la zona i us ve de gust menjar alguna cosa, us recomanem visitar el restaurant <a href=\"https:\/\/mosquitotapas.com\/\" target=\"_blank\" rel=\"noopener\">El mosquit<\/a>o un bo bonic barat aut\u00e8ntic que sadolla els paladars m\u00e9s exigents, enmig del Born.<\/p>\n<p>Un altre petit tresor que amaga aquest barri \u00e9s el <a href=\"https:\/\/elbornculturaimemoria.barcelona.cat\/es\/\" target=\"_blank\" rel=\"noopener\">Born Centre Cultural<\/a>, on es poden veure les restes arqueol\u00f2giques descobertes a principis del 2000 i que daten del segle XIV.<\/p>\n<p>El <a href=\"https:\/\/www.barcelonaturisme.com\/wv3\/es\/page\/471\/mercado-de-santa-caterina.html\" target=\"_blank\" rel=\"noopener\">mercat de Santa Caterina<\/a>, situat en un antic convent, destaca per la seva coberta feta amb el fam\u00f3s <em><a href=\"https:\/\/es.wikipedia.org\/wiki\/Trencad%C3%ADs\" target=\"_blank\" rel=\"noopener\">trencad\u00eds<\/a><\/em> de Gaud\u00ed.<\/p>\n<\/div><\/div><\/div><div class=\"fusion-layout-column fusion_builder_column fusion-builder-column-6 fusion_builder_column_1_2 1_2 fusion-flex-column fusion-flex-align-self-center\" style=\"--awb-bg-size:cover;--awb-width-large:50%;--awb-margin-top-large:0px;--awb-spacing-right-large:3.84%;--awb-margin-bottom-large:20px;--awb-spacing-left-large:3.84%;--awb-width-medium:50%;--awb-order-medium:0;--awb-spacing-right-medium:3.84%;--awb-spacing-left-medium:3.84%;--awb-width-small:100%;--awb-order-small:0;--awb-spacing-right-small:1.92%;--awb-spacing-left-small:1.92%;\" data-scroll-devices=\"small-visibility,medium-visibility,large-visibility\"><div class=\"fusion-column-wrapper fusion-column-has-shadow fusion-flex-justify-content-flex-start fusion-content-layout-column\"><div class=\"fusion-image-element \" style=\"text-align:center;--awb-caption-title-font-family:var(--h2_typography-font-family);--awb-caption-title-font-weight:var(--h2_typography-font-weight);--awb-caption-title-font-style:var(--h2_typography-font-style);--awb-caption-title-size:var(--h2_typography-font-size);--awb-caption-title-transform:var(--h2_typography-text-transform);--awb-caption-title-line-height:var(--h2_typography-line-height);--awb-caption-title-letter-spacing:var(--h2_typography-letter-spacing);\"><span class=\" fusion-imageframe imageframe-none imageframe-3 hover-type-none\"><img decoding=\"async\" width=\"900\" height=\"600\" alt=\"Ciutat vella sant pere santa caterina i la ribera\" title=\"Ciutat vella sant pere santa caterina i la ribera\" src=\"https:\/\/www.unihabit.com\/wp-content\/uploads\/2018\/02\/Ciutat-vella-sant-pere-santa-caterina-i-la-ribera.jpg\" class=\"img-responsive wp-image-13458\" srcset=\"https:\/\/www.unihabit.com\/wp-content\/uploads\/2018\/02\/Ciutat-vella-sant-pere-santa-caterina-i-la-ribera-200x133.jpg 200w, https:\/\/www.unihabit.com\/wp-content\/uploads\/2018\/02\/Ciutat-vella-sant-pere-santa-caterina-i-la-ribera-400x267.jpg 400w, https:\/\/www.unihabit.com\/wp-content\/uploads\/2018\/02\/Ciutat-vella-sant-pere-santa-caterina-i-la-ribera-600x400.jpg 600w, https:\/\/www.unihabit.com\/wp-content\/uploads\/2018\/02\/Ciutat-vella-sant-pere-santa-caterina-i-la-ribera-800x533.jpg 800w, https:\/\/www.unihabit.com\/wp-content\/uploads\/2018\/02\/Ciutat-vella-sant-pere-santa-caterina-i-la-ribera.jpg 900w\" sizes=\"(max-width: 640px) 100vw, 600px\" \/><\/span><\/div><\/div><\/div><div class=\"fusion-layout-column fusion_builder_column fusion-builder-column-7 fusion_builder_column_1_2 1_2 fusion-flex-column fusion-flex-align-self-center\" style=\"--awb-bg-size:cover;--awb-width-large:50%;--awb-margin-top-large:0px;--awb-spacing-right-large:3.84%;--awb-margin-bottom-large:20px;--awb-spacing-left-large:3.84%;--awb-width-medium:50%;--awb-order-medium:0;--awb-spacing-right-medium:3.84%;--awb-spacing-left-medium:3.84%;--awb-width-small:100%;--awb-order-small:0;--awb-spacing-right-small:1.92%;--awb-spacing-left-small:1.92%;\" data-scroll-devices=\"small-visibility,medium-visibility,large-visibility\"><div class=\"fusion-column-wrapper fusion-column-has-shadow fusion-flex-justify-content-flex-start fusion-content-layout-column\"><div class=\"fusion-image-element \" style=\"text-align:center;--awb-caption-title-font-family:var(--h2_typography-font-family);--awb-caption-title-font-weight:var(--h2_typography-font-weight);--awb-caption-title-font-style:var(--h2_typography-font-style);--awb-caption-title-size:var(--h2_typography-font-size);--awb-caption-title-transform:var(--h2_typography-text-transform);--awb-caption-title-line-height:var(--h2_typography-line-height);--awb-caption-title-letter-spacing:var(--h2_typography-letter-spacing);\"><span class=\" fusion-imageframe imageframe-none imageframe-4 hover-type-none\"><img decoding=\"async\" width=\"900\" height=\"600\" alt=\"Ciutat vella Barceloneta\" title=\"Ciutat vella Barceloneta\" src=\"https:\/\/www.unihabit.com\/wp-content\/uploads\/2018\/02\/Ciutat-vella-Barceloneta.jpg\" class=\"img-responsive wp-image-13446\" srcset=\"https:\/\/www.unihabit.com\/wp-content\/uploads\/2018\/02\/Ciutat-vella-Barceloneta-200x133.jpg 200w, https:\/\/www.unihabit.com\/wp-content\/uploads\/2018\/02\/Ciutat-vella-Barceloneta-400x267.jpg 400w, https:\/\/www.unihabit.com\/wp-content\/uploads\/2018\/02\/Ciutat-vella-Barceloneta-600x400.jpg 600w, https:\/\/www.unihabit.com\/wp-content\/uploads\/2018\/02\/Ciutat-vella-Barceloneta-800x533.jpg 800w, https:\/\/www.unihabit.com\/wp-content\/uploads\/2018\/02\/Ciutat-vella-Barceloneta.jpg 900w\" sizes=\"(max-width: 640px) 100vw, 600px\" \/><\/span><\/div><\/div><\/div><div class=\"fusion-layout-column fusion_builder_column fusion-builder-column-8 fusion_builder_column_1_2 1_2 fusion-flex-column fusion-flex-align-self-center\" style=\"--awb-bg-size:cover;--awb-width-large:50%;--awb-margin-top-large:0px;--awb-spacing-right-large:3.84%;--awb-margin-bottom-large:20px;--awb-spacing-left-large:3.84%;--awb-width-medium:50%;--awb-order-medium:0;--awb-spacing-right-medium:3.84%;--awb-spacing-left-medium:3.84%;--awb-width-small:100%;--awb-order-small:0;--awb-spacing-right-small:1.92%;--awb-spacing-left-small:1.92%;\" data-scroll-devices=\"small-visibility,medium-visibility,large-visibility\"><div class=\"fusion-column-wrapper fusion-column-has-shadow fusion-flex-justify-content-flex-start fusion-content-layout-column\"><div class=\"fusion-title title fusion-title-4 fusion-sep-none fusion-title-text fusion-title-size-three\"><h3 class=\"fusion-title-heading title-heading-left\" style=\"margin:0;\"><strong>La Barceloneta<\/strong><\/h3><\/div><div class=\"fusion-text fusion-text-6\" style=\"--awb-content-alignment:justify;\"><p>Pegada a la mar, d&#8217;ambient mariner, la Barceloneta sempre havia estat un barri humil de pescadors. La seva transformaci\u00f3 arran dels JJOO de Barcelona 92\u2019 l&#8217;ha convertit en una de les zones m\u00e9s pintoresques de la capital catalana.<\/p>\n<p>La modernitat de les seves animades platges amb quiosquets i bars musicals, el Passeig Mar\u00edtim o el Port Ol\u00edmpic, contrasten amb els edificis de gent humil que viu en la zona.<\/p>\n<p>Entre els seus llocs d&#8217;inter\u00e8s destaquem l&#8217;Aquari de Barcelona, l&#8217;<a href=\"https:\/\/www.marriott.com\/es\/hotels\/bcnwh-w-barcelona\/overview\/\" target=\"_blank\" rel=\"noopener\">Hotel Vela<\/a>, la Torre Marenostrum, el <strong>Mercat de la Barceloneta<\/strong> (projecte de 1884 i remodelat en 2007), l&#8217;<strong>Esgl\u00e9sia de Sant Miquel del Port<\/strong> del segle XVIII i XIX, el <strong>Palau de la Mar<\/strong> o la <strong>Torre de Rellotge<\/strong>, entre altres.<\/p>\n<p>A la Barceloneta, es troben alguns dels millors restaurants de la ciutat, ja sigui pel seu menjar com per la seva autenticitat. Donis de\u00a0Unihabit\u00a0us recomanem visitar els seg\u00fcents restaurants\/bars de tapes on un bon vermut, una conversa banal amb persones que no coneixes, de tot el m\u00f3n, d&#8217;una forma pr\u00f2xima, no \u00e9s una possibilitat, \u00e9s un fet.<\/p>\n<\/div><\/div><\/div><div class=\"fusion-layout-column fusion_builder_column fusion-builder-column-9 fusion_builder_column_1_2 1_2 fusion-flex-column\" style=\"--awb-bg-size:cover;--awb-width-large:50%;--awb-margin-top-large:0px;--awb-spacing-right-large:3.84%;--awb-margin-bottom-large:20px;--awb-spacing-left-large:3.84%;--awb-width-medium:50%;--awb-order-medium:0;--awb-spacing-right-medium:3.84%;--awb-spacing-left-medium:3.84%;--awb-width-small:100%;--awb-order-small:0;--awb-spacing-right-small:1.92%;--awb-spacing-left-small:1.92%;\"><div class=\"fusion-column-wrapper fusion-column-has-shadow fusion-flex-justify-content-flex-start fusion-content-layout-column\"><div class=\"fusion-title title fusion-title-5 fusion-sep-none fusion-title-text fusion-title-size-three\"><h3 class=\"fusion-title-heading title-heading-left\" style=\"margin:0;\"><strong>Cova Fumada<\/strong><\/h3><\/div><div class=\"fusion-text fusion-text-7\" style=\"--awb-content-alignment:justify;\"><p>Si t&#8217;agrada el peix fresc i passar una bona estona entre gent desconeguda com si f\u00f3ssiu fam\u00edlia, compartint taula i sense presses, aquest \u00e9s el vostre lloc. Un restaurant original de La Barceloneta on degustar el peix del dia (sortit de la llotja di\u00e0riament) en funci\u00f3 del que la mar regali que tenir en compte que a mesura que es van demanant racions i es va acabant el producte, aquest es va ratllant i\/o desapareixent de \u201cLA Llista\u201d en la pissarra que tenen penjada en la paret i que serveix com a carta per a poder veure qu\u00e8 et pots demanar quan els visites. Un detall, veureu que els comptes, en aquest bar, tenen un format una miqueta singular.<\/p>\n<p>Si el que voleu \u00e9s un bon vermut i una\u00a0tapita\u00a0per a reposar forces, us recomanem la tonyina fresca a la sal grossa amb una mica de mostassa (a banda) del <a href=\"https:\/\/www.facebook.com\/Bar-Bodega-Jordi-213584978674651\/\" target=\"_blank\" rel=\"noopener\">Bar Celler Jordi<\/a>. Bon\u00edssim i\u00a0maridado\u00a0amb un tracte pr\u00f2xim i informal.<\/p>\n<\/div><\/div><\/div><div class=\"fusion-layout-column fusion_builder_column fusion-builder-column-10 fusion_builder_column_1_2 1_2 fusion-flex-column fusion-flex-align-self-center\" style=\"--awb-bg-size:cover;--awb-width-large:50%;--awb-margin-top-large:0px;--awb-spacing-right-large:3.84%;--awb-margin-bottom-large:20px;--awb-spacing-left-large:3.84%;--awb-width-medium:50%;--awb-order-medium:0;--awb-spacing-right-medium:3.84%;--awb-spacing-left-medium:3.84%;--awb-width-small:100%;--awb-order-small:0;--awb-spacing-right-small:1.92%;--awb-spacing-left-small:1.92%;\" data-scroll-devices=\"small-visibility,medium-visibility,large-visibility\"><div class=\"fusion-column-wrapper fusion-column-has-shadow fusion-flex-justify-content-flex-start fusion-content-layout-column\"><div class=\"fusion-image-element \" style=\"text-align:center;--awb-caption-title-font-family:var(--h2_typography-font-family);--awb-caption-title-font-weight:var(--h2_typography-font-weight);--awb-caption-title-font-style:var(--h2_typography-font-style);--awb-caption-title-size:var(--h2_typography-font-size);--awb-caption-title-transform:var(--h2_typography-text-transform);--awb-caption-title-line-height:var(--h2_typography-line-height);--awb-caption-title-letter-spacing:var(--h2_typography-letter-spacing);\"><span class=\" fusion-imageframe imageframe-none imageframe-5 hover-type-none\"><img decoding=\"async\" width=\"900\" height=\"600\" alt=\"Ciutat vella Cova fumada\" title=\"Ciutat vella Cova fumada\" src=\"https:\/\/www.unihabit.com\/wp-content\/uploads\/2018\/02\/Ciutat-vella-Cova-fumada.jpg\" class=\"img-responsive wp-image-13452\" srcset=\"https:\/\/www.unihabit.com\/wp-content\/uploads\/2018\/02\/Ciutat-vella-Cova-fumada-200x133.jpg 200w, https:\/\/www.unihabit.com\/wp-content\/uploads\/2018\/02\/Ciutat-vella-Cova-fumada-400x267.jpg 400w, https:\/\/www.unihabit.com\/wp-content\/uploads\/2018\/02\/Ciutat-vella-Cova-fumada-600x400.jpg 600w, https:\/\/www.unihabit.com\/wp-content\/uploads\/2018\/02\/Ciutat-vella-Cova-fumada-800x533.jpg 800w, https:\/\/www.unihabit.com\/wp-content\/uploads\/2018\/02\/Ciutat-vella-Cova-fumada.jpg 900w\" sizes=\"(max-width: 640px) 100vw, 600px\" \/><\/span><\/div><\/div><\/div><div class=\"fusion-layout-column fusion_builder_column fusion-builder-column-11 fusion_builder_column_1_1 1_1 fusion-flex-column\" style=\"--awb-bg-size:cover;--awb-width-large:100%;--awb-margin-top-large:0px;--awb-spacing-right-large:1.92%;--awb-margin-bottom-large:20px;--awb-spacing-left-large:1.92%;--awb-width-medium:100%;--awb-order-medium:0;--awb-spacing-right-medium:1.92%;--awb-spacing-left-medium:1.92%;--awb-width-small:100%;--awb-order-small:0;--awb-spacing-right-small:1.92%;--awb-spacing-left-small:1.92%;\"><div class=\"fusion-column-wrapper fusion-column-has-shadow fusion-flex-justify-content-flex-start fusion-content-layout-column\"><div class=\"fusion-text fusion-text-8\"><p><strong>Si el que realment importa \u00e9s sempre l&#8217;interior, us encoratgem al fet que recorreu els llocs m\u00e9s aut\u00e8ntics d&#8217;aquest barri, Ciutat Vella Barcelona, a poc a poc, assaborint cada detall fins al final.<\/strong><\/p>\n<\/div><div class=\"fusion-title title fusion-title-6 fusion-sep-none fusion-title-text fusion-title-size-two\"><h2 class=\"fusion-title-heading title-heading-left\" style=\"margin:0;\"><strong>Universitats a Ciutat Vella<\/strong><\/h2><\/div><div class=\"fusion-text fusion-text-9\" style=\"--awb-content-alignment:justify;\"><p>El districte de Ciutat Vella \u00e9s un dels m\u00e9s emblem\u00e0tics de la ciutat, en gran part perqu\u00e8 es troba en el cor de la ciutat pel que podr\u00e0s trobar multitud de punts d&#8217;inter\u00e8s en ell. Per als nostres residents, un dels factors clau per a triar resid\u00e8ncia universit\u00e0ria \u00e9s la proximitat de la resid\u00e8ncia amb la facultat.\u00a0Unihabit\u00a0Ciutat Vella es troba molt prop de diferents facultats de les <strong>universitats Pompeu Fabra, Ram\u00f3n Llull, Universitat de Barcelona, Universitat Aut\u00f2noma de Barcelona<\/strong>, per la qual cosa els nostres residents podran anar caminant c\u00f2modament a les seves respectives facultats. Tamb\u00e9 es troba la Facultat de Medicina i Ci\u00e8ncies de la Salut Unitat\u00a0AIDIR\u00a0de la <strong>Universitat Internacional de Catalunya<\/strong>. En el districte Ciutat Vella tamb\u00e9 es troba el <strong>Conservatori Municipal de M\u00fasica de Barcelona.<\/strong><\/p>\n<\/div><div class=\"fusion-title title fusion-title-7 fusion-sep-none fusion-title-text fusion-title-size-two\"><h2 class=\"fusion-title-heading title-heading-left\" style=\"margin:0;\"><strong>Qu\u00e8 fer a Ciutat Vella durant el cap de setmana?<\/strong><\/h2><\/div><div class=\"fusion-text fusion-text-10\" style=\"--awb-content-alignment:justify;\"><p>Els diferents barris que componen el districte de Ciutat Vella t&#8217;ofereixen una llista interminable de plans per a fer durant la fi de setmanes si vius en la resid\u00e8ncia universit\u00e0ria Unihabit.<\/p>\n<p>Entre tots els llocs m\u00e9s emblem\u00e0tics i la gran varietat de plans podr\u00e0s gaudir d&#8217;alguns dels seg\u00fcents:<\/p>\n<ul>\n<li>Passejar per les Rambles i gaudir dels diferents comer\u00e7os i restaurants<\/li>\n<li>Visitar la catedral o la pla\u00e7a de Catalunya<\/li>\n<li>Assistir al Palau de la M\u00fasica<\/li>\n<li>Visitar dues dels museus m\u00e9s importants de la ciutat com el MACBA (Museu d&#8217;Art Contemporani de Barcelona) o el\u00a0CCCB\u00a0(Centre Cultural Contemporani de Barcelona).<\/li>\n<li>Anar a comprar al Mercat de la\u00a0Boqueria<\/li>\n<li>Passejar pel\u00a0Parc\u00a0de la Ciutadella o el\u00a0Arc\u00a0de\u00a0Triomf<\/li>\n<li>Gaudir d&#8217;una bona gastronomia en el barri mariner de la ciutat<\/li>\n<li>Realitzar esport a l&#8217;aire lliure a la platja de la Barceloneta<\/li>\n<li>Descobrir el barri g\u00f2tic que va veure n\u00e9ixer la ciutat comtal i en el qual s&#8217;han rodat algunes escenes cinematogr\u00e0fiques<br \/>\nPasar un dia de compres en petites botigues artesanals de la ciutat<\/li>\n<\/ul>\n<\/div><div class=\"fusion-title title fusion-title-8 fusion-sep-none fusion-title-text fusion-title-size-two\"><h2 class=\"fusion-title-heading title-heading-left\" style=\"margin:0;\"><strong>Per qu\u00e8 viure en una resid\u00e8ncia d&#8217;estudiants de Ciutat Vella?<\/strong><\/h2><\/div><div class=\"fusion-text fusion-text-11\" style=\"--awb-content-alignment:justify;\"><p>Barcelona \u00e9s una de les ciutats m\u00e9s boniques del m\u00f3n, i no sols ho diem nosaltres! Barcelona ofereix una gran riquesa cultural, un bon clima i molt bona gastronomia. A m\u00e9s viur\u00e0s amb gent de tot arreu del m\u00f3n pel que t&#8217;enriquir\u00e0s amb una gran multiculturalitat.<\/p>\n<p>Tamb\u00e9, la nostra resid\u00e8ncia universit\u00e0ria Ciutat Vella t&#8217;ofereix la possibilitat d&#8217;estar molt prop de la teva facultat i gaudir del millor ambient de la ciutat de cam\u00ed a les teves classes. D&#8217;altra banda, la nostra resid\u00e8ncia t&#8217;ofereix tot el que necessitar\u00e0s durant la teva estada universit\u00e0ria perqu\u00e8 puguis centrar-te en els teus estudis i gaudir de l&#8217;experi\u00e8ncia alhora.<\/p>\n<\/div><div style=\"text-align:center;\"><a class=\"fusion-button button-flat fusion-button-default-size button-default fusion-button-default button-1 fusion-button-default-span fusion-button-default-type\" target=\"_blank\" rel=\"noopener noreferrer\" href=\"https:\/\/www.unihabit.com\/ca\/residencies-universitaries-barcelona\/\"><span class=\"fusion-button-text awb-button__text awb-button__text--default\">Veure resid\u00e8ncia Ciutat Vella<\/span><\/a><\/div><\/div><\/div><\/div><\/div>\n","protected":false},"excerpt":{"rendered":"","protected":false},"author":1,"featured_media":13449,"comment_status":"open","ping_status":"open","sticky":false,"template":"","format":"standard","meta":{"footnotes":""},"categories":[29,313,317],"tags":[],"class_list":["post-3516","post","type-post","status-publish","format-standard","has-post-thumbnail","hentry","category-blog","category-unihabit-barcelona-blog","category-viu-barcelona"],"_links":{"self":[{"href":"https:\/\/www.unihabit.com\/ca\/wp-json\/wp\/v2\/posts\/3516","targetHints":{"allow":["GET"]}}],"collection":[{"href":"https:\/\/www.unihabit.com\/ca\/wp-json\/wp\/v2\/posts"}],"about":[{"href":"https:\/\/www.unihabit.com\/ca\/wp-json\/wp\/v2\/types\/post"}],"author":[{"embeddable":true,"href":"https:\/\/www.unihabit.com\/ca\/wp-json\/wp\/v2\/users\/1"}],"replies":[{"embeddable":true,"href":"https:\/\/www.unihabit.com\/ca\/wp-json\/wp\/v2\/comments?post=3516"}],"version-history":[{"count":11,"href":"https:\/\/www.unihabit.com\/ca\/wp-json\/wp\/v2\/posts\/3516\/revisions"}],"predecessor-version":[{"id":13818,"href":"https:\/\/www.unihabit.com\/ca\/wp-json\/wp\/v2\/posts\/3516\/revisions\/13818"}],"wp:featuredmedia":[{"embeddable":true,"href":"https:\/\/www.unihabit.com\/ca\/wp-json\/wp\/v2\/media\/13449"}],"wp:attachment":[{"href":"https:\/\/www.unihabit.com\/ca\/wp-json\/wp\/v2\/media?parent=3516"}],"wp:term":[{"taxonomy":"category","embeddable":true,"href":"https:\/\/www.unihabit.com\/ca\/wp-json\/wp\/v2\/categories?post=3516"},{"taxonomy":"post_tag","embeddable":true,"href":"https:\/\/www.unihabit.com\/ca\/wp-json\/wp\/v2\/tags?post=3516"}],"curies":[{"name":"wp","href":"https:\/\/api.w.org\/{rel}","templated":true}]}}