{"id":3517,"date":"2018-03-08T10:32:00","date_gmt":"2018-03-08T08:32:00","guid":{"rendered":"https:\/\/www.unihabit.com\/blog\/l-entrevista-unihabit-somnis-formacio-una-possibilitat-real\/"},"modified":"2025-03-26T17:59:40","modified_gmt":"2025-03-26T15:59:40","slug":"l-entrevista-unihabit-somnis-formacio-una-possibilitat-real","status":"publish","type":"post","link":"https:\/\/www.unihabit.com\/ca\/l-entrevista-unihabit-somnis-formacio-una-possibilitat-real\/","title":{"rendered":"L&#8217;entrevista Unihabit: somnis i formaci\u00f3, una possibilitat real"},"content":{"rendered":"<p><div class=\"fusion-fullwidth fullwidth-box fusion-builder-row-1 fusion-flex-container nonhundred-percent-fullwidth non-hundred-percent-height-scrolling\" style=\"--awb-border-radius-top-left:0px;--awb-border-radius-top-right:0px;--awb-border-radius-bottom-right:0px;--awb-border-radius-bottom-left:0px;--awb-flex-wrap:wrap;\" ><div class=\"fusion-builder-row fusion-row fusion-flex-align-items-flex-start fusion-flex-content-wrap\" style=\"max-width:1248px;margin-left: calc(-4% \/ 2 );margin-right: calc(-4% \/ 2 );\"><div class=\"fusion-layout-column fusion_builder_column fusion-builder-column-0 fusion_builder_column_1_2 1_2 fusion-flex-column\" style=\"--awb-bg-size:cover;--awb-width-large:50%;--awb-margin-top-large:0px;--awb-spacing-right-large:3.84%;--awb-margin-bottom-large:20px;--awb-spacing-left-large:3.84%;--awb-width-medium:50%;--awb-order-medium:0;--awb-spacing-right-medium:3.84%;--awb-spacing-left-medium:3.84%;--awb-width-small:100%;--awb-order-small:0;--awb-spacing-right-small:1.92%;--awb-spacing-left-small:1.92%;\"><div class=\"fusion-column-wrapper fusion-column-has-shadow fusion-flex-justify-content-flex-start fusion-content-layout-column\"><div class=\"fusion-text fusion-text-1\"><p><span style=\"font-size: 14pt;\"><strong>Qui d\u2019Unihabit combina el futbol de primera divisi\u00f3 amb els seus estudis universitaris? Descobreix-ho a l\u2019Entrevista Unihabit.<\/strong><\/span><\/p>\n<p>Entre els residents d\u2019Unihabit, tenim la sort de comptar amb estudiants de tot el m\u00f3n els quals, a part de compartir la seva vida acad\u00e8mica durant un per\u00edode de temps concret, aconsegueixen tamb\u00e9 compartir les seves aficions, ambicions i experi\u00e8ncies amb nosaltres.<\/p>\n<p>A les resid\u00e8ncies d\u2019Unihabit, es generen amistats, record i, els nostres residents, troben en cada una d\u2019elles les seves segones fam\u00edlies.<\/p>\n<p>Avui, a l\u2019<strong>Entrevista Unihabit<\/strong>, us volem presentar al <strong>Christian Fernandes<\/strong>, un membre de la nostra gran fam\u00edlia al que volem que conegueu.<\/p>\n<ul>\n<li><strong>Data de naixement:\u00a0<\/strong>3 de Juny de 1998<\/li>\n<li><strong>\u00c9s de:\u00a0<\/strong>Andorra La Vella.<\/li>\n<li><strong>Resident a: <\/strong><a href=\"https:\/\/www.unihabit.com\/ca\/residencia-universitaria-sant-cugat\/\">Resid\u00e8ncia universit\u00e0ria Sant Cugat<\/a><\/li>\n<\/ul>\n<\/div><\/div><\/div><div class=\"fusion-layout-column fusion_builder_column fusion-builder-column-1 fusion_builder_column_1_2 1_2 fusion-flex-column\" style=\"--awb-bg-size:cover;--awb-width-large:50%;--awb-margin-top-large:0px;--awb-spacing-right-large:3.84%;--awb-margin-bottom-large:20px;--awb-spacing-left-large:3.84%;--awb-width-medium:50%;--awb-order-medium:0;--awb-spacing-right-medium:3.84%;--awb-spacing-left-medium:3.84%;--awb-width-small:100%;--awb-order-small:0;--awb-spacing-right-small:1.92%;--awb-spacing-left-small:1.92%;\"><div class=\"fusion-column-wrapper fusion-column-has-shadow fusion-flex-justify-content-flex-start fusion-content-layout-column\"><div class=\"fusion-separator fusion-full-width-sep\" style=\"align-self: center;margin-left: auto;margin-right: auto;margin-bottom:40px;width:100%;\"><\/div><div class=\"fusion-image-element \" style=\"--awb-caption-title-font-family:var(--h2_typography-font-family);--awb-caption-title-font-weight:var(--h2_typography-font-weight);--awb-caption-title-font-style:var(--h2_typography-font-style);--awb-caption-title-size:var(--h2_typography-font-size);--awb-caption-title-transform:var(--h2_typography-text-transform);--awb-caption-title-line-height:var(--h2_typography-line-height);--awb-caption-title-letter-spacing:var(--h2_typography-letter-spacing);\"><span class=\" fusion-imageframe imageframe-none imageframe-1 hover-type-none\"><img decoding=\"async\" width=\"1600\" height=\"1200\" title=\"IMG_1190\" src=\"https:\/\/www.unihabit.com\/wp-content\/uploads\/2020\/10\/IMG_1190-scaled.jpg\" class=\"img-responsive wp-image-1565\" srcset=\"https:\/\/www.unihabit.com\/wp-content\/uploads\/2020\/10\/IMG_1190-200x150.jpg 200w, https:\/\/www.unihabit.com\/wp-content\/uploads\/2020\/10\/IMG_1190-400x300.jpg 400w, https:\/\/www.unihabit.com\/wp-content\/uploads\/2020\/10\/IMG_1190-600x450.jpg 600w, https:\/\/www.unihabit.com\/wp-content\/uploads\/2020\/10\/IMG_1190-800x600.jpg 800w, https:\/\/www.unihabit.com\/wp-content\/uploads\/2020\/10\/IMG_1190-1200x900.jpg 1200w, https:\/\/www.unihabit.com\/wp-content\/uploads\/2020\/10\/IMG_1190-scaled.jpg 1600w\" sizes=\"(max-width: 640px) 100vw, 600px\" alt=\"\"><\/span><\/div><\/div><\/div><\/div><\/div><div class=\"fusion-fullwidth fullwidth-box fusion-builder-row-2 fusion-flex-container nonhundred-percent-fullwidth non-hundred-percent-height-scrolling\" style=\"--awb-border-radius-top-left:0px;--awb-border-radius-top-right:0px;--awb-border-radius-bottom-right:0px;--awb-border-radius-bottom-left:0px;--awb-flex-wrap:wrap;\" ><div class=\"fusion-builder-row fusion-row fusion-flex-align-items-flex-start fusion-flex-content-wrap\" style=\"max-width:1248px;margin-left: calc(-4% \/ 2 );margin-right: calc(-4% \/ 2 );\"><div class=\"fusion-layout-column fusion_builder_column fusion-builder-column-2 fusion_builder_column_1_1 1_1 fusion-flex-column\" style=\"--awb-bg-size:cover;--awb-width-large:100%;--awb-margin-top-large:0px;--awb-spacing-right-large:1.92%;--awb-margin-bottom-large:20px;--awb-spacing-left-large:1.92%;--awb-width-medium:100%;--awb-order-medium:0;--awb-spacing-right-medium:1.92%;--awb-spacing-left-medium:1.92%;--awb-width-small:100%;--awb-order-small:0;--awb-spacing-right-small:1.92%;--awb-spacing-left-small:1.92%;\"><div class=\"fusion-column-wrapper fusion-column-has-shadow fusion-flex-justify-content-flex-start fusion-content-layout-column\"><div class=\"fusion-text fusion-text-2\"><p><em>\u00a0\u201cDes de molt petit, tenia clar que volia jugar al futbol i estudiar arquitectura\u201d.\u00a0<\/em>Aquestes van ser les paraules de Christian Fernandes<em>\u00a0(19)<\/em>, estudiant de segon any de\u00a0<a href=\"https:\/\/etsav.upc.edu\/es\" target=\"_blank\" rel=\"noopener\">L\u2019 Escola T\u00e8cnica Superior d\u2019 Arquitectura del Vall\u00e8s<\/a>\u00a0i\u00a0 jugador del FC. Encamp, equip de primera divisi\u00f3 de la lliga andorrana.<\/p>\n<p>Christian viu en una de les nostres resid\u00e8ncies universit\u00e0ries, concretament a <a href=\"https:\/\/www.unihabit.com\/ca\/residencia-universitaria-sant-cugat\/\">Resid\u00e8ncia univerist\u00e0ria Sant Cugat<\/a>, i tots els caps de setmana es despla\u00e7a fins a\u00a0<a href=\"https:\/\/visitandorra.com\/ca\/\" target=\"_blank\" rel=\"noopener\">Andorra<\/a>, la seva ciutat natal, per jugar amb el seu equip de futbol. \u201c<em>Tot i que, a Andorra s\u00f3n pocs equips, hi ha un nivell bastant competitiu. All\u00e0, la lliga es juga nom\u00e9s els diumenges i els dissabtes s\u2019entrena.<\/em>\u00a0<em>Gr\u00e0cies a aix\u00f2, entre setmana puc estudiar la carrera\u201d.\u00a0<\/em><\/p>\n<p>Davant la pregunta de:\u00a0<strong>Com de dif\u00edcil \u00e9s dedicar-se a jugar a aquest nivell i estudiar una carrera alhora?\u00a0<\/strong>Fernandes, ens comenta que \u00e9s una mica complicat, per\u00f2 que, amb treball, esfor\u00e7 i sacrifici, \u00e9s possible aconseguir el qu\u00e8 un es proposa. \u201c<em>Al principi molts em deien\u00a0 que no podria jugar a futbol i estudiar arquitectura alhora, ja que la carrera \u00e9s molt dura. Per\u00f2 jo, de moment, vaig tirant les dues coses endavant.\u00a0<\/em>\u00a0Diu.<\/p>\n<p>Christian, ha\u00a0 aconseguit unir les seves dues passions gr\u00e0cies al que ell anomena: \u201cla llei de l\u2019esfor\u00e7\u201d. Aix\u00ed doncs, anima als que viuen a la resid\u00e8ncia i tenen una altre passi\u00f3, a part de la carrera, a qu\u00e8 no l\u2019abandonin. \u201c<em>Encara que sembli dif\u00edcil, quan un fa el qu\u00e8 li agrada, ho sol portar bastant b\u00e9 i, aix\u00f2, ajuda a estar b\u00e9 en altres \u00e0rees de la vida. Si nom\u00e9s estudies, et pots atabalar, per\u00f2 si hi afegeixes una altra de les teves passions, et serveix per desconnectar i agafar forces.\u201d<\/em><\/p>\n<\/div><\/div><\/div><\/div><\/div><div class=\"fusion-fullwidth fullwidth-box fusion-builder-row-3 fusion-flex-container nonhundred-percent-fullwidth non-hundred-percent-height-scrolling\" style=\"--awb-border-radius-top-left:0px;--awb-border-radius-top-right:0px;--awb-border-radius-bottom-right:0px;--awb-border-radius-bottom-left:0px;--awb-flex-wrap:wrap;\" ><div class=\"fusion-builder-row fusion-row fusion-flex-align-items-flex-start fusion-flex-content-wrap\" style=\"max-width:1248px;margin-left: calc(-4% \/ 2 );margin-right: calc(-4% \/ 2 );\"><div class=\"fusion-layout-column fusion_builder_column fusion-builder-column-3 fusion_builder_column_1_2 1_2 fusion-flex-column\" style=\"--awb-bg-size:cover;--awb-width-large:50%;--awb-margin-top-large:0px;--awb-spacing-right-large:3.84%;--awb-margin-bottom-large:20px;--awb-spacing-left-large:3.84%;--awb-width-medium:50%;--awb-order-medium:0;--awb-spacing-right-medium:3.84%;--awb-spacing-left-medium:3.84%;--awb-width-small:100%;--awb-order-small:0;--awb-spacing-right-small:1.92%;--awb-spacing-left-small:1.92%;\"><div class=\"fusion-column-wrapper fusion-column-has-shadow fusion-flex-justify-content-flex-start fusion-content-layout-column\"><div class=\"fusion-image-element \" style=\"--awb-caption-title-font-family:var(--h2_typography-font-family);--awb-caption-title-font-weight:var(--h2_typography-font-weight);--awb-caption-title-font-style:var(--h2_typography-font-style);--awb-caption-title-size:var(--h2_typography-font-size);--awb-caption-title-transform:var(--h2_typography-text-transform);--awb-caption-title-line-height:var(--h2_typography-line-height);--awb-caption-title-letter-spacing:var(--h2_typography-letter-spacing);\"><span class=\" fusion-imageframe imageframe-none imageframe-2 hover-type-none\"><img decoding=\"async\" width=\"1080\" height=\"720\" title=\"57382445-7056-40a1-9f02-70d4f0a0f5f4\" src=\"https:\/\/www.unihabit.com\/wp-content\/uploads\/2020\/10\/57382445-7056-40a1-9f02-70d4f0a0f5f4.jpg\" class=\"img-responsive wp-image-2110\" srcset=\"https:\/\/www.unihabit.com\/wp-content\/uploads\/2020\/10\/57382445-7056-40a1-9f02-70d4f0a0f5f4-200x133.jpg 200w, https:\/\/www.unihabit.com\/wp-content\/uploads\/2020\/10\/57382445-7056-40a1-9f02-70d4f0a0f5f4-400x267.jpg 400w, https:\/\/www.unihabit.com\/wp-content\/uploads\/2020\/10\/57382445-7056-40a1-9f02-70d4f0a0f5f4-600x400.jpg 600w, https:\/\/www.unihabit.com\/wp-content\/uploads\/2020\/10\/57382445-7056-40a1-9f02-70d4f0a0f5f4-800x533.jpg 800w, https:\/\/www.unihabit.com\/wp-content\/uploads\/2020\/10\/57382445-7056-40a1-9f02-70d4f0a0f5f4.jpg 1080w\" sizes=\"(max-width: 640px) 100vw, 600px\" alt=\"\"><\/span><\/div><\/div><\/div><div class=\"fusion-layout-column fusion_builder_column fusion-builder-column-4 fusion_builder_column_1_2 1_2 fusion-flex-column\" style=\"--awb-bg-size:cover;--awb-width-large:50%;--awb-margin-top-large:0px;--awb-spacing-right-large:3.84%;--awb-margin-bottom-large:20px;--awb-spacing-left-large:3.84%;--awb-width-medium:50%;--awb-order-medium:0;--awb-spacing-right-medium:3.84%;--awb-spacing-left-medium:3.84%;--awb-width-small:100%;--awb-order-small:0;--awb-spacing-right-small:1.92%;--awb-spacing-left-small:1.92%;\"><div class=\"fusion-column-wrapper fusion-column-has-shadow fusion-flex-justify-content-flex-start fusion-content-layout-column\"><div class=\"fusion-separator fusion-full-width-sep\" style=\"align-self: center;margin-left: auto;margin-right: auto;margin-bottom:30px;width:100%;\"><\/div><div class=\"fusion-text fusion-text-3\"><p>Amb relaci\u00f3 a com se sent vivint a Unihabit, destaca que es troba molt a gust, en un ambient bastant agradable i rodejat de molts companys. \u201c<em>Estar al costat de la universitat, per mi, \u00e9s el millor que hi pot haver. Si a aix\u00f2 li afegeixes que comparteixo habitaci\u00f3 amb el meu millor amic de tota la vida i que tinc als companys a prop, \u00e9s incre\u00efble!\u201d<\/em>.<\/p>\n<p>Per poder-lo con\u00e8ixer m\u00e9s a fons i acabar l\u2019Entrevista Unihabit amb un toc m\u00e9s personal, li hem fet alguna altra pregunta de m\u00e9s\u2026\u00a0<strong>Jutgeu-ho vosaltres mateixos!\u00a0<\/strong><\/p>\n<ul>\n<li><span style=\"font-size: 14pt;\"><strong>L\u2019\u00faltim \u201ccoti\u201d de la resid\u00e8ncia \u00e9s\u2026<\/strong><\/span><\/li>\n<\/ul>\n<p><em>Alguna relaci\u00f3 espor\u00e0dica aix\u00ed, inesperada\u2026 el t\u00edpic d\u2019una resid\u00e8ncia\u2026 XD<\/em><\/p>\n<\/div><\/div><\/div><\/div><\/div><div class=\"fusion-fullwidth fullwidth-box fusion-builder-row-4 fusion-flex-container nonhundred-percent-fullwidth non-hundred-percent-height-scrolling\" style=\"--awb-border-radius-top-left:0px;--awb-border-radius-top-right:0px;--awb-border-radius-bottom-right:0px;--awb-border-radius-bottom-left:0px;--awb-flex-wrap:wrap;\" ><div class=\"fusion-builder-row fusion-row fusion-flex-align-items-flex-start fusion-flex-content-wrap\" style=\"max-width:1248px;margin-left: calc(-4% \/ 2 );margin-right: calc(-4% \/ 2 );\"><div class=\"fusion-layout-column fusion_builder_column fusion-builder-column-5 fusion_builder_column_1_1 1_1 fusion-flex-column\" style=\"--awb-bg-size:cover;--awb-width-large:100%;--awb-margin-top-large:0px;--awb-spacing-right-large:1.92%;--awb-margin-bottom-large:20px;--awb-spacing-left-large:1.92%;--awb-width-medium:100%;--awb-order-medium:0;--awb-spacing-right-medium:1.92%;--awb-spacing-left-medium:1.92%;--awb-width-small:100%;--awb-order-small:0;--awb-spacing-right-small:1.92%;--awb-spacing-left-small:1.92%;\"><div class=\"fusion-column-wrapper fusion-column-has-shadow fusion-flex-justify-content-flex-start fusion-content-layout-column\"><div class=\"fusion-text fusion-text-4\"><ul>\n<li><span style=\"font-size: 14pt;\"><strong>El millor llibre que t\u2019han\/has recomanat \u00e9s\u2026\u00a0<\/strong><\/span><\/li>\n<\/ul>\n<p><em>S\u00f3c molt fan d\u2019una saga que es diu\u00a0 Cherub, de l\u2019escriptor <a href=\"https:\/\/www.muchamore.com\/\" target=\"_blank\" rel=\"noopener\">Robert Muchamore<\/a>, que va d\u2019una ag\u00e8ncia d\u2019espionatge que nom\u00e9s t\u00e9 com a espies a nens de menys de 17 anys, orfes, ambientada al\u00a0 SXIX\u2026 la recomano \u00a1Sens dubte!<\/em><\/p>\n<ul>\n<li><span style=\"font-size: 14pt;\"><strong>El millor plat que has cuinat a la resid\u00e8ncia universit\u00e0ria \u00e9s\u2026 <\/strong><\/span><\/li>\n<\/ul>\n<p><em>No \u00e9s per res, per\u00f2 aqu\u00ed a la resid\u00e8ncia, \u00e9s molt famosa la meva pasta a la carbonara! M\u2019agrada molt cuinar, jo cuino i el Sergi neteja.\u00a0<\/em><\/p>\n<ul>\n<li><span style=\"font-size: 14pt;\"><strong>Qu\u00e8 trobes a faltar de casa teva? <\/strong><\/span><\/li>\n<\/ul>\n<p><em>Realment, a la meva mare, la meva fam\u00edlia i al meu gos Cookie, com les galetes.\u00a0<\/em><\/p>\n<\/div><\/div><\/div><div class=\"fusion-layout-column fusion_builder_column fusion-builder-column-6 fusion_builder_column_1_2 1_2 fusion-flex-column\" style=\"--awb-bg-size:cover;--awb-width-large:50%;--awb-margin-top-large:0px;--awb-spacing-right-large:3.84%;--awb-margin-bottom-large:20px;--awb-spacing-left-large:3.84%;--awb-width-medium:50%;--awb-order-medium:0;--awb-spacing-right-medium:3.84%;--awb-spacing-left-medium:3.84%;--awb-width-small:100%;--awb-order-small:0;--awb-spacing-right-small:1.92%;--awb-spacing-left-small:1.92%;\"><div class=\"fusion-column-wrapper fusion-column-has-shadow fusion-flex-justify-content-flex-start fusion-content-layout-column\"><div class=\"fusion-text fusion-text-5\"><ul>\n<li><span style=\"font-size: 14pt;\"><strong>Quines activitats t\u2019agradaria que s\u2019organitzessin des de Unihabit per poder dir que no et falta res? <\/strong><\/span><\/li>\n<\/ul>\n<p><em>Estaria b\u00e9 que a la festa de la resid\u00e8ncia o pr\u00e8viament a ella ( a principi de curs), s\u2019organitz\u00e9s alguna gimcana de tarda o alguna activitat d\u2019un dia estil Paintball, per trencar el gel i fer una mica de pinya, o jugar a jocs m\u00edtics, que tots coneixem, en el mateix recinte de la resid\u00e8ncia i aix\u00ed con\u00e8ixer m\u00e9s tots.\u00a0\u00a0<\/em><\/p>\n<ul>\n<li><span style=\"font-size: 14pt;\"><strong>El millor equip del m\u00f3n \u00e9s\u2026<\/strong><\/span><\/li>\n<\/ul>\n<p><em>A part del meu, a Andorra, el Bar\u00e7a a mort!\u00a0<\/em><\/p>\n<ul>\n<li><span style=\"font-size: 14pt;\"><strong>Som curiosos i sabem que el qu\u00e8 passa als allotjaments d\u2019Unihabit, es queda a Unihabit per\u00f2\u2026 Ens expliques alguna an\u00e8cdota inoblidable que t\u2019hagi passat i que pugui formar part de les #unihabitexperiences?\u00a0<\/strong><\/span><\/li>\n<\/ul>\n<p><em>Una vegada, jugant amb el meu company Sergi a la \u201cresi\u201d, jo sortia de la dutxa i tenia la tovallola molla, aix\u00ed que li vaig donar una fuetada al meu company i ell me la va tornar i vam comen\u00e7ar a perseguir-nos per tota la resid\u00e8ncia i la gent va \u201cflipar\u201d una mica\u2026 dient. Aquesta gent d\u2019Andorra est\u00e0 una mica malament\u2026 Per\u00f2 no an\u00e0vem despullats! Que consti!\u00a0<\/em><\/p>\n<\/div><div class=\"fusion-text fusion-text-6\"><p><span style=\"font-size: 14pt;\"><strong>Resumint\u2026 La vida \u00e9s q\u00fcesti\u00f3 d\u2019actitud,<\/strong><\/span><\/p>\n<p><span style=\"font-size: 14pt;\"><strong>Gr\u00e0cies Christian, segueix aix\u00ed!<\/strong><\/span><\/p>\n<\/div><div ><a class=\"fusion-button button-flat button-xlarge button-default fusion-button-default button-1 fusion-button-span-yes fusion-button-default-type\" target=\"_self\" href=\"https:\/\/www.unihabit.com\/\"><span class=\"fusion-button-text awb-button__text awb-button__text--default\">Visita les nostres Resid\u00e8ncies Unihabit<\/span><\/a><\/div><\/div><\/div><div class=\"fusion-layout-column fusion_builder_column fusion-builder-column-7 fusion_builder_column_1_2 1_2 fusion-flex-column\" style=\"--awb-bg-size:cover;--awb-width-large:50%;--awb-margin-top-large:0px;--awb-spacing-right-large:3.84%;--awb-margin-bottom-large:20px;--awb-spacing-left-large:3.84%;--awb-width-medium:50%;--awb-order-medium:0;--awb-spacing-right-medium:3.84%;--awb-spacing-left-medium:3.84%;--awb-width-small:100%;--awb-order-small:0;--awb-spacing-right-small:1.92%;--awb-spacing-left-small:1.92%;\"><div class=\"fusion-column-wrapper fusion-column-has-shadow fusion-flex-justify-content-flex-start fusion-content-layout-column\"><div class=\"fusion-image-element \" style=\"--awb-caption-title-font-family:var(--h2_typography-font-family);--awb-caption-title-font-weight:var(--h2_typography-font-weight);--awb-caption-title-font-style:var(--h2_typography-font-style);--awb-caption-title-size:var(--h2_typography-font-size);--awb-caption-title-transform:var(--h2_typography-text-transform);--awb-caption-title-line-height:var(--h2_typography-line-height);--awb-caption-title-letter-spacing:var(--h2_typography-letter-spacing);\"><span class=\" fusion-imageframe imageframe-none imageframe-3 hover-type-none\"><img decoding=\"async\" width=\"1200\" height=\"1600\" title=\"IMG_1182\" src=\"https:\/\/www.unihabit.com\/wp-content\/uploads\/2020\/10\/IMG_1182-scaled.jpg\" class=\"img-responsive wp-image-2113\" srcset=\"https:\/\/www.unihabit.com\/wp-content\/uploads\/2020\/10\/IMG_1182-200x267.jpg 200w, https:\/\/www.unihabit.com\/wp-content\/uploads\/2020\/10\/IMG_1182-400x533.jpg 400w, https:\/\/www.unihabit.com\/wp-content\/uploads\/2020\/10\/IMG_1182-600x800.jpg 600w, https:\/\/www.unihabit.com\/wp-content\/uploads\/2020\/10\/IMG_1182-800x1067.jpg 800w, https:\/\/www.unihabit.com\/wp-content\/uploads\/2020\/10\/IMG_1182-scaled.jpg 1200w\" sizes=\"(max-width: 640px) 100vw, 600px\" alt=\"\"><\/span><\/div><div class=\"fusion-separator fusion-full-width-sep\" style=\"align-self: center;margin-left: auto;margin-right: auto;margin-bottom:21px;width:100%;\"><\/div><div ><a class=\"fusion-button button-flat button-xlarge button-default fusion-button-default button-2 fusion-button-span-yes fusion-button-default-type\" target=\"_self\" href=\"https:\/\/www.unihabit.com\/residencia-universitaria-sant-cugat\/\"><span class=\"fusion-button-text awb-button__text awb-button__text--default\">Visita la resid\u00e8ncia de Sant Cugat<\/span><\/a><\/div><\/div><\/div><\/div><\/div><\/p>\n","protected":false},"excerpt":{"rendered":"","protected":false},"author":1,"featured_media":1565,"comment_status":"open","ping_status":"open","sticky":false,"template":"","format":"standard","meta":{"footnotes":""},"categories":[29,212,331,328],"tags":[],"class_list":["post-3517","post","type-post","status-publish","format-standard","has-post-thumbnail","hentry","category-blog","category-entrevistas-ca","category-estudiants-unihabit-sant-cugat","category-unihabit-sant-cugat-blog"],"_links":{"self":[{"href":"https:\/\/www.unihabit.com\/ca\/wp-json\/wp\/v2\/posts\/3517","targetHints":{"allow":["GET"]}}],"collection":[{"href":"https:\/\/www.unihabit.com\/ca\/wp-json\/wp\/v2\/posts"}],"about":[{"href":"https:\/\/www.unihabit.com\/ca\/wp-json\/wp\/v2\/types\/post"}],"author":[{"embeddable":true,"href":"https:\/\/www.unihabit.com\/ca\/wp-json\/wp\/v2\/users\/1"}],"replies":[{"embeddable":true,"href":"https:\/\/www.unihabit.com\/ca\/wp-json\/wp\/v2\/comments?post=3517"}],"version-history":[{"count":7,"href":"https:\/\/www.unihabit.com\/ca\/wp-json\/wp\/v2\/posts\/3517\/revisions"}],"predecessor-version":[{"id":13106,"href":"https:\/\/www.unihabit.com\/ca\/wp-json\/wp\/v2\/posts\/3517\/revisions\/13106"}],"wp:featuredmedia":[{"embeddable":true,"href":"https:\/\/www.unihabit.com\/ca\/wp-json\/wp\/v2\/media\/1565"}],"wp:attachment":[{"href":"https:\/\/www.unihabit.com\/ca\/wp-json\/wp\/v2\/media?parent=3517"}],"wp:term":[{"taxonomy":"category","embeddable":true,"href":"https:\/\/www.unihabit.com\/ca\/wp-json\/wp\/v2\/categories?post=3517"},{"taxonomy":"post_tag","embeddable":true,"href":"https:\/\/www.unihabit.com\/ca\/wp-json\/wp\/v2\/tags?post=3517"}],"curies":[{"name":"wp","href":"https:\/\/api.w.org\/{rel}","templated":true}]}}