{"id":3537,"date":"2018-08-13T13:17:21","date_gmt":"2018-08-13T11:17:21","guid":{"rendered":"https:\/\/www.unihabit.com\/blog\/les-festes-de-gracia-el-premi-nacional-de-cultura-mes-viu-de-barcelona\/"},"modified":"2025-06-26T11:44:23","modified_gmt":"2025-06-26T09:44:23","slug":"les-festes-de-gracia-el-premi-nacional-de-cultura-mes-viu-de-barcelona","status":"publish","type":"post","link":"https:\/\/www.unihabit.com\/ca\/les-festes-de-gracia-el-premi-nacional-de-cultura-mes-viu-de-barcelona\/","title":{"rendered":"Les Festes de Gr\u00e0cia, el premi nacional de cultura"},"content":{"rendered":"<div class=\"fusion-fullwidth fullwidth-box fusion-builder-row-1 fusion-flex-container nonhundred-percent-fullwidth non-hundred-percent-height-scrolling\" style=\"--awb-border-radius-top-left:0px;--awb-border-radius-top-right:0px;--awb-border-radius-bottom-right:0px;--awb-border-radius-bottom-left:0px;--awb-flex-wrap:wrap;\" ><div class=\"fusion-builder-row fusion-row fusion-flex-align-items-flex-start fusion-flex-content-wrap\" style=\"max-width:1248px;margin-left: calc(-4% \/ 2 );margin-right: calc(-4% \/ 2 );\"><div class=\"fusion-layout-column fusion_builder_column fusion-builder-column-0 fusion_builder_column_1_1 1_1 fusion-flex-column\" style=\"--awb-bg-size:cover;--awb-width-large:100%;--awb-margin-top-large:0px;--awb-spacing-right-large:1.92%;--awb-margin-bottom-large:0px;--awb-spacing-left-large:1.92%;--awb-width-medium:100%;--awb-spacing-right-medium:1.92%;--awb-spacing-left-medium:1.92%;--awb-width-small:100%;--awb-spacing-right-small:1.92%;--awb-spacing-left-small:1.92%;\"><div class=\"fusion-column-wrapper fusion-flex-justify-content-flex-start fusion-content-layout-column\"><div class=\"fusion-text fusion-text-1\"><h2>Les Festes de Gr\u00e0cia, el premi nacional de cultura m\u00e9s viu de Barcelona<\/h2>\n<p>Les Festes de Gr\u00e0cia (del 15 al 21 d\u2019Agost) , donaran el tret de sortida a una nova edici\u00f3 en menys de 20 hores, convertint aquesta setmana en una de les m\u00e9s alegres de la ciutat comtal.<\/p>\n<p>La Festa Major de Gr\u00e0cia, es una de les millors festes majors de Barcelona, guardonada\u00a0 amb el premi nacional de cultura de Catalunya, gr\u00e0cies al Consell Nacional de la Cultura i les Arts\u00a0 (CoNCA), organitzaci\u00f3 derivada de la conselleria de cultura de la Generalitat de Catalunya.<\/p>\n<p>Tot hi ser una festa molt coneguda, pocs en coneixen l\u2019origen que es remunta a 200 anys enrere. Descobrim-lo!<\/p>\n<p><strong>Els or\u00edgens:<\/strong><\/p>\n<p>La Festa Major de Gr\u00e0cia est\u00e0 documentada des de l\u2019any 1817, quan <a href=\"https:\/\/www.iberlibro.com\/buscar-libro\/titulo\/muralles-enlla\/autor\/francesc-curet\/\" target=\"_blank\" rel=\"noopener\">al llibre de \u201cMuralles Enll\u00e0\u201d de l\u2019historiador Francesc Curet<\/a> apareix la cita que parla de la primera celebraci\u00f3 ocorreguda a Gr\u00e0cia\u00a0<strong>el dia 15 d\u2019agost de 1817<\/strong>. Aquesta, exposa que en aquell dia es va fer una process\u00f3 festiva per tal de retornar la imatge de la Mare de D\u00e9u de la\u00a0<strong>Masia de Can Trilla<\/strong>\u00a0on estava amagada de la possible destrucci\u00f3 durant la Guerra del Franc\u00e8s al convent de Jes\u00fas, d\u2019on era origin\u00e0ria. Quan la imatge va retornar al seu altar, els vilatans van celebrar balls i berenars populars i es va decidir fer festa cada any pel 15 d\u2019agost.<\/p>\n<p>Cada cop, la festa fou m\u00e9s acceptada per la poblaci\u00f3. La societat gracienca decid\u00ed enriquir la programaci\u00f3 amb balls durant aquella setmana i guarnint els seus carrers per tal que pass\u00e9s la process\u00f3 del dia 15. Aquells primers guarniments fets amb ornaments vegetals simulaven els salons de ball de l\u2019\u00e8poca.<\/p>\n<p style=\"text-align: center;\"><a href=\"https:\/\/www.unihabit.com\/wp-content\/uploads\/2020\/10\/festa-major-de-gracia.png\"><img decoding=\"async\" class=\"aligncenter wp-image-6462\" src=\"https:\/\/www.unihabit.com\/wp-content\/uploads\/2020\/10\/festa-major-de-gracia-300x224.png\" alt=\"festa major de gracia\" width=\"603\" height=\"451\" title=\"\"><\/a><span style=\"font-size: 10px;\">Font: <a href=\"https:\/\/festamajordegracia.cat\/\" target=\"_blank\" rel=\"noopener\">festamajordegracia.cat<\/a><\/span><\/p>\n<p>Tot aquell que vulgui tenir la gran experi\u00e8ncia de viure les Festes de Gr\u00e0cia, ha de saber que aquesta s\u2019organitza per <a href=\"https:\/\/festamajordegracia.cat\/carrers-guarnits\/\" target=\"_blank\" rel=\"noopener\">carrers guarnits<\/a> i que en cada un d\u2019ells tenen la seva proposta floral\/decorativa, les seves activitats programades, concerts, gastronomia etc\u00e8tera&#8230; i que, per tant, no es el mateix anar a un que a un altre, ni tampoc es el mateix anar-hi un dimecres que el divendres&#8230;<\/p>\n<p>Una de les novetats d\u2019aquesta edici\u00f3 es que es podr\u00e0 comptar com la <a href=\"https:\/\/casavicens.org\/ca\/\" target=\"_blank\" rel=\"noopener\">Casa Vicens<\/a>, la primera obra arquitect\u00f2nica de Gaud\u00ed que va ubicar a la Vila de Gr\u00e0cia, va obrir les seves portes i , gr\u00e0cies a la forta vocaci\u00f3 social de l\u2019entitat gestora, es sumar\u00e0 a la setmana gran de Gr\u00e0cia amb l\u2019objectiu de seguir difonent coneixements sobre l\u2019obra <a href=\"https:\/\/ca.wikipedia.org\/wiki\/Antoni_Gaud%C3%AD_i_Cornet\" target=\"_blank\" rel=\"noopener\">d\u2019Antoni Gaud\u00ed<\/a>, per\u00f2 tamb\u00e9 de donar suport a una gran festa centen\u00e0ria i fortament lligada a la implicaci\u00f3 i for\u00e7a de les associacions ve\u00efnals.<\/p>\n<div id=\"attachment_5423\" style=\"width: 770px\" class=\"wp-caption aligncenter\"><a href=\"https:\/\/www.unihabit.com\/wp-content\/uploads\/2020\/10\/casa-vicens-5.png\"><img decoding=\"async\" aria-describedby=\"caption-attachment-5423\" class=\"wp-image-5423 size-full\" title=\"festes de gr\u00e0cia_unihabit reid\u00e8ncies universit\u00e0ries\" src=\"https:\/\/www.unihabit.com\/wp-content\/uploads\/2020\/10\/casa-vicens-5.png\" alt=\"\" width=\"760\" height=\"719\"><\/a><p id=\"caption-attachment-5423\" class=\"wp-caption-text\">Font: Elmon.cat<\/p><\/div>\n<p>Si no us voleu perdre res, des de Unihabit resid\u00e8ncies universit\u00e0ries us recomanem que visiteu l&#8217;<a href=\"https:\/\/festamajordegracia.cat\/agenda-activitats\/\" target=\"_blank\" rel=\"noopener\">agenda d&#8217;activitats<\/a>\u00a0de la Festa Major de Gr\u00e0cia , editat per la Fundaci\u00f3 Festa Major de Gr\u00e0cia i que recull tota la programaci\u00f3 de les activitats i esdeveniments que tindran lloc aquest any. Aquesta revista cont\u00e9 el programa complet dels carrers i places guarnides, aix\u00ed com els espais de festa, not\u00edcies, entrevistes i reportatges en profunditat.<\/p>\n<div id=\"attachment_5421\" style=\"width: 990px\" class=\"wp-caption aligncenter\"><a href=\"https:\/\/www.unihabit.com\/wp-content\/uploads\/2020\/10\/Captura-de-pantalla-2018-08-13-a-les-11.22.36-1.png\"><img decoding=\"async\" aria-describedby=\"caption-attachment-5421\" class=\"wp-image-5421 size-large\" title=\"programa festes de gr\u00e0cia 2018_Unihabit resid\u00e8ncia universit\u00e0ria\" src=\"https:\/\/www.unihabit.com\/wp-content\/uploads\/2020\/10\/Captura-de-pantalla-2018-08-13-a-les-11.22.36-1-1024x687.png\" alt=\"\" width=\"980\" height=\"657\"><\/a><p id=\"caption-attachment-5421\" class=\"wp-caption-text\">Font:festamajordegracia.cat<\/p><\/div>\n<p>El podreu aconseguir:<\/p>\n<ul>\n<li>\u00a0A tots els carrers i places de la festa durant tot el dia.<\/li>\n<li>Al punt d\u2019informaci\u00f3 de la festa (Can Musons: c\/Alzina, 9) cada dia fins al 21\/8 de 10 a 22h.<\/li>\n<li>A les paradetes de la Fundaci\u00f3 que podreu trobar a la sortida de metro de Fontana i a la Pla\u00e7a Revoluci\u00f3. Les trobareu totes les tardes a partir de les 17:30h i els caps de setmana i festiu mat\u00ed i tarda.<\/li>\n<\/ul>\n<p>Adquirint aquesta revista-programa\u00a0oficial i pagant-ne 1\u20ac\u00a0 de donatiu, estareu realitzant una ajuda directa als carrers i places de la festa pel desenvolupament del seu guarniment i activitats festives.<\/p>\n<p><strong>Per m\u00e9s info sobre la Festa Major de Gr\u00e0cia:<\/strong><\/p>\n<ul>\n<li>Web oficial: <a href=\"https:\/\/www.festamajordegracia.cat\/\" target=\"_blank\" rel=\"noopener\">festamajordegracia.cat<\/a><\/li>\n<li>email: <a href=\"mailto:info@festamajordegracia.cat\">info@festamajordegracia.cat<\/a><\/li>\n<li>telf: +34 93 459 30 80<\/li>\n<li>Instagram: <a href=\"https:\/\/www.instagram.com\/fmgracia\/\" target=\"_blank\" rel=\"noopener\">@fmgracia<\/a><\/li>\n<\/ul>\n<p>Les festes de gr\u00e0cia son un gran moment cultural, social i d\u2019oci que ofereix l\u2019oportunitat de descobrir una celebraci\u00f3 centen\u00e0ria on es barregen tradici\u00f3, cultura y bellesa, fet que l\u2019ha convertit en un festa reconeguda a nivell internacional i un <em>must <\/em>per a tots els que s\u2019ho vulguin passar b\u00e9 !<\/p>\n<h2 style=\"text-align: center;\"><strong>Unihabit resid\u00e8ncies universit\u00e0ries us recomana que sortiu al carrer i gaudiu de les millores Festes de Gr\u00e0cia!<\/strong><\/h2>\n<p><a href=\"https:\/\/www.unihabit.com\/ca\/residencia-universitaria-barcelona-gracia\/\"><img decoding=\"async\" class=\"aligncenter wp-image-7090 size-medium\" src=\"https:\/\/www.unihabit.com\/wp-content\/uploads\/2020\/10\/graciaCAT-corretgida-300x106.png\" alt=\"\" width=\"300\" height=\"106\" title=\"\"><\/a><\/p>\n<\/div><\/div><\/div><\/div><\/div>\n","protected":false},"excerpt":{"rendered":"","protected":false},"author":1,"featured_media":1637,"comment_status":"open","ping_status":"open","sticky":false,"template":"","format":"standard","meta":{"footnotes":""},"categories":[52,51],"tags":[],"class_list":["post-3537","post","type-post","status-publish","format-standard","has-post-thumbnail","hentry","category-activitats","category-estapassant"],"_links":{"self":[{"href":"https:\/\/www.unihabit.com\/ca\/wp-json\/wp\/v2\/posts\/3537","targetHints":{"allow":["GET"]}}],"collection":[{"href":"https:\/\/www.unihabit.com\/ca\/wp-json\/wp\/v2\/posts"}],"about":[{"href":"https:\/\/www.unihabit.com\/ca\/wp-json\/wp\/v2\/types\/post"}],"author":[{"embeddable":true,"href":"https:\/\/www.unihabit.com\/ca\/wp-json\/wp\/v2\/users\/1"}],"replies":[{"embeddable":true,"href":"https:\/\/www.unihabit.com\/ca\/wp-json\/wp\/v2\/comments?post=3537"}],"version-history":[{"count":3,"href":"https:\/\/www.unihabit.com\/ca\/wp-json\/wp\/v2\/posts\/3537\/revisions"}],"predecessor-version":[{"id":17251,"href":"https:\/\/www.unihabit.com\/ca\/wp-json\/wp\/v2\/posts\/3537\/revisions\/17251"}],"wp:featuredmedia":[{"embeddable":true,"href":"https:\/\/www.unihabit.com\/ca\/wp-json\/wp\/v2\/media\/1637"}],"wp:attachment":[{"href":"https:\/\/www.unihabit.com\/ca\/wp-json\/wp\/v2\/media?parent=3537"}],"wp:term":[{"taxonomy":"category","embeddable":true,"href":"https:\/\/www.unihabit.com\/ca\/wp-json\/wp\/v2\/categories?post=3537"},{"taxonomy":"post_tag","embeddable":true,"href":"https:\/\/www.unihabit.com\/ca\/wp-json\/wp\/v2\/tags?post=3537"}],"curies":[{"name":"wp","href":"https:\/\/api.w.org\/{rel}","templated":true}]}}