{"id":3541,"date":"2018-09-19T06:51:25","date_gmt":"2018-09-19T04:51:25","guid":{"rendered":"https:\/\/www.unihabit.com\/blog\/cultura-popular-les-festes-de-la-merce-de-barcelona\/"},"modified":"2025-03-26T17:47:47","modified_gmt":"2025-03-26T15:47:47","slug":"cultura-popular-les-festes-de-la-merce-de-barcelona","status":"publish","type":"post","link":"https:\/\/www.unihabit.com\/ca\/cultura-popular-les-festes-de-la-merce-de-barcelona\/","title":{"rendered":"Cultura popular: les Festes de La Merc\u00e8 de Barcelona"},"content":{"rendered":"<div class=\"fusion-fullwidth fullwidth-box fusion-builder-row-1 fusion-flex-container nonhundred-percent-fullwidth non-hundred-percent-height-scrolling\" style=\"--awb-border-radius-top-left:0px;--awb-border-radius-top-right:0px;--awb-border-radius-bottom-right:0px;--awb-border-radius-bottom-left:0px;--awb-flex-wrap:wrap;\" ><div class=\"fusion-builder-row fusion-row fusion-flex-align-items-flex-start fusion-flex-content-wrap\" style=\"max-width:1248px;margin-left: calc(-4% \/ 2 );margin-right: calc(-4% \/ 2 );\"><div class=\"fusion-layout-column fusion_builder_column fusion-builder-column-0 fusion_builder_column_1_1 1_1 fusion-flex-column\" style=\"--awb-bg-size:cover;--awb-width-large:100%;--awb-margin-top-large:0px;--awb-spacing-right-large:1.92%;--awb-margin-bottom-large:0px;--awb-spacing-left-large:1.92%;--awb-width-medium:100%;--awb-spacing-right-medium:1.92%;--awb-spacing-left-medium:1.92%;--awb-width-small:100%;--awb-spacing-right-small:1.92%;--awb-spacing-left-small:1.92%;\"><div class=\"fusion-column-wrapper fusion-flex-justify-content-flex-start fusion-content-layout-column\"><div class=\"fusion-text fusion-text-1\"><p><strong><span style=\"font-size: 24px;\">Les Festes de La Merc\u00e8 s\u00f3n la Festa Major de Barcelona. Gegants, capgrossos, castellers, danses, m\u00fasica, trabucaires&#8230; Mil i una activitats passaran del 21 al 24 de setembre a la capital catalana.<\/span><\/strong><\/p>\n<p>La Verge de la Mare de D\u00e9u de La Merc\u00e8 \u00e9s des de l\u2019any 1687, patrona de la ciutat de Barcelona. A partir de l\u2019any 1871, la festivitat de La Merc\u00e8 es va comen\u00e7ar a celebrar a Barcelona i avui en dia encara continua m\u00e9s viva que mai. Una data que recorda a tothom que les vacances i l\u2019estiu s\u2019ha acabat, per\u00f2 que dona energia per encarar el curs amb les piles ben carregades.<br \/>\nDes de les resid\u00e8ncies universit\u00e0ries d\u2019Unihabit et proposem activitats perqu\u00e8 gaudeixis d\u2019una de les festes m\u00e9s populars, conegudes i vivies de Catalunya.<\/p>\n<div id=\"attachment_5505\" style=\"width: 990px\" class=\"wp-caption aligncenter\"><a href=\"https:\/\/www.unihabit.com\/wp-content\/uploads\/2020\/10\/gegants-1.jpg\"><img decoding=\"async\" aria-describedby=\"caption-attachment-5505\" class=\"wp-image-5505 size-full\" src=\"https:\/\/www.unihabit.com\/wp-content\/uploads\/2020\/10\/gegants-1.jpg\" alt=\"\" width=\"980\" height=\"551\" title=\"\"><\/a><p id=\"caption-attachment-5505\" class=\"wp-caption-text\">plantastic<\/p><\/div>\n<ul>\n<li><strong>El preg\u00f3 de La Merc\u00e8 amb l\u2019actriu Leticia Dolera a Ciutat Vella<\/strong><\/li>\n<\/ul>\n<p>El <a href=\"https:\/\/www.barcelona.cat\/lamerce\/ca\" target=\"_blank\" rel=\"noopener\">preg\u00f3<\/a>\u00a0\u00e9s l\u2019acte que dona el tret de sortida a qualsevol festa major. No nom\u00e9s serveix per recordar els encants, les difer\u00e8ncies i les coses \u00faniques de cada indret, sin\u00f3 que sempre van acompanyats d\u2019un missatge, molts cops reivindicatius, de la visi\u00f3 de la persona que el fa.<\/p>\n<p>En aquest cas, l\u2019actriu i directora barcelonesa Leticia Dolera, coneguda tamb\u00e9 per la seva defensa decidida dels drets de les dones, ser\u00e0 l\u2019encarregada de pujar a dalt del balc\u00f3 davant de milers de persones.<\/p>\n<div id=\"attachment_5506\" style=\"width: 270px\" class=\"wp-caption aligncenter\"><a href=\"https:\/\/www.unihabit.com\/wp-content\/uploads\/2020\/10\/leticia.jpg\"><img decoding=\"async\" aria-describedby=\"caption-attachment-5506\" class=\"wp-image-5506 size-full\" src=\"https:\/\/www.unihabit.com\/wp-content\/uploads\/2020\/10\/leticia.jpg\" alt=\"\" width=\"260\" height=\"350\" title=\"\"><\/a><p id=\"caption-attachment-5506\" class=\"wp-caption-text\">Ayuntamiento de Barcelona<\/p><\/div>\n<ul>\n<li><strong>Els balls i la passada de gegants i nans<\/strong><\/li>\n<\/ul>\n<p>Una de les cites indispensables pels amants de la cultura popular de les resid\u00e8ncies d\u2019estudiants d\u2019Unihabit de Ciutat Vella \u00e9s anar a veure com tots els <a href=\"https:\/\/www.barcelona.cat\/lamerce\/ca\" target=\"_blank\" rel=\"noopener\">gegants<\/a>\u00a0de la ciutat surten a ballar pels carrers del centre de Barcelona, un dels actes m\u00e9s esperats de les festes de La Merc\u00e8. Els nans, com sempre, tamb\u00e9 els acompanyaran a la festa. Us hi sumeu?!<\/p>\n<div id=\"attachment_5507\" style=\"width: 810px\" class=\"wp-caption aligncenter\"><a href=\"https:\/\/www.unihabit.com\/wp-content\/uploads\/2020\/10\/mes-gegants.jpg\"><img decoding=\"async\" aria-describedby=\"caption-attachment-5507\" class=\"wp-image-5507 size-full\" src=\"https:\/\/www.unihabit.com\/wp-content\/uploads\/2020\/10\/mes-gegants.jpg\" alt=\"\" width=\"800\" height=\"531\" title=\"\"><\/a><p id=\"caption-attachment-5507\" class=\"wp-caption-text\">Pep Herrero<\/p><\/div>\n<ul>\n<li><strong>Cercavila de Castellers i Diada Castellera hist\u00f2rica de La Merc\u00e8<\/strong><\/li>\n<\/ul>\n<p>Les festes s\u00f3n cultura, cultura popular. Per aix\u00f2 des de les resid\u00e8ncies Unihabit us aconsellem no perdre-us la <a href=\"https:\/\/www.barcelona.cat\/lamerce\/ca\" target=\"_blank\" rel=\"noopener\">diada castellera<\/a>\u00a0de La Merc\u00e8, una festa \u00fanica per tal de con\u00e8ixer un dels pilars de la cultura catalana. Construccions espectaculars, nervis a flor de pell, folre, manilles&#8230; No et deixis escapar les torres humanes m\u00e9s impressionants!<\/p>\n<div id=\"attachment_5503\" style=\"width: 810px\" class=\"wp-caption aligncenter\"><a href=\"https:\/\/www.unihabit.com\/wp-content\/uploads\/2020\/10\/castellers.jpeg\"><img decoding=\"async\" aria-describedby=\"caption-attachment-5503\" class=\"size-full wp-image-5503\" src=\"https:\/\/www.unihabit.com\/wp-content\/uploads\/2020\/10\/castellers.jpeg\" alt=\"\" width=\"800\" height=\"533\" title=\"\"><\/a><p id=\"caption-attachment-5503\" class=\"wp-caption-text\">Pep Herrero<\/p><\/div>\n<ul>\n<li><strong>El correfoc de La Merc\u00e8<\/strong><\/li>\n<\/ul>\n<p>Els petards, les guspires i el foc tamb\u00e9 hi s\u00f3n presents cada any a les festes de La Merc\u00e8 gr\u00e0cies al <a href=\"https:\/\/www.barcelona.cat\/lamerce\/ca\" target=\"_blank\" rel=\"noopener\">correfoc<\/a>. La pirot\u00e8cnia comen\u00e7a a la pla\u00e7a de <a href=\"https:\/\/www.google.com\/maps\/place\/Pla%C3%A7a+de+Ramon+Berenguer+el+Gran,+Barcelona\/data=!4m2!3m1!1s0x12a4a2f96cda6c85:0x4788e3f9edb779c9?sa=X&amp;ved=2ahUKEwjX5fDXxbDdAhUnxIUKHXpfDgwQ8gEwAHoECAQQAQ\" target=\"_blank\" rel=\"noopener\">Ramon Berenguer<\/a>\u00a0a Ciutat Vella. Durant el recorregut, que durar\u00e0 un parell d\u2019hores i acabar\u00e0 a la Pla\u00e7a Antoni L\u00f3pez, els diables i les b\u00e8sties tradicionals del correfoc trauran foc i petard pels carrers del centre de Barcelona. Ahh&#8230; i no et deixis el barret ni la roba llarga per protegir-te del foc!<\/p>\n<div id=\"attachment_5504\" style=\"width: 630px\" class=\"wp-caption aligncenter\"><a href=\"https:\/\/www.unihabit.com\/wp-content\/uploads\/2020\/10\/correfoc.jpg\"><img decoding=\"async\" aria-describedby=\"caption-attachment-5504\" class=\"size-full wp-image-5504\" src=\"https:\/\/www.unihabit.com\/wp-content\/uploads\/2020\/10\/correfoc.jpg\" alt=\"\" width=\"620\" height=\"400\" title=\"\"><\/a><p id=\"caption-attachment-5504\" class=\"wp-caption-text\">La casa de la seda<\/p><\/div>\n<p>No et perdis una de les festes m\u00e9s conegudes, populars i vives de Catalunya, tota la informaci\u00f3 disponible a la <a href=\"https:\/\/www.barcelona.cat\/lamerce\/ca\" target=\"_blank\" rel=\"noopener\">p\u00e0gina web de les Festes de La Merc\u00e8.<\/a><\/p>\n<h2 style=\"text-align: center;\"><strong><span style=\"font-size: 24px;\">Les resid\u00e8ncies universit\u00e0ries d\u2019Unihabit t\u2019ho posem f\u00e0cil perqu\u00e8 les puguis gaudir com mai i a prop de casa.<\/span><\/strong><\/h2>\n<p><a href=\"https:\/\/www.unihabit.com\/ca\/residencia-universitaria-barcelona-gracia\/\"><img decoding=\"async\" class=\"aligncenter wp-image-7090 size-medium\" src=\"https:\/\/www.unihabit.com\/wp-content\/uploads\/2020\/10\/graciaCAT-corretgida-300x106.png\" alt=\"\" width=\"300\" height=\"106\" title=\"\"><\/a><\/p>\n<p><a href=\"https:\/\/www.unihabit.com\/ca\/residencies-universitaries-barcelona\/\"><img decoding=\"async\" class=\"aligncenter wp-image-7082 size-medium\" src=\"https:\/\/www.unihabit.com\/wp-content\/uploads\/2020\/10\/ciutatvellaCAT-corretgida-300x106.png\" alt=\"\" width=\"300\" height=\"106\" title=\"\"><\/a><\/p>\n<\/div><\/div><\/div><\/div><\/div>\n","protected":false},"excerpt":{"rendered":"","protected":false},"author":1,"featured_media":1653,"comment_status":"open","ping_status":"open","sticky":false,"template":"","format":"standard","meta":{"footnotes":""},"categories":[314,29,313],"tags":[],"class_list":["post-3541","post","type-post","status-publish","format-standard","has-post-thumbnail","hentry","category-activitats-cultura-barcelona","category-blog","category-unihabit-barcelona-blog"],"_links":{"self":[{"href":"https:\/\/www.unihabit.com\/ca\/wp-json\/wp\/v2\/posts\/3541","targetHints":{"allow":["GET"]}}],"collection":[{"href":"https:\/\/www.unihabit.com\/ca\/wp-json\/wp\/v2\/posts"}],"about":[{"href":"https:\/\/www.unihabit.com\/ca\/wp-json\/wp\/v2\/types\/post"}],"author":[{"embeddable":true,"href":"https:\/\/www.unihabit.com\/ca\/wp-json\/wp\/v2\/users\/1"}],"replies":[{"embeddable":true,"href":"https:\/\/www.unihabit.com\/ca\/wp-json\/wp\/v2\/comments?post=3541"}],"version-history":[{"count":1,"href":"https:\/\/www.unihabit.com\/ca\/wp-json\/wp\/v2\/posts\/3541\/revisions"}],"predecessor-version":[{"id":11776,"href":"https:\/\/www.unihabit.com\/ca\/wp-json\/wp\/v2\/posts\/3541\/revisions\/11776"}],"wp:featuredmedia":[{"embeddable":true,"href":"https:\/\/www.unihabit.com\/ca\/wp-json\/wp\/v2\/media\/1653"}],"wp:attachment":[{"href":"https:\/\/www.unihabit.com\/ca\/wp-json\/wp\/v2\/media?parent=3541"}],"wp:term":[{"taxonomy":"category","embeddable":true,"href":"https:\/\/www.unihabit.com\/ca\/wp-json\/wp\/v2\/categories?post=3541"},{"taxonomy":"post_tag","embeddable":true,"href":"https:\/\/www.unihabit.com\/ca\/wp-json\/wp\/v2\/tags?post=3541"}],"curies":[{"name":"wp","href":"https:\/\/api.w.org\/{rel}","templated":true}]}}