{"id":3542,"date":"2025-09-18T10:00:41","date_gmt":"2025-09-18T08:00:41","guid":{"rendered":"https:\/\/www.unihabit.com\/blog\/els-imprescindibles-per-a-la-tornada-a-la-universitat\/"},"modified":"2025-09-18T10:01:00","modified_gmt":"2025-09-18T08:01:00","slug":"consells-per-tornar-a-la-universitat","status":"publish","type":"post","link":"https:\/\/www.unihabit.com\/ca\/consells-per-tornar-a-la-universitat\/","title":{"rendered":"Consells per tornar a la universitat"},"content":{"rendered":"<div class=\"fusion-fullwidth fullwidth-box fusion-builder-row-1 fusion-flex-container nonhundred-percent-fullwidth non-hundred-percent-height-scrolling\" style=\"--awb-border-radius-top-left:0px;--awb-border-radius-top-right:0px;--awb-border-radius-bottom-right:0px;--awb-border-radius-bottom-left:0px;--awb-flex-wrap:wrap;\" ><div class=\"fusion-builder-row fusion-row fusion-flex-align-items-flex-start fusion-flex-content-wrap\" style=\"max-width:1248px;margin-left: calc(-4% \/ 2 );margin-right: calc(-4% \/ 2 );\"><div class=\"fusion-layout-column fusion_builder_column fusion-builder-column-0 fusion_builder_column_1_1 1_1 fusion-flex-column\" style=\"--awb-bg-size:cover;--awb-width-large:100%;--awb-margin-top-large:0px;--awb-spacing-right-large:1.92%;--awb-margin-bottom-large:0px;--awb-spacing-left-large:1.92%;--awb-width-medium:100%;--awb-spacing-right-medium:1.92%;--awb-spacing-left-medium:1.92%;--awb-width-small:100%;--awb-spacing-right-small:1.92%;--awb-spacing-left-small:1.92%;\"><div class=\"fusion-column-wrapper fusion-flex-justify-content-flex-start fusion-content-layout-column\"><div class=\"fusion-text fusion-text-1\">\n<\/div><div class=\"fusion-text fusion-text-2\" style=\"--awb-content-alignment:justify;\"><p><span style=\"font-weight: 400;\">La tornada a la universitat \u00e9s l\u2019oportunitat perfecta per retrobar-se amb els companys de classe i de resid\u00e8ncia, i comen\u00e7ar una nova etapa plena d\u2019objectius, aprenentatges i reptes.<\/span><\/p>\n<p><span style=\"font-weight: 400;\">Des d\u2019<\/span><a href=\"https:\/\/www.unihabit.com\/ca\/\"><span style=\"font-weight: 400;\">Unihabit<\/span><\/a><span style=\"font-weight: 400;\"> t\u2019hem preparat una guia completa amb tots els consells per tornar i fer que el teu retorn sigui tot un \u00e8xit.<\/span><\/p>\n<\/div><div class=\"fusion-title title fusion-title-1 fusion-sep-none fusion-title-text fusion-title-size-two\"><h2 class=\"fusion-title-heading title-heading-left\" style=\"margin:0;\"><b>Dates clau per a la tornada a la universitat 2025-26<\/b><\/h2><\/div><div class=\"fusion-text fusion-text-3\" style=\"--awb-content-alignment:justify;\"><p><span style=\"font-weight: 400;\">Con\u00e8ixer el calendari acad\u00e8mic de Catalunya per al curs 2025-26 t\u2019ajudar\u00e0 a organitzar millor les classes, els ex\u00e0mens i altres activitats extraacad\u00e8miques. A m\u00e9s, podr\u00e0s planificar amb temps i preparar el teu calendari per a trobades amb amics, vacances d\u2019hivern, entregues importants, entre altres.<\/span><\/p>\n<p><span style=\"font-weight: 400;\">Algunes dates rellevants:<\/span><\/p>\n<ul>\n<li style=\"font-weight: 400;\" aria-level=\"1\"><span style=\"font-weight: 400;\">11 de setembre: Diada Nacional de Catalunya<\/span><\/li>\n<li style=\"font-weight: 400;\" aria-level=\"1\"><span style=\"font-weight: 400;\">12 d\u2019octubre: Festa Nacional d\u2019Espanya<\/span><\/li>\n<li style=\"font-weight: 400;\" aria-level=\"1\"><span style=\"font-weight: 400;\">1 de novembre: Tots Sants<\/span><\/li>\n<li style=\"font-weight: 400;\" aria-level=\"1\"><span style=\"font-weight: 400;\">6 i 8 de desembre: Dia de la Constituci\u00f3 i de la Immaculada Concepci\u00f3<\/span><\/li>\n<li style=\"font-weight: 400;\" aria-level=\"1\"><span style=\"font-weight: 400;\">Del 22 de desembre al 7 de gener: vacances de Nadal (dates variables segons la universitat)<\/span><\/li>\n<li style=\"font-weight: 400;\" aria-level=\"1\"><span style=\"font-weight: 400;\">Finals de gener: per\u00edode d\u2019ex\u00e0mens (1a avaluaci\u00f3)<\/span><\/li>\n<li style=\"font-weight: 400;\" aria-level=\"1\"><span style=\"font-weight: 400;\">Del 29 de mar\u00e7 al 5 d\u2019abril: vacances de Setmana Santa<\/span><\/li>\n<li style=\"font-weight: 400;\" aria-level=\"1\"><span style=\"font-weight: 400;\">1 de maig: Dia del Treball<\/span><\/li>\n<li style=\"font-weight: 400;\" aria-level=\"1\"><span style=\"font-weight: 400;\">Finals de juny: fi de classes i ex\u00e0mens finals<\/span><\/li>\n<li style=\"font-weight: 400;\" aria-level=\"1\">24 de juny: Sant Joan<\/li>\n<\/ul>\n<\/div><div class=\"fusion-title title fusion-title-2 fusion-sep-none fusion-title-text fusion-title-size-two\"><h2 class=\"fusion-title-heading title-heading-left\" style=\"margin:0;\"><b>Quin material \u00e9s imprescindible per a la tornada a la universitat?<\/b><\/h2><\/div><\/div><\/div><div class=\"fusion-layout-column fusion_builder_column fusion-builder-column-1 fusion_builder_column_1_2 1_2 fusion-flex-column fusion-flex-align-self-center\" style=\"--awb-bg-size:cover;--awb-width-large:50%;--awb-margin-top-large:0px;--awb-spacing-right-large:3.84%;--awb-margin-bottom-large:20px;--awb-spacing-left-large:3.84%;--awb-width-medium:50%;--awb-order-medium:0;--awb-spacing-right-medium:3.84%;--awb-spacing-left-medium:3.84%;--awb-width-small:100%;--awb-order-small:0;--awb-spacing-right-small:1.92%;--awb-spacing-left-small:1.92%;\" data-scroll-devices=\"small-visibility,medium-visibility,large-visibility\"><div class=\"fusion-column-wrapper fusion-column-has-shadow fusion-flex-justify-content-flex-start fusion-content-layout-column\"><div class=\"fusion-text fusion-text-4\" style=\"--awb-content-alignment:justify;\"><p><span style=\"font-weight: 400;\">Per reprendre la rutina i les classes de la millor manera possible, cal tenir a punt els imprescindibles. Aqu\u00ed et deixem una llista del que no pot faltar en el teu dia a dia:<\/span><\/p>\n<ul>\n<li style=\"font-weight: 400;\" aria-level=\"1\"><b>Port\u00e0til o tauleta:<\/b><span style=\"font-weight: 400;\"> Si la universitat ho permet, seran clau per prendre apunts, fer treballs i organitzar els teus estudis.<\/span><\/li>\n<li style=\"font-weight: 400;\" aria-level=\"1\"><b>Motxilla o bossa gran:<\/b><span style=\"font-weight: 400;\"> T\u2019ajudar\u00e0 a portar tot el material necessari en un sol lloc.<\/span><\/li>\n<li style=\"font-weight: 400;\" aria-level=\"1\"><b>Llibretes i material d\u2019escriptura:<\/b><span style=\"font-weight: 400;\"> Tant si fas servir port\u00e0til com si no, necessitar\u00e0s llibretes i bol\u00edgrafs per prendre notes r\u00e0pides o anotar tasques a l\u2019agenda.<\/span><\/li>\n<li style=\"font-weight: 400;\" aria-level=\"1\"><b>Ampolla d\u2019aigua reutilitzable:<\/b> T\u2019ajudar\u00e0 a mantenir-te hidratat i concentrat durant tot el dia.<\/li>\n<\/ul>\n<\/div><\/div><\/div><div class=\"fusion-layout-column fusion_builder_column fusion-builder-column-2 fusion_builder_column_1_2 1_2 fusion-flex-column fusion-flex-align-self-center\" style=\"--awb-bg-size:cover;--awb-width-large:50%;--awb-margin-top-large:0px;--awb-spacing-right-large:3.84%;--awb-margin-bottom-large:20px;--awb-spacing-left-large:3.84%;--awb-width-medium:50%;--awb-order-medium:0;--awb-spacing-right-medium:3.84%;--awb-spacing-left-medium:3.84%;--awb-width-small:100%;--awb-order-small:0;--awb-spacing-right-small:1.92%;--awb-spacing-left-small:1.92%;\" data-scroll-devices=\"small-visibility,medium-visibility,large-visibility\"><div class=\"fusion-column-wrapper fusion-column-has-shadow fusion-flex-justify-content-flex-start fusion-content-layout-column\"><div class=\"fusion-image-element \" style=\"text-align:center;--awb-caption-title-font-family:var(--h2_typography-font-family);--awb-caption-title-font-weight:var(--h2_typography-font-weight);--awb-caption-title-font-style:var(--h2_typography-font-style);--awb-caption-title-size:var(--h2_typography-font-size);--awb-caption-title-transform:var(--h2_typography-text-transform);--awb-caption-title-line-height:var(--h2_typography-line-height);--awb-caption-title-letter-spacing:var(--h2_typography-letter-spacing);\"><span class=\" fusion-imageframe imageframe-none imageframe-1 hover-type-none\"><img decoding=\"async\" width=\"900\" height=\"600\" alt=\"consejos para volver a la universidad\u200b despu\u00e9s de las vacaciones social\" title=\"consejos para volver a la universidad\u200b despu\u00e9s de las vacaciones social\" src=\"https:\/\/www.unihabit.com\/wp-content\/uploads\/2024\/09\/consejos-para-volver-a-la-universidad\u200b-despues-de-las-vacaciones-social.png\" class=\"img-responsive wp-image-17618\" srcset=\"https:\/\/www.unihabit.com\/wp-content\/uploads\/2024\/09\/consejos-para-volver-a-la-universidad\u200b-despues-de-las-vacaciones-social-200x133.png 200w, https:\/\/www.unihabit.com\/wp-content\/uploads\/2024\/09\/consejos-para-volver-a-la-universidad\u200b-despues-de-las-vacaciones-social-400x267.png 400w, https:\/\/www.unihabit.com\/wp-content\/uploads\/2024\/09\/consejos-para-volver-a-la-universidad\u200b-despues-de-las-vacaciones-social-600x400.png 600w, https:\/\/www.unihabit.com\/wp-content\/uploads\/2024\/09\/consejos-para-volver-a-la-universidad\u200b-despues-de-las-vacaciones-social-800x533.png 800w, https:\/\/www.unihabit.com\/wp-content\/uploads\/2024\/09\/consejos-para-volver-a-la-universidad\u200b-despues-de-las-vacaciones-social.png 900w\" sizes=\"(max-width: 640px) 100vw, 600px\" \/><\/span><\/div><\/div><\/div><div class=\"fusion-layout-column fusion_builder_column fusion-builder-column-3 fusion_builder_column_1_1 1_1 fusion-flex-column fusion-flex-align-self-center\" style=\"--awb-bg-size:cover;--awb-width-large:100%;--awb-margin-top-large:0px;--awb-spacing-right-large:1.92%;--awb-margin-bottom-large:20px;--awb-spacing-left-large:1.92%;--awb-width-medium:100%;--awb-order-medium:0;--awb-spacing-right-medium:1.92%;--awb-spacing-left-medium:1.92%;--awb-width-small:100%;--awb-order-small:0;--awb-spacing-right-small:1.92%;--awb-spacing-left-small:1.92%;\" data-scroll-devices=\"small-visibility,medium-visibility,large-visibility\"><div class=\"fusion-column-wrapper fusion-column-has-shadow fusion-flex-justify-content-flex-start fusion-content-layout-column\"><div class=\"fusion-title title fusion-title-3 fusion-sep-none fusion-title-text fusion-title-size-two\"><h2 class=\"fusion-title-heading title-heading-left\" style=\"margin:0;\"><b>Espais per estudiar a prop de les nostres resid\u00e8ncies universit\u00e0ries<\/b><\/h2><\/div><div class=\"fusion-text fusion-text-5\" style=\"--awb-content-alignment:justify;\"><p><span style=\"font-weight: 400;\">Les nostres resid\u00e8ncies Unihabit disposen de sales d\u2019estudi equipades perqu\u00e8 puguis concentrar-te sense sortir de casa. Per\u00f2 si t\u2019agrada canviar d\u2019ambient, et recomanem algunes cafeteries acollidores i properes a les resid\u00e8ncies Unihabit on tamb\u00e9 podr\u00e0s estudiar a gust.<\/span><\/p>\n<\/div><div class=\"fusion-title title fusion-title-4 fusion-sep-none fusion-title-text fusion-title-size-three\"><h3 class=\"fusion-title-heading title-heading-left\" style=\"margin:0;\"><b>Unihabit Barcelona &#8211; Ciutat Vella<\/b><\/h3><\/div><div class=\"fusion-text fusion-text-6\" style=\"--awb-content-alignment:justify;\"><p><span style=\"font-weight: 400;\">Si vius a les nostres <\/span><a href=\"https:\/\/www.unihabit.com\/ca\/residencies-universitaries-barcelona\/\"><span style=\"font-weight: 400;\">resid\u00e8ncies universit\u00e0ries Barcelona<\/span><\/a><span style=\"font-weight: 400;\">, has de con\u00e8ixer les seg\u00fcents cafeteries on et sentir\u00e0s en un ambient acollidor mentre gaudeixes d\u2019un bon caf\u00e8 i estudies.<\/span><\/p>\n<p><b>Direcci\u00f3 Unihabit Ciutat Vella:<\/b> <a href=\"https:\/\/www.google.com\/maps?sca_esv=6803a1afa38366d6&amp;rlz=1C1FKPE_enES1147ES1147&amp;uact=5&amp;gs_lp=Egxnd3Mtd2l6LXNlcnAiQlBsYcOnYSBkZSBsZXMgQ2FyYW1lbGxlcywgNSwgMDgwMDEgQmFyY2Vsb25hIHVuaWhhYml0IGNpdXRhdCB2ZWxsYUjHOFCIBVinN3ALeACQAQCYAaoBoAG0IKoBBDAuMzO4AQPIAQD4AQGYAiagAvUbwgIKEAAYsAMY1gQYR8ICAhAmwgIIEAAYgAQYogTCAgUQABjvBcICBRAhGJ8FwgIEECEYFcICBBAhGAqYAwCIBgGQBgiSBwUxMS4yN6AH21uyBwQwLjI3uAfNG8IHBjAuMzAuOMgHWg&amp;um=1&amp;ie=UTF-8&amp;fb=1&amp;gl=es&amp;sa=X&amp;geocode=KSEQqwv1oqQSMScphL1VqXr-&amp;daddr=Pla%C3%A7a+de+les+Caramelles,+5,+Ciutat+Vella,+08001+Barcelona\" target=\"_blank\" rel=\"noopener\"><span style=\"font-weight: 400;\">Pla\u00e7a de les Caramelles, 5, 08001 Barcelona<\/span><\/a><\/p>\n<ul>\n<li style=\"font-weight: 400;\" aria-level=\"1\"><b>Federal Caf\u00e9 G\u00f2tic<\/b><b><br \/>\n<\/b><span style=\"font-weight: 400;\"> Ptge. de la Pau, 11, 08002 Barcelona<\/span><span style=\"font-weight: 400;\"><br \/>\n<\/span><span style=\"font-weight: 400;\"> A 17 minuts caminant<\/span><\/li>\n<li><b>SandwiChez Sant Antoni<\/b><b><br \/>\n<\/b><span style=\"font-weight: 400;\"> Rda. de Sant Antoni, 35, 08011 Barcelona<\/span><span style=\"font-weight: 400;\"><br \/>\n<\/span><span style=\"font-weight: 400;\"> A 8 minuts caminant<\/span><span style=\"font-weight: 400;\"><br \/>\n<\/span><\/li>\n<\/ul>\n<\/div><div class=\"fusion-title title fusion-title-5 fusion-sep-none fusion-title-text fusion-title-size-three\"><h3 class=\"fusion-title-heading title-heading-left\" style=\"margin:0;\"><b>Unihabit Girona<\/b><\/h3><\/div><div class=\"fusion-text fusion-text-7\" style=\"--awb-content-alignment:justify;\"><p><span style=\"font-weight: 400;\">Vivint a la nostra <\/span><a href=\"https:\/\/www.unihabit.com\/residencia-universitaria-girona\/\"><span style=\"font-weight: 400;\">resid\u00e8ncia universit\u00e0ria Girona<\/span><\/a><span style=\"font-weight: 400;\">, has de con\u00e8ixer els seg\u00fcents espais:<\/span><span style=\"font-weight: 400;\"><br \/>\n<\/span><\/p>\n<p><b>Direcci\u00f3 Unihabit Girona: <\/b><a href=\"https:\/\/www.google.com\/maps?sca_esv=6803a1afa38366d6&amp;rlz=1C1FKPE_enES1147ES1147&amp;uact=5&amp;gs_lp=Egxnd3Mtd2l6LXNlcnAiVVViaWNhY2nDsyBVbmloYWJpdCBHaXJvbmE6IENhcnJlciBkZSBs4oCZRXN0dWRpIEdlbmVyYWwgZGUgR2lyb25hLCAxMDIsIDE3MDAzIEdpcm9uYQoyChAAGLADGNYEGEcyChAAGLADGNYEGEcyChAAGLADGNYEGEcyChAAGLADGNYEGEcyChAAGLADGNYEGEcyChAAGLADGNYEGEcyChAAGLADGNYEGEcyChAAGLADGNYEGEdIqQZQyANYyANwA3gAkAEAmAFyoAFyqgEDMC4xuAEDyAEA-AEC-AEBmAIDoAINmAMAiAYBkAYIkgcBM6AHtQWyBwC4BwDCBwUwLjEuMsgHCw&amp;um=1&amp;ie=UTF-8&amp;fb=1&amp;gl=es&amp;sa=X&amp;geocode=KTumu1gs4boSMTn469t4yQQp&amp;daddr=Carrer+de+l%27Estudi+General+de+Girona,+102,+17003+Girona\" target=\"_blank\" rel=\"noopener\"><span style=\"font-weight: 400;\">Carrer de l\u2019Estudi General de Girona, 102, 17003 Girona<\/span><\/a><\/p>\n<ul>\n<li style=\"font-weight: 400;\" aria-level=\"1\"><b>La F\u00e0brica Girona<\/b><b><br \/>\n<\/b><span style=\"font-weight: 400;\"> Carrer de la Llebre, 3, 17004 Girona<\/span><span style=\"font-weight: 400;\"><br \/>\n<\/span><span style=\"font-weight: 400;\"> A 40 minuts caminant \/ 11 minuts en cotxe<\/span><\/li>\n<li><b>Cafeteria STOP<\/b><b><br \/>\n<\/b><span style=\"font-weight: 400;\"> Carrer Migdia, 163, 17003 Girona<\/span><span style=\"font-weight: 400;\"><br \/>\n<\/span><span style=\"font-weight: 400;\"> A 19 minuts caminant<\/span><span style=\"font-weight: 400;\"><br \/>\n<\/span><\/li>\n<\/ul>\n<\/div><div class=\"fusion-title title fusion-title-6 fusion-sep-none fusion-title-text fusion-title-size-three\"><h3 class=\"fusion-title-heading title-heading-left\" style=\"margin:0;\"><b>Unihabit Sant Cugat del Vall\u00e8s<\/b><\/h3><\/div><div class=\"fusion-text fusion-text-8\" style=\"--awb-content-alignment:justify;\"><p><span style=\"font-weight: 400;\">Els residents de la <\/span><a href=\"https:\/\/www.unihabit.com\/ca\/residencia-universitaria-sant-cugat\/\"><span style=\"font-weight: 400;\">resid\u00e8ncia universit\u00e0ria Sant Cugat<\/span><\/a><span style=\"font-weight: 400;\">\u00a0<\/span><span style=\"font-weight: 400;\">podran gaudir de:<\/span><\/p>\n<p><b>Direcci\u00f3 Unihabit Sant Cugat del Vall\u00e8s: <\/b><a href=\"https:\/\/www.google.com\/maps?sca_esv=6803a1afa38366d6&amp;rlz=1C1FKPE_enES1147ES1147&amp;uact=5&amp;gs_lp=Egxnd3Mtd2l6LXNlcnAiYURpcmVjY2nDsyBVbmloYWJpdCBTYW50IEN1Z2F0IGRlbCBWYWxsw6hzOiBBdmluZ3VkYSBkZWwgQ2FycmlsLCA3MCwgMDgxNzMgU2FudCBDdWdhdCBkZWwgVmFsbMOocwoyChAAGLADGNYEGEcyChAAGLADGNYEGEcyChAAGLADGNYEGEcyChAAGLADGNYEGEcyChAAGLADGNYEGEcyChAAGLADGNYEGEcyChAAGLADGNYEGEcyChAAGLADGNYEGEdIrAdQ5QNY5QNwA3gAkAEAmAFioAFiqgEBMbgBA8gBAPgBAvgBAZgCA6ACDZgDAIgGAZAGCJIHATOgB_QEsgcAuAcAwgcDMi0zyAcL&amp;um=1&amp;ie=UTF-8&amp;fb=1&amp;gl=es&amp;sa=X&amp;geocode=KQcP7mvRlqQSMfCbk3m_FPsD&amp;daddr=Avinguda+del+Carril,+70,+08173+Sant+Cugat+del+Vall%C3%A8s,+Barcelona\" target=\"_blank\" rel=\"noopener\"><span style=\"font-weight: 400;\">Avinguda del Carril, 70, 08173 Sant Cugat del Vall\u00e8s<\/span><\/a><\/p>\n<ul>\n<li style=\"font-weight: 400;\" aria-level=\"1\"><b>La Esquina del Caf\u00e9<\/b><b><br \/>\n<\/b><span style=\"font-weight: 400;\"> Carrer de Vill\u00e0, 1, 08172 Sant Cugat<\/span><span style=\"font-weight: 400;\"><br \/>\n<\/span><span style=\"font-weight: 400;\"> A 15 minuts caminant \/ 6 minuts en cotxe<\/span><\/li>\n<li style=\"font-weight: 400;\" aria-level=\"1\"><b>Mussolets<\/b><b><br \/>\n<\/b><span style=\"font-weight: 400;\"> Carrer de Vill\u00e0, 1, 08172 Sant Cugat<\/span><span style=\"font-weight: 400;\"><br \/>\n<\/span><span style=\"font-weight: 400;\"> A 15 minuts caminant<\/span><\/li>\n<\/ul>\n<\/div><div class=\"fusion-title title fusion-title-7 fusion-sep-none fusion-title-text fusion-title-size-three\"><h3 class=\"fusion-title-heading title-heading-left\" style=\"margin:0;\"><b>Unihabit Manresa<\/b><\/h3><\/div><div class=\"fusion-text fusion-text-9\" style=\"--awb-content-alignment:justify;\"><p><span style=\"font-weight: 400;\">Si t\u2019allotges a la nostra <\/span><a href=\"https:\/\/www.unihabit.com\/ca\/residencia-universitaria-manresa\/\"><span style=\"font-weight: 400;\">resid\u00e8ncia universit\u00e0ria Manresa<\/span><\/a><span style=\"font-weight: 400;\">, no et pots perdre:<\/span><\/p>\n<p><b>Direcci\u00f3 Unihabit Manresa:<\/b><a href=\"https:\/\/www.google.com\/maps?sca_esv=6803a1afa38366d6&amp;rlz=1C1FKPE_enES1147ES1147&amp;uact=5&amp;gs_lp=Egxnd3Mtd2l6LXNlcnAiTURpcmVjY2nDsyBVbmloYWJpdCBNYW5yZXNhOiBBdi4gVW5pdmVyc2l0w6ByaWEsIDEyLCAwODI0MiBNYW5yZXNhLCBCYXJjZWxvbmEKSABQAFgAcAB4AJABAJgBAKABAKoBALgBA8gBAPgBAvgBAZgCAKACAJgDAJIHAKAHALIHALgHAMIHAMgHAA&amp;um=1&amp;ie=UTF-8&amp;fb=1&amp;gl=es&amp;sa=X&amp;geocode=KfvHHaEFWKQSMeMSOj_P5HHL&amp;daddr=Av.+Universit%C3%A0ria,+12,+08242+Manresa,+Barcelona\" target=\"_blank\" rel=\"noopener\"> <span style=\"font-weight: 400;\">Av. Universit\u00e0ria, 12, 08242 Manresa, Barcelona<\/span><\/a><\/p>\n<ul>\n<li style=\"font-weight: 400;\" aria-level=\"1\"><b>Caf\u00e8 l\u2019Antic<\/b><b><br \/>\n<\/b><span style=\"font-weight: 400;\"> Espai tranquil al centre de la ciutat, ideal per estudiar amb un bon caf\u00e8<\/span><\/li>\n<li style=\"font-weight: 400;\" aria-level=\"1\"><b>L\u2019Aroma<\/b><b><br \/>\n<\/b><span style=\"font-weight: 400;\"> Carrer de Casanova, 6, 08241 Manresa<\/span><span style=\"font-weight: 400;\"><br \/>\n<\/span><span style=\"font-weight: 400;\"> A 19 minuts caminant \/ 7 minuts en cotxe<\/span><\/li>\n<\/ul>\n<\/div><div class=\"fusion-title title fusion-title-8 fusion-sep-none fusion-title-text fusion-title-size-two\"><h2 class=\"fusion-title-heading title-heading-left\" style=\"margin:0;\"><b>Consells per tornar a la rutina universit\u00e0ria<\/b><\/h2><\/div><div class=\"fusion-text fusion-text-10\" style=\"--awb-content-alignment:justify;\"><p><span style=\"font-weight: 400;\">Aconseguir una tornada a la universitat amb \u00e8xit dep\u00e8n de diversos factors:<\/span><\/p>\n<\/div><\/div><\/div><div class=\"fusion-layout-column fusion_builder_column fusion-builder-column-4 fusion_builder_column_1_2 1_2 fusion-flex-column fusion-flex-align-self-center\" style=\"--awb-bg-size:cover;--awb-width-large:50%;--awb-margin-top-large:0px;--awb-spacing-right-large:3.84%;--awb-margin-bottom-large:20px;--awb-spacing-left-large:3.84%;--awb-width-medium:50%;--awb-order-medium:0;--awb-spacing-right-medium:3.84%;--awb-spacing-left-medium:3.84%;--awb-width-small:100%;--awb-order-small:0;--awb-spacing-right-small:1.92%;--awb-spacing-left-small:1.92%;\" data-scroll-devices=\"small-visibility,medium-visibility,large-visibility\"><div class=\"fusion-column-wrapper fusion-column-has-shadow fusion-flex-justify-content-center fusion-content-layout-column\"><div class=\"fusion-text fusion-text-11\" style=\"--awb-content-alignment:justify;\"><ul>\n<li style=\"font-weight: 400;\" aria-level=\"1\"><b>Organitza el teu temps:<\/b><span style=\"font-weight: 400;\"> Tant dins com fora de les classes, planificar-te et facilitar\u00e0 la rutina.<\/span><span style=\"font-weight: 400;\"><br \/>\n<\/span><\/li>\n<li style=\"font-weight: 400;\" aria-level=\"1\"><b>Equilibra estudis i descans:<\/b><span style=\"font-weight: 400;\"> El descans \u00e9s clau per rendir acad\u00e8micament.<\/span><\/li>\n<li style=\"font-weight: 400;\" aria-level=\"1\"><b>Fes esport i menja b\u00e9:<\/b><span style=\"font-weight: 400;\"> L\u2019exercici i una bona alimentaci\u00f3 s\u00f3n fonamentals per al benestar f\u00edsic i emocional.<\/span><\/li>\n<li style=\"font-weight: 400;\" aria-level=\"1\"><b>Comparteix temps amb els teus companys:<\/b> Aix\u00f2 t\u2019ajudar\u00e0 a mantenir un bon equilibri personal i emocional.<\/li>\n<\/ul>\n<\/div><\/div><\/div><div class=\"fusion-layout-column fusion_builder_column fusion-builder-column-5 fusion_builder_column_1_2 1_2 fusion-flex-column fusion-flex-align-self-center\" style=\"--awb-bg-size:cover;--awb-width-large:50%;--awb-margin-top-large:0px;--awb-spacing-right-large:3.84%;--awb-margin-bottom-large:20px;--awb-spacing-left-large:3.84%;--awb-width-medium:50%;--awb-order-medium:0;--awb-spacing-right-medium:3.84%;--awb-spacing-left-medium:3.84%;--awb-width-small:100%;--awb-order-small:0;--awb-spacing-right-small:1.92%;--awb-spacing-left-small:1.92%;\" data-scroll-devices=\"small-visibility,medium-visibility,large-visibility\"><div class=\"fusion-column-wrapper fusion-column-has-shadow fusion-flex-justify-content-center fusion-content-layout-column\"><div class=\"fusion-image-element \" style=\"text-align:center;--awb-caption-title-font-family:var(--h2_typography-font-family);--awb-caption-title-font-weight:var(--h2_typography-font-weight);--awb-caption-title-font-style:var(--h2_typography-font-style);--awb-caption-title-size:var(--h2_typography-font-size);--awb-caption-title-transform:var(--h2_typography-text-transform);--awb-caption-title-line-height:var(--h2_typography-line-height);--awb-caption-title-letter-spacing:var(--h2_typography-letter-spacing);\"><span class=\" fusion-imageframe imageframe-none imageframe-2 hover-type-none\"><img decoding=\"async\" width=\"900\" height=\"600\" alt=\"consejos para volver a la universidad\u200b despu\u00e9s de las vacaciones deporte\" title=\"consejos para volver a la universidad\u200b despu\u00e9s de las vacaciones deporte\" src=\"https:\/\/www.unihabit.com\/wp-content\/uploads\/2024\/09\/consejos-para-volver-a-la-universidad\u200b-despues-de-las-vacaciones-deporte.png\" class=\"img-responsive wp-image-17615\" srcset=\"https:\/\/www.unihabit.com\/wp-content\/uploads\/2024\/09\/consejos-para-volver-a-la-universidad\u200b-despues-de-las-vacaciones-deporte-200x133.png 200w, https:\/\/www.unihabit.com\/wp-content\/uploads\/2024\/09\/consejos-para-volver-a-la-universidad\u200b-despues-de-las-vacaciones-deporte-400x267.png 400w, https:\/\/www.unihabit.com\/wp-content\/uploads\/2024\/09\/consejos-para-volver-a-la-universidad\u200b-despues-de-las-vacaciones-deporte-600x400.png 600w, https:\/\/www.unihabit.com\/wp-content\/uploads\/2024\/09\/consejos-para-volver-a-la-universidad\u200b-despues-de-las-vacaciones-deporte-800x533.png 800w, https:\/\/www.unihabit.com\/wp-content\/uploads\/2024\/09\/consejos-para-volver-a-la-universidad\u200b-despues-de-las-vacaciones-deporte.png 900w\" sizes=\"(max-width: 640px) 100vw, 600px\" \/><\/span><\/div><\/div><\/div><div class=\"fusion-layout-column fusion_builder_column fusion-builder-column-6 fusion_builder_column_1_1 1_1 fusion-flex-column\" style=\"--awb-bg-size:cover;--awb-width-large:100%;--awb-margin-top-large:0px;--awb-spacing-right-large:1.92%;--awb-margin-bottom-large:20px;--awb-spacing-left-large:1.92%;--awb-width-medium:100%;--awb-order-medium:0;--awb-spacing-right-medium:1.92%;--awb-spacing-left-medium:1.92%;--awb-width-small:100%;--awb-order-small:0;--awb-spacing-right-small:1.92%;--awb-spacing-left-small:1.92%;\"><div class=\"fusion-column-wrapper fusion-column-has-shadow fusion-flex-justify-content-flex-start fusion-content-layout-column\"><div class=\"fusion-text fusion-text-12\" style=\"--awb-content-alignment:justify;\"><p><span style=\"font-weight: 400;\">Si vols saber com viure una experi\u00e8ncia completa durant la teva etapa universit\u00e0ria i obtenir m\u00e9s informaci\u00f3 sobre les nostres resid\u00e8ncies Unihabit, no dubtis a contactar amb nosaltres escrivint a <\/span><a href=\"mailto:info@unihabit.com\"><span style=\"font-weight: 400;\">info@unihabit.com<\/span><\/a><span style=\"font-weight: 400;\"> o trucant al <a href=\"tel:935953953\">935 953 953<\/a>.<\/span><\/p>\n<p><b>Ets estudiant Erasmus o internacional?<\/b><span style=\"font-weight: 400;\"> Si aquest any vens a estudiar a Catalunya des de fora, t\u2019interessar\u00e0 llegir la nostra guia sobre resid\u00e8ncies Erasmus amb informaci\u00f3 sobre universitats, tr\u00e0mits i allotjament.<\/span><\/p>\n<\/div><div style=\"text-align:center;\"><a class=\"fusion-button button-flat fusion-button-default-size button-default fusion-button-default button-1 fusion-button-default-span fusion-button-default-type\" target=\"_blank\" rel=\"noopener noreferrer\" href=\"https:\/\/www.unihabit.com\/ca\/erasmus-residencia-estudiants-barcelona\/\"><span class=\"fusion-button-text awb-button__text awb-button__text--default\">Veure Erasmus resid\u00e8ncia estudiants Barcelona<\/span><\/a><\/div><div class=\"fusion-text fusion-text-13\" style=\"--awb-content-alignment:justify;--awb-margin-top:20px;\"><p><b>Et preocupa la seguretat a la teva futura resid\u00e8ncia? <\/b><span style=\"font-weight: 400;\">Descobreix com garantim una estada segura i tranquil\u00b7la per a estudiants nacionals i internacionals.<\/span><\/p>\n<\/div><div style=\"text-align:center;\"><a class=\"fusion-button button-flat fusion-button-default-size button-default fusion-button-default button-2 fusion-button-default-span fusion-button-default-type\" target=\"_blank\" rel=\"noopener noreferrer\" href=\"https:\/\/www.unihabit.com\/ca\/\"><span class=\"fusion-button-text awb-button__text awb-button__text--default\">VEURE RESID\u00c8NCIES UNIHABIT<\/span><\/a><\/div><\/div><\/div><\/div><\/div>\n","protected":false},"excerpt":{"rendered":"","protected":false},"author":1,"featured_media":17621,"comment_status":"open","ping_status":"open","sticky":false,"template":"","format":"standard","meta":{"footnotes":""},"categories":[1,29,49,50],"tags":[],"class_list":{"0":"post-3542","1":"post","2":"type-post","3":"status-publish","4":"format-standard","5":"has-post-thumbnail","6":"hentry","7":"category-blog","9":"category-informacion-unihabit","10":"category-informacio-unihabit"},"_links":{"self":[{"href":"https:\/\/www.unihabit.com\/ca\/wp-json\/wp\/v2\/posts\/3542","targetHints":{"allow":["GET"]}}],"collection":[{"href":"https:\/\/www.unihabit.com\/ca\/wp-json\/wp\/v2\/posts"}],"about":[{"href":"https:\/\/www.unihabit.com\/ca\/wp-json\/wp\/v2\/types\/post"}],"author":[{"embeddable":true,"href":"https:\/\/www.unihabit.com\/ca\/wp-json\/wp\/v2\/users\/1"}],"replies":[{"embeddable":true,"href":"https:\/\/www.unihabit.com\/ca\/wp-json\/wp\/v2\/comments?post=3542"}],"version-history":[{"count":11,"href":"https:\/\/www.unihabit.com\/ca\/wp-json\/wp\/v2\/posts\/3542\/revisions"}],"predecessor-version":[{"id":17629,"href":"https:\/\/www.unihabit.com\/ca\/wp-json\/wp\/v2\/posts\/3542\/revisions\/17629"}],"wp:featuredmedia":[{"embeddable":true,"href":"https:\/\/www.unihabit.com\/ca\/wp-json\/wp\/v2\/media\/17621"}],"wp:attachment":[{"href":"https:\/\/www.unihabit.com\/ca\/wp-json\/wp\/v2\/media?parent=3542"}],"wp:term":[{"taxonomy":"category","embeddable":true,"href":"https:\/\/www.unihabit.com\/ca\/wp-json\/wp\/v2\/categories?post=3542"},{"taxonomy":"post_tag","embeddable":true,"href":"https:\/\/www.unihabit.com\/ca\/wp-json\/wp\/v2\/tags?post=3542"}],"curies":[{"name":"wp","href":"https:\/\/api.w.org\/{rel}","templated":true}]}}