{"id":3546,"date":"2018-10-24T06:38:07","date_gmt":"2018-10-24T04:38:07","guid":{"rendered":"https:\/\/www.unihabit.com\/blog\/residencies-universitaries-de-girona-fires-sant-narcis\/"},"modified":"2023-12-08T16:31:31","modified_gmt":"2023-12-08T14:31:31","slug":"residencies-universitaries-de-girona-fires-sant-narcis","status":"publish","type":"post","link":"https:\/\/www.unihabit.com\/ca\/residencies-universitaries-de-girona-fires-sant-narcis\/","title":{"rendered":"Arriben les Fires de Sant Narc\u00eds!"},"content":{"rendered":"<div class=\"fusion-fullwidth fullwidth-box fusion-builder-row-1 fusion-flex-container nonhundred-percent-fullwidth non-hundred-percent-height-scrolling\" style=\"--awb-border-radius-top-left:0px;--awb-border-radius-top-right:0px;--awb-border-radius-bottom-right:0px;--awb-border-radius-bottom-left:0px;--awb-flex-wrap:wrap;\" ><div class=\"fusion-builder-row fusion-row fusion-flex-align-items-flex-start fusion-flex-content-wrap\" style=\"max-width:1248px;margin-left: calc(-4% \/ 2 );margin-right: calc(-4% \/ 2 );\"><div class=\"fusion-layout-column fusion_builder_column fusion-builder-column-0 fusion_builder_column_1_1 1_1 fusion-flex-column\" style=\"--awb-bg-size:cover;--awb-width-large:100%;--awb-margin-top-large:0px;--awb-spacing-right-large:1.92%;--awb-margin-bottom-large:0px;--awb-spacing-left-large:1.92%;--awb-width-medium:100%;--awb-spacing-right-medium:1.92%;--awb-spacing-left-medium:1.92%;--awb-width-small:100%;--awb-spacing-right-small:1.92%;--awb-spacing-left-small:1.92%;\"><div class=\"fusion-column-wrapper fusion-flex-justify-content-flex-start fusion-content-layout-column\"><div class=\"fusion-text fusion-text-1\"><h2><span style=\"font-size: 21px;\">Qu\u00e8 fer a les resid\u00e8ncies universit\u00e0ries de Girona? Arriben les Fires de Sant Narc\u00eds!<\/span><\/h2>\n<p>Si vius a les resid\u00e8ncies universit\u00e0ries de Girona tens mil i una coses per fer. Excursions a la muntanya, escapades a la platja, ruta pel call jueu de la ciutat, activitats esportives&#8230;<\/p>\n<p>Tanmateix, aquesta setmana, pels estudiants que viuen a les resid\u00e8ncies universit\u00e0ries de Girona, arriba una de les jornades m\u00e9s importants de la ciutat amb les Fires de Sant Narc\u00eds. Una celebraci\u00f3 destacada per la cultura i les activitats que passen durant m\u00e9s d\u2019una setmana a Girona. Enguany, les Festes de Girona tenen lloc des del 26 d\u2019octubre fins al 4 de novembre.<\/p>\n<p>Des de les resid\u00e8ncies universit\u00e0ries de Girona d\u2019Unihabit t\u2019expliquem tot all\u00f2 que necessites saber de les Fires de Sant Narc\u00eds i el que no et pots perdre:<\/p>\n<h4><strong>Tradici\u00f3 i cultura<\/strong><\/h4>\n<p>Sant Narc\u00eds de Girona \u00e9s un sant venerat a l&#8217;Esgl\u00e9sia cat\u00f2lica, sant patr\u00f3 de Girona. La tradici\u00f3 explica que n\u2019havia estat bisbe. El 29 d\u2019octubre se celebra la seva festivitat.<\/p>\n<p>En el marc de les Fires, tenen lloc diversos actes tradicionals i populars enfocats a tots els p\u00fablics:<\/p>\n<ul>\n<li><a href=\"http:\/\/www.girona.cat\/agenda\/cat\/agenda_fitxa.php?id=8956&amp;ta=age&amp;jsback=1\" target=\"_blank\" rel=\"noopener\">Preg\u00f3 de Fires<\/a><\/li>\n<li><a href=\"http:\/\/www.girona.cat\/agenda\/cat\/agenda_fitxa.php?id=9055&amp;ta=age&amp;jsback=1\" target=\"_blank\" rel=\"noopener\">Cercavila amb els gegants i capgrossos de Girona<\/a><\/li>\n<li><a href=\"http:\/\/www.girona.cat\/agenda\/cat\/agenda_fitxa.php?id=8976&amp;ta=age&amp;jsback=1\" target=\"_blank\" rel=\"noopener\">Diada Castellera amb els Marrecs de Salt, els Minyons de Terrassa i els Capgrossos de Matar\u00f3<\/a><\/li>\n<li><a href=\"http:\/\/www.girona.cat\/agenda\/cat\/agenda_fitxa.php?id=8959&amp;ta=age&amp;jsback=1\" target=\"_blank\" rel=\"noopener\">Correfoc<\/a><\/li>\n<\/ul>\n<p><a href=\"https:\/\/www.unihabit.com\/wp-content\/uploads\/2020\/10\/fires-de-girona-foto-2.png\"><img decoding=\"async\" class=\"aligncenter wp-image-5642\" src=\"https:\/\/www.unihabit.com\/wp-content\/uploads\/2020\/10\/fires-de-girona-foto-2.png\" alt=\"resid\u00e8ncies universit\u00e0ries de Girona\" width=\"512\" height=\"281\" title=\"\"><\/a><\/p>\n<p style=\"text-align: center;\">Font: Ajuntament de Girona<\/p>\n<p>Consulta tots els <a href=\"https:\/\/web.girona.cat\/firesdesantnarcis\" target=\"_blank\" rel=\"noopener\">actes tradicionals i populars<\/a> a la p\u00e0gina web de les Fires de Girona.<\/p>\n<h4><strong>M\u00fasica i festa<\/strong><\/h4>\n<p>Si est\u00e0s a les resid\u00e8ncies universit\u00e0ries de Girona i tens ganes de gresca i xerinola, les Festes de Sant Narc\u00eds s\u00f3n la soluci\u00f3. Al llarg de la setmana multitud d\u2019espectacles i esdeveniments musicals tindran lloc a la capital gironina. Des de les resid\u00e8ncies d\u2019universit\u00e0ries us en proposem uns quants imprescindibles. Ara, la llista \u00e9s ben llarga i cadascun d\u2019ells \u00e9s \u00fanic.<\/p>\n<ul>\n<li><a href=\"http:\/\/www.girona.cat\/agenda\/cat\/agenda_fitxa.php?id=15017&amp;ta=age\" target=\"_blank\" rel=\"noopener\">Pupil\u00b7les<\/a><\/li>\n<li><a href=\"http:\/\/www.girona.cat\/agenda\/cat\/agenda_fitxa.php?id=15018&amp;ta=age\" target=\"_blank\" rel=\"noopener\">Roba Estesa<\/a><\/li>\n<li><a href=\"http:\/\/www.girona.cat\/agenda\/cat\/agenda_fitxa.php?id=14815&amp;ta=age\" target=\"_blank\" rel=\"noopener\">Els Catarres<\/a><\/li>\n<li><a href=\"http:\/\/www.girona.cat\/agenda\/cat\/agenda_fitxa.php?id=15023&amp;ta=age\" target=\"_blank\" rel=\"noopener\">Obeses<\/a><\/li>\n<li><a href=\"http:\/\/www.girona.cat\/agenda\/cat\/agenda_fitxa.php?id=14817&amp;ta=age\" target=\"_blank\" rel=\"noopener\">Els Amics de les Arts<\/a><\/li>\n<li><a href=\"http:\/\/www.girona.cat\/agenda\/cat\/agenda_fitxa.php?id=15034&amp;ta=age\" target=\"_blank\" rel=\"noopener\">Sense Sal <\/a><\/li>\n<\/ul>\n<p><a href=\"https:\/\/www.unihabit.com\/wp-content\/uploads\/2020\/10\/fires-de-girona-foto-3.png\"><img decoding=\"async\" class=\"aligncenter wp-image-5643\" src=\"https:\/\/www.unihabit.com\/wp-content\/uploads\/2020\/10\/fires-de-girona-foto-3.png\" alt=\"Roba Estesa\" width=\"519\" height=\"278\" title=\"\"><\/a><\/p>\n<p style=\"text-align: center;\">Roba estesa. Font: Ajuntament de Girona<\/p>\n<h4><strong>Exposicions i teatre<\/strong><\/h4>\n<p>En el marc de les Fires de Sant Narc\u00eds se celebra una \u00e0mplia varietat d\u2019activitats culturals. Pel que fa a les mostres, enguany hi haur\u00e0 exposicions de fotografia, de filat\u00e8lica i xerrades sobre elements hist\u00f2rics de Girona. Experi\u00e8ncies m\u00e9s din\u00e0miques i d\u2019artistes gironins i d\u2019arreu del m\u00f3n.<a href=\"https:\/\/www.unihabit.com\/wp-content\/uploads\/2020\/10\/fires-de-girona-foto-4.png\"><img decoding=\"async\" class=\"alignright wp-image-5644\" src=\"https:\/\/www.unihabit.com\/wp-content\/uploads\/2020\/10\/fires-de-girona-foto-4.png\" alt=\"Teatre Fires Sant Narcis\" width=\"536\" height=\"303\" title=\"\"><\/a><\/p>\n<p>Pel que fa a les obres de teatre els participants podran trobar en aquesta edici\u00f3 varietat de tem\u00e0tiques. Si t\u2019agrada la cr\u00edtica social, et recomanem que no et perdis <a href=\"http:\/\/www.girona.cat\/agenda\/cat\/agenda_fitxa.php?id=2332&amp;ta=obr&amp;jsback=1\" target=\"_blank\" rel=\"noopener\">Los bancos regalan sandwicheras y chorizos<\/a>. En canvi, si ets m\u00e9s de sorpreses i teatres musicals, no et pots perdre <a href=\"http:\/\/www.girona.cat\/agenda\/cat\/agenda_fitxa.php?id=14330&amp;ta=age&amp;jsback=1\" target=\"_blank\" rel=\"noopener\">El secret de la Lloll<\/a>.<\/p>\n<p style=\"text-align: right;\">Font: Ajuntament de Girona<\/p>\n<p style=\"text-align: center;\"><strong><span style=\"font-size: 18px;\">Aprofita l\u2019experi\u00e8ncia de les resid\u00e8ncies universit\u00e0ries de Girona i viu les Fires de Sant Narc\u00eds des de dins!<\/span><\/strong><\/p>\n<p style=\"text-align: center;\"><a href=\"https:\/\/www.unihabit.com\/ca\/residencia-universitaria-girona\/\"><img decoding=\"async\" class=\"aligncenter wp-image-7086 size-medium\" src=\"https:\/\/www.unihabit.com\/wp-content\/uploads\/2020\/10\/gironaCAT-corretgida-300x106.png\" alt=\"\" width=\"300\" height=\"106\" title=\"\"><\/a><\/p>\n<\/div><\/div><\/div><\/div><\/div>\n","protected":false},"excerpt":{"rendered":"","protected":false},"author":1,"featured_media":1675,"comment_status":"open","ping_status":"open","sticky":false,"template":"","format":"standard","meta":{"footnotes":""},"categories":[50],"tags":[278,280,281],"class_list":["post-3546","post","type-post","status-publish","format-standard","has-post-thumbnail","hentry","category-informacio-unihabit","tag-fires-sant-narcis-ca","tag-residencia-destudiants-ca","tag-residencies-universitaries-ca"],"_links":{"self":[{"href":"https:\/\/www.unihabit.com\/ca\/wp-json\/wp\/v2\/posts\/3546","targetHints":{"allow":["GET"]}}],"collection":[{"href":"https:\/\/www.unihabit.com\/ca\/wp-json\/wp\/v2\/posts"}],"about":[{"href":"https:\/\/www.unihabit.com\/ca\/wp-json\/wp\/v2\/types\/post"}],"author":[{"embeddable":true,"href":"https:\/\/www.unihabit.com\/ca\/wp-json\/wp\/v2\/users\/1"}],"replies":[{"embeddable":true,"href":"https:\/\/www.unihabit.com\/ca\/wp-json\/wp\/v2\/comments?post=3546"}],"version-history":[{"count":2,"href":"https:\/\/www.unihabit.com\/ca\/wp-json\/wp\/v2\/posts\/3546\/revisions"}],"predecessor-version":[{"id":12118,"href":"https:\/\/www.unihabit.com\/ca\/wp-json\/wp\/v2\/posts\/3546\/revisions\/12118"}],"wp:featuredmedia":[{"embeddable":true,"href":"https:\/\/www.unihabit.com\/ca\/wp-json\/wp\/v2\/media\/1675"}],"wp:attachment":[{"href":"https:\/\/www.unihabit.com\/ca\/wp-json\/wp\/v2\/media?parent=3546"}],"wp:term":[{"taxonomy":"category","embeddable":true,"href":"https:\/\/www.unihabit.com\/ca\/wp-json\/wp\/v2\/categories?post=3546"},{"taxonomy":"post_tag","embeddable":true,"href":"https:\/\/www.unihabit.com\/ca\/wp-json\/wp\/v2\/tags?post=3546"}],"curies":[{"name":"wp","href":"https:\/\/api.w.org\/{rel}","templated":true}]}}