{"id":3548,"date":"2018-11-12T14:51:50","date_gmt":"2018-11-12T12:51:50","guid":{"rendered":"https:\/\/www.unihabit.com\/blog\/els-residents-universitaris-a-barcelona-la-fira-santa-llucia\/"},"modified":"2025-03-26T17:49:56","modified_gmt":"2025-03-26T15:49:56","slug":"fira-santa-llucia","status":"publish","type":"post","link":"https:\/\/www.unihabit.com\/ca\/fira-santa-llucia\/","title":{"rendered":"Pels universitaris de Barcelona: la Fira de Santa Ll\u00facia"},"content":{"rendered":"<div class=\"fusion-fullwidth fullwidth-box fusion-builder-row-1 fusion-flex-container nonhundred-percent-fullwidth non-hundred-percent-height-scrolling\" style=\"--awb-border-radius-top-left:0px;--awb-border-radius-top-right:0px;--awb-border-radius-bottom-right:0px;--awb-border-radius-bottom-left:0px;--awb-flex-wrap:wrap;\" ><div class=\"fusion-builder-row fusion-row fusion-flex-align-items-flex-start fusion-flex-content-wrap\" style=\"max-width:1248px;margin-left: calc(-4% \/ 2 );margin-right: calc(-4% \/ 2 );\"><div class=\"fusion-layout-column fusion_builder_column fusion-builder-column-0 fusion_builder_column_1_1 1_1 fusion-flex-column\" style=\"--awb-bg-size:cover;--awb-width-large:100%;--awb-margin-top-large:0px;--awb-spacing-right-large:1.92%;--awb-margin-bottom-large:0px;--awb-spacing-left-large:1.92%;--awb-width-medium:100%;--awb-spacing-right-medium:1.92%;--awb-spacing-left-medium:1.92%;--awb-width-small:100%;--awb-spacing-right-small:1.92%;--awb-spacing-left-small:1.92%;\"><div class=\"fusion-column-wrapper fusion-flex-justify-content-flex-start fusion-content-layout-column\"><div class=\"fusion-text fusion-text-1\"><h2>Els residents universitaris a Barcelona podran gaudir d&#8217;una de les fires m\u00e9s populars i antigues de la ciutat : La Fira de Santa Ll\u00facia.<\/h2>\n<p>A partir del 30 de Novembre 2018, els residents universitaris a Barcelona podran visitar la &#8220;Fira&#8221;m\u00e9s aut\u00e8ntica, la de tota la vida, a l&#8217;<a href=\"https:\/\/www.google.es\/maps\/place\/Av.+de+la+Catedral,+Barcelona\/@41.3848344,2.1738457,17z\/data=!3m1!4b1!4m5!3m4!1s0x12a4a2f993c1e5ed:0x2f2567ad42c77551!8m2!3d41.3848344!4d2.1760344?shorturl=1\" target=\"_blank\" rel=\"noopener\">Avinguda de la Catedral de Barcelona<\/a>.<\/p>\n<p>Amb m\u00e9s de 285 parades, la fira m\u00e9s antiga sobre el m\u00f3n del pessebre i les tradicions nadalenques celebrar\u00e0 la seva 232 aniversari (1786-2018). Aquesta edici\u00f3 la fira oferir\u00e0, a part de les parades tradicionals, algunes novetats.<\/p>\n<p>Una d&#8217;aquestes novetats \u00e9s la reforma iniciada fa quatre anys de les parades o casetes, tant en la seva est\u00e8tica com pel que fa al nou enllumenat nadalenc, i una s\u00e8rie d&#8217;activitats dirigides als m\u00e9s petits de la fam\u00edlia.<\/p>\n<p><a href=\"https:\/\/www.unihabit.com\/wp-content\/uploads\/2020\/10\/firasantallucia1blog_432.jpg\"><img decoding=\"async\" class=\"aligncenter size-full wp-image-5687\" src=\"https:\/\/www.unihabit.com\/wp-content\/uploads\/2020\/10\/firasantallucia1blog_432.jpg\" alt=\"residentes universitarios en Barcelona en Feria Santa Ll\u00facia\" width=\"500\" height=\"375\" title=\"\"><\/a><\/p>\n<p style=\"text-align: center;\">Font:\u00a0hostalmarenostrum.com<\/p>\n<p>Per aix\u00f2, ens agradaria recomanar als residents universitaris a Barcelona, sobretot si sou estrangers, que aprofitin i visitin una de les places m\u00e9s reconegudes a nivell internacional en una de les seves fires m\u00e9s representatives.<\/p>\n<p>Com a residents universitaris a Barcelona sabem que teniu l&#8217;oportunitat de descobrir la ciutat a poc a poc. Compartir moments entranyables amb amics i familiars, mentre us perdeu pels seus carrers i coneixeu la <a href=\"https:\/\/www.firadesantallucia.cat\/\" target=\"_blank\" rel=\"noopener\">hist\u00f2ria<\/a> d&#8217;aquest esdeveniment anual.<\/p>\n<p>La\u00a0Fira\u00a0de Santa Ll\u00facia cada any sorpr\u00e8n oferint <a href=\"https:\/\/www.firadesantallucia.cat\/\" target=\"_blank\" rel=\"noopener\">activitats addicionals<\/a> als seus visitants aprofitant les dates en les quals se celebra i les sinergies establertes amb organitzacions del barri i ciutat en general.<\/p>\n<p>Us recomanem que les consulteu i planegeu una jornada divertida i plena de moviment per no avorrir-vos!<\/p>\n<p><a href=\"https:\/\/www.unihabit.com\/wp-content\/uploads\/2020\/10\/Captura-de-pantalla-2018-11-12-a-les-13.31.54-1024x401.png\"><img decoding=\"async\" class=\"aligncenter size-large wp-image-5690\" src=\"https:\/\/www.unihabit.com\/wp-content\/uploads\/2020\/10\/Captura-de-pantalla-2018-11-12-a-les-13.31.54-1024x401.png\" alt=\"residentes universitarios en Barcelona en Feria Santa Ll\u00facia\" width=\"980\" height=\"384\" title=\"\"><\/a><\/p>\n<h2>\u00a0Artesania i pessebres:<\/h2>\n<p>Si ets un resident universitari a Barcelona i tens previst tornar a la teva casa per passar les festes nadalenques, no desaprofitis l&#8217;oportunitat i evita tornar amb les mans buides.<\/p>\n<p>En la\u00a0Fira\u00a0de Santa Ll\u00facia trobar\u00e0s als millors <a href=\"https:\/\/www.firadesantallucia.cat\/\" target=\"_blank\" rel=\"noopener\">artesans especialitzats <\/a>que t&#8217;oferiran mil i una opcions d&#8217;entre les quals triar la figura, la decoraci\u00f3 i\/o vegetaci\u00f3 ideal per al teu pessebre.<\/p>\n<p>Si vols alguna cosa t\u00edpica de Catalunya, des de\u00a0Unihabit\u00a0et recomanem que tornis amb el tradicional &#8220;Caganer&#8221;. Es una figureta\u00a0del pessebre indispensable i inconfusible, pr\u00f2pia d&#8217;aquesta terra.<\/p>\n<p><a href=\"https:\/\/www.unihabit.com\/wp-content\/uploads\/2020\/10\/el-caganer.jpg\"><img decoding=\"async\" class=\"aligncenter size-large wp-image-5694\" src=\"https:\/\/www.unihabit.com\/wp-content\/uploads\/2020\/10\/el-caganer.jpg\" alt=\"residentes universitarios en Barcelona. Fira Santa Ll\u00facia\" width=\"980\" height=\"873\" title=\"\"><\/a><\/p>\n<p>No perdeu l&#8217;oportunitat de perdre el temps entre paradetes, llums nadalenques i converses banals.\u00a0 Omplen els carrers d&#8217;esperit nadalenc i intercanvi multicultural.<\/p>\n<p>Si acabes d&#8217;arribar a Barcelona o tens pensat passar un temps a aquesta meravellosa ciutat per\u00f2 no saps on quedar-te &#8230; No ho dubtis m\u00e9s! Descobreix les<span style=\"font-family: 'Georgia',serif; color: #333333;\">\u00a0<a href=\"https:\/\/www.unihabit.com\/ca\/\">resid\u00e8ncies universit\u00e0ries Unihabit<\/a>\u00a0i&#8230;<\/span><\/p>\n<p style=\"text-align: center;\"><span style=\"font-family: 'Georgia',serif; color: #333333;\"><strong>\u00a1Que comenci el teu viatge!<\/strong><\/span><\/p>\n<p style=\"text-align: center;\"><a href=\"https:\/\/www.unihabit.com\/ca\/residencia-universitaria-barcelona-gracia\/\"><img decoding=\"async\" class=\"aligncenter wp-image-7090 size-medium\" src=\"https:\/\/www.unihabit.com\/wp-content\/uploads\/2020\/10\/graciaCAT-corretgida-300x106.png\" alt=\"\" width=\"300\" height=\"106\" title=\"\"><\/a><\/p>\n<p style=\"text-align: center;\"><a href=\"https:\/\/www.unihabit.com\/ca\/residencies-universitaries-barcelona\/\"><img decoding=\"async\" class=\"aligncenter wp-image-7082 size-medium\" src=\"https:\/\/www.unihabit.com\/wp-content\/uploads\/2020\/10\/ciutatvellaCAT-corretgida-300x106.png\" alt=\"\" width=\"300\" height=\"106\" title=\"\"><\/a><\/p>\n<\/div><\/div><\/div><\/div><\/div>\n","protected":false},"excerpt":{"rendered":"","protected":false},"author":1,"featured_media":1683,"comment_status":"open","ping_status":"open","sticky":false,"template":"","format":"standard","meta":{"footnotes":""},"categories":[314,29,313],"tags":[178,265,255,256,236,257],"class_list":["post-3548","post","type-post","status-publish","format-standard","has-post-thumbnail","hentry","category-activitats-cultura-barcelona","category-blog","category-unihabit-barcelona-blog","tag-blog-ca","tag-fira-de-santa-llucia-ca","tag-residentes-universitarios-en-barcelona-ca","tag-residents-universitaris-a-barcelona-ca","tag-unihabit-residencias-universitarias-ca","tag-unihabit-residencies-universitaries-ca"],"_links":{"self":[{"href":"https:\/\/www.unihabit.com\/ca\/wp-json\/wp\/v2\/posts\/3548","targetHints":{"allow":["GET"]}}],"collection":[{"href":"https:\/\/www.unihabit.com\/ca\/wp-json\/wp\/v2\/posts"}],"about":[{"href":"https:\/\/www.unihabit.com\/ca\/wp-json\/wp\/v2\/types\/post"}],"author":[{"embeddable":true,"href":"https:\/\/www.unihabit.com\/ca\/wp-json\/wp\/v2\/users\/1"}],"replies":[{"embeddable":true,"href":"https:\/\/www.unihabit.com\/ca\/wp-json\/wp\/v2\/comments?post=3548"}],"version-history":[{"count":4,"href":"https:\/\/www.unihabit.com\/ca\/wp-json\/wp\/v2\/posts\/3548\/revisions"}],"predecessor-version":[{"id":12104,"href":"https:\/\/www.unihabit.com\/ca\/wp-json\/wp\/v2\/posts\/3548\/revisions\/12104"}],"wp:featuredmedia":[{"embeddable":true,"href":"https:\/\/www.unihabit.com\/ca\/wp-json\/wp\/v2\/media\/1683"}],"wp:attachment":[{"href":"https:\/\/www.unihabit.com\/ca\/wp-json\/wp\/v2\/media?parent=3548"}],"wp:term":[{"taxonomy":"category","embeddable":true,"href":"https:\/\/www.unihabit.com\/ca\/wp-json\/wp\/v2\/categories?post=3548"},{"taxonomy":"post_tag","embeddable":true,"href":"https:\/\/www.unihabit.com\/ca\/wp-json\/wp\/v2\/tags?post=3548"}],"curies":[{"name":"wp","href":"https:\/\/api.w.org\/{rel}","templated":true}]}}