{"id":3550,"date":"2024-11-29T10:00:29","date_gmt":"2024-11-29T08:00:29","guid":{"rendered":"https:\/\/www.unihabit.com\/blog\/guia-nadal-catalunya-estudiant-universitari-festes-clau\/"},"modified":"2025-11-24T15:59:27","modified_gmt":"2025-11-24T13:59:27","slug":"barcelona-nadal-2025-estudiants","status":"publish","type":"post","link":"https:\/\/www.unihabit.com\/ca\/barcelona-nadal-2025-estudiants\/","title":{"rendered":"Guia de Barcelona Nadal 2025 per a estudiants universitaris: Les festes clau"},"content":{"rendered":"<div class=\"fusion-fullwidth fullwidth-box fusion-builder-row-1 fusion-flex-container nonhundred-percent-fullwidth non-hundred-percent-height-scrolling\" style=\"--awb-border-radius-top-left:0px;--awb-border-radius-top-right:0px;--awb-border-radius-bottom-right:0px;--awb-border-radius-bottom-left:0px;--awb-flex-wrap:wrap;\" ><div class=\"fusion-builder-row fusion-row fusion-flex-align-items-flex-start fusion-flex-content-wrap\" style=\"max-width:1248px;margin-left: calc(-4% \/ 2 );margin-right: calc(-4% \/ 2 );\"><div class=\"fusion-layout-column fusion_builder_column fusion-builder-column-0 fusion_builder_column_1_1 1_1 fusion-flex-column\" style=\"--awb-bg-size:cover;--awb-width-large:100%;--awb-margin-top-large:0px;--awb-spacing-right-large:1.92%;--awb-margin-bottom-large:0px;--awb-spacing-left-large:1.92%;--awb-width-medium:100%;--awb-spacing-right-medium:1.92%;--awb-spacing-left-medium:1.92%;--awb-width-small:100%;--awb-spacing-right-small:1.92%;--awb-spacing-left-small:1.92%;\"><div class=\"fusion-column-wrapper fusion-flex-justify-content-flex-start fusion-content-layout-column\"><div class=\"fusion-text fusion-text-1\" style=\"--awb-content-alignment:justify;\">\n<\/div><div class=\"fusion-text fusion-text-2\" style=\"--awb-content-alignment:justify;\"><p><span style=\"font-weight: 400;\">Si aquest curs est\u00e0s estudiant a Catalunya, o en una de les <\/span><b>resdi\u00e8ncies universit\u00e0ries <\/b><a href=\"https:\/\/www.unihabit.com\/ca\/\"><b>Unihabit<\/b><\/a><span style=\"font-weight: 400;\"> no pots perdre\u2019t com es viu el <\/span><b>Nadal a Barcelona 2025.<\/b><\/p>\n<p><span style=\"font-weight: 400;\">En aquesta guia t\u2019expliquem <\/span><b>quan s\u2019encenen els llums de Nadal a Barcelona 2025<\/b><span style=\"font-weight: 400;\">, les <\/span><b>dates m\u00e9s importants del calendari nadalenc<\/b><span style=\"font-weight: 400;\"> i les <\/span><b>tradicions catalanes<\/b><span style=\"font-weight: 400;\"> que has de viure almenys una vegada mentre estudies aqu\u00ed.<\/span><\/p>\n<\/div><div class=\"fusion-title title fusion-title-1 fusion-sep-none fusion-title-text fusion-title-size-two\"><h2 class=\"fusion-title-heading title-heading-left\" style=\"margin:0;\"><b>Barcelona per Nadal 2025: les dates clau i calendari<\/b><\/h2><\/div><div class=\"fusion-text fusion-text-3\" style=\"--awb-content-alignment:justify;\"><p><span style=\"font-weight: 400;\">El <\/span><b>Nadal 2025 a Catalunya<\/b><span style=\"font-weight: 400;\"> comen\u00e7a oficialment amb l\u2019encesa dels llums a finals de novembre i s\u2019allarga fins a l\u2019arribada dels Reis Mags al gener. Els carrers s\u2019omplen de color, els mercats nadalencs obren les seves portes i l\u2019ambient festiu es respira a cada rac\u00f3.<\/span><\/p>\n<p><span style=\"font-weight: 400;\">Des de les <\/span><a href=\"https:\/\/www.unihabit.com\/ca\/\"><span style=\"font-weight: 400;\">resid\u00e8ncies universit\u00e0ries de Unihabit<\/span><\/a><span style=\"font-weight: 400;\"> oferim una guia per a l\u2019estudiant universitari que no es vol perdre els dies m\u00e9s m\u00e0gics de les festes de Nadal.\u00a0<\/span><\/p>\n<p><span style=\"font-weight: 400;\">Agafa el calendari i apunta totes aquelles tradicions que no et pots perdre!<\/span><\/p>\n<\/div><\/div><\/div><div class=\"fusion-layout-column fusion_builder_column fusion-builder-column-1 fusion_builder_column_1_2 1_2 fusion-flex-column fusion-flex-align-self-center\" style=\"--awb-bg-size:cover;--awb-width-large:50%;--awb-margin-top-large:0px;--awb-spacing-right-large:3.84%;--awb-margin-bottom-large:20px;--awb-spacing-left-large:3.84%;--awb-width-medium:50%;--awb-order-medium:0;--awb-spacing-right-medium:3.84%;--awb-spacing-left-medium:3.84%;--awb-width-small:100%;--awb-order-small:0;--awb-spacing-right-small:1.92%;--awb-spacing-left-small:1.92%;\" data-scroll-devices=\"small-visibility,medium-visibility,large-visibility\"><div class=\"fusion-column-wrapper fusion-column-has-shadow fusion-flex-justify-content-flex-start fusion-content-layout-column\"><div class=\"fusion-title title fusion-title-2 fusion-sep-none fusion-title-text fusion-title-size-three\"><h3 class=\"fusion-title-heading title-heading-left\" style=\"margin:0;\"><strong>Calendari Nadal a Catalunya<\/strong><\/h3><\/div><div class=\"fusion-text fusion-text-4\" style=\"--awb-content-alignment:justify;\"><ul>\n<li style=\"font-weight: 400;\" aria-level=\"1\"><span style=\"font-weight: 400;\">22 de novembre: Encesa dels llums de Nadal a Barcelona<\/span><\/li>\n<li>24 de desembre: Nit de Nadal i Cagar el Ti\u00f3<\/li>\n<li>25 de desembre: Dia de Nadal<\/li>\n<li>26 de desembre: Sant Esteban<\/li>\n<li>28 de desembre: Santos innocents<\/li>\n<li>31 de desembre: Cap d&#8217;any<\/li>\n<li>1 de gener: Any Nou<\/li>\n<li>5 de gener: Cavalcada de Reis<\/li>\n<li>6 de gener: Dia de Reis<\/li>\n<\/ul>\n<\/div><\/div><\/div><div class=\"fusion-layout-column fusion_builder_column fusion-builder-column-2 fusion_builder_column_1_2 1_2 fusion-flex-column fusion-flex-align-self-center\" style=\"--awb-bg-size:cover;--awb-width-large:50%;--awb-margin-top-large:0px;--awb-spacing-right-large:3.84%;--awb-margin-bottom-large:20px;--awb-spacing-left-large:3.84%;--awb-width-medium:50%;--awb-order-medium:0;--awb-spacing-right-medium:3.84%;--awb-spacing-left-medium:3.84%;--awb-width-small:100%;--awb-order-small:0;--awb-spacing-right-small:1.92%;--awb-spacing-left-small:1.92%;\" data-scroll-devices=\"small-visibility,medium-visibility,large-visibility\"><div class=\"fusion-column-wrapper fusion-column-has-shadow fusion-flex-justify-content-flex-start fusion-content-layout-column\"><div class=\"fusion-image-element \" style=\"text-align:center;--awb-caption-title-font-family:var(--h2_typography-font-family);--awb-caption-title-font-weight:var(--h2_typography-font-weight);--awb-caption-title-font-style:var(--h2_typography-font-style);--awb-caption-title-size:var(--h2_typography-font-size);--awb-caption-title-transform:var(--h2_typography-text-transform);--awb-caption-title-line-height:var(--h2_typography-line-height);--awb-caption-title-letter-spacing:var(--h2_typography-letter-spacing);\"><span class=\" fusion-imageframe imageframe-none imageframe-1 hover-type-none\"><img decoding=\"async\" width=\"900\" height=\"600\" alt=\"calendario barcelona navidad 2024\" title=\"calendario barcelona navidad 2024\" src=\"https:\/\/www.unihabit.com\/wp-content\/uploads\/2018\/11\/calendario-barcelona-navidad-2024.jpg\" class=\"img-responsive wp-image-14686\" srcset=\"https:\/\/www.unihabit.com\/wp-content\/uploads\/2018\/11\/calendario-barcelona-navidad-2024-200x133.jpg 200w, https:\/\/www.unihabit.com\/wp-content\/uploads\/2018\/11\/calendario-barcelona-navidad-2024-400x267.jpg 400w, https:\/\/www.unihabit.com\/wp-content\/uploads\/2018\/11\/calendario-barcelona-navidad-2024-600x400.jpg 600w, https:\/\/www.unihabit.com\/wp-content\/uploads\/2018\/11\/calendario-barcelona-navidad-2024-800x533.jpg 800w, https:\/\/www.unihabit.com\/wp-content\/uploads\/2018\/11\/calendario-barcelona-navidad-2024.jpg 900w\" sizes=\"(max-width: 640px) 100vw, 600px\" \/><\/span><\/div><\/div><\/div><div class=\"fusion-layout-column fusion_builder_column fusion-builder-column-3 fusion_builder_column_1_1 1_1 fusion-flex-column\" style=\"--awb-bg-size:cover;--awb-width-large:100%;--awb-margin-top-large:0px;--awb-spacing-right-large:1.92%;--awb-margin-bottom-large:20px;--awb-spacing-left-large:1.92%;--awb-width-medium:100%;--awb-order-medium:0;--awb-spacing-right-medium:1.92%;--awb-spacing-left-medium:1.92%;--awb-width-small:100%;--awb-order-small:0;--awb-spacing-right-small:1.92%;--awb-spacing-left-small:1.92%;\"><div class=\"fusion-column-wrapper fusion-column-has-shadow fusion-flex-justify-content-flex-start fusion-content-layout-column\"><div class=\"fusion-title title fusion-title-3 fusion-sep-none fusion-title-text fusion-title-size-two\"><h2 class=\"fusion-title-heading title-heading-left\" style=\"margin:0;\"><strong>Tradicions a Barcelona Nadal 2025<\/strong><\/h2><\/div><\/div><\/div><div class=\"fusion-layout-column fusion_builder_column fusion-builder-column-4 fusion_builder_column_1_2 1_2 fusion-flex-column fusion-flex-align-self-center\" style=\"--awb-bg-size:cover;--awb-width-large:50%;--awb-margin-top-large:0px;--awb-spacing-right-large:3.84%;--awb-margin-bottom-large:20px;--awb-spacing-left-large:3.84%;--awb-width-medium:50%;--awb-order-medium:0;--awb-spacing-right-medium:3.84%;--awb-spacing-left-medium:3.84%;--awb-width-small:100%;--awb-order-small:0;--awb-spacing-right-small:1.92%;--awb-spacing-left-small:1.92%;\" data-scroll-devices=\"small-visibility,medium-visibility,large-visibility\"><div class=\"fusion-column-wrapper fusion-column-has-shadow fusion-flex-justify-content-flex-start fusion-content-layout-column\"><div class=\"fusion-title title fusion-title-4 fusion-sep-none fusion-title-text fusion-title-size-three\"><h3 class=\"fusion-title-heading title-heading-left\" style=\"margin:0;\"><strong>Nit de Nadal Caga Ti\u00f3 &#8211; 24 de desembre<\/strong><\/h3><\/div><div class=\"fusion-text fusion-text-5\" style=\"--awb-content-alignment:justify;\"><p><span style=\"font-weight: 400;\">Per a molts, la Nit de Nadal simbolitza l\u2019arribada de Santa Claus. No obstant aix\u00f2, per a molts nens catalans hi ha una figura m\u00e9s important i m\u00e0gica: el Ti\u00f3. Una tradici\u00f3 que nom\u00e9s se celebra a Catalunya, per\u00f2 que ja s\u2019ha donat a con\u00e8ixer a tot el m\u00f3n. Aix\u00ed que si ets estudiant universitari a Barcelona, Girona, Sant Cugat o Manresa, no te la pots perdre.<\/span><\/p>\n<p><span style=\"font-weight: 400;\">Dies abans del 24 de desembre a la nit, cada fam\u00edlia construeix un Ti\u00f3, amb un tronc de fusta. Els m\u00e9s petits li van donant moderi perqu\u00e8 el Ti\u00f3 es vagi fent major i m\u00e9s gran. (El que significa regals i m\u00e9s regals!). El 24 de desembre a la nit, amb tota la fam\u00edlia, celebren la tradici\u00f3 cantant al voltant del Ti\u00f3 mentre li donen cops amb un pal. La millor sorpresa? Que el Ti\u00f3 caga regals!!<\/span><\/p>\n<\/div><\/div><\/div><div class=\"fusion-layout-column fusion_builder_column fusion-builder-column-5 fusion_builder_column_1_2 1_2 fusion-flex-column fusion-flex-align-self-center\" style=\"--awb-bg-size:cover;--awb-width-large:50%;--awb-margin-top-large:0px;--awb-spacing-right-large:3.84%;--awb-margin-bottom-large:20px;--awb-spacing-left-large:3.84%;--awb-width-medium:50%;--awb-order-medium:0;--awb-spacing-right-medium:3.84%;--awb-spacing-left-medium:3.84%;--awb-width-small:100%;--awb-order-small:0;--awb-spacing-right-small:1.92%;--awb-spacing-left-small:1.92%;\" data-scroll-devices=\"small-visibility,medium-visibility,large-visibility\"><div class=\"fusion-column-wrapper fusion-column-has-shadow fusion-flex-justify-content-flex-start fusion-content-layout-column\"><div class=\"fusion-image-element \" style=\"text-align:center;--awb-caption-title-font-family:var(--h2_typography-font-family);--awb-caption-title-font-weight:var(--h2_typography-font-weight);--awb-caption-title-font-style:var(--h2_typography-font-style);--awb-caption-title-size:var(--h2_typography-font-size);--awb-caption-title-transform:var(--h2_typography-text-transform);--awb-caption-title-line-height:var(--h2_typography-line-height);--awb-caption-title-letter-spacing:var(--h2_typography-letter-spacing);\"><span class=\" fusion-imageframe imageframe-none imageframe-2 hover-type-none\"><img decoding=\"async\" width=\"900\" height=\"600\" alt=\"caga tio barcelona navidad 2024\" title=\"caga tio barcelona navidad 2024\" src=\"https:\/\/www.unihabit.com\/wp-content\/uploads\/2018\/11\/caga-tio-barcelona-navidad-2024.jpg\" class=\"img-responsive wp-image-14683\" srcset=\"https:\/\/www.unihabit.com\/wp-content\/uploads\/2018\/11\/caga-tio-barcelona-navidad-2024-200x133.jpg 200w, https:\/\/www.unihabit.com\/wp-content\/uploads\/2018\/11\/caga-tio-barcelona-navidad-2024-400x267.jpg 400w, https:\/\/www.unihabit.com\/wp-content\/uploads\/2018\/11\/caga-tio-barcelona-navidad-2024-600x400.jpg 600w, https:\/\/www.unihabit.com\/wp-content\/uploads\/2018\/11\/caga-tio-barcelona-navidad-2024-800x533.jpg 800w, https:\/\/www.unihabit.com\/wp-content\/uploads\/2018\/11\/caga-tio-barcelona-navidad-2024.jpg 900w\" sizes=\"(max-width: 640px) 100vw, 600px\" \/><\/span><\/div><\/div><\/div><div class=\"fusion-layout-column fusion_builder_column fusion-builder-column-6 fusion_builder_column_1_2 1_2 fusion-flex-column fusion-flex-align-self-center\" style=\"--awb-bg-size:cover;--awb-width-large:50%;--awb-margin-top-large:0px;--awb-spacing-right-large:3.84%;--awb-margin-bottom-large:20px;--awb-spacing-left-large:3.84%;--awb-width-medium:50%;--awb-order-medium:0;--awb-spacing-right-medium:3.84%;--awb-spacing-left-medium:3.84%;--awb-width-small:100%;--awb-order-small:0;--awb-spacing-right-small:1.92%;--awb-spacing-left-small:1.92%;\" data-scroll-devices=\"small-visibility,medium-visibility,large-visibility\"><div class=\"fusion-column-wrapper fusion-column-has-shadow fusion-flex-justify-content-flex-start fusion-content-layout-column\"><div class=\"fusion-image-element \" style=\"text-align:center;--awb-caption-title-font-family:var(--h2_typography-font-family);--awb-caption-title-font-weight:var(--h2_typography-font-weight);--awb-caption-title-font-style:var(--h2_typography-font-style);--awb-caption-title-size:var(--h2_typography-font-size);--awb-caption-title-transform:var(--h2_typography-text-transform);--awb-caption-title-line-height:var(--h2_typography-line-height);--awb-caption-title-letter-spacing:var(--h2_typography-letter-spacing);\"><span class=\" fusion-imageframe imageframe-none imageframe-3 hover-type-none\"><img decoding=\"async\" width=\"900\" height=\"600\" alt=\"barcelona en navidad 2024\" title=\"barcelona en navidad 2024\" src=\"https:\/\/www.unihabit.com\/wp-content\/uploads\/2018\/11\/barcelona-en-navidad-2024.jpg\" class=\"img-responsive wp-image-14677\" srcset=\"https:\/\/www.unihabit.com\/wp-content\/uploads\/2018\/11\/barcelona-en-navidad-2024-200x133.jpg 200w, https:\/\/www.unihabit.com\/wp-content\/uploads\/2018\/11\/barcelona-en-navidad-2024-400x267.jpg 400w, https:\/\/www.unihabit.com\/wp-content\/uploads\/2018\/11\/barcelona-en-navidad-2024-600x400.jpg 600w, https:\/\/www.unihabit.com\/wp-content\/uploads\/2018\/11\/barcelona-en-navidad-2024-800x533.jpg 800w, https:\/\/www.unihabit.com\/wp-content\/uploads\/2018\/11\/barcelona-en-navidad-2024.jpg 900w\" sizes=\"(max-width: 640px) 100vw, 600px\" \/><\/span><\/div><\/div><\/div><div class=\"fusion-layout-column fusion_builder_column fusion-builder-column-7 fusion_builder_column_1_2 1_2 fusion-flex-column fusion-flex-align-self-center\" style=\"--awb-bg-size:cover;--awb-width-large:50%;--awb-margin-top-large:0px;--awb-spacing-right-large:3.84%;--awb-margin-bottom-large:20px;--awb-spacing-left-large:3.84%;--awb-width-medium:50%;--awb-order-medium:0;--awb-spacing-right-medium:3.84%;--awb-spacing-left-medium:3.84%;--awb-width-small:100%;--awb-order-small:0;--awb-spacing-right-small:1.92%;--awb-spacing-left-small:1.92%;\" data-scroll-devices=\"small-visibility,medium-visibility,large-visibility\"><div class=\"fusion-column-wrapper fusion-column-has-shadow fusion-flex-justify-content-flex-start fusion-content-layout-column\"><div class=\"fusion-title title fusion-title-5 fusion-sep-none fusion-title-text fusion-title-size-three\"><h3 class=\"fusion-title-heading title-heading-left\" style=\"margin:0;\"><strong>Dia de Nadal \u2013 25 de desembre, <i>fum-fum-fum<\/i><\/strong><\/h3><\/div><div class=\"fusion-text fusion-text-6\" style=\"--awb-content-alignment:justify;\"><p>El dia de Nadal, com \u00e9s habitual en els altres pa\u00efsos que celebren aquesta festivitat cristiana, cau en 25 de desembre. Normalment, a Catalunya tothom es reuneix per a menjar amb la fam\u00edlia i celebrar Nadal amb un menjar d&#8217;all\u00f2 m\u00e9s deliciosa!<\/p>\n<p>El men\u00fa m\u00e9s t\u00edpic per al dia de Nadal \u00e9s la\u00a0escudella,\u00a0carn\u00a0d\u2019olla o sopa de\u00a0galets\u00a0com primer plat i pollastre farcit, carn en salsa, o canelons de segon. Per\u00f2 no oblidis deixar espai per a les postres! Acaba el menjar gaudint dels dol\u00e7os t\u00edpics de Nadal com a torrons, neules, polvorons,\u00a0panettone, etc. I finalment, brinda amb el cava!<\/p>\n<p>I si ets dels quals aguanta les ganes d&#8217;obrir els regals, despr\u00e9s del menjar ser\u00e0 el millor moment.<\/p>\n<\/div><\/div><\/div><div class=\"fusion-layout-column fusion_builder_column fusion-builder-column-8 fusion_builder_column_1_2 1_2 fusion-flex-column fusion-flex-align-self-center\" style=\"--awb-bg-size:cover;--awb-width-large:50%;--awb-margin-top-large:0px;--awb-spacing-right-large:3.84%;--awb-margin-bottom-large:20px;--awb-spacing-left-large:3.84%;--awb-width-medium:50%;--awb-order-medium:0;--awb-spacing-right-medium:3.84%;--awb-spacing-left-medium:3.84%;--awb-width-small:100%;--awb-order-small:0;--awb-spacing-right-small:1.92%;--awb-spacing-left-small:1.92%;\" data-scroll-devices=\"small-visibility,medium-visibility,large-visibility\"><div class=\"fusion-column-wrapper fusion-column-has-shadow fusion-flex-justify-content-flex-start fusion-content-layout-column\"><div class=\"fusion-title title fusion-title-6 fusion-sep-none fusion-title-text fusion-title-size-three\"><h3 class=\"fusion-title-heading title-heading-left\" style=\"margin:0;\"><strong>Sant Esteban \u2013 26 de desembre<\/strong><\/h3><\/div><div class=\"fusion-text fusion-text-7\" style=\"--awb-content-alignment:justify;\"><p>Per si el menjar de Nadal no \u00e9s suficient, el dia despr\u00e9s arriba Sant Esteban. En aquest menjar, podr\u00e0s continuar gaudint de la teva fam\u00edlia, tant si celebres el dia de Nadal amb ells o no.<\/p>\n<\/div><\/div><\/div><div class=\"fusion-layout-column fusion_builder_column fusion-builder-column-9 fusion_builder_column_1_2 1_2 fusion-flex-column fusion-flex-align-self-center\" style=\"--awb-bg-size:cover;--awb-width-large:50%;--awb-margin-top-large:0px;--awb-spacing-right-large:3.84%;--awb-margin-bottom-large:20px;--awb-spacing-left-large:3.84%;--awb-width-medium:50%;--awb-order-medium:0;--awb-spacing-right-medium:3.84%;--awb-spacing-left-medium:3.84%;--awb-width-small:100%;--awb-order-small:0;--awb-spacing-right-small:1.92%;--awb-spacing-left-small:1.92%;\" data-scroll-devices=\"small-visibility,medium-visibility,large-visibility\"><div class=\"fusion-column-wrapper fusion-column-has-shadow fusion-flex-justify-content-flex-start fusion-content-layout-column\"><div class=\"fusion-image-element \" style=\"text-align:center;--awb-caption-title-font-family:var(--h2_typography-font-family);--awb-caption-title-font-weight:var(--h2_typography-font-weight);--awb-caption-title-font-style:var(--h2_typography-font-style);--awb-caption-title-size:var(--h2_typography-font-size);--awb-caption-title-transform:var(--h2_typography-text-transform);--awb-caption-title-line-height:var(--h2_typography-line-height);--awb-caption-title-letter-spacing:var(--h2_typography-letter-spacing);\"><span class=\" fusion-imageframe imageframe-none imageframe-4 hover-type-none\"><img decoding=\"async\" width=\"900\" height=\"600\" alt=\"san esteban barcelona navidad 2024\" title=\"san esteban barcelona navidad 2024\" src=\"https:\/\/www.unihabit.com\/wp-content\/uploads\/2018\/11\/san-esteban-barcelona-navidad-2024.jpg\" class=\"img-responsive wp-image-14692\" srcset=\"https:\/\/www.unihabit.com\/wp-content\/uploads\/2018\/11\/san-esteban-barcelona-navidad-2024-200x133.jpg 200w, https:\/\/www.unihabit.com\/wp-content\/uploads\/2018\/11\/san-esteban-barcelona-navidad-2024-400x267.jpg 400w, https:\/\/www.unihabit.com\/wp-content\/uploads\/2018\/11\/san-esteban-barcelona-navidad-2024-600x400.jpg 600w, https:\/\/www.unihabit.com\/wp-content\/uploads\/2018\/11\/san-esteban-barcelona-navidad-2024-800x533.jpg 800w, https:\/\/www.unihabit.com\/wp-content\/uploads\/2018\/11\/san-esteban-barcelona-navidad-2024.jpg 900w\" sizes=\"(max-width: 640px) 100vw, 600px\" \/><\/span><\/div><\/div><\/div><div class=\"fusion-layout-column fusion_builder_column fusion-builder-column-10 fusion_builder_column_1_2 1_2 fusion-flex-column fusion-flex-align-self-center\" style=\"--awb-bg-size:cover;--awb-width-large:50%;--awb-margin-top-large:0px;--awb-spacing-right-large:3.84%;--awb-margin-bottom-large:20px;--awb-spacing-left-large:3.84%;--awb-width-medium:50%;--awb-order-medium:0;--awb-spacing-right-medium:3.84%;--awb-spacing-left-medium:3.84%;--awb-width-small:100%;--awb-order-small:0;--awb-spacing-right-small:1.92%;--awb-spacing-left-small:1.92%;\" data-scroll-devices=\"small-visibility,medium-visibility,large-visibility\"><div class=\"fusion-column-wrapper fusion-column-has-shadow fusion-flex-justify-content-flex-start fusion-content-layout-column\"><div class=\"fusion-image-element \" style=\"text-align:center;--awb-caption-title-font-family:var(--h2_typography-font-family);--awb-caption-title-font-weight:var(--h2_typography-font-weight);--awb-caption-title-font-style:var(--h2_typography-font-style);--awb-caption-title-size:var(--h2_typography-font-size);--awb-caption-title-transform:var(--h2_typography-text-transform);--awb-caption-title-line-height:var(--h2_typography-line-height);--awb-caption-title-letter-spacing:var(--h2_typography-letter-spacing);\"><span class=\" fusion-imageframe imageframe-none imageframe-5 hover-type-none\"><img decoding=\"async\" width=\"900\" height=\"600\" alt=\"reyes barcelona navidad 2024\" title=\"reyes barcelona navidad 2024\" src=\"https:\/\/www.unihabit.com\/wp-content\/uploads\/2018\/11\/reyes-barcelona-navidad-2024.jpg\" class=\"img-responsive wp-image-14689\" srcset=\"https:\/\/www.unihabit.com\/wp-content\/uploads\/2018\/11\/reyes-barcelona-navidad-2024-200x133.jpg 200w, https:\/\/www.unihabit.com\/wp-content\/uploads\/2018\/11\/reyes-barcelona-navidad-2024-400x267.jpg 400w, https:\/\/www.unihabit.com\/wp-content\/uploads\/2018\/11\/reyes-barcelona-navidad-2024-600x400.jpg 600w, https:\/\/www.unihabit.com\/wp-content\/uploads\/2018\/11\/reyes-barcelona-navidad-2024-800x533.jpg 800w, https:\/\/www.unihabit.com\/wp-content\/uploads\/2018\/11\/reyes-barcelona-navidad-2024.jpg 900w\" sizes=\"(max-width: 640px) 100vw, 600px\" \/><\/span><\/div><\/div><\/div><div class=\"fusion-layout-column fusion_builder_column fusion-builder-column-11 fusion_builder_column_1_2 1_2 fusion-flex-column fusion-flex-align-self-center\" style=\"--awb-bg-size:cover;--awb-width-large:50%;--awb-margin-top-large:0px;--awb-spacing-right-large:3.84%;--awb-margin-bottom-large:20px;--awb-spacing-left-large:3.84%;--awb-width-medium:50%;--awb-order-medium:0;--awb-spacing-right-medium:3.84%;--awb-spacing-left-medium:3.84%;--awb-width-small:100%;--awb-order-small:0;--awb-spacing-right-small:1.92%;--awb-spacing-left-small:1.92%;\" data-scroll-devices=\"small-visibility,medium-visibility,large-visibility\"><div class=\"fusion-column-wrapper fusion-column-has-shadow fusion-flex-justify-content-flex-start fusion-content-layout-column\"><div class=\"fusion-title title fusion-title-7 fusion-sep-none fusion-title-text fusion-title-size-three\"><h3 class=\"fusion-title-heading title-heading-left\" style=\"margin:0;\"><strong>Arriben els Reis Mags &#8211; 5 i 6 de gener<\/strong><\/h3><\/div><div class=\"fusion-text fusion-text-8\" style=\"--awb-content-alignment:justify;\"><p>La cavalcada dels Reis Mags des d&#8217;Orient, amb tots els regals que deixen per a xemeneies i balcons \u00e9s aquella tradici\u00f3 que no sols enamora als nens, sin\u00f3 tamb\u00e9 als m\u00e9s grans, b\u00e9 siguis estudiant universitari o un visitant espontani.<\/p>\n<p>Si ets estudiant en\u00a0Unihabit, ja sigui a Barcelona, Girona, Sant Cugat o Manresa el dia 5 de gener podr\u00e0s gaudir d&#8217;una espectacular cavalcada de Reis. I si enguany t&#8217;has portat b\u00e9, no oblidis anar-te a dormir aviat per a obrir els regals el mat\u00ed del 6 de gener!<\/p>\n<\/div><\/div><\/div><div class=\"fusion-layout-column fusion_builder_column fusion-builder-column-12 fusion_builder_column_1_1 1_1 fusion-flex-column\" style=\"--awb-bg-size:cover;--awb-width-large:100%;--awb-margin-top-large:0px;--awb-spacing-right-large:1.92%;--awb-margin-bottom-large:20px;--awb-spacing-left-large:1.92%;--awb-width-medium:100%;--awb-order-medium:0;--awb-spacing-right-medium:1.92%;--awb-spacing-left-medium:1.92%;--awb-width-small:100%;--awb-order-small:0;--awb-spacing-right-small:1.92%;--awb-spacing-left-small:1.92%;\"><div class=\"fusion-column-wrapper fusion-column-has-shadow fusion-flex-justify-content-flex-start fusion-content-layout-column\"><div class=\"fusion-title title fusion-title-8 fusion-sep-none fusion-title-text fusion-title-size-two\"><h2 class=\"fusion-title-heading title-heading-left\" style=\"margin:0;\"><b>Els llums de Nadal a Barcelona 2025: dates i llocs imprescindibles<\/b><\/h2><\/div><div class=\"fusion-text fusion-text-9\" style=\"--awb-content-alignment:justify;\"><p><span style=\"font-weight: 400;\">Un dels moments m\u00e9s esperats \u00e9s l<\/span><b>\u2019encesa dels llums de Nadal a Barcelona 2025<\/b><span style=\"font-weight: 400;\">, que est\u00e0 prevista per al<\/span><b> 22 de novembre<\/b><span style=\"font-weight: 400;\">. A partir d\u2019aquesta data, la ciutat es transforma en un espectacle de llum i color.<\/span><\/p>\n<p><b>Llocs on gaudir dels llums nadalencs 2025:<\/b><\/p>\n<ul>\n<li style=\"font-weight: 400;\" aria-level=\"1\"><b>Passeig de Gr\u00e0cia:<\/b><span style=\"font-weight: 400;\"> els llums m\u00e9s elegants de la ciutat.<\/span><\/li>\n<li style=\"font-weight: 400;\" aria-level=\"1\"><b>Portal de l\u2019\u00c0ngel:<\/b><span style=\"font-weight: 400;\"> l\u2019epicentre de les compres nadalenques.<\/span><\/li>\n<li style=\"font-weight: 400;\" aria-level=\"1\"><b>Pla\u00e7a Catalunya:<\/b><span style=\"font-weight: 400;\"> amb un arbre gegant i activitats.<\/span><\/li>\n<li style=\"font-weight: 400;\" aria-level=\"1\"><b>La Rambla i el Born:<\/b><span style=\"font-weight: 400;\"> ambient perfecte per passejar i prendre una xocolata calenta.<\/span><\/li>\n<li style=\"font-weight: 400;\" aria-level=\"1\"><b>Sagrada Fam\u00edlia:<\/b><span style=\"font-weight: 400;\"> el seu mercat i decoraci\u00f3 s\u00f3n un cl\u00e0ssic.<\/span><\/li>\n<\/ul>\n<p><span style=\"font-weight: 400;\">Si vols con\u00e8ixer m\u00e9s activitats, mercats i plans originals per gaudir de la ciutat durant les festes, no et perdis el nostre article <\/span><a href=\"https:\/\/www.unihabit.com\/ca\/plans-per-a-fer-a-barcelona-per-nadal\/\"><b>Plans per fer a Barcelona per Nadal<\/b><\/a><span style=\"font-weight: 400;\">.<\/span><\/p>\n<\/div><\/div><\/div><div class=\"fusion-layout-column fusion_builder_column fusion-builder-column-13 fusion_builder_column_1_1 1_1 fusion-flex-column\" style=\"--awb-bg-size:cover;--awb-width-large:100%;--awb-margin-top-large:0px;--awb-spacing-right-large:1.92%;--awb-margin-bottom-large:20px;--awb-spacing-left-large:1.92%;--awb-width-medium:100%;--awb-order-medium:0;--awb-spacing-right-medium:1.92%;--awb-spacing-left-medium:1.92%;--awb-width-small:100%;--awb-order-small:0;--awb-spacing-right-small:1.92%;--awb-spacing-left-small:1.92%;\"><div class=\"fusion-column-wrapper fusion-column-has-shadow fusion-flex-justify-content-flex-start fusion-content-layout-column\"><div class=\"fusion-title title fusion-title-9 fusion-sep-none fusion-title-text fusion-title-size-two\"><h2 class=\"fusion-title-heading title-heading-left\" style=\"margin:0;\"><strong>Viu Nadal a Barcelona 2025 des de les resid\u00e8ncies universit\u00e0ries Unihabit<\/strong><\/h2><\/div><div class=\"fusion-text fusion-text-10\" style=\"--awb-content-alignment:justify;\"><p><span style=\"font-weight: 400;\">Tant si t\u2019allotges en les nostres <\/span><a href=\"https:\/\/www.unihabit.com\/ca\/residencies-universitaries-barcelona\/\"><span style=\"font-weight: 400;\">resid\u00e8ncies Unihabit Barcelona<\/span><\/a><span style=\"font-weight: 400;\">, com en les resid\u00e8ncies <\/span><a href=\"https:\/\/www.unihabit.com\/ca\/residencia-universitaria-girona\/\"><span style=\"font-weight: 400;\">Unihabit Girona<\/span><\/a><span style=\"font-weight: 400;\">, <\/span><a href=\"https:\/\/www.unihabit.com\/ca\/residencia-universitaria-sant-cugat\/\"><span style=\"font-weight: 400;\">Unihabit Sant Cugat<\/span><\/a><span style=\"font-weight: 400;\"> o <\/span><a href=\"https:\/\/www.unihabit.com\/ca\/residencia-universitaria-manresa\/\"><span style=\"font-weight: 400;\">Unihabit Manresa<\/span><\/a><span style=\"font-weight: 400;\">, podr\u00e0s gaudir de l\u2019ambient nadalenc que ja comen\u00e7a a apuntar-se en les diferents ciutats. A m\u00e9s, amb la teva resta de companys gaudir\u00e0s de decorar la resid\u00e8ncia amb la decoraci\u00f3 de Nadal i, per qu\u00e8 no organitzar un sopar de Nadal abans de les vacances de Nadal?<\/span><\/p>\n<\/div><\/div><\/div><\/div><\/div>\n","protected":false},"excerpt":{"rendered":"","protected":false},"author":1,"featured_media":14680,"comment_status":"open","ping_status":"open","sticky":false,"template":"","format":"standard","meta":{"footnotes":""},"categories":[314,29,313],"tags":[259,256,257],"class_list":["post-3550","post","type-post","status-publish","format-standard","has-post-thumbnail","hentry","category-activitats-cultura-barcelona","category-blog","category-unihabit-barcelona-blog","tag-estudiant-universitari-ca","tag-residents-universitaris-a-barcelona-ca","tag-unihabit-residencies-universitaries-ca"],"_links":{"self":[{"href":"https:\/\/www.unihabit.com\/ca\/wp-json\/wp\/v2\/posts\/3550","targetHints":{"allow":["GET"]}}],"collection":[{"href":"https:\/\/www.unihabit.com\/ca\/wp-json\/wp\/v2\/posts"}],"about":[{"href":"https:\/\/www.unihabit.com\/ca\/wp-json\/wp\/v2\/types\/post"}],"author":[{"embeddable":true,"href":"https:\/\/www.unihabit.com\/ca\/wp-json\/wp\/v2\/users\/1"}],"replies":[{"embeddable":true,"href":"https:\/\/www.unihabit.com\/ca\/wp-json\/wp\/v2\/comments?post=3550"}],"version-history":[{"count":10,"href":"https:\/\/www.unihabit.com\/ca\/wp-json\/wp\/v2\/posts\/3550\/revisions"}],"predecessor-version":[{"id":14696,"href":"https:\/\/www.unihabit.com\/ca\/wp-json\/wp\/v2\/posts\/3550\/revisions\/14696"}],"wp:featuredmedia":[{"embeddable":true,"href":"https:\/\/www.unihabit.com\/ca\/wp-json\/wp\/v2\/media\/14680"}],"wp:attachment":[{"href":"https:\/\/www.unihabit.com\/ca\/wp-json\/wp\/v2\/media?parent=3550"}],"wp:term":[{"taxonomy":"category","embeddable":true,"href":"https:\/\/www.unihabit.com\/ca\/wp-json\/wp\/v2\/categories?post=3550"},{"taxonomy":"post_tag","embeddable":true,"href":"https:\/\/www.unihabit.com\/ca\/wp-json\/wp\/v2\/tags?post=3550"}],"curies":[{"name":"wp","href":"https:\/\/api.w.org\/{rel}","templated":true}]}}