{"id":3551,"date":"2018-12-10T14:46:25","date_gmt":"2018-12-10T12:46:25","guid":{"rendered":"https:\/\/www.unihabit.com\/blog\/residencies-universitaries-unihabit-pobles-encant\/"},"modified":"2025-06-26T12:19:11","modified_gmt":"2025-06-26T10:19:11","slug":"residencies-universitaries-unihabit-pobles-encant","status":"publish","type":"post","link":"https:\/\/www.unihabit.com\/ca\/residencies-universitaries-unihabit-pobles-encant\/","title":{"rendered":"De les resid\u00e8ncies universit\u00e0ries d\u2019Unihabit als pobles amb encant per Nadal"},"content":{"rendered":"<div class=\"fusion-fullwidth fullwidth-box fusion-builder-row-1 fusion-flex-container nonhundred-percent-fullwidth non-hundred-percent-height-scrolling\" style=\"--awb-border-radius-top-left:0px;--awb-border-radius-top-right:0px;--awb-border-radius-bottom-right:0px;--awb-border-radius-bottom-left:0px;--awb-flex-wrap:wrap;\" ><div class=\"fusion-builder-row fusion-row fusion-flex-align-items-flex-start fusion-flex-content-wrap\" style=\"max-width:1248px;margin-left: calc(-4% \/ 2 );margin-right: calc(-4% \/ 2 );\"><div class=\"fusion-layout-column fusion_builder_column fusion-builder-column-0 fusion_builder_column_1_1 1_1 fusion-flex-column\" style=\"--awb-bg-size:cover;--awb-width-large:100%;--awb-margin-top-large:0px;--awb-spacing-right-large:1.92%;--awb-margin-bottom-large:0px;--awb-spacing-left-large:1.92%;--awb-width-medium:100%;--awb-spacing-right-medium:1.92%;--awb-spacing-left-medium:1.92%;--awb-width-small:100%;--awb-spacing-right-small:1.92%;--awb-spacing-left-small:1.92%;\"><div class=\"fusion-column-wrapper fusion-flex-justify-content-flex-start fusion-content-layout-column\"><div class=\"fusion-text fusion-text-1\"><h2><span style=\"font-family: Arial, sans-serif; font-size: 18px;\">Rutes nadalenques des de les resid\u00e8ncies universit\u00e0ries d\u2019Unihabit<\/span><\/h2>\n<p>Els carrers ja estan il\u00b7luminats: el Nadal ja est\u00e0 a tocar! \u00c9s el moment de preparar el regal per l\u2019\u00e0via, el pare, la tieta o l\u2019amic invisible. Els dinars familiars i les nits nadalenques ja estan al caure per viure-les amb fam\u00edlia. Per\u00f2, abans de viure tot aix\u00f2, hi ha uns llocs imprescindibles que s\u00ed o s\u00ed s\u2019han de visitar.\u00a0Des de les <a href=\"https:\/\/www.unihabit.com\/ca\/\" target=\"_blank\" rel=\"noopener noreferrer\">resid\u00e8ncies universit\u00e0ries d\u2019Unihabit<\/a> us proposem tres pobles o fires de Catalunya per visitar aquest Nadal.<\/p>\n<h2><span style=\"font-size: 18px;\"><strong>De les resid\u00e8ncies universit\u00e0ries d&#8217;Unihabit a la Fira de l\u2019Avet, a Espinelves<\/strong><\/span><\/h2>\n<p>La Fira de l\u2019Avet d\u2019Espinelves, a la comarca d\u2019Osona, \u00e9s una de les fites nadalenques indispensables. Qualsevol amant del Nadal i dels petits pobles amb encant l\u2019ha d\u2019anar a visitar! La Fira de l\u2019Avet \u00e9s una de les fires de Nadal m\u00e9s conegudes de Catalunya. Tots els carrers dels pobles estan plens d\u2019avets, l\u2019arbre per a fer la decoraci\u00f3 del Nadal a casa, figures de pessebre i qualsevol altre element caracter\u00edstic del Nadal.<\/p>\n<p>Surt de les resid\u00e8ncies universit\u00e0ries d\u2019Unihabit i v\u00e9s a perdre\u2019t durant tot el dia pel poble. T\u2019encantar\u00e0. Recorda que tens temps fins al 9 de desembre!<\/p>\n<p><a href=\"https:\/\/www.ddgi.cat\/municipis\/Espinelves\/quadriptic%20espinelves.pdf\" target=\"_blank\" rel=\"noopener noreferrer\">M\u00e9s informaci\u00f3 de la Fira de L\u2019Avet<\/a><\/p>\n<p><a href=\"https:\/\/www.unihabit.com\/wp-content\/uploads\/2020\/10\/nadal-1-scaled.jpg\"><img decoding=\"async\" class=\"aligncenter wp-image-6096 \" src=\"https:\/\/www.unihabit.com\/wp-content\/uploads\/2020\/10\/nadal-1-scaled.jpg\" alt=\"Nadal Avet\" width=\"534\" height=\"354\" title=\"\"><\/a><\/p>\n<h2><span style=\"font-size: 18px;\"><strong>De les resid\u00e8ncies universit\u00e0ries d&#8217;Unihabit a la Mostra de Pessebres d\u2019Olot<\/strong><\/span><\/h2>\n<p>Si vols decorar la teva habitaci\u00f3 de les resid\u00e8ncies universit\u00e0ries o b\u00e9 ets un Erasmus que vol portar un record t\u00edpic de Catalunya a la fam\u00edlia, a la Mostra de Pessebres d\u2019Olot trobar\u00e0s aquelles figuretes de Nadal m\u00e9s caracter\u00edstiques de Catalunya.<\/p>\n<p>El m\u00e9s original de tots? El Caganer! La figureta m\u00e9s singular del pessebre a Catalunya!<\/p>\n<p><a href=\"https:\/\/agenda.cultura.gencat.cat\/content\/agenda\/ca\/article.html?c=eyJrZXl3b3JkcyI6IiIsImRhdGFPcHRpb24iOiIiLCJkYXRhRGVzZGUiOiIiLCJkYXRhRmluc2EiOiIiLCJlc3BhaSI6IiIsInBvYmxhY2lvIjoiT2xvdCIsImFtYml0cyI6W10sImNhdGVnb3JpZXMiOltdfQ__&amp;article=20181123017\" target=\"_blank\" rel=\"noopener noreferrer\">M\u00e9s informaci\u00f3 sobre la Mostra de Pessebres d\u2019Olot<\/a><\/p>\n<p><a href=\"https:\/\/www.unihabit.com\/wp-content\/uploads\/2020\/10\/pessebre-2-scaled.jpg\"><img decoding=\"async\" class=\"aligncenter wp-image-6094\" src=\"https:\/\/www.unihabit.com\/wp-content\/uploads\/2020\/10\/pessebre-2-scaled.jpg\" alt=\"resid\u00e8ncies universit\u00e0ries d&#039;unihabit\" width=\"547\" height=\"340\" title=\"\"><\/a><\/p>\n<p><strong>De les resid\u00e8ncies universit\u00e0ries d&#8217;Unihabit a la Fira del Gall de Vilafranca del Pened\u00e8s<\/strong><\/p>\n<p>Una de les altres activitats nadalenques molt conegudes a Catalunya \u00e9s la Fira del Gall, a Vilafranca del Pened\u00e8s. Una mostra de races de gallines aut\u00f2ctones catalanes, un mercat gastron\u00f2mic amb productes de proximitat, un mercat d\u2019aviram i fira artesana. I m\u00e9s de 50 activitats nadalenques programades!<\/p>\n<p><a href=\"https:\/\/www.unihabit.com\/wp-content\/uploads\/2020\/10\/fira-del-gall.jpeg\"><img decoding=\"async\" class=\"aligncenter wp-image-6093\" src=\"https:\/\/www.unihabit.com\/wp-content\/uploads\/2020\/10\/fira-del-gall-300x174.jpeg\" alt=\"resid\u00e8ncies universit\u00e0ries\" width=\"533\" height=\"309\" title=\"\"><\/a><\/p>\n<p style=\"text-align: center;\"><span style=\"font-size: 12px;\">Vilafranca del Pened\u00e8s &#8211; Fira del Gall (Foto: www.firadelgall.com)<\/span><\/p>\n<p>T\u2019hi apuntes? M\u00e9s informaci\u00f3 sobre <a href=\"https:\/\/www.turismevilafranca.com\/agenda\/fira-del-gall\" target=\"_blank\" rel=\"noopener noreferrer\">la Fira del Gall de Vilafranca del Pened\u00e8s<\/a>.<\/p>\n<p>Est\u00e0s buscant on dormir? No saps on viure a Catalunya per viure tots aquests moments? Si ets estudiant o Erasmus de grau o m\u00e0ster, contacta ara amb les resid\u00e8ncies universit\u00e0ries d\u2019Unihabit, situades a Barcelona, Girona i Sant Cugat.<\/p>\n<p style=\"text-align: center;\"><span style=\"font-family: 'Georgia',serif; color: #333333;\"><strong>Troba la teva resid\u00e8ncia universit\u00e0ria<\/strong><\/span><\/p>\n<p style=\"text-align: center;\"><a href=\"https:\/\/www.unihabit.com\/ca\/residencia-universitaria-barcelona-gracia\/\"><img decoding=\"async\" class=\"aligncenter wp-image-7090 size-medium\" src=\"https:\/\/www.unihabit.com\/wp-content\/uploads\/2020\/10\/graciaCAT-corretgida-300x106.png\" alt=\"\" width=\"300\" height=\"106\" title=\"\"><\/a><\/p>\n<p style=\"text-align: center;\"><a href=\"https:\/\/www.unihabit.com\/ca\/residencies-universitaries-barcelona\/\"><img decoding=\"async\" class=\"aligncenter wp-image-7082 size-medium\" src=\"https:\/\/www.unihabit.com\/wp-content\/uploads\/2020\/10\/ciutatvellaCAT-corretgida-300x106.png\" alt=\"\" width=\"300\" height=\"106\" title=\"\"><\/a><\/p>\n<\/div><\/div><\/div><\/div><\/div>\n","protected":false},"excerpt":{"rendered":"","protected":false},"author":1,"featured_media":1691,"comment_status":"open","ping_status":"open","sticky":false,"template":"","format":"standard","meta":{"footnotes":""},"categories":[52],"tags":[181,178,236,257],"class_list":["post-3551","post","type-post","status-publish","format-standard","has-post-thumbnail","hentry","category-activitats","tag-blog-ca-4","tag-blog-ca","tag-unihabit-residencias-universitarias-ca","tag-unihabit-residencies-universitaries-ca"],"_links":{"self":[{"href":"https:\/\/www.unihabit.com\/ca\/wp-json\/wp\/v2\/posts\/3551","targetHints":{"allow":["GET"]}}],"collection":[{"href":"https:\/\/www.unihabit.com\/ca\/wp-json\/wp\/v2\/posts"}],"about":[{"href":"https:\/\/www.unihabit.com\/ca\/wp-json\/wp\/v2\/types\/post"}],"author":[{"embeddable":true,"href":"https:\/\/www.unihabit.com\/ca\/wp-json\/wp\/v2\/users\/1"}],"replies":[{"embeddable":true,"href":"https:\/\/www.unihabit.com\/ca\/wp-json\/wp\/v2\/comments?post=3551"}],"version-history":[{"count":2,"href":"https:\/\/www.unihabit.com\/ca\/wp-json\/wp\/v2\/posts\/3551\/revisions"}],"predecessor-version":[{"id":17266,"href":"https:\/\/www.unihabit.com\/ca\/wp-json\/wp\/v2\/posts\/3551\/revisions\/17266"}],"wp:featuredmedia":[{"embeddable":true,"href":"https:\/\/www.unihabit.com\/ca\/wp-json\/wp\/v2\/media\/1691"}],"wp:attachment":[{"href":"https:\/\/www.unihabit.com\/ca\/wp-json\/wp\/v2\/media?parent=3551"}],"wp:term":[{"taxonomy":"category","embeddable":true,"href":"https:\/\/www.unihabit.com\/ca\/wp-json\/wp\/v2\/categories?post=3551"},{"taxonomy":"post_tag","embeddable":true,"href":"https:\/\/www.unihabit.com\/ca\/wp-json\/wp\/v2\/tags?post=3551"}],"curies":[{"name":"wp","href":"https:\/\/api.w.org\/{rel}","templated":true}]}}