{"id":3552,"date":"2024-12-23T10:00:16","date_gmt":"2024-12-23T08:00:16","guid":{"rendered":"https:\/\/www.unihabit.com\/blog\/residencies-per-estudiants-en-barcelona-unihabit-plans\/"},"modified":"2025-11-24T16:16:29","modified_gmt":"2025-11-24T14:16:29","slug":"plans-per-a-fer-a-barcelona-per-nadal","status":"publish","type":"post","link":"https:\/\/www.unihabit.com\/ca\/plans-per-a-fer-a-barcelona-per-nadal\/","title":{"rendered":"Plans per a fer a Barcelona per Nadal"},"content":{"rendered":"<div class=\"fusion-fullwidth fullwidth-box fusion-builder-row-1 fusion-flex-container nonhundred-percent-fullwidth non-hundred-percent-height-scrolling\" style=\"--awb-border-radius-top-left:0px;--awb-border-radius-top-right:0px;--awb-border-radius-bottom-right:0px;--awb-border-radius-bottom-left:0px;--awb-flex-wrap:wrap;\" ><div class=\"fusion-builder-row fusion-row fusion-flex-align-items-flex-start fusion-flex-content-wrap\" style=\"max-width:1248px;margin-left: calc(-4% \/ 2 );margin-right: calc(-4% \/ 2 );\"><div class=\"fusion-layout-column fusion_builder_column fusion-builder-column-0 fusion_builder_column_1_1 1_1 fusion-flex-column\" style=\"--awb-bg-size:cover;--awb-width-large:100%;--awb-margin-top-large:0px;--awb-spacing-right-large:1.92%;--awb-margin-bottom-large:0px;--awb-spacing-left-large:1.92%;--awb-width-medium:100%;--awb-spacing-right-medium:1.92%;--awb-spacing-left-medium:1.92%;--awb-width-small:100%;--awb-spacing-right-small:1.92%;--awb-spacing-left-small:1.92%;\"><div class=\"fusion-column-wrapper fusion-flex-justify-content-flex-start fusion-content-layout-column\"><div class=\"fusion-text fusion-text-1\" style=\"--awb-content-alignment:justify;\">\n<\/div><div class=\"fusion-text fusion-text-2\" style=\"--awb-content-alignment:justify;\"><p><span style=\"font-weight: 400;\">Si estudies a <\/span><b>Barcelona <\/b><span style=\"font-weight: 400;\">o vius en una de les <\/span><a href=\"https:\/\/www.unihabit.com\/ca\/residencies-universitaries-barcelona\/\"><span style=\"font-weight: 400;\">resid\u00e8ncies universit\u00e0ries Unihabit<\/span><\/a><span style=\"font-weight: 400;\">, est\u00e0s al lloc perfecte per gaudir d\u2019una de les ciutats m\u00e9s m\u00e0giques durant les festes. El <\/span><b>Nadal a Barcelona<\/b><span style=\"font-weight: 400;\"> arriba amb llums, mercats, m\u00fasica, gastronomia i activitats per a tots els gustos.<\/span><\/p>\n<p><span style=\"font-weight: 400;\">Tant si et quedes a la ciutat durant les vacances com si passes uns dies abans de tornar a casa, et proposem els millors <\/span><b>plans per fer a Barcelona per Nadal<\/b><span style=\"font-weight: 400;\"> juntament amb els teus amics.<\/span><\/p>\n<\/div><div class=\"fusion-title title fusion-title-1 fusion-sep-none fusion-title-text fusion-title-size-two\"><h2 class=\"fusion-title-heading title-heading-left\" style=\"margin:0;\"><b>Descobreix els plans per fer a Barcelona per Nadal<\/b><\/h2><\/div><div class=\"fusion-text fusion-text-3\" style=\"--awb-content-alignment:justify;\"><p><b>Mercats nadalencs, pessebres vivents, decoraci\u00f3 i llums<\/b><span style=\"font-weight: 400;\"> que converteixen la ciutat en un espai ple d\u2019encant. Com sabem que hi ha una infinitat d\u2019activitats durant aquests dies festius, a Unihabit t\u2019hem preparat una <\/span><b>selecci\u00f3 dels millors plans per fer a Barcelona per Nadal.<\/b><span style=\"font-weight: 400;\"> Descobreix totes les propostes nadalenques ideals per a tots els gustos.<\/span><\/p>\n<div class=\"traductor-checkbox form-group\">\n<div class=\"row\">\n<div class=\"col-sm-offset-2 col-sm-5\"><\/div>\n<\/div>\n<\/div>\n<\/div><div class=\"fusion-title title fusion-title-2 fusion-sep-none fusion-title-text fusion-title-size-three\"><h3 class=\"fusion-title-heading title-heading-left\" style=\"margin:0;\"><b>Passeja pels mercats nadalencs m\u00e9s bonics de la ciutat<\/b><\/h3><\/div><div class=\"fusion-text fusion-text-4\" style=\"--awb-content-alignment:justify;\"><p><span style=\"font-weight: 400;\">Un dels <\/span><b>plans m\u00e9s tradicionals<\/b><span style=\"font-weight: 400;\">, tant a Barcelona com a la resta de ciutats, \u00e9s passejar pels mercats nadalencs. Aprofita per comprar regals d\u2019\u00faltima hora i gaudir de l\u2019ambient festiu. En aquests mercats trobar\u00e0s <\/span><b>paradetes amb decoraci\u00f3 de Nadal, roba, joies, productes artesanals i gastronomia t\u00edpica.<\/b><\/p>\n<div class=\"traductor-checkbox form-group\">\n<div class=\"row\">\n<div class=\"col-sm-offset-2 col-sm-5\"><\/div>\n<\/div>\n<\/div>\n<\/div><\/div><\/div><div class=\"fusion-layout-column fusion_builder_column fusion-builder-column-1 fusion_builder_column_1_2 1_2 fusion-flex-column fusion-flex-align-self-center\" style=\"--awb-bg-size:cover;--awb-width-large:50%;--awb-margin-top-large:0px;--awb-spacing-right-large:3.84%;--awb-margin-bottom-large:20px;--awb-spacing-left-large:3.84%;--awb-width-medium:50%;--awb-order-medium:0;--awb-spacing-right-medium:3.84%;--awb-spacing-left-medium:3.84%;--awb-width-small:100%;--awb-order-small:0;--awb-spacing-right-small:1.92%;--awb-spacing-left-small:1.92%;\" data-scroll-devices=\"small-visibility,medium-visibility,large-visibility\"><div class=\"fusion-column-wrapper fusion-column-has-shadow fusion-flex-justify-content-flex-start fusion-content-layout-column\"><div class=\"fusion-text fusion-text-5\"><p><b>Fira de Santa Ll\u00facia (29 de novembre &#8211; 23 de desembre)<\/b><\/p>\n<\/div><div class=\"fusion-text fusion-text-6\" style=\"--awb-content-alignment:justify;\"><p><span style=\"font-weight: 400;\">La <\/span><b>Fira de Santa Ll\u00facia de Barcelona<\/b><span style=\"font-weight: 400;\"> \u00e9s un dels mercats nadalencs m\u00e9s coneguts de la ciutat, ja que no nom\u00e9s \u00e9s el m\u00e9s antic, sin\u00f3 el m\u00e9s emblem\u00e0tic. Situat a l\u2019Avinguda de la Catedral, el mercat compta amb fins a 215 paradetes plenes de pessebres, arbres, artesania, etc.<\/span><\/p>\n<\/div><\/div><\/div><div class=\"fusion-layout-column fusion_builder_column fusion-builder-column-2 fusion_builder_column_1_2 1_2 fusion-flex-column fusion-flex-align-self-center\" style=\"--awb-bg-size:cover;--awb-width-large:50%;--awb-margin-top-large:0px;--awb-spacing-right-large:3.84%;--awb-margin-bottom-large:20px;--awb-spacing-left-large:3.84%;--awb-width-medium:50%;--awb-order-medium:0;--awb-spacing-right-medium:3.84%;--awb-spacing-left-medium:3.84%;--awb-width-small:100%;--awb-order-small:0;--awb-spacing-right-small:1.92%;--awb-spacing-left-small:1.92%;\" data-scroll-devices=\"small-visibility,medium-visibility,large-visibility\"><div class=\"fusion-column-wrapper fusion-column-has-shadow fusion-flex-justify-content-flex-start fusion-content-layout-column\"><div class=\"fusion-image-element \" style=\"text-align:center;--awb-caption-title-font-family:var(--h2_typography-font-family);--awb-caption-title-font-weight:var(--h2_typography-font-weight);--awb-caption-title-font-style:var(--h2_typography-font-style);--awb-caption-title-size:var(--h2_typography-font-size);--awb-caption-title-transform:var(--h2_typography-text-transform);--awb-caption-title-line-height:var(--h2_typography-line-height);--awb-caption-title-letter-spacing:var(--h2_typography-letter-spacing);\"><span class=\" fusion-imageframe imageframe-none imageframe-1 hover-type-none\"><img decoding=\"async\" width=\"600\" height=\"400\" alt=\"Planes para hacer en barcelona en navidad estudiantes\" title=\"Planes para hacer en barcelona en navidad estudiantes\" src=\"https:\/\/www.unihabit.com\/wp-content\/uploads\/2019\/01\/Planes-para-hacer-en-barcelona-en-navidad-estudiantes-600x400.jpg\" class=\"img-responsive wp-image-14896\" srcset=\"https:\/\/www.unihabit.com\/wp-content\/uploads\/2019\/01\/Planes-para-hacer-en-barcelona-en-navidad-estudiantes-200x133.jpg 200w, https:\/\/www.unihabit.com\/wp-content\/uploads\/2019\/01\/Planes-para-hacer-en-barcelona-en-navidad-estudiantes-400x267.jpg 400w, https:\/\/www.unihabit.com\/wp-content\/uploads\/2019\/01\/Planes-para-hacer-en-barcelona-en-navidad-estudiantes-600x400.jpg 600w, https:\/\/www.unihabit.com\/wp-content\/uploads\/2019\/01\/Planes-para-hacer-en-barcelona-en-navidad-estudiantes-800x533.jpg 800w, https:\/\/www.unihabit.com\/wp-content\/uploads\/2019\/01\/Planes-para-hacer-en-barcelona-en-navidad-estudiantes.jpg 900w\" sizes=\"(max-width: 640px) 100vw, 600px\" \/><\/span><\/div><\/div><\/div><div class=\"fusion-layout-column fusion_builder_column fusion-builder-column-3 fusion_builder_column_1_1 1_1 fusion-flex-column\" style=\"--awb-bg-size:cover;--awb-width-large:100%;--awb-margin-top-large:0px;--awb-spacing-right-large:1.92%;--awb-margin-bottom-large:20px;--awb-spacing-left-large:1.92%;--awb-width-medium:100%;--awb-order-medium:0;--awb-spacing-right-medium:1.92%;--awb-spacing-left-medium:1.92%;--awb-width-small:100%;--awb-order-small:0;--awb-spacing-right-small:1.92%;--awb-spacing-left-small:1.92%;\"><div class=\"fusion-column-wrapper fusion-column-has-shadow fusion-flex-justify-content-flex-start fusion-content-layout-column\"><div class=\"fusion-title title fusion-title-3 fusion-sep-none fusion-title-text fusion-title-size-three\"><h3 class=\"fusion-title-heading title-heading-left\" style=\"margin:0;\"><b>Mercat de Nadal de la Sagrada Fam\u00edlia (28 de novembre &#8211; 23 de desembre)<\/b><\/h3><\/div><div class=\"fusion-text fusion-text-7\" style=\"--awb-content-alignment:justify;\"><p><span style=\"font-weight: 400;\">El <\/span><b>mercat nadalenc de la Sagrada Fam\u00edlia<\/b><span style=\"font-weight: 400;\"> compta amb una cinquantena de paradetes amb adorns, plantes de Nadal, figures del pessebre, objectes de regal, menjar tradicional com moniatos, castanyes, torrons o xurros.<\/span><\/p>\n<div class=\"traductor-checkbox form-group\">\n<div class=\"row\">\n<div class=\"col-sm-offset-2 col-sm-5\"><\/div>\n<\/div>\n<\/div>\n<\/div><\/div><\/div><div class=\"fusion-layout-column fusion_builder_column fusion-builder-column-4 fusion_builder_column_1_2 1_2 fusion-flex-column fusion-flex-align-self-center\" style=\"--awb-bg-size:cover;--awb-width-large:50%;--awb-margin-top-large:0px;--awb-spacing-right-large:3.84%;--awb-margin-bottom-large:20px;--awb-spacing-left-large:3.84%;--awb-width-medium:50%;--awb-order-medium:0;--awb-spacing-right-medium:3.84%;--awb-spacing-left-medium:3.84%;--awb-width-small:100%;--awb-order-small:0;--awb-spacing-right-small:1.92%;--awb-spacing-left-small:1.92%;\" data-scroll-devices=\"small-visibility,medium-visibility,large-visibility\"><div class=\"fusion-column-wrapper fusion-column-has-shadow fusion-flex-justify-content-flex-start fusion-content-layout-column\"><div class=\"fusion-title title fusion-title-4 fusion-sep-none fusion-title-text fusion-title-size-three\"><h3 class=\"fusion-title-heading title-heading-left\" style=\"margin:0;\"><b>Patina sobre gel per les diferents pistes de la ciutat<\/b><\/h3><\/div><div class=\"fusion-text fusion-text-8\" style=\"--awb-content-alignment:justify;\"><p><span style=\"font-weight: 400;\">Un dels <\/span><b>plans m\u00e9s divertits<\/b><span style=\"font-weight: 400;\"> \u00e9s patinar sota les llums nadalenques. El 2025, Barcelona comptar\u00e0 amb diverses pistes:<\/span><\/p>\n<ul>\n<li style=\"font-weight: 400;\" aria-level=\"1\"><b>Pista de gel del Port Vell <\/b><span style=\"font-weight: 400;\">(29 de novembre &#8211; 6 de gener): al costat del mercat nadalenc, amb vistes al mar.<\/span><\/li>\n<li style=\"font-weight: 400;\" aria-level=\"1\"><b>Tibidabo Ice Rink<\/b><span style=\"font-weight: 400;\"> (23 de novembre &#8211; 5 de gener): una pista sostenible amb vistes espectaculars.<\/span><\/li>\n<li style=\"font-weight: 400;\" aria-level=\"1\"><b>El Corte Ingl\u00e9s \u2013 Avinguda Reina Maria Cristina<\/b><span style=\"font-weight: 400;\">: 400 m\u00b2 de gel per gaudir amb amics, oberta fins al 12 de gener.<\/span><\/li>\n<\/ul>\n<div class=\"traductor-checkbox form-group\">\n<div class=\"row\">\n<div class=\"col-sm-offset-2 col-sm-5\"><\/div>\n<\/div>\n<\/div>\n<\/div><\/div><\/div><div class=\"fusion-layout-column fusion_builder_column fusion-builder-column-5 fusion_builder_column_1_2 1_2 fusion-flex-column fusion-flex-align-self-center\" style=\"--awb-bg-size:cover;--awb-width-large:50%;--awb-margin-top-large:0px;--awb-spacing-right-large:3.84%;--awb-margin-bottom-large:20px;--awb-spacing-left-large:3.84%;--awb-width-medium:50%;--awb-order-medium:0;--awb-spacing-right-medium:3.84%;--awb-spacing-left-medium:3.84%;--awb-width-small:100%;--awb-order-small:0;--awb-spacing-right-small:1.92%;--awb-spacing-left-small:1.92%;\" data-scroll-devices=\"small-visibility,medium-visibility,large-visibility\"><div class=\"fusion-column-wrapper fusion-column-has-shadow fusion-flex-justify-content-flex-start fusion-content-layout-column\"><div class=\"fusion-image-element \" style=\"text-align:center;--awb-caption-title-font-family:var(--h2_typography-font-family);--awb-caption-title-font-weight:var(--h2_typography-font-weight);--awb-caption-title-font-style:var(--h2_typography-font-style);--awb-caption-title-size:var(--h2_typography-font-size);--awb-caption-title-transform:var(--h2_typography-text-transform);--awb-caption-title-line-height:var(--h2_typography-line-height);--awb-caption-title-letter-spacing:var(--h2_typography-letter-spacing);\"><span class=\" fusion-imageframe imageframe-none imageframe-2 hover-type-none\"><img decoding=\"async\" width=\"600\" height=\"400\" alt=\"Planes para hacer en barcelona en navidad como estudiante\" title=\"Planes para hacer en barcelona en navidad como estudiante\" src=\"https:\/\/www.unihabit.com\/wp-content\/uploads\/2019\/01\/Planes-para-hacer-en-barcelona-en-navidad-como-estudiante-600x400.jpg\" class=\"img-responsive wp-image-14890\" srcset=\"https:\/\/www.unihabit.com\/wp-content\/uploads\/2019\/01\/Planes-para-hacer-en-barcelona-en-navidad-como-estudiante-200x133.jpg 200w, https:\/\/www.unihabit.com\/wp-content\/uploads\/2019\/01\/Planes-para-hacer-en-barcelona-en-navidad-como-estudiante-400x267.jpg 400w, https:\/\/www.unihabit.com\/wp-content\/uploads\/2019\/01\/Planes-para-hacer-en-barcelona-en-navidad-como-estudiante-600x400.jpg 600w, https:\/\/www.unihabit.com\/wp-content\/uploads\/2019\/01\/Planes-para-hacer-en-barcelona-en-navidad-como-estudiante-800x533.jpg 800w, https:\/\/www.unihabit.com\/wp-content\/uploads\/2019\/01\/Planes-para-hacer-en-barcelona-en-navidad-como-estudiante.jpg 900w\" sizes=\"(max-width: 640px) 100vw, 600px\" \/><\/span><\/div><\/div><\/div><div class=\"fusion-layout-column fusion_builder_column fusion-builder-column-6 fusion_builder_column_1_1 1_1 fusion-flex-column\" style=\"--awb-bg-size:cover;--awb-width-large:100%;--awb-margin-top-large:0px;--awb-spacing-right-large:1.92%;--awb-margin-bottom-large:20px;--awb-spacing-left-large:1.92%;--awb-width-medium:100%;--awb-order-medium:0;--awb-spacing-right-medium:1.92%;--awb-spacing-left-medium:1.92%;--awb-width-small:100%;--awb-order-small:0;--awb-spacing-right-small:1.92%;--awb-spacing-left-small:1.92%;\"><div class=\"fusion-column-wrapper fusion-column-has-shadow fusion-flex-justify-content-flex-start fusion-content-layout-column\"><div class=\"fusion-title title fusion-title-5 fusion-sep-none fusion-title-text fusion-title-size-three\"><h3 class=\"fusion-title-heading title-heading-left\" style=\"margin:0;\"><b>Espectacles de llum i concerts nadalencs a Barcelona 2025<\/b><\/h3><\/div><div class=\"fusion-text fusion-text-9\" style=\"--awb-content-alignment:justify;\"><p><span style=\"font-weight: 400;\">La ciutat s\u2019omple d\u2019art, cultura i m\u00fasica durant les festes. Aqu\u00ed tens alguns dels espectacles m\u00e9s recomanables:<\/span><\/p>\n<ul>\n<li style=\"font-weight: 400;\" aria-level=\"1\"><b>Els Llums de Sant Pau (20 de novembre 2025 &#8211; 11 de gener 2026) <\/b><span style=\"font-weight: 400;\">El Recinte Modernista de Sant Pau torna a il\u00b7luminar-se amb una experi\u00e8ncia immersiva plena de color i m\u00e0gia. En aquesta cinquena edici\u00f3, el recorregut compta amb <\/span><b>18 instal\u00b7lacions interactives<\/b><span style=\"font-weight: 400;\">, el <\/span><b>campament del Rei Baltasar<\/b><span style=\"font-weight: 400;\"> i el repte del <\/span><b>Llumienigma<\/b><span style=\"font-weight: 400;\">, que amaga un missatge secret de Nadal. Amb una durada d\u2019entre 60 i 90 minuts i un preu d\u2019entrada des de 10 \u20ac, \u00e9s un pla ideal per viure l\u2019esperit nadalenc amb els teus amics de la resid\u00e8ncia. M\u00e9s informaci\u00f3 a<\/span><a href=\"https:\/\/elsllumsdesantpau.com\/?utm_source=chatgpt.com\" target=\"_blank\" rel=\"noopener\"> <span style=\"font-weight: 400;\">elsllumsdesantpau.com<\/span><\/a><\/li>\n<li style=\"font-weight: 400;\" aria-level=\"1\"><b>Concerts <\/b><a href=\"https:\/\/candlelightexperience.com\/es\/\" target=\"_blank\" rel=\"noopener\"><b>Candlelight<\/b><\/a><span style=\"font-weight: 400;\">: gaudeix de concerts de tribut a Queen, Coldplay o bandes sonores nadalenques sota la llum de les espelmes.<\/span><\/li>\n<li style=\"font-weight: 400;\" aria-level=\"1\"><b>Esdeveniments universitaris:<\/b> moltes universitats i resid\u00e8ncies (com Unihabit) organitzen sopars, festes tem\u00e0tiques i activitats solid\u00e0ries durant desembre.<\/li>\n<\/ul>\n<\/div><div class=\"fusion-title title fusion-title-6 fusion-sep-none fusion-title-text fusion-title-size-two\"><h2 class=\"fusion-title-heading title-heading-left\" style=\"margin:0;\"><b>Plans per fer a Barcelona per Nadal: les millors propostes gastron\u00f2miques<\/b><\/h2><\/div><div class=\"fusion-text fusion-text-10\" style=\"--awb-content-alignment:justify;\"><p><span style=\"font-weight: 400;\">Tots sabem que les festes de Nadal es caracteritzen pels grans menjars i capricis. Per aix\u00f2, des d\u2019<\/span><a href=\"https:\/\/www.unihabit.com\/ca\/\"><span style=\"font-weight: 400;\">Unihabit<\/span><\/a><span style=\"font-weight: 400;\"> et portem algunes propostes gastron\u00f2miques de la ciutat que no et pots perdre en la teva llista de plans per fer per Nadal.<\/span><\/p>\n<\/div><\/div><\/div><div class=\"fusion-layout-column fusion_builder_column fusion-builder-column-7 fusion_builder_column_1_2 1_2 fusion-flex-column fusion-flex-align-self-center\" style=\"--awb-bg-size:cover;--awb-width-large:50%;--awb-margin-top-large:0px;--awb-spacing-right-large:3.84%;--awb-margin-bottom-large:20px;--awb-spacing-left-large:3.84%;--awb-width-medium:50%;--awb-order-medium:0;--awb-spacing-right-medium:3.84%;--awb-spacing-left-medium:3.84%;--awb-width-small:100%;--awb-order-small:0;--awb-spacing-right-small:1.92%;--awb-spacing-left-small:1.92%;\" data-scroll-devices=\"small-visibility,medium-visibility,large-visibility\"><div class=\"fusion-column-wrapper fusion-column-has-shadow fusion-flex-justify-content-flex-start fusion-content-layout-column\"><div class=\"fusion-text fusion-text-11\" style=\"--awb-content-alignment:justify;\"><p>Des de berenars amb els teus companys de la resid\u00e8ncia, sopars de Nadal amb els teus companys d&#8217;universitat, etc.<\/p>\n<p>Per a aquells amants del dol\u00e7 i de la bona merendola de xocolata amb xurros no pots deixar d&#8217;anar als <strong>llocs m\u00e9s cl\u00e0ssics i emblem\u00e0tics de la ciutat com la Granja Viader, la Xurrer\u00eda Pau, el Dulcinea o el Petritxol.<\/strong><\/p>\n<p>Si el teu paladar \u00e9s m\u00e9s del tradicional itali\u00e0 el Panetonne, a Barcelona podr\u00e0s gaudir del Rei del panettone cl\u00e0ssic en Merviel Canal i la reina del panettone de xocolata en Madeleine by Ferri\u00e8rres Barcelona.<\/p>\n<p>En les <strong>diferents propostes de dol\u00e7os, no poden faltar els tortells de reis<\/strong> en el Atelier Barcelona, La Dramerie, Bub\u00f3 o en Oriol Carri\u00f3.<\/p>\n<\/div><\/div><\/div><div class=\"fusion-layout-column fusion_builder_column fusion-builder-column-8 fusion_builder_column_1_2 1_2 fusion-flex-column fusion-flex-align-self-center\" style=\"--awb-bg-size:cover;--awb-width-large:50%;--awb-margin-top-large:0px;--awb-spacing-right-large:3.84%;--awb-margin-bottom-large:20px;--awb-spacing-left-large:3.84%;--awb-width-medium:50%;--awb-order-medium:0;--awb-spacing-right-medium:3.84%;--awb-spacing-left-medium:3.84%;--awb-width-small:100%;--awb-order-small:0;--awb-spacing-right-small:1.92%;--awb-spacing-left-small:1.92%;\" data-scroll-devices=\"small-visibility,medium-visibility,large-visibility\"><div class=\"fusion-column-wrapper fusion-column-has-shadow fusion-flex-justify-content-flex-start fusion-content-layout-column\"><div class=\"fusion-image-element \" style=\"text-align:center;--awb-caption-title-font-family:var(--h2_typography-font-family);--awb-caption-title-font-weight:var(--h2_typography-font-weight);--awb-caption-title-font-style:var(--h2_typography-font-style);--awb-caption-title-size:var(--h2_typography-font-size);--awb-caption-title-transform:var(--h2_typography-text-transform);--awb-caption-title-line-height:var(--h2_typography-line-height);--awb-caption-title-letter-spacing:var(--h2_typography-letter-spacing);\"><span class=\" fusion-imageframe imageframe-none imageframe-3 hover-type-none\"><img decoding=\"async\" width=\"600\" height=\"400\" alt=\"Planes para hacer en barcelona en navidad universitarios\" title=\"Planes para hacer en barcelona en navidad universitarios\" src=\"https:\/\/www.unihabit.com\/wp-content\/uploads\/2019\/01\/Planes-para-hacer-en-barcelona-en-navidad-universitarios-600x400.jpg\" class=\"img-responsive wp-image-14899\" srcset=\"https:\/\/www.unihabit.com\/wp-content\/uploads\/2019\/01\/Planes-para-hacer-en-barcelona-en-navidad-universitarios-200x133.jpg 200w, https:\/\/www.unihabit.com\/wp-content\/uploads\/2019\/01\/Planes-para-hacer-en-barcelona-en-navidad-universitarios-400x267.jpg 400w, https:\/\/www.unihabit.com\/wp-content\/uploads\/2019\/01\/Planes-para-hacer-en-barcelona-en-navidad-universitarios-600x400.jpg 600w, https:\/\/www.unihabit.com\/wp-content\/uploads\/2019\/01\/Planes-para-hacer-en-barcelona-en-navidad-universitarios-800x533.jpg 800w, https:\/\/www.unihabit.com\/wp-content\/uploads\/2019\/01\/Planes-para-hacer-en-barcelona-en-navidad-universitarios.jpg 900w\" sizes=\"(max-width: 640px) 100vw, 600px\" \/><\/span><\/div><\/div><\/div><div class=\"fusion-layout-column fusion_builder_column fusion-builder-column-9 fusion_builder_column_1_1 1_1 fusion-flex-column\" style=\"--awb-bg-size:cover;--awb-width-large:100%;--awb-margin-top-large:0px;--awb-spacing-right-large:1.92%;--awb-margin-bottom-large:20px;--awb-spacing-left-large:1.92%;--awb-width-medium:100%;--awb-order-medium:0;--awb-spacing-right-medium:1.92%;--awb-spacing-left-medium:1.92%;--awb-width-small:100%;--awb-order-small:0;--awb-spacing-right-small:1.92%;--awb-spacing-left-small:1.92%;\"><div class=\"fusion-column-wrapper fusion-column-has-shadow fusion-flex-justify-content-flex-start fusion-content-layout-column\"><div class=\"fusion-title title fusion-title-7 fusion-sep-none fusion-title-text fusion-title-size-two\"><h2 class=\"fusion-title-heading title-heading-left\" style=\"margin:0;\"><b>La cavalcada de Reis com a pla per fer a Barcelona per Nadal<\/b><\/h2><\/div><\/div><\/div><div class=\"fusion-layout-column fusion_builder_column fusion-builder-column-10 fusion_builder_column_1_2 1_2 fusion-flex-column fusion-flex-align-self-center\" style=\"--awb-bg-size:cover;--awb-width-large:50%;--awb-margin-top-large:0px;--awb-spacing-right-large:3.84%;--awb-margin-bottom-large:20px;--awb-spacing-left-large:3.84%;--awb-width-medium:50%;--awb-order-medium:0;--awb-spacing-right-medium:3.84%;--awb-spacing-left-medium:3.84%;--awb-width-small:100%;--awb-order-small:0;--awb-spacing-right-small:1.92%;--awb-spacing-left-small:1.92%;\" data-scroll-devices=\"small-visibility,medium-visibility,large-visibility\"><div class=\"fusion-column-wrapper fusion-column-has-shadow fusion-flex-justify-content-flex-start fusion-content-layout-column\"><div class=\"fusion-text fusion-text-12\" style=\"--awb-content-alignment:justify;\"><p><span style=\"font-weight: 400;\">Els Nadals sempre han de concloure amb l\u2019arribada dels Reis Mags. Aquest any, durant la nit del 5 de gener, els Reis arribaran al Moll de la Fusta en vaixell, i recolliran la clau m\u00e0gica que obre totes les portes de la ciutat, per acabar amb una gran rua que passar\u00e0 pels principals carrers del centre de Barcelona. Si no ho has vist mai, tingues clar que \u00e9s una cosa que queda gravada a la retina per sempre. No t\u2019ho perdis.<\/span><\/p>\n<p><span style=\"font-weight: 400;\">Des de la nostra <\/span><a href=\"https:\/\/www.unihabit.com\/ca\/residencies-universitaries-barcelona\/\"><span style=\"font-weight: 400;\">resid\u00e8ncia d\u2019estudiants a Barcelona<\/span><\/a><span style=\"font-weight: 400;\">, et recomanem que, si ets dels qui estimen el Nadal, haur\u00edes de visitar totes aquestes activitats i actes almenys una vegada a la vida. T\u2019hi animes?<\/span><\/p>\n<\/div><\/div><\/div><div class=\"fusion-layout-column fusion_builder_column fusion-builder-column-11 fusion_builder_column_1_2 1_2 fusion-flex-column fusion-flex-align-self-center\" style=\"--awb-bg-size:cover;--awb-width-large:50%;--awb-margin-top-large:0px;--awb-spacing-right-large:3.84%;--awb-margin-bottom-large:20px;--awb-spacing-left-large:3.84%;--awb-width-medium:50%;--awb-order-medium:0;--awb-spacing-right-medium:3.84%;--awb-spacing-left-medium:3.84%;--awb-width-small:100%;--awb-order-small:0;--awb-spacing-right-small:1.92%;--awb-spacing-left-small:1.92%;\" data-scroll-devices=\"small-visibility,medium-visibility,large-visibility\"><div class=\"fusion-column-wrapper fusion-column-has-shadow fusion-flex-justify-content-flex-start fusion-content-layout-column\"><div class=\"fusion-image-element \" style=\"text-align:center;--awb-caption-title-font-family:var(--h2_typography-font-family);--awb-caption-title-font-weight:var(--h2_typography-font-weight);--awb-caption-title-font-style:var(--h2_typography-font-style);--awb-caption-title-size:var(--h2_typography-font-size);--awb-caption-title-transform:var(--h2_typography-text-transform);--awb-caption-title-line-height:var(--h2_typography-line-height);--awb-caption-title-letter-spacing:var(--h2_typography-letter-spacing);\"><span class=\" fusion-imageframe imageframe-none imageframe-4 hover-type-none\"><img decoding=\"async\" width=\"600\" height=\"400\" alt=\"Planes para hacer en barcelona en navidad como universitario\" title=\"Planes para hacer en barcelona en navidad como universitario\" src=\"https:\/\/www.unihabit.com\/wp-content\/uploads\/2019\/01\/Planes-para-hacer-en-barcelona-en-navidad-como-universitario-600x400.jpg\" class=\"img-responsive wp-image-14893\" srcset=\"https:\/\/www.unihabit.com\/wp-content\/uploads\/2019\/01\/Planes-para-hacer-en-barcelona-en-navidad-como-universitario-200x133.jpg 200w, https:\/\/www.unihabit.com\/wp-content\/uploads\/2019\/01\/Planes-para-hacer-en-barcelona-en-navidad-como-universitario-400x267.jpg 400w, https:\/\/www.unihabit.com\/wp-content\/uploads\/2019\/01\/Planes-para-hacer-en-barcelona-en-navidad-como-universitario-600x400.jpg 600w, https:\/\/www.unihabit.com\/wp-content\/uploads\/2019\/01\/Planes-para-hacer-en-barcelona-en-navidad-como-universitario-800x533.jpg 800w, https:\/\/www.unihabit.com\/wp-content\/uploads\/2019\/01\/Planes-para-hacer-en-barcelona-en-navidad-como-universitario.jpg 900w\" sizes=\"(max-width: 640px) 100vw, 600px\" \/><\/span><\/div><\/div><\/div><div class=\"fusion-layout-column fusion_builder_column fusion-builder-column-12 fusion_builder_column_1_1 1_1 fusion-flex-column\" style=\"--awb-bg-size:cover;--awb-width-large:100%;--awb-margin-top-large:0px;--awb-spacing-right-large:1.92%;--awb-margin-bottom-large:20px;--awb-spacing-left-large:1.92%;--awb-width-medium:100%;--awb-order-medium:0;--awb-spacing-right-medium:1.92%;--awb-spacing-left-medium:1.92%;--awb-width-small:100%;--awb-order-small:0;--awb-spacing-right-small:1.92%;--awb-spacing-left-small:1.92%;\"><div class=\"fusion-column-wrapper fusion-column-has-shadow fusion-flex-justify-content-flex-start fusion-content-layout-column\"><div class=\"fusion-title title fusion-title-8 fusion-sep-none fusion-title-text fusion-title-size-two\"><h2 class=\"fusion-title-heading title-heading-left\" style=\"margin:0;\"><b>Viu el Nadal des de la teva resid\u00e8ncia universit\u00e0ria Unihabit<\/b><\/h2><\/div><div class=\"fusion-text fusion-text-13\" style=\"--awb-content-alignment:justify;\"><p><span style=\"font-weight: 400;\">Des d\u2019<\/span><b>Unihabit Barcelona<\/b><span style=\"font-weight: 400;\"> t\u2019animem a gaudir de totes aquestes experi\u00e8ncies amb els teus companys. Les festes s\u00f3n una oportunitat \u00fanica per con\u00e8ixer persones noves, descobrir tradicions catalanes i compartir moments que recordar\u00e0s tota la vida.<\/span><\/p>\n<\/div><div style=\"text-align:center;\"><a class=\"fusion-button button-flat fusion-button-default-size button-default fusion-button-default button-1 fusion-button-default-span fusion-button-default-type\" target=\"_blank\" rel=\"noopener noreferrer\" href=\"https:\/\/www.unihabit.com\/ca\/\"><span class=\"fusion-button-text awb-button__text awb-button__text--default\">VEURE RESID\u00c8NCIES UNIHABIT<\/span><\/a><\/div><\/div><\/div><\/div><\/div>\n","protected":false},"excerpt":{"rendered":"","protected":false},"author":1,"featured_media":14902,"comment_status":"open","ping_status":"open","sticky":false,"template":"","format":"standard","meta":{"footnotes":""},"categories":[314,29,313],"tags":[179,236,257],"class_list":["post-3552","post","type-post","status-publish","format-standard","has-post-thumbnail","hentry","category-activitats-cultura-barcelona","category-blog","category-unihabit-barcelona-blog","tag-blog-ca-2","tag-unihabit-residencias-universitarias-ca","tag-unihabit-residencies-universitaries-ca"],"_links":{"self":[{"href":"https:\/\/www.unihabit.com\/ca\/wp-json\/wp\/v2\/posts\/3552","targetHints":{"allow":["GET"]}}],"collection":[{"href":"https:\/\/www.unihabit.com\/ca\/wp-json\/wp\/v2\/posts"}],"about":[{"href":"https:\/\/www.unihabit.com\/ca\/wp-json\/wp\/v2\/types\/post"}],"author":[{"embeddable":true,"href":"https:\/\/www.unihabit.com\/ca\/wp-json\/wp\/v2\/users\/1"}],"replies":[{"embeddable":true,"href":"https:\/\/www.unihabit.com\/ca\/wp-json\/wp\/v2\/comments?post=3552"}],"version-history":[{"count":12,"href":"https:\/\/www.unihabit.com\/ca\/wp-json\/wp\/v2\/posts\/3552\/revisions"}],"predecessor-version":[{"id":14907,"href":"https:\/\/www.unihabit.com\/ca\/wp-json\/wp\/v2\/posts\/3552\/revisions\/14907"}],"wp:featuredmedia":[{"embeddable":true,"href":"https:\/\/www.unihabit.com\/ca\/wp-json\/wp\/v2\/media\/14902"}],"wp:attachment":[{"href":"https:\/\/www.unihabit.com\/ca\/wp-json\/wp\/v2\/media?parent=3552"}],"wp:term":[{"taxonomy":"category","embeddable":true,"href":"https:\/\/www.unihabit.com\/ca\/wp-json\/wp\/v2\/categories?post=3552"},{"taxonomy":"post_tag","embeddable":true,"href":"https:\/\/www.unihabit.com\/ca\/wp-json\/wp\/v2\/tags?post=3552"}],"curies":[{"name":"wp","href":"https:\/\/api.w.org\/{rel}","templated":true}]}}