{"id":3553,"date":"2019-01-29T14:50:05","date_gmt":"2019-01-29T12:50:05","guid":{"rendered":"https:\/\/www.unihabit.com\/blog\/viure-a-barcelona-dates-clau-2019\/"},"modified":"2023-12-07T11:47:05","modified_gmt":"2023-12-07T09:47:05","slug":"viure-a-barcelona-dates-clau-2019","status":"publish","type":"post","link":"https:\/\/www.unihabit.com\/ca\/viure-a-barcelona-dates-clau-2019\/","title":{"rendered":"Viure a Barcelona. Les dates clau del 2019"},"content":{"rendered":"<div class=\"fusion-fullwidth fullwidth-box fusion-builder-row-1 fusion-flex-container nonhundred-percent-fullwidth non-hundred-percent-height-scrolling\" style=\"--awb-border-radius-top-left:0px;--awb-border-radius-top-right:0px;--awb-border-radius-bottom-right:0px;--awb-border-radius-bottom-left:0px;--awb-flex-wrap:wrap;\" ><div class=\"fusion-builder-row fusion-row fusion-flex-align-items-flex-start fusion-flex-content-wrap\" style=\"max-width:1248px;margin-left: calc(-4% \/ 2 );margin-right: calc(-4% \/ 2 );\"><div class=\"fusion-layout-column fusion_builder_column fusion-builder-column-0 fusion_builder_column_1_1 1_1 fusion-flex-column\" style=\"--awb-bg-size:cover;--awb-width-large:100%;--awb-margin-top-large:0px;--awb-spacing-right-large:1.92%;--awb-margin-bottom-large:0px;--awb-spacing-left-large:1.92%;--awb-width-medium:100%;--awb-spacing-right-medium:1.92%;--awb-spacing-left-medium:1.92%;--awb-width-small:100%;--awb-spacing-right-small:1.92%;--awb-spacing-left-small:1.92%;\"><div class=\"fusion-column-wrapper fusion-flex-justify-content-flex-start fusion-content-layout-column\"><div class=\"fusion-text fusion-text-1\"><p>Viure a Barcelona \u00e9s una de les oportunitats m\u00e9s fant\u00e0stiques. La Sagrada Fam\u00edlia, el Park G\u00fcell, les catedrals, universitats, bars, m\u00fasica&#8230;\u00a0A la ciutat hi ha mil i una coses a fer i monuments per visitar. No paren de passar coses diferents i cada dia, viure a Barcelona \u00e9s una aventura.<\/p>\n<p>Des de les<a href=\"https:\/\/www.unihabit.com\/ca\/\" target=\"_blank\" rel=\"noopener noreferrer\"> resid\u00e8ncies universit\u00e0ries de Barcelona d&#8217;Unihabit<\/a>\u00a0t&#8217;oferim l&#8217;oportunitat de viure a Barcelona, a Ciutat Vella i a Gr\u00e0cia, dues zones c\u00e8ntriques de la ciutat. A m\u00e9s, a m\u00e9s, volem que la teva experi\u00e8ncia sigui inoblidable. Per a aix\u00f2 t&#8217;hem preparat una <strong>llista de dates claus de 2019 que no et pots perdre a Barcelona<\/strong>:<\/p>\n<h2><span style=\"font-size: 18px;\"><strong>23 d&#8217;abril &#8211; Sant Jordi<\/strong><\/span><\/h2>\n<p>Si has vingut a viure a Barcelona per primer cop aquest any, probablement no has sentit mai a parlar de la hist\u00f2ria de Sant Jordi. No et preocupis que aquesta diada catalana segur que no se t&#8217;escapa! Els carrers estaran plens de llibres i roses per regalar a la teva parella o amics. Passeja per Passeig de Gr\u00e0cia o la Rambla des de les resid\u00e8ncies universit\u00e0ries d&#8217;Unihabit. \u00c9s un dia m\u00e0gic per viure a Barcelona envoltat d&#8217;amor i literatura!<\/p>\n<p><a href=\"https:\/\/www.barcelona.cat\/culturapopular\/ca\" target=\"_blank\" rel=\"noopener noreferrer\">M\u00e9s informaci\u00f3 de Sant Jordi\u00a0a Barcelona<\/a><\/p>\n<h2><a href=\"https:\/\/www.unihabit.com\/wp-content\/uploads\/2020\/10\/Vivir-en-Barcelona-Libros.png\"><img decoding=\"async\" class=\"aligncenter wp-image-6175 size-full\" title=\"viure a barcelona\" src=\"https:\/\/www.unihabit.com\/wp-content\/uploads\/2020\/10\/Vivir-en-Barcelona-Libros.png\" alt=\"Vivir en Barcelona\" width=\"629\" height=\"432\" \/><\/a><\/h2>\n<h2><span style=\"font-size: 18px;\"><strong>26 de maig &#8211; Eleccions municipals. Qui governar\u00e0 Barcelona? <\/strong><\/span><\/h2>\n<p>A nivell pol\u00edtic, ser\u00e0 un any molt intens, i Barcelona no ser\u00e0 l&#8217;excepci\u00f3. Aquest any se celebren eleccions municipals a tots els pobles i ciutats. Aix\u00ed que probablement veur\u00e0s nombrosos cartells electorals i pol\u00edtics fent m\u00edtings als carrers.<\/p>\n<p><span style=\"font-size: 18px;\"><strong><a href=\"https:\/\/www.unihabit.com\/wp-content\/uploads\/2020\/10\/vivir-en-barcelona-1.png\"><img decoding=\"async\" class=\"aligncenter wp-image-6179 \" title=\"viure a barcelona\" src=\"https:\/\/www.unihabit.com\/wp-content\/uploads\/2020\/10\/vivir-en-barcelona-1.png\" alt=\"\" width=\"486\" height=\"371\"><\/a><\/strong><\/span><\/p>\n<p><span style=\"font-size: 18px;\"><strong>30 de maig a\u00a0l&#8217;1 de juny &#8211; Primavera Sound<\/strong><\/span><\/p>\n<p>Un dels festivals m\u00e9s reconeguts a nivell internacional que se celebren a Barcelona \u00e9s el <a href=\"https:\/\/www.primaverasound.com\/ca\" target=\"_blank\" rel=\"noopener\">Primavera Sound<\/a>. Segur que si vius en una de les resid\u00e8ncies estudiantils d&#8217;Unihabit, algun company ja t&#8217;ha parlat de l&#8217;esdeveniment. \u00c9s una cita indispensable per a qualsevol amant de la m\u00fasica. T&#8217;ho perdr\u00e0s?<\/p>\n<h2><a href=\"https:\/\/www.unihabit.com\/wp-content\/uploads\/2020\/10\/Vivir-en-Barcelona-2.jpg\"><img decoding=\"async\" class=\"aligncenter wp-image-6163 \" title=\"viure a barcelona\" src=\"https:\/\/www.unihabit.com\/wp-content\/uploads\/2020\/10\/Vivir-en-Barcelona-2.jpg\" alt=\"Vivir en Barcelona\" width=\"550\" height=\"412\" \/><\/a><\/h2>\n<h2><span style=\"font-size: 18px;\"><strong>15 al 21 d&#8217;agost &#8211; Festa Major de Gr\u00e0cia<\/strong><\/span><\/h2>\n<p>La\u00a0<a href=\"https:\/\/www.cuandopasa.com\/index.php?v=v41027g\" target=\"_blank\" rel=\"noopener\">Festa Major de Gr\u00e0cia<\/a>\u00a0ja \u00e9s una data reservada cada any per a qualsevol persona que viu a Barcelona. Carrers decorats, m\u00fasica en directe, balls amb els teus amics de les resid\u00e8ncies d&#8217;estudiants &#8230; Participa en una de les festes m\u00e9s conegudes de Barcelona.<\/p>\n<h2><span style=\"font-size: 18px;\"><strong><a href=\"https:\/\/www.unihabit.com\/wp-content\/uploads\/2020\/10\/Vivir-en-Gracia-Barcelona-1.png\"><img decoding=\"async\" class=\"wp-image-8249 aligncenter\" title=\"Viure a Barcelona\" src=\"https:\/\/www.unihabit.com\/wp-content\/uploads\/2020\/10\/Vivir-en-Gracia-Barcelona-1-300x224.png\" alt=\"Vivir en Gracia Barcelona\" width=\"592\" height=\"442\" \/><\/a><\/strong><\/span><\/h2>\n<h2><span style=\"font-size: 18px;\"><strong>20 al 24 de setembre &#8211; Festes de La Merc\u00e8<\/strong><\/span><\/h2>\n<p><a href=\"https:\/\/www.barcelona.cat\/lamerce\/ca\" target=\"_blank\" rel=\"noopener\">Les festes de la Merc\u00e8<\/a>, que se celebren al 24 de setembre, s\u00f3n les festes de la ciutat de Barcelona. Nombrosos actes, celebracions, concerts, cercaviles&#8230; Tenen lloc a la ciutat durant els dies previs. Tothom surt al carrer a gaudir! Reserva&#8217;t la data. \u00c9s una de les millors experi\u00e8ncies per aprofitar de viure a Barcelona.<\/p>\n<p style=\"text-align: center;\"><a href=\"https:\/\/www.unihabit.com\/wp-content\/uploads\/2020\/10\/vivir-en-barcelona-La-merce.png\"><img decoding=\"async\" class=\"aligncenter wp-image-6171 \" title=\"viure a barcelona\" src=\"https:\/\/www.unihabit.com\/wp-content\/uploads\/2020\/10\/vivir-en-barcelona-La-merce.png\" alt=\"Vivir en barcelona\" width=\"581\" height=\"450\" \/><\/a><\/p>\n<p style=\"text-align: center;\">Vols viure a Barcelona? Les resid\u00e8ncies d&#8217;estudiants d&#8217;Unihabit a <a href=\"https:\/\/www.unihabit.com\/ca\/residencies-universitaries-barcelona\/\" target=\"_blank\" rel=\"noopener noreferrer\">Ciutat Vella<\/a>\u00a0i\u00a0<a href=\"https:\/\/www.unihabit.com\/ca\/residencia-universitaria-barcelona-gracia\/\" target=\"_blank\" rel=\"noopener noreferrer\">Gr\u00e0cia<\/a>\u00a0\u00e9s el que estaves buscant.<\/p>\n<p style=\"text-align: center;\"><strong>\u00a0Posa&#8217;t en contacte amb nosaltres i gaudeix de Barcelona des del centre!<\/strong><\/p>\n<p style=\"text-align: center;\"><a href=\"https:\/\/www.unihabit.com\/ca\/residencia-universitaria-barcelona-gracia\/\"><img decoding=\"async\" class=\"aligncenter wp-image-7090 size-medium\" src=\"https:\/\/www.unihabit.com\/wp-content\/uploads\/2020\/10\/graciaCAT-corretgida-300x106.png\" alt=\"\" width=\"300\" height=\"106\" title=\"\"><\/a><\/p>\n<p style=\"text-align: center;\"><a href=\"https:\/\/www.unihabit.com\/ca\/residencies-universitaries-barcelona\/\"><img decoding=\"async\" class=\"aligncenter wp-image-7082 size-medium\" src=\"https:\/\/www.unihabit.com\/wp-content\/uploads\/2020\/10\/ciutatvellaCAT-corretgida-300x106.png\" alt=\"\" width=\"300\" height=\"106\" title=\"\"><\/a><\/p>\n<\/div><\/div><\/div><\/div><\/div>\n","protected":false},"excerpt":{"rendered":"","protected":false},"author":1,"featured_media":1703,"comment_status":"open","ping_status":"open","sticky":false,"template":"","format":"standard","meta":{"footnotes":""},"categories":[52],"tags":[177,181,255,256,236,257],"class_list":["post-3553","post","type-post","status-publish","format-standard","has-post-thumbnail","hentry","category-activitats","tag-blog","tag-blog-ca-4","tag-residentes-universitarios-en-barcelona-ca","tag-residents-universitaris-a-barcelona-ca","tag-unihabit-residencias-universitarias-ca","tag-unihabit-residencies-universitaries-ca"],"_links":{"self":[{"href":"https:\/\/www.unihabit.com\/ca\/wp-json\/wp\/v2\/posts\/3553","targetHints":{"allow":["GET"]}}],"collection":[{"href":"https:\/\/www.unihabit.com\/ca\/wp-json\/wp\/v2\/posts"}],"about":[{"href":"https:\/\/www.unihabit.com\/ca\/wp-json\/wp\/v2\/types\/post"}],"author":[{"embeddable":true,"href":"https:\/\/www.unihabit.com\/ca\/wp-json\/wp\/v2\/users\/1"}],"replies":[{"embeddable":true,"href":"https:\/\/www.unihabit.com\/ca\/wp-json\/wp\/v2\/comments?post=3553"}],"version-history":[{"count":2,"href":"https:\/\/www.unihabit.com\/ca\/wp-json\/wp\/v2\/posts\/3553\/revisions"}],"predecessor-version":[{"id":11929,"href":"https:\/\/www.unihabit.com\/ca\/wp-json\/wp\/v2\/posts\/3553\/revisions\/11929"}],"wp:featuredmedia":[{"embeddable":true,"href":"https:\/\/www.unihabit.com\/ca\/wp-json\/wp\/v2\/media\/1703"}],"wp:attachment":[{"href":"https:\/\/www.unihabit.com\/ca\/wp-json\/wp\/v2\/media?parent=3553"}],"wp:term":[{"taxonomy":"category","embeddable":true,"href":"https:\/\/www.unihabit.com\/ca\/wp-json\/wp\/v2\/categories?post=3553"},{"taxonomy":"post_tag","embeddable":true,"href":"https:\/\/www.unihabit.com\/ca\/wp-json\/wp\/v2\/tags?post=3553"}],"curies":[{"name":"wp","href":"https:\/\/api.w.org\/{rel}","templated":true}]}}