{"id":3564,"date":"2025-09-24T10:00:35","date_gmt":"2025-09-24T08:00:35","guid":{"rendered":"https:\/\/www.unihabit.com\/blog\/residencies-universitaries-barcelona-ub\/"},"modified":"2025-09-24T10:00:45","modified_gmt":"2025-09-24T08:00:45","slug":"residencies-universitaries-barcelona-a-prop-de-la-ub","status":"publish","type":"post","link":"https:\/\/www.unihabit.com\/ca\/residencies-universitaries-barcelona-a-prop-de-la-ub\/","title":{"rendered":"Resid\u00e8ncies universit\u00e0ries barcelona a prop de la UB: viu a passos de la teva facultat"},"content":{"rendered":"<p><div class=\"fusion-fullwidth fullwidth-box fusion-builder-row-1 fusion-flex-container nonhundred-percent-fullwidth non-hundred-percent-height-scrolling\" style=\"--awb-border-radius-top-left:0px;--awb-border-radius-top-right:0px;--awb-border-radius-bottom-right:0px;--awb-border-radius-bottom-left:0px;--awb-flex-wrap:wrap;\" ><div class=\"fusion-builder-row fusion-row fusion-flex-align-items-flex-start fusion-flex-content-wrap\" style=\"max-width:1248px;margin-left: calc(-4% \/ 2 );margin-right: calc(-4% \/ 2 );\"><div class=\"fusion-layout-column fusion_builder_column fusion-builder-column-0 fusion_builder_column_1_1 1_1 fusion-flex-column\" style=\"--awb-bg-size:cover;--awb-width-large:100%;--awb-margin-top-large:0px;--awb-spacing-right-large:1.92%;--awb-margin-bottom-large:0px;--awb-spacing-left-large:1.92%;--awb-width-medium:100%;--awb-spacing-right-medium:1.92%;--awb-spacing-left-medium:1.92%;--awb-width-small:100%;--awb-spacing-right-small:1.92%;--awb-spacing-left-small:1.92%;\"><div class=\"fusion-column-wrapper fusion-flex-justify-content-flex-start fusion-content-layout-column\"><div class=\"fusion-text fusion-text-1\" style=\"--awb-content-alignment:justify;\">\n<\/div><\/div><\/div><\/div><\/div><div class=\"fusion-fullwidth fullwidth-box fusion-builder-row-2 fusion-flex-container has-pattern-background has-mask-background nonhundred-percent-fullwidth non-hundred-percent-height-scrolling\" style=\"--awb-border-radius-top-left:0px;--awb-border-radius-top-right:0px;--awb-border-radius-bottom-right:0px;--awb-border-radius-bottom-left:0px;--awb-flex-wrap:wrap;\" ><div class=\"fusion-builder-row fusion-row fusion-flex-align-items-flex-start fusion-flex-content-wrap\" style=\"max-width:1248px;margin-left: calc(-4% \/ 2 );margin-right: calc(-4% \/ 2 );\"><div class=\"fusion-layout-column fusion_builder_column fusion-builder-column-1 fusion_builder_column_1_1 1_1 fusion-flex-column\" style=\"--awb-bg-size:cover;--awb-width-large:100%;--awb-margin-top-large:0px;--awb-spacing-right-large:1.92%;--awb-margin-bottom-large:20px;--awb-spacing-left-large:1.92%;--awb-width-medium:100%;--awb-order-medium:0;--awb-spacing-right-medium:1.92%;--awb-spacing-left-medium:1.92%;--awb-width-small:100%;--awb-order-small:0;--awb-spacing-right-small:1.92%;--awb-spacing-left-small:1.92%;\"><div class=\"fusion-column-wrapper fusion-column-has-shadow fusion-flex-justify-content-flex-start fusion-content-layout-column\"><div class=\"fusion-text fusion-text-2\" style=\"--awb-content-alignment:justify;\"><p><span style=\"font-weight: 400;\">Triar quin grau universitari estudiar a la Universitat de Barcelona \u00e9s una de les decisions m\u00e9s importants del futur acad\u00e8mic. <\/span><\/p>\n<p><span style=\"font-weight: 400;\">Per\u00f2 si vens de fora de la ciutat, a aquest repte se li suma un m\u00e9s: trobar resid\u00e8ncies universit\u00e0ries barcelona a prop de la UB.<\/span><\/p>\n<article class=\"text-token-text-primary w-full focus:outline-none scroll-mt-&#091;calc(var(--header-height)+min(200px,max(70px,20svh)))&#093;\" dir=\"auto\" tabindex=\"-1\" data-turn-id=\"db494231-6d9a-450a-96fe-8a52afa0430c\" data-testid=\"conversation-turn-2\" data-scroll-anchor=\"true\" data-turn=\"assistant\">\n<div class=\"text-base my-auto mx-auto pb-10 &#091;--thread-content-margin:--spacing(4)&#093; @&#091;37rem&#093;:&#091;--thread-content-margin:--spacing(6)&#093; @&#091;72rem&#093;:&#091;--thread-content-margin:--spacing(16)&#093; px-(--thread-content-margin)\">\n<div class=\"&#091;--thread-content-max-width:32rem&#093; @&#091;34rem&#093;:&#091;--thread-content-max-width:40rem&#093; @&#091;64rem&#093;:&#091;--thread-content-max-width:48rem&#093; mx-auto max-w-(--thread-content-max-width) flex-1 group\/turn-messages focus-visible:outline-hidden relative flex w-full min-w-0 flex-col agent-turn\" tabindex=\"-1\">\n<div class=\"flex max-w-full flex-col grow\">\n<div class=\"min-h-8 text-message relative flex w-full flex-col items-end gap-2 text-start break-words whitespace-normal &#091;.text-message+&amp;&#093;:mt-5\" dir=\"auto\" data-message-author-role=\"assistant\" data-message-id=\"bfa6aeab-1107-4908-8c0f-aa9933e13d76\" data-message-model-slug=\"gpt-5\">\n<div class=\"flex w-full flex-col gap-1 empty:hidden first:pt-&#091;3px&#093;\">\n<div class=\"markdown prose dark:prose-invert w-full break-words light markdown-new-styling\">\n<p data-start=\"52\" data-end=\"363\" data-is-last-node=\"\" data-is-only-node=\"\">A <a href=\"https:\/\/www.unihabit.com\/ca\/\">Unihabit<\/a> t\u2019ho posem f\u00e0cil. Comptem amb la <a href=\"https:\/\/www.unihabit.com\/ca\/residencies-universitaries-barcelona\/\">Resid\u00e8ncia Universit\u00e0ria d\u2019Unihabit a Ciutat Vella<\/a>, ubicada a la <a href=\"https:\/\/www.google.es\/maps\/place\/Residencia+Universitaria+Barcelona+UNIHABIT+Ciutat+Vella\/@41.3819655,2.1650578,17z\/data=!4m22!1m15!4m14!1m6!1m2!1s0x12a4a2f59b9a71f3:0x2a97b8648ba2e6b3!2sPla%C3%A7a+de+les+Caramelles,+5,+08001+Barcelona!2m2!1d2.167405!2d41.3818005!1m6!1m2!1s0x12a4a2f50bab1021:0xfe7aa955bd842927!2sUnihabit,+Pla%C3%A7a+de+les+Caramelles,+s%2Fn,+08001+Barcelona!2m2!1d2.1670099!2d41.3821513!3m5!1s0x12a4a2f50bab1021:0xfe7aa955bd842927!8m2!3d41.3821513!4d2.1670099!16s%2Fg%2F11c55sz9b3?entry=ttu&amp;g_ep=EgoyMDI1MDgwNS4wIKXMDSoASAFQAw%3D%3D\" target=\"_blank\" rel=\"noopener\">Pla\u00e7a de les Caramelles<\/a>, amb entrada tamb\u00e9 pel carrer Joaquim Costa, que queda encara m\u00e9s a prop de la Universitat de Barcelona (UB). \u00c9s la millor soluci\u00f3 per trobar allotjament a prop de les facultats.<\/p>\n<\/div>\n<\/div>\n<\/div>\n<\/div>\n<div class=\"flex min-h-&#091;46px&#093; justify-start\"><\/div>\n<div class=\"mt-3 w-full empty:hidden\">\n<div class=\"text-center\"><\/div>\n<\/div>\n<\/div>\n<\/div>\n<\/article>\n<div class=\"pointer-events-none h-px w-px\" aria-hidden=\"true\" data-edge=\"true\"><\/div>\n<\/div><div class=\"fusion-image-element \" style=\"text-align:center;--awb-caption-title-font-family:var(--h2_typography-font-family);--awb-caption-title-font-weight:var(--h2_typography-font-weight);--awb-caption-title-font-style:var(--h2_typography-font-style);--awb-caption-title-size:var(--h2_typography-font-size);--awb-caption-title-transform:var(--h2_typography-text-transform);--awb-caption-title-line-height:var(--h2_typography-line-height);--awb-caption-title-letter-spacing:var(--h2_typography-letter-spacing);\"><span class=\" fusion-imageframe imageframe-none imageframe-1 hover-type-none\"><img decoding=\"async\" width=\"900\" height=\"600\" alt=\"residencias universitarias en barcelona cerca de la ub edificio\" title=\"residencias universitarias en barcelona cerca de la ub edificio\" src=\"https:\/\/www.unihabit.com\/wp-content\/uploads\/2019\/03\/residencias-universitarias-en-barcelona-cerca-de-la-ub-edificio.png\" class=\"img-responsive wp-image-17640\" srcset=\"https:\/\/www.unihabit.com\/wp-content\/uploads\/2019\/03\/residencias-universitarias-en-barcelona-cerca-de-la-ub-edificio-200x133.png 200w, https:\/\/www.unihabit.com\/wp-content\/uploads\/2019\/03\/residencias-universitarias-en-barcelona-cerca-de-la-ub-edificio-400x267.png 400w, https:\/\/www.unihabit.com\/wp-content\/uploads\/2019\/03\/residencias-universitarias-en-barcelona-cerca-de-la-ub-edificio-600x400.png 600w, https:\/\/www.unihabit.com\/wp-content\/uploads\/2019\/03\/residencias-universitarias-en-barcelona-cerca-de-la-ub-edificio-800x533.png 800w, https:\/\/www.unihabit.com\/wp-content\/uploads\/2019\/03\/residencias-universitarias-en-barcelona-cerca-de-la-ub-edificio.png 900w\" sizes=\"(max-width: 640px) 100vw, 900px\" \/><\/span><\/div><div class=\"fusion-title title fusion-title-1 fusion-sep-none fusion-title-text fusion-title-size-two\"><h2 class=\"fusion-title-heading title-heading-left\" style=\"margin:0;\"><b>Facultats de la UB prop de la nostra resid\u00e8ncia a Ciutat Vella<\/b><\/h2><\/div><div class=\"fusion-text fusion-text-3\" style=\"--awb-content-alignment:justify;\"><p><span style=\"font-weight: 400;\">La <\/span><a href=\"https:\/\/www.ub.edu\/portal\/web\/filologia-comunicacio\" target=\"_blank\" rel=\"noopener\"><span style=\"font-weight: 400;\">Facultat de Filologia de la Universitat de Barcelona<\/span><\/a><span style=\"font-weight: 400;\"> est\u00e0 situada a la Pla\u00e7a de la Universitat, nom\u00e9s a cinc minuts a peu de les resid\u00e8ncies d\u2019estudiants d\u2019Unihabit. All\u00e0 hi ha una \u00e0mplia varietat d\u2019estudis de grau: Comunicaci\u00f3 i Ind\u00fastries Culturals, Estudis Anglesos, Literaris, Francesos o \u00c0rabs i Filologia Catalana, Hisp\u00e0nica i Rom\u00e0nica, entre d\u2019altres.<\/span><span style=\"font-weight: 400;\"><br \/>\n<\/span><span style=\"font-weight: 400;\">A m\u00e9s, tamb\u00e9 ofereix estudis de m\u00e0ster, postgrau i doctorat.<\/span><span style=\"font-weight: 400;\"><br \/>\n<\/span><span style=\"font-weight: 400;\">Les resid\u00e8ncies d\u2019Unihabit seran la millor opci\u00f3 per viure a prop de la teva facultat.<\/span><\/p>\n<\/div><div class=\"fusion-image-element \" style=\"text-align:center;--awb-caption-title-font-family:var(--h2_typography-font-family);--awb-caption-title-font-weight:var(--h2_typography-font-weight);--awb-caption-title-font-style:var(--h2_typography-font-style);--awb-caption-title-size:var(--h2_typography-font-size);--awb-caption-title-transform:var(--h2_typography-text-transform);--awb-caption-title-line-height:var(--h2_typography-line-height);--awb-caption-title-letter-spacing:var(--h2_typography-letter-spacing);\"><span class=\" fusion-imageframe imageframe-none imageframe-2 hover-type-none\"><img decoding=\"async\" width=\"900\" height=\"600\" alt=\"residencias universitarias en barcelona cerca de la ub biblioteca\" title=\"residencias universitarias en barcelona cerca de la ub biblioteca\" src=\"https:\/\/www.unihabit.com\/wp-content\/uploads\/2019\/03\/residencias-universitarias-en-barcelona-cerca-de-la-ub-biblioteca.png\" class=\"img-responsive wp-image-17637\" srcset=\"https:\/\/www.unihabit.com\/wp-content\/uploads\/2019\/03\/residencias-universitarias-en-barcelona-cerca-de-la-ub-biblioteca-200x133.png 200w, https:\/\/www.unihabit.com\/wp-content\/uploads\/2019\/03\/residencias-universitarias-en-barcelona-cerca-de-la-ub-biblioteca-400x267.png 400w, https:\/\/www.unihabit.com\/wp-content\/uploads\/2019\/03\/residencias-universitarias-en-barcelona-cerca-de-la-ub-biblioteca-600x400.png 600w, https:\/\/www.unihabit.com\/wp-content\/uploads\/2019\/03\/residencias-universitarias-en-barcelona-cerca-de-la-ub-biblioteca-800x533.png 800w, https:\/\/www.unihabit.com\/wp-content\/uploads\/2019\/03\/residencias-universitarias-en-barcelona-cerca-de-la-ub-biblioteca.png 900w\" sizes=\"(max-width: 640px) 100vw, 900px\" \/><\/span><\/div><div class=\"fusion-text fusion-text-4\" style=\"--awb-content-alignment:justify;\"><p style=\"text-align: center;\"><a href=\"https:\/\/www.unihabit.com\/ca\/residencies-universitaries-barcelona\/\"><b>Resid\u00e8ncies universit\u00e0ries Barcelona UB. Allotjament Unihabit<\/b><\/a><\/p>\n<\/div><div class=\"fusion-title title fusion-title-2 fusion-sep-none fusion-title-text fusion-title-size-two\"><h2 class=\"fusion-title-heading title-heading-left\" style=\"margin:0;\"><b>La Facultat de Matem\u00e0tiques de la UB, tamb\u00e9 a Pla\u00e7a Universitat<\/b><\/h2><\/div><div class=\"fusion-text fusion-text-5\" style=\"--awb-content-alignment:justify;\"><p><span style=\"font-weight: 400;\">La <\/span><a href=\"https:\/\/mat.ub.edu\/\" target=\"_blank\" rel=\"noopener\"><span style=\"font-weight: 400;\">Facultat de Matem\u00e0tiques de la Universitat de Barcelona<\/span><\/a><span style=\"font-weight: 400;\"> est\u00e0 ubicada al mateix edifici que la Facultat de Filologia, a Pla\u00e7a Universitat. Per tant, si ets m\u00e9s de ci\u00e8ncies i n\u00fameros, viure a les resid\u00e8ncies universit\u00e0ries barcelona a prop de la UB et permetr\u00e0 viure a prop d\u2019on estudies. Enginyeria Inform\u00e0tica, Matem\u00e0tiques, dobles graus&#8230; Quina has triat?<\/span><\/p>\n<\/div><div class=\"fusion-image-element \" style=\"text-align:center;--awb-caption-title-font-family:var(--h2_typography-font-family);--awb-caption-title-font-weight:var(--h2_typography-font-weight);--awb-caption-title-font-style:var(--h2_typography-font-style);--awb-caption-title-size:var(--h2_typography-font-size);--awb-caption-title-transform:var(--h2_typography-text-transform);--awb-caption-title-line-height:var(--h2_typography-line-height);--awb-caption-title-letter-spacing:var(--h2_typography-letter-spacing);\"><span class=\" fusion-imageframe imageframe-none imageframe-3 hover-type-none\"><img decoding=\"async\" width=\"900\" height=\"600\" alt=\"residencias universitarias en barcelona cerca de la ub universidad\" title=\"residencias universitarias en barcelona cerca de la ub universidad\" src=\"https:\/\/www.unihabit.com\/wp-content\/uploads\/2019\/03\/residencias-universitarias-en-barcelona-cerca-de-la-ub-universidad.png\" class=\"img-responsive wp-image-17649\" srcset=\"https:\/\/www.unihabit.com\/wp-content\/uploads\/2019\/03\/residencias-universitarias-en-barcelona-cerca-de-la-ub-universidad-200x133.png 200w, https:\/\/www.unihabit.com\/wp-content\/uploads\/2019\/03\/residencias-universitarias-en-barcelona-cerca-de-la-ub-universidad-400x267.png 400w, https:\/\/www.unihabit.com\/wp-content\/uploads\/2019\/03\/residencias-universitarias-en-barcelona-cerca-de-la-ub-universidad-600x400.png 600w, https:\/\/www.unihabit.com\/wp-content\/uploads\/2019\/03\/residencias-universitarias-en-barcelona-cerca-de-la-ub-universidad-800x533.png 800w, https:\/\/www.unihabit.com\/wp-content\/uploads\/2019\/03\/residencias-universitarias-en-barcelona-cerca-de-la-ub-universidad.png 900w\" sizes=\"(max-width: 640px) 100vw, 900px\" \/><\/span><\/div><div class=\"fusion-text fusion-text-6\" style=\"--awb-content-alignment:justify;\"><p style=\"text-align: center;\"><a href=\"https:\/\/www.unihabit.com\/ca\/residencies-universitaries-barcelona\/\"><b>Resid\u00e8ncies universit\u00e0ries Barcelona Unihabit<\/b><\/a><\/p>\n<\/div><div class=\"fusion-title title fusion-title-3 fusion-sep-none fusion-title-text fusion-title-size-two\"><h2 class=\"fusion-title-heading title-heading-left\" style=\"margin:0;\"><b>Les facultats de Filosofia, Hist\u00f2ria i Geografia de la UB, al costat de les resid\u00e8ncies per a estudiants<\/b><\/h2><\/div><div class=\"fusion-text fusion-text-7\" style=\"--awb-content-alignment:justify;\"><p><span style=\"font-weight: 400;\">Les <\/span><a href=\"https:\/\/www.ub.edu\/portal\/web\/filosofia\/\" target=\"_blank\" rel=\"noopener\"><span style=\"font-weight: 400;\">facultats de Filosofia<\/span><\/a><span style=\"font-weight: 400;\"> i de <\/span><a href=\"https:\/\/www.ub.edu\/portal\/web\/geografia-historia\" target=\"_blank\" rel=\"noopener\"><span style=\"font-weight: 400;\">Geografia i Hist\u00f2ria<\/span><\/a><span style=\"font-weight: 400;\"> es troben ubicades a nom\u00e9s 3 minuts a peu de les resid\u00e8ncies universit\u00e0ries d\u2019Unihabit. Aix\u00ed que, si algun dia et deixes la llibreta, els apunts o el material a casa, no tindr\u00e0s cap problema per tornar-los a buscar! A m\u00e9s, podr\u00e0s aprofitar els descansos llargs entre classes per anar a descansar a la teva habitaci\u00f3. Qu\u00e8 pot haver-hi millor?<\/span><\/p>\n<\/div><div class=\"fusion-title title fusion-title-4 fusion-sep-none fusion-title-text fusion-title-size-two\"><h2 class=\"fusion-title-heading title-heading-left\" style=\"margin:0;\"><b>Quins serveis inclou la teva resid\u00e8ncia a prop de la UB?<\/b><\/h2><\/div><div class=\"fusion-text fusion-text-8\" style=\"--awb-content-alignment:justify;\"><p><span style=\"font-weight: 400;\">A m\u00e9s d\u2019una ubicaci\u00f3 privilegiada, Unihabit Ciutat Vella t\u2019ofereix tot el necessari per a una estada universit\u00e0ria c\u00f2moda, segura i amb serveis complets.<\/span><\/p>\n<p><span style=\"font-weight: 400;\">A continuaci\u00f3, t\u2019expliquem els tipus d\u2019habitacions disponibles i tot el que inclou el teu allotjament:<\/span><\/p>\n<\/div><div class=\"fusion-title title fusion-title-5 fusion-sep-none fusion-title-text fusion-title-size-three\"><h3 class=\"fusion-title-heading title-heading-left\" style=\"margin:0;\"><b>Unihabit Ciutat Vella: habitacions i serveis a la teva mida<\/b><\/h3><\/div><div class=\"fusion-text fusion-text-9\" style=\"--awb-content-alignment:justify;\"><p><span style=\"font-weight: 400;\">La nostra resid\u00e8ncia universit\u00e0ria Unihabit Ciutat Vella, situada al centre de Barcelona, disposa de diferents tipus d\u2019habitacions per adaptar-se a cada estil de vida i pressupost:<\/span><\/p>\n<ul>\n<li style=\"font-weight: 400;\" aria-level=\"1\"><span style=\"font-weight: 400;\">Habitaci\u00f3 individual<\/span><\/li>\n<li style=\"font-weight: 400;\" aria-level=\"1\"><span style=\"font-weight: 400;\">Habitaci\u00f3 individual superior<\/span><\/li>\n<li style=\"font-weight: 400;\" aria-level=\"1\"><span style=\"font-weight: 400;\">Habitaci\u00f3 doble<\/span><\/li>\n<li style=\"font-weight: 400;\" aria-level=\"1\"><span style=\"font-weight: 400;\">Habitaci\u00f3 triple<\/span><\/li>\n<\/ul>\n<p><span style=\"font-weight: 400;\">Cada habitaci\u00f3 est\u00e0 equipada amb pica, microones i nevera individual. Les cuines i menjadors s\u00f3n comunitaris, ideals per compartir moments amb altres residents.<\/span><\/p>\n<p><b>Serveis inclosos en el preu de l\u2019allotjament<\/b><\/p>\n<ul>\n<li style=\"font-weight: 400;\" aria-level=\"1\"><span style=\"font-weight: 400;\">Jard\u00ed i terrassa<\/span><\/li>\n<li style=\"font-weight: 400;\" aria-level=\"1\"><span style=\"font-weight: 400;\">Gimn\u00e0s<\/span><\/li>\n<li style=\"font-weight: 400;\" aria-level=\"1\"><span style=\"font-weight: 400;\">Sales d\u2019estudi i zones comunes<\/span><\/li>\n<li style=\"font-weight: 400;\" aria-level=\"1\"><span style=\"font-weight: 400;\">Seguretat i vigil\u00e0ncia electr\u00f2nica<\/span><\/li>\n<li style=\"font-weight: 400;\" aria-level=\"1\"><span style=\"font-weight: 400;\">Cuina comunit\u00e0ria equipada<\/span><\/li>\n<li style=\"font-weight: 400;\" aria-level=\"1\"><span style=\"font-weight: 400;\">Neteja setmanal de l\u2019habitaci\u00f3<\/span><\/li>\n<li style=\"font-weight: 400;\" aria-level=\"1\"><span style=\"font-weight: 400;\">Subministraments inclosos (aigua, llum i internet)<\/span><\/li>\n<li style=\"font-weight: 400;\" aria-level=\"1\"><span style=\"font-weight: 400;\">Espais adaptats<\/span><\/li>\n<li style=\"font-weight: 400;\" aria-level=\"1\"><span style=\"font-weight: 400;\">Zona central amb sala d\u2019estar<\/span><\/li>\n<li style=\"font-weight: 400;\" aria-level=\"1\"><span style=\"font-weight: 400;\">Recepci\u00f3 24h<\/span><\/li>\n<li style=\"font-weight: 400;\" aria-level=\"1\"><span style=\"font-weight: 400;\">Wi-Fi d\u2019alta velocitat a tot l\u2019edifici<\/span><\/li>\n<li style=\"font-weight: 400;\" aria-level=\"1\"><span style=\"font-weight: 400;\">P\u00e0rquing per a bicicletes<\/span><\/li>\n<li style=\"font-weight: 400;\" aria-level=\"1\"><span style=\"font-weight: 400;\">Activitats en grup<\/span><\/li>\n<li style=\"font-weight: 400;\" aria-level=\"1\"><span style=\"font-weight: 400;\">Neteja di\u00e0ria de zones comunes<\/span><\/li>\n<\/ul>\n<p><b>Serveis opcionals (no inclosos en el preu):<\/b><\/p>\n<ul>\n<li style=\"font-weight: 400;\" aria-level=\"1\"><span style=\"font-weight: 400;\">Joc de roba de llit<\/span><\/li>\n<li style=\"font-weight: 400;\" aria-level=\"1\"><span style=\"font-weight: 400;\">Joc de tovalloles<\/span><\/li>\n<li style=\"font-weight: 400;\" aria-level=\"1\"><span style=\"font-weight: 400;\">Zona de vending<\/span><\/li>\n<li style=\"font-weight: 400;\" aria-level=\"1\"><span style=\"font-weight: 400;\">P\u00e0rquing per a motos i cotxes<\/span><\/li>\n<li style=\"font-weight: 400;\" aria-level=\"1\"><span style=\"font-weight: 400;\">Servei de bugaderia<\/span><\/li>\n<li style=\"font-weight: 400;\" aria-level=\"1\"><span style=\"font-weight: 400;\">Servei de copisteria<\/span><\/li>\n<\/ul>\n<p><span style=\"font-weight: 400;\">Per a m\u00e9s detalls sobre les condicions d\u2019estada i tipus d\u2019allotjament disponibles, pots consultar el document actualitzat:<\/span><\/p>\n<p><a href=\"https:\/\/www.unihabit.com\/wp-content\/uploads\/2025\/04\/Tarifes-Unihabit-Ciutat-Vella-2025-26-CAT.pdf\" target=\"_blank\" rel=\"noopener\"><span style=\"font-weight: 400;\">Consulta aqu\u00ed les tarifes 2025-2026<\/span><\/a><\/p>\n<\/div><\/div><\/div><\/div><\/div><div class=\"fusion-fullwidth fullwidth-box fusion-builder-row-3 fusion-flex-container has-pattern-background has-mask-background nonhundred-percent-fullwidth non-hundred-percent-height-scrolling\" style=\"--awb-border-radius-top-left:0px;--awb-border-radius-top-right:0px;--awb-border-radius-bottom-right:0px;--awb-border-radius-bottom-left:0px;--awb-flex-wrap:wrap;\" ><div class=\"fusion-builder-row fusion-row fusion-flex-align-items-flex-start fusion-flex-content-wrap\" style=\"max-width:1248px;margin-left: calc(-4% \/ 2 );margin-right: calc(-4% \/ 2 );\"><div class=\"fusion-layout-column fusion_builder_column fusion-builder-column-2 fusion_builder_column_1_1 1_1 fusion-flex-column\" style=\"--awb-bg-size:cover;--awb-width-large:100%;--awb-margin-top-large:0px;--awb-spacing-right-large:1.92%;--awb-margin-bottom-large:20px;--awb-spacing-left-large:1.92%;--awb-width-medium:100%;--awb-order-medium:0;--awb-spacing-right-medium:1.92%;--awb-spacing-left-medium:1.92%;--awb-width-small:100%;--awb-order-small:0;--awb-spacing-right-small:1.92%;--awb-spacing-left-small:1.92%;\"><div class=\"fusion-column-wrapper fusion-column-has-shadow fusion-flex-justify-content-flex-start fusion-content-layout-column\"><div class=\"fusion-title title fusion-title-6 fusion-sep-none fusion-title-text fusion-title-size-two\"><h2 class=\"fusion-title-heading title-heading-left\" style=\"margin:0;\"><b>Ets estudiant de grau, m\u00e0ster o Erasmus?<\/b><\/h2><\/div><div class=\"fusion-text fusion-text-10\" style=\"--awb-content-alignment:justify;\"><p><span style=\"font-weight: 400;\">Unihabit Barcelona \u00e9s l\u2019opci\u00f3 ideal per a estudiants nacionals i internacionals que busquen resid\u00e8ncies universit\u00e0ries a Barcelona prop de la UB. <\/span><\/p>\n<p><span style=\"font-weight: 400;\">Sigui quin sigui el teu nivell d\u2019estudis, t\u2019oferim allotjament amb totes les comoditats, en un entorn segur i multicultural.<\/span><\/p>\n<\/div><div class=\"fusion-image-element \" style=\"text-align:center;--awb-caption-title-font-family:var(--h2_typography-font-family);--awb-caption-title-font-weight:var(--h2_typography-font-weight);--awb-caption-title-font-style:var(--h2_typography-font-style);--awb-caption-title-size:var(--h2_typography-font-size);--awb-caption-title-transform:var(--h2_typography-text-transform);--awb-caption-title-line-height:var(--h2_typography-line-height);--awb-caption-title-letter-spacing:var(--h2_typography-letter-spacing);\"><span class=\" fusion-imageframe imageframe-none imageframe-4 hover-type-none\"><img decoding=\"async\" width=\"900\" height=\"600\" alt=\"residencias universitarias en barcelona cerca de la ub habitacion\" title=\"residencias universitarias en barcelona cerca de la ub habitacion\" src=\"https:\/\/www.unihabit.com\/wp-content\/uploads\/2019\/03\/residencias-universitarias-en-barcelona-cerca-de-la-ub-habitacion.png\" class=\"img-responsive wp-image-17643\" srcset=\"https:\/\/www.unihabit.com\/wp-content\/uploads\/2019\/03\/residencias-universitarias-en-barcelona-cerca-de-la-ub-habitacion-200x133.png 200w, https:\/\/www.unihabit.com\/wp-content\/uploads\/2019\/03\/residencias-universitarias-en-barcelona-cerca-de-la-ub-habitacion-400x267.png 400w, https:\/\/www.unihabit.com\/wp-content\/uploads\/2019\/03\/residencias-universitarias-en-barcelona-cerca-de-la-ub-habitacion-600x400.png 600w, https:\/\/www.unihabit.com\/wp-content\/uploads\/2019\/03\/residencias-universitarias-en-barcelona-cerca-de-la-ub-habitacion-800x533.png 800w, https:\/\/www.unihabit.com\/wp-content\/uploads\/2019\/03\/residencias-universitarias-en-barcelona-cerca-de-la-ub-habitacion.png 900w\" sizes=\"(max-width: 640px) 100vw, 900px\" \/><\/span><\/div><div class=\"fusion-text fusion-text-11\" style=\"--awb-content-alignment:justify;\"><p style=\"text-align: center;\"><a href=\"https:\/\/www.unihabit.com\/?p=3322\"><b>Resid\u00e8ncies universit\u00e0ries Barcelona UB. Allotjament Unihabit<\/b><\/a><\/p>\n<p style=\"text-align: center;\"><b>Tot pensat perqu\u00e8 et centris en el que \u00e9s important: estudiar, viure i gaudir al m\u00e0xim de la teva etapa universit\u00e0ria.<\/b><\/p>\n<\/div><div class=\"fusion-title title fusion-title-7 fusion-sep-none fusion-title-text fusion-title-size-two\"><h2 class=\"fusion-title-heading title-heading-left\" style=\"margin:0;\"><b>M\u00e9s informaci\u00f3 i reserves<\/b><\/h2><\/div><div class=\"fusion-text fusion-text-12\" style=\"--awb-content-alignment:justify;\"><p><span style=\"font-weight: 400;\">Si vols obtenir m\u00e9s informaci\u00f3 o reservar la teva habitaci\u00f3 per al pr\u00f2xim curs acad\u00e8mic, pots posar-te en contacte amb nosaltres a trav\u00e9s del correu electr\u00f2nic <\/span><a href=\"mailto:info@unihabit.com\"><span style=\"font-weight: 400;\">info@unihabit.com<\/span><\/a><span style=\"font-weight: 400;\"> o trucant-nos al <\/span><a href=\"tel:935953953\"><span style=\"font-weight: 400;\">935 953 953<\/span><\/a><span style=\"font-weight: 400;\">.<\/span><\/p>\n<\/div><div style=\"text-align:center;\"><a class=\"fusion-button button-flat fusion-button-default-size button-default fusion-button-default button-1 fusion-button-default-span fusion-button-default-type\" target=\"_self\" href=\"https:\/\/www.unihabit.com\/ca\/\"><span class=\"fusion-button-text awb-button__text awb-button__text--default\">VISITA LES NOSTRES RESID\u00c8NCIES UNIVERSIT\u00c0RIES<\/span><\/a><\/div><\/div><\/div><\/div><\/div><\/p>\n","protected":false},"excerpt":{"rendered":"","protected":false},"author":1,"featured_media":17646,"comment_status":"open","ping_status":"open","sticky":false,"template":"","format":"standard","meta":{"footnotes":""},"categories":[1,295,293],"tags":[98,82],"class_list":["post-3564","post","type-post","status-publish","format-standard","has-post-thumbnail","hentry","category-blog","category-estudia-en-barcelona","category-unihabit-barcelona","tag-confinamiento","tag-residentes-universitarios-unihabit"],"_links":{"self":[{"href":"https:\/\/www.unihabit.com\/ca\/wp-json\/wp\/v2\/posts\/3564","targetHints":{"allow":["GET"]}}],"collection":[{"href":"https:\/\/www.unihabit.com\/ca\/wp-json\/wp\/v2\/posts"}],"about":[{"href":"https:\/\/www.unihabit.com\/ca\/wp-json\/wp\/v2\/types\/post"}],"author":[{"embeddable":true,"href":"https:\/\/www.unihabit.com\/ca\/wp-json\/wp\/v2\/users\/1"}],"replies":[{"embeddable":true,"href":"https:\/\/www.unihabit.com\/ca\/wp-json\/wp\/v2\/comments?post=3564"}],"version-history":[{"count":8,"href":"https:\/\/www.unihabit.com\/ca\/wp-json\/wp\/v2\/posts\/3564\/revisions"}],"predecessor-version":[{"id":17665,"href":"https:\/\/www.unihabit.com\/ca\/wp-json\/wp\/v2\/posts\/3564\/revisions\/17665"}],"wp:featuredmedia":[{"embeddable":true,"href":"https:\/\/www.unihabit.com\/ca\/wp-json\/wp\/v2\/media\/17646"}],"wp:attachment":[{"href":"https:\/\/www.unihabit.com\/ca\/wp-json\/wp\/v2\/media?parent=3564"}],"wp:term":[{"taxonomy":"category","embeddable":true,"href":"https:\/\/www.unihabit.com\/ca\/wp-json\/wp\/v2\/categories?post=3564"},{"taxonomy":"post_tag","embeddable":true,"href":"https:\/\/www.unihabit.com\/ca\/wp-json\/wp\/v2\/tags?post=3564"}],"curies":[{"name":"wp","href":"https:\/\/api.w.org\/{rel}","templated":true}]}}