{"id":3591,"date":"2024-10-15T10:00:10","date_gmt":"2024-10-15T08:00:10","guid":{"rendered":"https:\/\/www.unihabit.com\/blog\/fires-de-girona\/"},"modified":"2025-03-26T15:05:02","modified_gmt":"2025-03-26T13:05:02","slug":"fires-de-girona","status":"publish","type":"post","link":"https:\/\/www.unihabit.com\/ca\/fires-de-girona\/","title":{"rendered":"Fira de Sant Narc\u00eds Girona"},"content":{"rendered":"<div class=\"fusion-fullwidth fullwidth-box fusion-builder-row-1 fusion-flex-container nonhundred-percent-fullwidth non-hundred-percent-height-scrolling\" style=\"--awb-border-radius-top-left:0px;--awb-border-radius-top-right:0px;--awb-border-radius-bottom-right:0px;--awb-border-radius-bottom-left:0px;--awb-flex-wrap:wrap;\" ><div class=\"fusion-builder-row fusion-row fusion-flex-align-items-flex-start fusion-flex-content-wrap\" style=\"max-width:1248px;margin-left: calc(-4% \/ 2 );margin-right: calc(-4% \/ 2 );\"><div class=\"fusion-layout-column fusion_builder_column fusion-builder-column-0 fusion_builder_column_1_1 1_1 fusion-flex-column\" style=\"--awb-bg-size:cover;--awb-width-large:100%;--awb-margin-top-large:0px;--awb-spacing-right-large:1.92%;--awb-margin-bottom-large:0px;--awb-spacing-left-large:1.92%;--awb-width-medium:100%;--awb-spacing-right-medium:1.92%;--awb-spacing-left-medium:1.92%;--awb-width-small:100%;--awb-spacing-right-small:1.92%;--awb-spacing-left-small:1.92%;\"><div class=\"fusion-column-wrapper fusion-flex-justify-content-flex-start fusion-content-layout-column\"><div class=\"fusion-text fusion-text-1\" style=\"--awb-content-alignment:justify;\">\n<\/div><div class=\"fusion-text fusion-text-2\" style=\"--awb-content-alignment:justify;\"><p>Acaba l&#8217;estiu, les festes majors s&#8217;apaguen, els dies es fan m\u00e9s curts i arriba la tardor i amb la tardor tamb\u00e9 arriba la Fira de Sant Narc\u00eds Girona. En aquest article t&#8217;expliquem tot el que necessites saber per a gaudir dels dies de fira.<\/p>\n<\/div><div class=\"fusion-title title fusion-title-1 fusion-sep-none fusion-title-text fusion-title-size-two\"><h2 class=\"fusion-title-heading title-heading-left\" style=\"margin:0;\"><strong>Fira de Sant Narc\u00eds Girona: hist\u00f2ria i origen<\/strong><\/h2><\/div><div class=\"fusion-text fusion-text-3\" style=\"--awb-content-alignment:justify;\"><p>La <strong>Fira de\u00a0Sant\u00a0Narc\u00eds Girona<\/strong> est\u00e0 dedicada al <strong>patr\u00f3 de la ciutat de Girona:\u00a0Sant\u00a0Narc\u00eds<\/strong>. Origin\u00e0riament, aquesta fira era agr\u00edcola i ramadera per a celebrar el dia del sant, el 29 d&#8217;octubre. Amb el transcurs del temps, la fira ha anat evolucionant i incorporant diferents <strong>activitats culturals, esportives i recreatives que reflecteixen la vida a Girona.<\/strong><\/p>\n<div class=\"traductor-checkbox form-group\">\n<div class=\"row\">\n<div class=\"col-sm-offset-2 col-sm-5\"><\/div>\n<\/div>\n<\/div>\n<\/div><div class=\"fusion-image-element \" style=\"text-align:center;--awb-caption-title-font-family:var(--h2_typography-font-family);--awb-caption-title-font-weight:var(--h2_typography-font-weight);--awb-caption-title-font-style:var(--h2_typography-font-style);--awb-caption-title-size:var(--h2_typography-font-size);--awb-caption-title-transform:var(--h2_typography-text-transform);--awb-caption-title-line-height:var(--h2_typography-line-height);--awb-caption-title-letter-spacing:var(--h2_typography-letter-spacing);\"><span class=\" fusion-imageframe imageframe-none imageframe-1 hover-type-none\"><img decoding=\"async\" width=\"900\" height=\"600\" alt=\"fira de sant narcis girona\" title=\"fira de sant narcis girona\" src=\"https:\/\/www.unihabit.com\/wp-content\/uploads\/2019\/10\/fira-de-sant-narcis-girona.jpg\" class=\"img-responsive wp-image-14307\" srcset=\"https:\/\/www.unihabit.com\/wp-content\/uploads\/2019\/10\/fira-de-sant-narcis-girona-200x133.jpg 200w, https:\/\/www.unihabit.com\/wp-content\/uploads\/2019\/10\/fira-de-sant-narcis-girona-400x267.jpg 400w, https:\/\/www.unihabit.com\/wp-content\/uploads\/2019\/10\/fira-de-sant-narcis-girona-600x400.jpg 600w, https:\/\/www.unihabit.com\/wp-content\/uploads\/2019\/10\/fira-de-sant-narcis-girona-800x533.jpg 800w, https:\/\/www.unihabit.com\/wp-content\/uploads\/2019\/10\/fira-de-sant-narcis-girona.jpg 900w\" sizes=\"(max-width: 640px) 100vw, 900px\" \/><\/span><\/div><div class=\"fusion-title title fusion-title-2 fusion-sep-none fusion-title-text fusion-title-size-two\"><h2 class=\"fusion-title-heading title-heading-left\" style=\"margin:0;\"><strong>Activitats Fira de\u00a0Sant\u00a0Narc\u00eds Girona<\/strong><\/h2><\/div><div class=\"fusion-text fusion-text-4\" style=\"--awb-content-alignment:justify;\"><p>La Fira de Sant Narc\u00eds Girona, ofereix diferents <strong>activitats per a tots els gustos i edats<\/strong> com:<\/p>\n<\/div><div class=\"fusion-title title fusion-title-3 fusion-sep-none fusion-title-text fusion-title-size-three\"><h3 class=\"fusion-title-heading title-heading-left\" style=\"margin:0;\"><strong>Mercat d&#8217;artesania<\/strong><\/h3><\/div><div class=\"fusion-text fusion-text-5\" style=\"--awb-content-alignment:justify;\"><p>En les diferents <strong>paradetes del mercat d&#8217;artesans<\/strong> trobar\u00e0s productes locals elaborats pels mateixos artesans. Des de joieria i cer\u00e0mica fins a t\u00e8xtils o productes d&#8217;alimentaci\u00f3.<\/p>\n<\/div><div class=\"fusion-title title fusion-title-4 fusion-sep-none fusion-title-text fusion-title-size-three\"><h3 class=\"fusion-title-heading title-heading-left\" style=\"margin:0;\"><b>Activitats gastron\u00f2miques<\/b><\/h3><\/div><div class=\"fusion-text fusion-text-6\" style=\"--awb-content-alignment:justify;\"><p>Durant els dies de la fira, els assistents podran <strong>gaudir de degustacions de productes t\u00edpics de la regi\u00f3, tapes i plats tradicionals.<\/strong> \u00c9s l&#8217;oportunitat ideal per a provar el \u201cxuixo\u201d\u00a0amb els teus companys de la resid\u00e8ncia! Un dol\u00e7 t\u00edpic de Girona que t&#8217;encantar\u00e0.<\/p>\n<\/div><div class=\"fusion-title title fusion-title-5 fusion-sep-none fusion-title-text fusion-title-size-three\"><h3 class=\"fusion-title-heading title-heading-left\" style=\"margin:0;\"><strong>Activitats culturals com a espectacles i concerts<\/strong><\/h3><\/div><div class=\"fusion-text fusion-text-7\" style=\"--awb-content-alignment:justify;\"><p>Dins del programa de la fira, la ciutat de Girona omple els seus carrers amb una varietat d&#8217;espectacles com a <strong>espectacles de circ, mon\u00f2legs,\u00a0correfocs, etc.<\/strong> que omplen els seus carrers amb un ambient festiu i acollidor. Planifica una sortida als diferents espectacles i concerts amb els teus companys de la resid\u00e8ncia creareu moments \u00fanics i especials gaudint de la m\u00fasica en viu!<\/p>\n<p>D&#8217;altra banda, durant les nits que durin les Fires de Girona, petits, joves i majors podran <strong>gaudir de diferents concerts que tindran lloc en aquesta mateixa localitzaci\u00f3 de la ciutat.<\/strong><\/p>\n<\/div><div class=\"fusion-image-element \" style=\"text-align:center;--awb-caption-title-font-family:var(--h2_typography-font-family);--awb-caption-title-font-weight:var(--h2_typography-font-weight);--awb-caption-title-font-style:var(--h2_typography-font-style);--awb-caption-title-size:var(--h2_typography-font-size);--awb-caption-title-transform:var(--h2_typography-text-transform);--awb-caption-title-line-height:var(--h2_typography-line-height);--awb-caption-title-letter-spacing:var(--h2_typography-letter-spacing);\"><span class=\" fusion-imageframe imageframe-none imageframe-2 hover-type-none\"><img decoding=\"async\" width=\"900\" height=\"600\" alt=\"fira sant narcis girona\" title=\"fira sant narcis girona\" src=\"https:\/\/www.unihabit.com\/wp-content\/uploads\/2019\/10\/fira-sant-narcis-girona.jpg\" class=\"img-responsive wp-image-14310\" srcset=\"https:\/\/www.unihabit.com\/wp-content\/uploads\/2019\/10\/fira-sant-narcis-girona-200x133.jpg 200w, https:\/\/www.unihabit.com\/wp-content\/uploads\/2019\/10\/fira-sant-narcis-girona-400x267.jpg 400w, https:\/\/www.unihabit.com\/wp-content\/uploads\/2019\/10\/fira-sant-narcis-girona-600x400.jpg 600w, https:\/\/www.unihabit.com\/wp-content\/uploads\/2019\/10\/fira-sant-narcis-girona-800x533.jpg 800w, https:\/\/www.unihabit.com\/wp-content\/uploads\/2019\/10\/fira-sant-narcis-girona.jpg 900w\" sizes=\"(max-width: 640px) 100vw, 900px\" \/><\/span><\/div><div class=\"fusion-title title fusion-title-6 fusion-sep-none fusion-title-text fusion-title-size-three\"><h3 class=\"fusion-title-heading title-heading-left\" style=\"margin:0;\"><b>Activitats infantils<\/b><\/h3><\/div><div class=\"fusion-text fusion-text-8\" style=\"--awb-content-alignment:justify;\"><p>Els m\u00e9s petits tamb\u00e9 disposen del seu espai per a gaudir de la fira. Diferents activitats estan dissenyades \u00fanicament perqu\u00e8 ells gaudeixin. Des de <strong>tallers de manualitats, jocs tradicionals, espectacles amb marionetes, circ\u00a0<span class=\"hiddenSpellError\">Raluy<\/span>, contes per a beb\u00e8s, concerts, passejada amb els caps de Girona, atraccions sostenibles,<\/strong> entre moltes altres.<\/p>\n<\/div><div class=\"fusion-title title fusion-title-7 fusion-sep-none fusion-title-text fusion-title-size-three\"><h3 class=\"fusion-title-heading title-heading-left\" style=\"margin:0;\"><strong>Tradicions i processons<\/strong><\/h3><\/div><div class=\"fusion-text fusion-text-9\" style=\"--awb-content-alignment:justify;\"><p>A la Fira de Sant Narc\u00eds, se celebren diferents <strong>activitats amb car\u00e0cter tradicional que donen vida a la hist\u00f2ria i la cultura de Girona.<\/strong> Descobrir i gaudir d&#8217;aquesta oportunitat pot enriquir als estudiants universitaris d&#8217;<span class=\"hiddenSpellError\">Unihabit<\/span>\u00a0que desitgen con\u00e8ixer m\u00e9s sobre les tradicions locals de Girona.<\/p>\n<\/div><div class=\"fusion-image-element \" style=\"text-align:center;--awb-caption-title-font-family:var(--h2_typography-font-family);--awb-caption-title-font-weight:var(--h2_typography-font-weight);--awb-caption-title-font-style:var(--h2_typography-font-style);--awb-caption-title-size:var(--h2_typography-font-size);--awb-caption-title-transform:var(--h2_typography-text-transform);--awb-caption-title-line-height:var(--h2_typography-line-height);--awb-caption-title-letter-spacing:var(--h2_typography-letter-spacing);\"><span class=\" fusion-imageframe imageframe-none imageframe-3 hover-type-none\"><img decoding=\"async\" width=\"900\" height=\"600\" alt=\"fira de sant narcis a girona\" title=\"fira de sant narcis a girona\" src=\"https:\/\/www.unihabit.com\/wp-content\/uploads\/2019\/10\/fira-de-sant-narcis-a-girona.jpg\" class=\"img-responsive wp-image-14304\" srcset=\"https:\/\/www.unihabit.com\/wp-content\/uploads\/2019\/10\/fira-de-sant-narcis-a-girona-200x133.jpg 200w, https:\/\/www.unihabit.com\/wp-content\/uploads\/2019\/10\/fira-de-sant-narcis-a-girona-400x267.jpg 400w, https:\/\/www.unihabit.com\/wp-content\/uploads\/2019\/10\/fira-de-sant-narcis-a-girona-600x400.jpg 600w, https:\/\/www.unihabit.com\/wp-content\/uploads\/2019\/10\/fira-de-sant-narcis-a-girona-800x533.jpg 800w, https:\/\/www.unihabit.com\/wp-content\/uploads\/2019\/10\/fira-de-sant-narcis-a-girona.jpg 900w\" sizes=\"(max-width: 640px) 100vw, 900px\" \/><\/span><\/div><div class=\"fusion-title title fusion-title-8 fusion-sep-none fusion-title-text fusion-title-size-two\"><h2 class=\"fusion-title-heading title-heading-left\" style=\"margin:0;\"><strong>Fires i mercats durant la Fira de Sant Narc\u00eds Girona<\/strong><\/h2><\/div><div class=\"fusion-text fusion-text-10\" style=\"--awb-content-alignment:justify;\"><p>Les fires i mercats s\u00f3n un multitudinari reclam per a fam\u00edlies i grups d&#8217;amics que vulguin <strong>gaudir d&#8217;art i pintura, alimentaci\u00f3 artesanal, objectes artesanals, flors i mostres.<\/strong> Els carrers de Girona, s&#8217;omplen de petites fires i mercats amb paradetes per a fer gaudir <strong>des dels m\u00e9s petits als m\u00e9s grans.\u00a0<\/strong><\/p>\n<p>La <strong>Fira de\u00a0Sant\u00a0Narc\u00eds<\/strong> \u00e9s una celebraci\u00f3 que uneix a la comunitat i permet gaudir de la riquesa cultural i gastron\u00f2mica de la ciutat. Per als estudiants que resideixen en les nostres <a href=\"https:\/\/www.unihabit.com\/ca\/\">resid\u00e8ncies universit\u00e0ries\u00a0Unihabit<\/a>, \u00e9s l&#8217;<strong>oportunitat perfecta per a explorar la ciutat, fer nous amics i submergir-se en la tradici\u00f3 local.<\/strong><\/p>\n<\/div><div class=\"fusion-text fusion-text-11\" style=\"--awb-content-alignment:justify;\"><p>Submergir-vos en l&#8217;esperit festiu de Girona i <strong>viviu la m\u00e0gia de la Fira de\u00a0Sant\u00a0Narc\u00eds!<\/strong><\/p>\n<\/div><\/div><\/div><\/div><\/div>\n","protected":false},"excerpt":{"rendered":"","protected":false},"author":1,"featured_media":16492,"comment_status":"open","ping_status":"open","sticky":false,"template":"","format":"standard","meta":{"footnotes":""},"categories":[319,29,318],"tags":[278,215,279],"class_list":["post-3591","post","type-post","status-publish","format-standard","has-post-thumbnail","hentry","category-activitats-cultura-girona","category-blog","category-unihabit-girona-blog","tag-fires-sant-narcis-ca","tag-infounihabit-ca","tag-residencia-universitaria-girona-ca"],"_links":{"self":[{"href":"https:\/\/www.unihabit.com\/ca\/wp-json\/wp\/v2\/posts\/3591","targetHints":{"allow":["GET"]}}],"collection":[{"href":"https:\/\/www.unihabit.com\/ca\/wp-json\/wp\/v2\/posts"}],"about":[{"href":"https:\/\/www.unihabit.com\/ca\/wp-json\/wp\/v2\/types\/post"}],"author":[{"embeddable":true,"href":"https:\/\/www.unihabit.com\/ca\/wp-json\/wp\/v2\/users\/1"}],"replies":[{"embeddable":true,"href":"https:\/\/www.unihabit.com\/ca\/wp-json\/wp\/v2\/comments?post=3591"}],"version-history":[{"count":6,"href":"https:\/\/www.unihabit.com\/ca\/wp-json\/wp\/v2\/posts\/3591\/revisions"}],"predecessor-version":[{"id":14419,"href":"https:\/\/www.unihabit.com\/ca\/wp-json\/wp\/v2\/posts\/3591\/revisions\/14419"}],"wp:featuredmedia":[{"embeddable":true,"href":"https:\/\/www.unihabit.com\/ca\/wp-json\/wp\/v2\/media\/16492"}],"wp:attachment":[{"href":"https:\/\/www.unihabit.com\/ca\/wp-json\/wp\/v2\/media?parent=3591"}],"wp:term":[{"taxonomy":"category","embeddable":true,"href":"https:\/\/www.unihabit.com\/ca\/wp-json\/wp\/v2\/categories?post=3591"},{"taxonomy":"post_tag","embeddable":true,"href":"https:\/\/www.unihabit.com\/ca\/wp-json\/wp\/v2\/tags?post=3591"}],"curies":[{"name":"wp","href":"https:\/\/api.w.org\/{rel}","templated":true}]}}