{"id":3604,"date":"2020-02-13T08:21:01","date_gmt":"2020-02-13T06:21:01","guid":{"rendered":"https:\/\/www.unihabit.com\/blog\/entrevista-unihabit-ruben-fernandez\/"},"modified":"2025-03-28T13:46:36","modified_gmt":"2025-03-28T11:46:36","slug":"entrevista-unihabit-ruben-fernandez","status":"publish","type":"post","link":"https:\/\/www.unihabit.com\/ca\/entrevista-unihabit-ruben-fernandez\/","title":{"rendered":"Rub\u00e9n Fern\u00e1ndez: \u201cSovint pensava en l\u2019oportunitat de viure i estudiar a Barcelona\u201d"},"content":{"rendered":"<p><div class=\"fusion-fullwidth fullwidth-box fusion-builder-row-1 fusion-flex-container nonhundred-percent-fullwidth non-hundred-percent-height-scrolling\" style=\"--awb-border-radius-top-left:0px;--awb-border-radius-top-right:0px;--awb-border-radius-bottom-right:0px;--awb-border-radius-bottom-left:0px;--awb-flex-wrap:wrap;\" ><div class=\"fusion-builder-row fusion-row fusion-flex-align-items-flex-start fusion-flex-content-wrap\" style=\"max-width:calc( 1200px + 0px );margin-left: calc(-0px \/ 2 );margin-right: calc(-0px \/ 2 );\"><div class=\"fusion-layout-column fusion_builder_column fusion-builder-column-0 fusion_builder_column_1_2 1_2 fusion-flex-column\" style=\"--awb-bg-size:cover;--awb-width-large:50%;--awb-margin-top-large:0px;--awb-spacing-right-large:0px;--awb-margin-bottom-large:0px;--awb-spacing-left-large:0px;--awb-width-medium:50%;--awb-order-medium:0;--awb-spacing-right-medium:0px;--awb-spacing-left-medium:0px;--awb-width-small:100%;--awb-order-small:0;--awb-spacing-right-small:0px;--awb-spacing-left-small:0px;\"><div class=\"fusion-column-wrapper fusion-column-has-shadow fusion-flex-justify-content-flex-start fusion-content-layout-column\"><div class=\"fusion-text fusion-text-1\"><p style=\"background: white; margin: 0cm 0cm 15.0pt 0cm;\"><span style=\"font-family: georgia, palatino, serif; color: black;\">\u201cQuan estava a la facultat, els professors sempre a les seves classes, mostraven diapositives amb els edificis i les grans obres art\u00edstiques i arquitect\u00f2niques que hi ha a la Ciutat Comtal, per a ells era una refer\u00e8ncia mundial de l\u2019arquitectura. Aix\u00f2, em va fer sentir admiraci\u00f3 i va despertar la meva curiositat per arribar a con\u00e8ixer-la. Mentre els catedr\u00e0tics dissertaven, ensenyant-nos totes les meravelles que hi ha aqu\u00ed, jo solia pensar en com seria viure i estudiar a Barcelona, encara que en aquests moments tat sols era un somni\u201d. Aix\u00ed va comen\u00e7ar Rub\u00e9n Fern\u00e1ndez a madurar la idea de traslladar-se de la seva ciutat natal, La Paz, Bol\u00edvia, a la capital catalana, per a cursar un m\u00e0ster.<\/span><\/p>\n<\/div><div class=\"fusion-text fusion-text-2\"><p style=\"background: white; margin: 0cm 0cm 15.0pt 0cm;\"><span style=\"font-family: georgia, palatino, serif;\"><span class=\"hiddengrammarerror\"><span style=\"color: black;\">\u201c<\/span><\/span><span style=\"color: black;\">Amb el temps em vaig introduir en el m\u00f3n de l\u2019arquitectura param\u00e8trica i vaig comen\u00e7ar a mirar per internet les coses que es feien. Aix\u00ed vaig descobrir que una universitat oferia un m\u00e0ster de \u2018<span class=\"hiddenspellerror\"><span style=\"box-sizing: border-box;\">Parametric<\/span><\/span>\u00a0<span class=\"hiddengrammarerror\"><span style=\"box-sizing: border-box;\">Design<\/span><\/span>\u2018. Quan es van ajuntar aquests dos ingredients: Barcelona i Arquitectura Param\u00e8trica, em vaig dir: \u201c<span class=\"hiddengrammarerror\"><span style=\"box-sizing: border-box;\">de calaix<\/span><\/span>!, haig d\u2019anar cap all\u00e0 i aqu\u00ed estic.\u201d Va assenyalar Fern\u00e1ndez; qui al mateix temps va afirmar, estar encantat amb la seva decisi\u00f3, ja que estudiar a Barcelona \u00e9s com ho havia imaginat: \u201cgenial\u201d.<\/span><\/span><\/p>\n<\/div><\/div><\/div><div class=\"fusion-layout-column fusion_builder_column fusion-builder-column-1 fusion_builder_column_1_2 1_2 fusion-flex-column\" style=\"--awb-bg-image:url(&#039;https:\/\/www.unihabit.com\/wp-content\/uploads\/2020\/10\/ruben-2-800x1067.jpg&#039;);--awb-bg-size:cover;--awb-width-large:50%;--awb-margin-top-large:0px;--awb-spacing-right-large:0px;--awb-margin-bottom-large:20px;--awb-spacing-left-large:calc( 0.04 * calc( 100% - 0px ) );--awb-width-medium:50%;--awb-order-medium:0;--awb-spacing-right-medium:0px;--awb-spacing-left-medium:calc( 0.04 * calc( 100% - 0px ) );--awb-width-small:100%;--awb-order-small:0;--awb-spacing-right-small:0px;--awb-spacing-left-small:0px;\"><div class=\"fusion-column-wrapper fusion-column-has-shadow fusion-flex-justify-content-flex-start fusion-content-layout-column fusion-column-has-bg-image\" data-bg-url=\"https:\/\/www.unihabit.com\/wp-content\/uploads\/2020\/10\/ruben-2-800x1067.jpg\"><div class=\"fusion-separator fusion-full-width-sep\" style=\"align-self: center;margin-left: auto;margin-right: auto;margin-bottom:10px;width:100%;\"><\/div><div class=\"fusion-image-element \" style=\"--awb-caption-title-font-family:var(--h2_typography-font-family);--awb-caption-title-font-weight:var(--h2_typography-font-weight);--awb-caption-title-font-style:var(--h2_typography-font-style);--awb-caption-title-size:var(--h2_typography-font-size);--awb-caption-title-transform:var(--h2_typography-text-transform);--awb-caption-title-line-height:var(--h2_typography-line-height);--awb-caption-title-letter-spacing:var(--h2_typography-letter-spacing);\"><span class=\" fusion-imageframe imageframe-none imageframe-1 hover-type-none\"><img decoding=\"async\" width=\"700\" height=\"532\" title=\"ruben unihabit\" src=\"https:\/\/www.unihabit.com\/wp-content\/uploads\/2020\/02\/ruben-unihabit.jpg\" class=\"img-responsive wp-image-7476\" srcset=\"https:\/\/www.unihabit.com\/wp-content\/uploads\/2020\/02\/ruben-unihabit-200x152.jpg 200w, https:\/\/www.unihabit.com\/wp-content\/uploads\/2020\/02\/ruben-unihabit-400x304.jpg 400w, https:\/\/www.unihabit.com\/wp-content\/uploads\/2020\/02\/ruben-unihabit-600x456.jpg 600w, https:\/\/www.unihabit.com\/wp-content\/uploads\/2020\/02\/ruben-unihabit.jpg 700w\" sizes=\"(max-width: 640px) 100vw, 700px\" alt=\"\"><\/span><\/div><\/div><\/div><\/div><\/div><div class=\"fusion-fullwidth fullwidth-box fusion-builder-row-2 fusion-flex-container nonhundred-percent-fullwidth non-hundred-percent-height-scrolling\" style=\"--awb-border-radius-top-left:0px;--awb-border-radius-top-right:0px;--awb-border-radius-bottom-right:0px;--awb-border-radius-bottom-left:0px;--awb-flex-wrap:wrap;\" ><div class=\"fusion-builder-row fusion-row fusion-flex-align-items-flex-start fusion-flex-content-wrap\" style=\"max-width:1248px;margin-left: calc(-4% \/ 2 );margin-right: calc(-4% \/ 2 );\"><div class=\"fusion-layout-column fusion_builder_column fusion-builder-column-2 fusion_builder_column_1_1 1_1 fusion-flex-column\" style=\"--awb-bg-size:cover;--awb-width-large:100%;--awb-margin-top-large:0px;--awb-spacing-right-large:1.92%;--awb-margin-bottom-large:20px;--awb-spacing-left-large:1.92%;--awb-width-medium:100%;--awb-order-medium:0;--awb-spacing-right-medium:1.92%;--awb-spacing-left-medium:1.92%;--awb-width-small:100%;--awb-order-small:0;--awb-spacing-right-small:1.92%;--awb-spacing-left-small:1.92%;\"><div class=\"fusion-column-wrapper fusion-column-has-shadow fusion-flex-justify-content-flex-start fusion-content-layout-column\"><div class=\"fusion-text fusion-text-3\"><ul>\n<li><span style=\"font-size: 14pt;\"><strong>Explica\u2019ns una mica qu\u00e8 \u00e9s la parametria en arquitectura?<\/strong><\/span><\/li>\n<\/ul>\n<p><em>La parametria, encara que sembla un \u2018nou terme\u2019 no ho \u00e9s. Sempre hem utilitzat par\u00e0metres per a dissenyar. El tema \u00e9s que ara, gr\u00e0cies a la tecnologia, podem manipular-los amb major precisi\u00f3 i en qualsevol fase del projecte per a aconseguir resultats \u00f2ptims. D\u2019aquesta manera, som m\u00e9s eficients i si sorgeixen inconvenients en el disseny es poden corregir sense importar quant avan\u00e7at estiguis en el projecte; i el millor de tot, sense haver de comen\u00e7ar novament des de zero.<\/em><\/p>\n<\/div><div class=\"fusion-text fusion-text-4\"><ul>\n<li><span style=\"font-size: 14pt;\"><strong>Llavors, aix\u00f2 suposa un gran avantatge.<\/strong><\/span><\/li>\n<\/ul>\n<p><em>Abans, per qualsevol error que s\u2019hagu\u00e9s com\u00e8s en el disseny, pr\u00e0cticament havies de tirar el teu treball a les escombraries i tornar a comen\u00e7ar una altra vegada. Amb tot el que aix\u00f2 implica. Ara, gr\u00e0cies a les eines adequades podem, modificar, rectificar o introduir nous par\u00e0metres en qualsevol moment del projecte i aquests es van adaptant sense cap inconvenient al treball final.<\/em><\/p>\n<ul>\n<li><span style=\"font-size: 14pt;\"><strong>Li dediques moltes hores al m\u00e0ster?<\/strong><\/span><\/li>\n<\/ul>\n<p><em>S\u00ed. Des dels primers dies ja ten\u00edem molta feina i em va sorprendre, per\u00f2 ens acostumem r\u00e0pidament. \u00c9s graci\u00f3s perqu\u00e8 tinc altres amics de diferents m\u00e0sters i els caps de setmana sempre anaven a la platja o planificaven sortides. En canvi, els meus companys i jo hav\u00edem de quedar-nos a estudiar a la resid\u00e8ncia.<\/em><\/p>\n<\/div><\/div><\/div><\/div><\/div><div class=\"fusion-fullwidth fullwidth-box fusion-builder-row-3 fusion-flex-container nonhundred-percent-fullwidth non-hundred-percent-height-scrolling\" style=\"--awb-border-radius-top-left:0px;--awb-border-radius-top-right:0px;--awb-border-radius-bottom-right:0px;--awb-border-radius-bottom-left:0px;--awb-flex-wrap:wrap;\" ><div class=\"fusion-builder-row fusion-row fusion-flex-align-items-flex-start fusion-flex-content-wrap\" style=\"max-width:1248px;margin-left: calc(-4% \/ 2 );margin-right: calc(-4% \/ 2 );\"><div class=\"fusion-layout-column fusion_builder_column fusion-builder-column-3 fusion_builder_column_1_2 1_2 fusion-flex-column\" style=\"--awb-bg-image:url(&#039;https:\/\/www.unihabit.com\/wp-content\/uploads\/2020\/10\/Ruben-scaled-1-800x1067.jpg&#039;);--awb-bg-size:cover;--awb-width-large:50%;--awb-margin-top-large:0px;--awb-spacing-right-large:3.84%;--awb-margin-bottom-large:20px;--awb-spacing-left-large:3.84%;--awb-width-medium:50%;--awb-order-medium:0;--awb-spacing-right-medium:3.84%;--awb-spacing-left-medium:3.84%;--awb-width-small:100%;--awb-order-small:0;--awb-spacing-right-small:1.92%;--awb-spacing-left-small:1.92%;\"><div class=\"fusion-column-wrapper fusion-column-has-shadow fusion-flex-justify-content-flex-start fusion-content-layout-column fusion-empty-column-bg-image fusion-column-has-bg-image\" data-bg-url=\"https:\/\/www.unihabit.com\/wp-content\/uploads\/2020\/10\/Ruben-scaled-1-800x1067.jpg\"><img decoding=\"async\" class=\"fusion-empty-dims-img-placeholder\" aria-label=\"Ruben-scaled\" src=\"data:image\/svg+xml,%3Csvg%20xmlns%3D%27http%3A%2F%2Fwww.w3.org%2F2000%2Fsvg%27%20width%3D%27800%27%20height%3D%271067%27%20viewBox%3D%270%200%20800%201067%27%3E%3Crect%20width%3D%27800%27%20height%3D%271067%27%20fill-opacity%3D%220%22%2F%3E%3C%2Fsvg%3E\" alt=\"\" title=\"\"><\/div><\/div><div class=\"fusion-layout-column fusion_builder_column fusion-builder-column-4 fusion_builder_column_1_2 1_2 fusion-flex-column\" style=\"--awb-bg-size:cover;--awb-width-large:50%;--awb-margin-top-large:0px;--awb-spacing-right-large:3.84%;--awb-margin-bottom-large:20px;--awb-spacing-left-large:3.84%;--awb-width-medium:50%;--awb-order-medium:0;--awb-spacing-right-medium:3.84%;--awb-spacing-left-medium:3.84%;--awb-width-small:100%;--awb-order-small:0;--awb-spacing-right-small:1.92%;--awb-spacing-left-small:1.92%;\"><div class=\"fusion-column-wrapper fusion-column-has-shadow fusion-flex-justify-content-flex-start fusion-content-layout-column\"><div class=\"fusion-separator fusion-full-width-sep\" style=\"align-self: center;margin-left: auto;margin-right: auto;margin-bottom:15px;width:100%;\"><\/div><div class=\"fusion-text fusion-text-5\"><ul>\n<li><span style=\"font-size: 14pt;\"><strong>Per qu\u00e8 vas triar\u00a0Unihabit\u00a0per a viure?<\/strong><\/span><\/li>\n<\/ul>\n<p><em>La verdad es que donde vivo, mi trabajo est\u00e1 un poco lejos de mi casa y eso es agotador. No quer\u00eda m\u00e1s de lo mismo. As\u00ed que, lo primero que hice fue buscar un lugar que estuviera cerca de la universidad, para evitar perder tiempo en desplazamientos. Fue cuando encontr\u00e9 la residencia y me pareci\u00f3 genial porque estaba dentro del mismo campus.<\/em><\/p>\n<ul>\n<li><span style=\"font-size: 14pt;\"><strong>Com va ser la teva adaptaci\u00f3 a la resid\u00e8ncia?<\/strong><\/span><\/li>\n<\/ul>\n<p><em>Va ser bastant r\u00e0pida, des del primer dia em vaig sentir molt c\u00f2mode. L\u2019ambient d\u2019estudi i la tranquil\u00b7litat em van deixar gratament sorpr\u00e8s.<\/em><\/p>\n<ul>\n<li><span style=\"font-size: 14pt;\"><strong>Trobes a faltar alguna cosa de casa teva?<\/strong><\/span><\/li>\n<\/ul>\n<p><em>Estic tan c\u00f2mode, que aquesta etapa no m\u2019ha arribat encara, si parlem de \u2018casa\u2019, com la llar f\u00edsica. Aqu\u00ed trobo totes les comoditats, de fet, les habitacions em semblen perfectes per a viure i estudiar, ja que tot est\u00e0 a l\u2019abast i en un mateix lloc.<\/em><\/p>\n<ul>\n<li><span style=\"font-size: 14pt;\"><strong>Parla\u2019ns dels teus hobbies<\/strong><\/span><\/li>\n<\/ul>\n<p><em>La m\u00fasica i el cinema s\u00f3n el que m\u00e9s m\u2019agrada.<\/em><\/p>\n<ul>\n<li><span style=\"font-size: 14pt;\"><strong>Toques algun instrument?<\/strong><\/span><\/li>\n<\/ul>\n<p><em>S\u00ed, toco la guitarra i m\u2019ajuda a alliberar-me de l\u2019estr\u00e8s. Quan estic amb molta feina o vaig saturat toco la guitarra i aix\u00f2 m\u2019ajuda a relaxar-me.<\/em><\/p>\n<\/div><\/div><\/div><\/div><\/div><div class=\"fusion-fullwidth fullwidth-box fusion-builder-row-4 fusion-flex-container nonhundred-percent-fullwidth non-hundred-percent-height-scrolling\" style=\"--awb-border-radius-top-left:0px;--awb-border-radius-top-right:0px;--awb-border-radius-bottom-right:0px;--awb-border-radius-bottom-left:0px;--awb-flex-wrap:wrap;\" ><div class=\"fusion-builder-row fusion-row fusion-flex-align-items-flex-start fusion-flex-content-wrap\" style=\"max-width:1248px;margin-left: calc(-4% \/ 2 );margin-right: calc(-4% \/ 2 );\"><div class=\"fusion-layout-column fusion_builder_column fusion-builder-column-5 fusion_builder_column_1_1 1_1 fusion-flex-column\" style=\"--awb-bg-size:cover;--awb-width-large:100%;--awb-margin-top-large:0px;--awb-spacing-right-large:1.92%;--awb-margin-bottom-large:20px;--awb-spacing-left-large:1.92%;--awb-width-medium:100%;--awb-order-medium:0;--awb-spacing-right-medium:1.92%;--awb-spacing-left-medium:1.92%;--awb-width-small:100%;--awb-order-small:0;--awb-spacing-right-small:1.92%;--awb-spacing-left-small:1.92%;\"><div class=\"fusion-column-wrapper fusion-column-has-shadow fusion-flex-justify-content-flex-start fusion-content-layout-column\"><div class=\"fusion-text fusion-text-6\"><ul>\n<li><span style=\"font-size: 14pt;\"><strong>T\u2019agrada llegir?<\/strong><\/span><\/li>\n<\/ul>\n<p><em>Aficionat a lectura no s\u00f3c; per\u00f2 aix\u00f2 no vol dir que no m\u2019interessi la literatura. Els \u201c\u00e0udio llibres\u201d s\u00f3n el meu m\u00e8tode per a descobrir les diferents obres, ja que no s\u00f3c de llegir. Per exemple, el treball de l\u2019arquitecte \u00e9s dibuixar i jo puc fer aix\u00f2 que \u00e9s mec\u00e0nic i al mateix temps estar escoltant un bon llibre.<\/em><\/p>\n<ul>\n<li><span style=\"font-size: 14pt;\"><strong>Quina \u00e9s la teva frase preferida?<\/strong><\/span><\/li>\n<\/ul>\n<p><em>\u00c9s una frase que deia la meva \u00e0via. \u201cQue surti \u00e0nec o gallina, que sigui el que vingui\u201d. Fent refer\u00e8ncia al fet que haur\u00edem d\u2019afrontar amb valor, la qual cosa la vida ens porti.<\/em><\/p>\n<\/div><\/div><\/div><\/div><\/div><div class=\"fusion-fullwidth fullwidth-box fusion-builder-row-5 fusion-flex-container nonhundred-percent-fullwidth non-hundred-percent-height-scrolling\" style=\"--awb-border-radius-top-left:0px;--awb-border-radius-top-right:0px;--awb-border-radius-bottom-right:0px;--awb-border-radius-bottom-left:0px;--awb-flex-wrap:wrap;\" ><div class=\"fusion-builder-row fusion-row fusion-flex-align-items-flex-start fusion-flex-content-wrap\" style=\"max-width:1248px;margin-left: calc(-4% \/ 2 );margin-right: calc(-4% \/ 2 );\"><div class=\"fusion-layout-column fusion_builder_column fusion-builder-column-6 fusion_builder_column_1_2 1_2 fusion-flex-column\" style=\"--awb-bg-size:cover;--awb-width-large:50%;--awb-margin-top-large:0px;--awb-spacing-right-large:3.84%;--awb-margin-bottom-large:20px;--awb-spacing-left-large:3.84%;--awb-width-medium:50%;--awb-order-medium:0;--awb-spacing-right-medium:3.84%;--awb-spacing-left-medium:3.84%;--awb-width-small:100%;--awb-order-small:0;--awb-spacing-right-small:1.92%;--awb-spacing-left-small:1.92%;\"><div class=\"fusion-column-wrapper fusion-column-has-shadow fusion-flex-justify-content-flex-start fusion-content-layout-column\"><div class=\"fusion-separator fusion-full-width-sep\" style=\"align-self: center;margin-left: auto;margin-right: auto;margin-bottom:25px;width:100%;\"><\/div><div class=\"fusion-separator fusion-full-width-sep\" style=\"align-self: center;margin-left: auto;margin-right: auto;margin-bottom:25px;width:100%;\"><\/div><div class=\"fusion-text fusion-text-7\"><ul>\n<li><span style=\"font-size: 14pt;\"><strong>Cuines habitualment a la resid\u00e8ncia?<\/strong><\/span><\/li>\n<\/ul>\n<p><em>Al principi vaig comen\u00e7ar cuinant, per\u00f2 cada vegada tenim m\u00e9s treball. Aix\u00ed que, \u00faltimament he estat menjant fora, per\u00f2 d\u2019aquesta manera gastes molts diners. Haig de tornar a donar-me temps per a cuinar.<\/em><\/p>\n<ul>\n<li><span style=\"font-size: 14pt;\"><strong>Si poguessis anar a sopar amb algun personatge hist\u00f2ric amb qui ho faries?<\/strong><\/span><\/li>\n<\/ul>\n<p><em>Amb George Harrison, guitarrista dels \u2018Beatles\u2019. El personatge sempre em va semblar molt interessant i les coses que hauria de dir segur que serien impressionants.<\/em><\/p>\n<ul>\n<li><span style=\"font-size: 14pt;\"><strong>Viatjaries al passat o al futur?<\/strong><\/span><\/li>\n<\/ul>\n<p><em>Jo viatjaria al passat. Sempre m\u2019ha agradat la hist\u00f2ria i saber les coses de l\u2019antiguitat. \u00c9s un inter\u00e8s meu.<\/em><\/p>\n<ul>\n<li><span style=\"font-size: 14pt;\"><strong>Si fossis un s\u00faper heroi quin d\u2019ells series?<\/strong><\/span><\/li>\n<\/ul>\n<p><em>Spiderman, definitivament. Em fascina la idea de poder balancejar-me entre els edificis.<\/em><\/p>\n<ul>\n<li><span style=\"font-size: 14pt;\"><strong>Quin \u00e9s l\u2019objecte m\u00e9s estrany de la teva habitaci\u00f3?<\/strong><\/span><\/li>\n<\/ul>\n<p><em>Unes decoracions d\u2019uns sants que em va portar un amic del L\u00edban aquest Cap d\u2019Any. Em va dir que estan bene\u00efdes i tot\u2026 doncs s\u00ed, aix\u00f2 es veu ben estrany (riures).<\/em><\/p>\n<\/div><\/div><\/div><div class=\"fusion-layout-column fusion_builder_column fusion-builder-column-7 fusion_builder_column_1_2 1_2 fusion-flex-column\" style=\"--awb-bg-image:url(&#039;https:\/\/www.unihabit.com\/wp-content\/uploads\/2020\/10\/Ruben-Residencias-Unihabit-800x1067.jpg&#039;);--awb-bg-size:cover;--awb-width-large:50%;--awb-margin-top-large:0px;--awb-spacing-right-large:3.84%;--awb-margin-bottom-large:20px;--awb-spacing-left-large:3.84%;--awb-width-medium:50%;--awb-order-medium:0;--awb-spacing-right-medium:3.84%;--awb-spacing-left-medium:3.84%;--awb-width-small:100%;--awb-order-small:0;--awb-spacing-right-small:1.92%;--awb-spacing-left-small:1.92%;\"><div class=\"fusion-column-wrapper fusion-column-has-shadow fusion-flex-justify-content-flex-start fusion-content-layout-column fusion-empty-column-bg-image fusion-column-has-bg-image\" data-bg-url=\"https:\/\/www.unihabit.com\/wp-content\/uploads\/2020\/10\/Ruben-Residencias-Unihabit-800x1067.jpg\"><img decoding=\"async\" class=\"fusion-empty-dims-img-placeholder fusion-no-large-visibility\" src=\"data:image\/gif;base64,R0lGODlhAQABAAAAACH5BAEKAAEALAAAAAABAAEAAAICTAEAOw==\" alt=\"\" title=\"\"><\/div><\/div><\/div><\/div><div class=\"fusion-fullwidth fullwidth-box fusion-builder-row-6 fusion-flex-container nonhundred-percent-fullwidth non-hundred-percent-height-scrolling\" style=\"--awb-border-radius-top-left:0px;--awb-border-radius-top-right:0px;--awb-border-radius-bottom-right:0px;--awb-border-radius-bottom-left:0px;--awb-flex-wrap:wrap;\" ><div class=\"fusion-builder-row fusion-row fusion-flex-align-items-flex-start fusion-flex-content-wrap\" style=\"max-width:1248px;margin-left: calc(-4% \/ 2 );margin-right: calc(-4% \/ 2 );\"><div class=\"fusion-layout-column fusion_builder_column fusion-builder-column-8 fusion_builder_column_1_1 1_1 fusion-flex-column\" style=\"--awb-bg-size:cover;--awb-width-large:100%;--awb-margin-top-large:0px;--awb-spacing-right-large:1.92%;--awb-margin-bottom-large:20px;--awb-spacing-left-large:1.92%;--awb-width-medium:100%;--awb-order-medium:0;--awb-spacing-right-medium:1.92%;--awb-spacing-left-medium:1.92%;--awb-width-small:100%;--awb-order-small:0;--awb-spacing-right-small:1.92%;--awb-spacing-left-small:1.92%;\"><div class=\"fusion-column-wrapper fusion-column-has-shadow fusion-flex-justify-content-flex-start fusion-content-layout-column\"><div class=\"fusion-text fusion-text-8\"><ul>\n<li><span style=\"font-size: 14pt;\"><strong>Et veig encantat d\u2019estar a la resid\u00e8ncia<\/strong><\/span><\/li>\n<\/ul>\n<p><em>Definitivament. Tinc companys del m\u00e0ster que viuen compartint pis i \u00e9s m\u00e9s inc\u00f2mode per a ells estudiar, pel fet que viuen amb molta m\u00e9s gent en espais redu\u00efts.\u00a0 Aix\u00f2 fa que es distreguin f\u00e0cilment o que no puguin concentrar-se perqu\u00e8 estudien coses diferents i els horaris no sempre s\u00f3n els mateixos. En canvi, aqu\u00ed, a m\u00e9s de tenir el teu propi espai quan veus a la majoria de gent treballant, que \u00e9s de la teva mateixa carrera, aix\u00f2 et motiva i \u00e9s m\u00e9s f\u00e0cil enfocar-se a l\u2019estudi.<\/em><\/p>\n<\/div><\/div><\/div><\/div><\/div><div class=\"fusion-fullwidth fullwidth-box fusion-builder-row-7 fusion-flex-container nonhundred-percent-fullwidth non-hundred-percent-height-scrolling\" style=\"--awb-border-radius-top-left:0px;--awb-border-radius-top-right:0px;--awb-border-radius-bottom-right:0px;--awb-border-radius-bottom-left:0px;--awb-flex-wrap:wrap;\" ><div class=\"fusion-builder-row fusion-row fusion-flex-align-items-flex-start fusion-flex-content-wrap\" style=\"max-width:1248px;margin-left: calc(-4% \/ 2 );margin-right: calc(-4% \/ 2 );\"><div class=\"fusion-layout-column fusion_builder_column fusion-builder-column-9 fusion_builder_column_1_1 1_1 fusion-flex-column\" style=\"--awb-bg-size:cover;--awb-width-large:100%;--awb-margin-top-large:0px;--awb-spacing-right-large:1.92%;--awb-margin-bottom-large:20px;--awb-spacing-left-large:1.92%;--awb-width-medium:100%;--awb-order-medium:0;--awb-spacing-right-medium:1.92%;--awb-spacing-left-medium:1.92%;--awb-width-small:100%;--awb-order-small:0;--awb-spacing-right-small:1.92%;--awb-spacing-left-small:1.92%;\"><div class=\"fusion-column-wrapper fusion-column-has-shadow fusion-flex-justify-content-flex-start fusion-content-layout-column\"><div class=\"fusion-text fusion-text-9\"><p>Ens alegra saber que Rub\u00e9n est\u00e0 molt content entre nosaltres i que a m\u00e9s est\u00e0 complint una meta que s\u2019havia plantejat fa uns anys enrere. Ara a gaudir dels estudis i de Barcelona. Molts \u00e8xits!<\/p>\n<p>Vols visitar m\u00e9s entrevistes?<\/p>\n<div class=\"fusion-aligncenter\"><a class=\"fusion-button button-flat fusion-button-default-size button-default fusion-button-default button-1 fusion-button-default-span fusion-button-default-type\" target=\"_self\" href=\"https:\/\/www.unihabit.com\/entrevista-unihabit-jaume-y-santiago\/\"><span class=\"fusion-button-text awb-button__text awb-button__text--default\">Coneix en Jaume i en Santiago<\/span><\/a><\/div>\n<\/div><\/div><\/div><\/div><\/div><\/p>\n","protected":false},"excerpt":{"rendered":"","protected":false},"author":1,"featured_media":16476,"comment_status":"open","ping_status":"open","sticky":false,"template":"","format":"standard","meta":{"footnotes":""},"categories":[29,212,316,313],"tags":[],"class_list":["post-3604","post","type-post","status-publish","format-standard","has-post-thumbnail","hentry","category-blog","category-entrevistas-ca","category-estudiants-unihabit-barcelona","category-unihabit-barcelona-blog"],"_links":{"self":[{"href":"https:\/\/www.unihabit.com\/ca\/wp-json\/wp\/v2\/posts\/3604","targetHints":{"allow":["GET"]}}],"collection":[{"href":"https:\/\/www.unihabit.com\/ca\/wp-json\/wp\/v2\/posts"}],"about":[{"href":"https:\/\/www.unihabit.com\/ca\/wp-json\/wp\/v2\/types\/post"}],"author":[{"embeddable":true,"href":"https:\/\/www.unihabit.com\/ca\/wp-json\/wp\/v2\/users\/1"}],"replies":[{"embeddable":true,"href":"https:\/\/www.unihabit.com\/ca\/wp-json\/wp\/v2\/comments?post=3604"}],"version-history":[{"count":8,"href":"https:\/\/www.unihabit.com\/ca\/wp-json\/wp\/v2\/posts\/3604\/revisions"}],"predecessor-version":[{"id":7481,"href":"https:\/\/www.unihabit.com\/ca\/wp-json\/wp\/v2\/posts\/3604\/revisions\/7481"}],"wp:featuredmedia":[{"embeddable":true,"href":"https:\/\/www.unihabit.com\/ca\/wp-json\/wp\/v2\/media\/16476"}],"wp:attachment":[{"href":"https:\/\/www.unihabit.com\/ca\/wp-json\/wp\/v2\/media?parent=3604"}],"wp:term":[{"taxonomy":"category","embeddable":true,"href":"https:\/\/www.unihabit.com\/ca\/wp-json\/wp\/v2\/categories?post=3604"},{"taxonomy":"post_tag","embeddable":true,"href":"https:\/\/www.unihabit.com\/ca\/wp-json\/wp\/v2\/tags?post=3604"}],"curies":[{"name":"wp","href":"https:\/\/api.w.org\/{rel}","templated":true}]}}