{"id":3607,"date":"2020-01-25T17:18:14","date_gmt":"2020-01-25T15:18:14","guid":{"rendered":"https:\/\/www.unihabit.com\/blog\/residencies-universitaries-barcelona-aprop-pompeu-fabra\/"},"modified":"2025-03-26T17:11:08","modified_gmt":"2025-03-26T15:11:08","slug":"residencies-universitaries-barcelona-aprop-pompeu-fabra","status":"publish","type":"post","link":"https:\/\/www.unihabit.com\/ca\/residencies-universitaries-barcelona-aprop-pompeu-fabra\/","title":{"rendered":"Resid\u00e8ncies universit\u00e0ries de Barcelona a prop de la Pompeu Fabra: Coneixes Unihabit?"},"content":{"rendered":"<p><div class=\"fusion-fullwidth fullwidth-box fusion-builder-row-1 fusion-flex-container nonhundred-percent-fullwidth non-hundred-percent-height-scrolling\" style=\"--awb-border-radius-top-left:0px;--awb-border-radius-top-right:0px;--awb-border-radius-bottom-right:0px;--awb-border-radius-bottom-left:0px;--awb-flex-wrap:wrap;\" ><div class=\"fusion-builder-row fusion-row fusion-flex-align-items-flex-start fusion-flex-content-wrap\" style=\"max-width:calc( 1200px + 0px );margin-left: calc(-0px \/ 2 );margin-right: calc(-0px \/ 2 );\"><div class=\"fusion-layout-column fusion_builder_column fusion-builder-column-0 fusion_builder_column_1_1 1_1 fusion-flex-column\" style=\"--awb-bg-size:cover;--awb-width-large:100%;--awb-margin-top-large:0px;--awb-spacing-right-large:0px;--awb-margin-bottom-large:0px;--awb-spacing-left-large:0px;--awb-width-medium:100%;--awb-spacing-right-medium:0px;--awb-spacing-left-medium:0px;--awb-width-small:100%;--awb-spacing-right-small:0px;--awb-spacing-left-small:0px;\"><div class=\"fusion-column-wrapper fusion-flex-justify-content-flex-start fusion-content-layout-column\"><div class=\"fusion-text fusion-text-1\"><div class=\"wpex-vc-row-wrap clr\">\n<div class=\"vc_row wpb_row vc_row-fluid\">\n<div class=\"wpex-vc-columns-wrap clr\">\n<div class=\"wpb_column vc_column_container vc_col-sm-12\">\n<div class=\"vc_column-inner wpex-clr\">\n<div class=\"wpb_wrapper wpex-vc-column-wrapper wpex-clr \">\n<div class=\"wpb_text_column wpb_content_element \">\n<div class=\"wpb_wrapper\">\n<p>Busques allotjament per l\u2019any vinent als voltants de la UPF? Des de Unihabit volem evitar-te aquesta tasca tan pesada, presentant-te la nostra resid\u00e8ncia universit\u00e0ria de Barcelona a prop de la Pompeu Fabra. A continuaci\u00f3, t\u2019explicarem tot el que t\u2019ofereixen les nostres instal\u00b7lacions, situades en el cor de la capital catalana, en el\u00a0 barri de Ciutat Vella. T\u2019aconsellem que continu\u00efs llegint!<\/p>\n<\/div>\n<\/div>\n<\/div>\n<\/div>\n<\/div>\n<\/div>\n<\/div>\n<\/div>\n<p><img decoding=\"async\" class=\"size-fusion-800 wp-image-1918 aligncenter\" src=\"https:\/\/www.unihabit.com\/wp-content\/uploads\/2020\/10\/estatua-en-exterior_residencias-universitarias-barcelona-cerca-pompeu-fabra-1-800x532.jpg\" alt=\"\" width=\"800\" height=\"532\" title=\"\" srcset=\"https:\/\/www.unihabit.com\/wp-content\/uploads\/2020\/10\/estatua-en-exterior_residencias-universitarias-barcelona-cerca-pompeu-fabra-1-200x133.jpg 200w, https:\/\/www.unihabit.com\/wp-content\/uploads\/2020\/10\/estatua-en-exterior_residencias-universitarias-barcelona-cerca-pompeu-fabra-1-300x199.jpg 300w, https:\/\/www.unihabit.com\/wp-content\/uploads\/2020\/10\/estatua-en-exterior_residencias-universitarias-barcelona-cerca-pompeu-fabra-1-400x266.jpg 400w, https:\/\/www.unihabit.com\/wp-content\/uploads\/2020\/10\/estatua-en-exterior_residencias-universitarias-barcelona-cerca-pompeu-fabra-1-500x332.jpg 500w, https:\/\/www.unihabit.com\/wp-content\/uploads\/2020\/10\/estatua-en-exterior_residencias-universitarias-barcelona-cerca-pompeu-fabra-1-600x399.jpg 600w, https:\/\/www.unihabit.com\/wp-content\/uploads\/2020\/10\/estatua-en-exterior_residencias-universitarias-barcelona-cerca-pompeu-fabra-1-700x465.jpg 700w, https:\/\/www.unihabit.com\/wp-content\/uploads\/2020\/10\/estatua-en-exterior_residencias-universitarias-barcelona-cerca-pompeu-fabra-1-768x510.jpg 768w, https:\/\/www.unihabit.com\/wp-content\/uploads\/2020\/10\/estatua-en-exterior_residencias-universitarias-barcelona-cerca-pompeu-fabra-1-800x532.jpg 800w, https:\/\/www.unihabit.com\/wp-content\/uploads\/2020\/10\/estatua-en-exterior_residencias-universitarias-barcelona-cerca-pompeu-fabra-1-1024x680.jpg 1024w, https:\/\/www.unihabit.com\/wp-content\/uploads\/2020\/10\/estatua-en-exterior_residencias-universitarias-barcelona-cerca-pompeu-fabra-1.jpg 1040w\" sizes=\"(max-width: 800px) 100vw, 800px\" \/><\/p>\n<div class=\"wpex-vc-row-wrap clr\">\n<div class=\"vc_row wpb_row vc_row-fluid\">\n<div class=\"wpex-vc-columns-wrap clr\">\n<div class=\"wpb_column vc_column_container vc_col-sm-12\">\n<div class=\"vc_column-inner wpex-clr\">\n<div class=\"wpb_wrapper wpex-vc-column-wrapper wpex-clr \">\n<div class=\"wpb_text_column wpb_content_element \">\n<div class=\"wpb_wrapper\">\n<h2>Com despla\u00e7ar-te r\u00e0pidament?: l\u2019avantatge d\u2019utilitzar la bicicleta en una ciutat com Barcelona<\/h2>\n<\/div>\n<\/div>\n<\/div>\n<\/div>\n<\/div>\n<\/div>\n<\/div>\n<\/div>\n<p>Pels amants de la bicicleta, aquesta \u00e9s la vostra oportunitat, ja que des de les nostres instal\u00b7lacions es pot anar amb bici a qualsevol lloc. Per realitzar el trajecte des de la nostra resid\u00e8ncia fins al campus de Ciutadella, nom\u00e9s tardes uns 12 minuts, per la Rambla!<\/p>\n<div class=\"wpex-vc-row-wrap clr\">\n<div class=\"vc_row wpb_row vc_row-fluid\">\n<div class=\"wpex-vc-columns-wrap clr\">\n<div class=\"wpb_column vc_column_container vc_col-sm-12\">\n<div class=\"vc_column-inner wpex-clr\">\n<div class=\"wpb_wrapper wpex-vc-column-wrapper wpex-clr \">\n<div class=\"wpb_text_column wpb_content_element \">\n<div class=\"wpb_wrapper\">\n<p>I nosaltres ens preguntem\u2026 No \u00e9s bonic poder anar tranquil a la universitat, gaudint de la ciutat, al teu ritme i practicant esport?<\/p>\n<\/div>\n<\/div>\n<\/div>\n<\/div>\n<\/div>\n<\/div>\n<\/div>\n<\/div>\n<p><img decoding=\"async\" class=\"size-fusion-800 wp-image-3109 aligncenter\" src=\"https:\/\/www.unihabit.com\/wp-content\/uploads\/2020\/10\/bicicletas-aparcadas_residencias-universitarias-barcelona-cerca-pompeu-fabra-800x391.jpg\" alt=\"\" width=\"800\" height=\"391\" title=\"\" srcset=\"https:\/\/www.unihabit.com\/wp-content\/uploads\/2020\/10\/bicicletas-aparcadas_residencias-universitarias-barcelona-cerca-pompeu-fabra-200x98.jpg 200w, https:\/\/www.unihabit.com\/wp-content\/uploads\/2020\/10\/bicicletas-aparcadas_residencias-universitarias-barcelona-cerca-pompeu-fabra-300x147.jpg 300w, https:\/\/www.unihabit.com\/wp-content\/uploads\/2020\/10\/bicicletas-aparcadas_residencias-universitarias-barcelona-cerca-pompeu-fabra-400x196.jpg 400w, https:\/\/www.unihabit.com\/wp-content\/uploads\/2020\/10\/bicicletas-aparcadas_residencias-universitarias-barcelona-cerca-pompeu-fabra-500x244.jpg 500w, https:\/\/www.unihabit.com\/wp-content\/uploads\/2020\/10\/bicicletas-aparcadas_residencias-universitarias-barcelona-cerca-pompeu-fabra-600x293.jpg 600w, https:\/\/www.unihabit.com\/wp-content\/uploads\/2020\/10\/bicicletas-aparcadas_residencias-universitarias-barcelona-cerca-pompeu-fabra-700x342.jpg 700w, https:\/\/www.unihabit.com\/wp-content\/uploads\/2020\/10\/bicicletas-aparcadas_residencias-universitarias-barcelona-cerca-pompeu-fabra-768x375.jpg 768w, https:\/\/www.unihabit.com\/wp-content\/uploads\/2020\/10\/bicicletas-aparcadas_residencias-universitarias-barcelona-cerca-pompeu-fabra-800x391.jpg 800w, https:\/\/www.unihabit.com\/wp-content\/uploads\/2020\/10\/bicicletas-aparcadas_residencias-universitarias-barcelona-cerca-pompeu-fabra-1024x501.jpg 1024w, https:\/\/www.unihabit.com\/wp-content\/uploads\/2020\/10\/bicicletas-aparcadas_residencias-universitarias-barcelona-cerca-pompeu-fabra-1200x587.jpg 1200w, https:\/\/www.unihabit.com\/wp-content\/uploads\/2020\/10\/bicicletas-aparcadas_residencias-universitarias-barcelona-cerca-pompeu-fabra.jpg 1299w\" sizes=\"(max-width: 800px) 100vw, 800px\" \/><\/p>\n<p>Si estudies en altres campus com el de Poblenou o el de la Mar, volem que s\u00e0pigues que tamb\u00e9 es troben molt a prop, concretament a uns 15 minuts en bicicleta des de la nostra resid\u00e8ncia.<\/p>\n<p>D\u2019altra banda, si vols despla\u00e7ar-te en transport p\u00fablic, disposes de nombroses combinacions de metro i autob\u00fas, que et permetran arribar als diferents Campus de la Universitat, on s\u2019impartiran les teves classes, en menys de 30 minuts.<\/p>\n<div class=\"wpex-vc-row-wrap clr\">\n<div class=\"vc_row wpb_row vc_row-fluid\">\n<div class=\"wpex-vc-columns-wrap clr\">\n<div class=\"wpb_column vc_column_container vc_col-sm-12\">\n<div class=\"vc_column-inner wpex-clr\">\n<div class=\"wpb_wrapper wpex-vc-column-wrapper wpex-clr \">\n<div class=\"wpb_text_column wpb_content_element \">\n<div class=\"wpb_wrapper\">\n<p>Gaudeix dels avantatges de viure en el centre d\u2019una de les urbs m\u00e9s adaptades a l\u2019estudiant i a les seves necessitats! Pensa que despr\u00e9s de classe pots visitar museus, edificis emblem\u00e0tics, anar de compres o de bars\u2026 Tens una infinitat d\u2019activitats a fer!<\/p>\n<\/div>\n<\/div>\n<\/div>\n<\/div>\n<\/div>\n<\/div>\n<\/div>\n<\/div>\n<div class=\"wpex-vc-row-wrap clr\">\n<div class=\"vc_row wpb_row vc_row-fluid\">\n<div class=\"wpex-vc-columns-wrap clr\">\n<div class=\"wpb_column vc_column_container vc_col-sm-12\">\n<div class=\"vc_column-inner wpex-clr\">\n<div class=\"wpb_wrapper wpex-vc-column-wrapper wpex-clr \">\n<div class=\"wpb_text_column wpb_content_element \">\n<div class=\"wpb_wrapper\">\n<h2>Unes instal\u00b7lacions pensades perqu\u00e8 et sentis com a casa<\/h2>\n<\/div>\n<\/div>\n<\/div>\n<\/div>\n<\/div>\n<\/div>\n<\/div>\n<\/div>\n<\/div><\/div><\/div><\/div><\/div><div class=\"fusion-fullwidth fullwidth-box fusion-builder-row-2 fusion-flex-container nonhundred-percent-fullwidth non-hundred-percent-height-scrolling\" style=\"--awb-border-radius-top-left:0px;--awb-border-radius-top-right:0px;--awb-border-radius-bottom-right:0px;--awb-border-radius-bottom-left:0px;--awb-flex-wrap:wrap;\" ><div class=\"fusion-builder-row fusion-row fusion-flex-align-items-flex-start fusion-flex-content-wrap\" style=\"max-width:1248px;margin-left: calc(-4% \/ 2 );margin-right: calc(-4% \/ 2 );\"><div class=\"fusion-layout-column fusion_builder_column fusion-builder-column-1 fusion_builder_column_1_2 1_2 fusion-flex-column\" style=\"--awb-bg-image:url(&#039;https:\/\/www.unihabit.com\/wp-content\/uploads\/2020\/10\/grupo-de-amigos-comiendo_residencias-universitarias-barcelona-cerca-pompeu-fabra.jpg&#039;);--awb-bg-size:cover;--awb-width-large:50%;--awb-margin-top-large:0px;--awb-spacing-right-large:3.84%;--awb-margin-bottom-large:20px;--awb-spacing-left-large:3.84%;--awb-width-medium:50%;--awb-order-medium:0;--awb-spacing-right-medium:3.84%;--awb-spacing-left-medium:3.84%;--awb-width-small:100%;--awb-order-small:0;--awb-spacing-right-small:1.92%;--awb-spacing-left-small:1.92%;\"><div class=\"fusion-column-wrapper fusion-column-has-shadow fusion-flex-justify-content-flex-start fusion-content-layout-column fusion-empty-column-bg-image fusion-column-has-bg-image\" data-bg-url=\"https:\/\/www.unihabit.com\/wp-content\/uploads\/2020\/10\/grupo-de-amigos-comiendo_residencias-universitarias-barcelona-cerca-pompeu-fabra.jpg\"><img decoding=\"async\" class=\"fusion-empty-dims-img-placeholder\" aria-label=\"grupo-de-amigos-comiendo_residencias-universitarias-barcelona-cerca-pompeu-fabra\" src=\"data:image\/svg+xml,%3Csvg%20xmlns%3D%27http%3A%2F%2Fwww.w3.org%2F2000%2Fsvg%27%20width%3D%27651%27%20height%3D%27673%27%20viewBox%3D%270%200%20651%20673%27%3E%3Crect%20width%3D%27651%27%20height%3D%27673%27%20fill-opacity%3D%220%22%2F%3E%3C%2Fsvg%3E\" alt=\"\" title=\"\"><\/div><\/div><div class=\"fusion-layout-column fusion_builder_column fusion-builder-column-2 fusion_builder_column_1_2 1_2 fusion-flex-column fusion-flex-align-self-center\" style=\"--awb-bg-size:cover;--awb-width-large:50%;--awb-margin-top-large:0px;--awb-spacing-right-large:3.84%;--awb-margin-bottom-large:20px;--awb-spacing-left-large:3.84%;--awb-width-medium:50%;--awb-order-medium:0;--awb-spacing-right-medium:3.84%;--awb-spacing-left-medium:3.84%;--awb-width-small:100%;--awb-order-small:0;--awb-spacing-right-small:1.92%;--awb-spacing-left-small:1.92%;\"><div class=\"fusion-column-wrapper fusion-column-has-shadow fusion-flex-justify-content-flex-start fusion-content-layout-column\"><div class=\"fusion-text fusion-text-2\"><p>Ara volem parlar-te de les nostres instal\u00b7lacions i de la nostra gran fam\u00edlia. La resid\u00e8ncia universit\u00e0ria de Ciutat Vella, situada a la Pla\u00e7a de les Caramelles, n\u00fam.5 de Barcelona, es troba ubicada\u00a0 en un edifici hist\u00f2ric de la ciutat, rehabilitat i remodelat per\u00a0 acollir estudiants de grau i m\u00e0ster, aix\u00ed com professors i investigadors de tot el m\u00f3n.<\/p>\n<p>Les zones comunes estan pensades perqu\u00e8 el resident pugui seguir amb els seus estudis, oferint-li totes les comoditats que necessiti: un espai de cuina excepcional, zones d\u2019estudi i de relaxaci\u00f3, pati interior\u2026<\/p>\n<div class=\"wpex-vc-row-wrap clr\">\n<div class=\"vc_row wpb_row vc_row-fluid\">\n<div class=\"wpex-vc-columns-wrap clr\">\n<div class=\"wpb_column vc_column_container vc_col-sm-6\">\n<div class=\"vc_column-inner wpex-clr\">\n<div class=\"wpb_wrapper wpex-vc-column-wrapper wpex-clr \">\n<div class=\"wpb_text_column wpb_content_element \">\n<div class=\"wpb_wrapper\">\n<p>A m\u00e9s, formar\u00e0s part de la fam\u00edlia\u00a0Unihabit, un grup unit amb el qual poder comptar tant en els moments de riures, com en les situacions dif\u00edcils. T\u2019uneixes a la nostra pinya?<\/p>\n<\/div>\n<\/div>\n<\/div>\n<\/div>\n<\/div>\n<\/div>\n<\/div>\n<\/div>\n<div class=\"wpex-vc-row-wrap clr\">\n<div class=\"vc_row wpb_row vc_row-fluid\">\n<div class=\"wpex-vc-columns-wrap clr\">\n<div class=\"wpb_column vc_column_container vc_col-sm-12\">\n<div class=\"vc_column-inner wpex-clr\">\n<div class=\"wpb_wrapper wpex-vc-column-wrapper wpex-clr \">\n<div class=\"wpb_text_column wpb_content_element \">\n<div class=\"wpb_wrapper\"><\/div>\n<\/div>\n<\/div>\n<\/div>\n<\/div>\n<\/div>\n<\/div>\n<\/div>\n<\/div><\/div><\/div><\/div><\/div><div class=\"fusion-fullwidth fullwidth-box fusion-builder-row-3 fusion-flex-container nonhundred-percent-fullwidth non-hundred-percent-height-scrolling\" style=\"--awb-border-radius-top-left:0px;--awb-border-radius-top-right:0px;--awb-border-radius-bottom-right:0px;--awb-border-radius-bottom-left:0px;--awb-flex-wrap:wrap;\" ><div class=\"fusion-builder-row fusion-row fusion-flex-align-items-flex-start fusion-flex-content-wrap\" style=\"max-width:1248px;margin-left: calc(-4% \/ 2 );margin-right: calc(-4% \/ 2 );\"><div class=\"fusion-layout-column fusion_builder_column fusion-builder-column-3 fusion_builder_column_1_1 1_1 fusion-flex-column\" style=\"--awb-bg-size:cover;--awb-width-large:100%;--awb-margin-top-large:0px;--awb-spacing-right-large:1.92%;--awb-margin-bottom-large:20px;--awb-spacing-left-large:1.92%;--awb-width-medium:100%;--awb-order-medium:0;--awb-spacing-right-medium:1.92%;--awb-spacing-left-medium:1.92%;--awb-width-small:100%;--awb-order-small:0;--awb-spacing-right-small:1.92%;--awb-spacing-left-small:1.92%;\"><div class=\"fusion-column-wrapper fusion-column-has-shadow fusion-flex-justify-content-flex-start fusion-content-layout-column\"><div class=\"fusion-text fusion-text-3\"><div class=\"wpex-vc-row-wrap clr\">\n<div class=\"vc_row wpb_row vc_row-fluid\">\n<div class=\"wpex-vc-columns-wrap clr\">\n<div class=\"wpb_column vc_column_container vc_col-sm-12\">\n<div class=\"vc_column-inner wpex-clr\">\n<div class=\"wpb_wrapper wpex-vc-column-wrapper wpex-clr \">\n<div class=\"wpb_text_column wpb_content_element \">\n<div class=\"wpb_wrapper\">\n<p>Comptem amb habitacions per a estudiants individuals, dobles i triples, perqu\u00e8 tri\u00efs segons les teves prefer\u00e8ncies.<\/p>\n<\/div>\n<\/div>\n<\/div>\n<\/div>\n<\/div>\n<\/div>\n<\/div>\n<\/div>\n<div class=\"wpex-vc-row-wrap clr\">\n<div class=\"vc_row wpb_row vc_row-fluid\">\n<div class=\"wpex-vc-columns-wrap clr\">\n<div class=\"wpb_column vc_column_container vc_col-sm-12\">\n<div class=\"vc_column-inner wpex-clr\">\n<div class=\"wpb_wrapper wpex-vc-column-wrapper wpex-clr \">\n<div class=\"wpb_text_column wpb_content_element \">\n<div class=\"wpb_wrapper\">\n<p>Tot est\u00e0 pensat i dissenyat perqu\u00e8 et sentis com a casa, en un espai confortable i c\u00e0lid, on podr\u00e0s recarregar les piles i desconnectar de la rutina o l\u2019estr\u00e8s dels estudis. D\u2019altra banda, les activitats a la resid\u00e8ncia no s\u2019acaben mai. L\u2019avorriment no t\u00e9 cabuda en les nostres instal\u00b7lacions!<\/p>\n<\/div>\n<\/div>\n<\/div>\n<\/div>\n<\/div>\n<\/div>\n<\/div>\n<\/div>\n<p><img decoding=\"async\" class=\"size-fusion-800 wp-image-3115 aligncenter\" src=\"https:\/\/www.unihabit.com\/wp-content\/uploads\/2020\/10\/grupo-jugando-al-trivial_residencias-universitarias-barcelona-cerca-pompeu-fabra-800x600.jpg\" alt=\"\" width=\"800\" height=\"600\" title=\"\" srcset=\"https:\/\/www.unihabit.com\/wp-content\/uploads\/2020\/10\/grupo-jugando-al-trivial_residencias-universitarias-barcelona-cerca-pompeu-fabra-200x150.jpg 200w, https:\/\/www.unihabit.com\/wp-content\/uploads\/2020\/10\/grupo-jugando-al-trivial_residencias-universitarias-barcelona-cerca-pompeu-fabra-300x225.jpg 300w, https:\/\/www.unihabit.com\/wp-content\/uploads\/2020\/10\/grupo-jugando-al-trivial_residencias-universitarias-barcelona-cerca-pompeu-fabra-400x300.jpg 400w, https:\/\/www.unihabit.com\/wp-content\/uploads\/2020\/10\/grupo-jugando-al-trivial_residencias-universitarias-barcelona-cerca-pompeu-fabra-500x375.jpg 500w, https:\/\/www.unihabit.com\/wp-content\/uploads\/2020\/10\/grupo-jugando-al-trivial_residencias-universitarias-barcelona-cerca-pompeu-fabra-600x450.jpg 600w, https:\/\/www.unihabit.com\/wp-content\/uploads\/2020\/10\/grupo-jugando-al-trivial_residencias-universitarias-barcelona-cerca-pompeu-fabra-700x525.jpg 700w, https:\/\/www.unihabit.com\/wp-content\/uploads\/2020\/10\/grupo-jugando-al-trivial_residencias-universitarias-barcelona-cerca-pompeu-fabra-768x576.jpg 768w, https:\/\/www.unihabit.com\/wp-content\/uploads\/2020\/10\/grupo-jugando-al-trivial_residencias-universitarias-barcelona-cerca-pompeu-fabra-800x600.jpg 800w, https:\/\/www.unihabit.com\/wp-content\/uploads\/2020\/10\/grupo-jugando-al-trivial_residencias-universitarias-barcelona-cerca-pompeu-fabra.jpg 859w\" sizes=\"(max-width: 800px) 100vw, 800px\" \/><\/p>\n<div class=\"wpex-vc-row-wrap clr\">\n<div class=\"vc_row wpb_row vc_row-fluid\">\n<div class=\"wpex-vc-columns-wrap clr\">\n<div class=\"wpb_column vc_column_container vc_col-sm-12\">\n<div class=\"vc_column-inner wpex-clr\">\n<div class=\"wpb_wrapper wpex-vc-column-wrapper wpex-clr \">\n<div class=\"wpb_text_column wpb_content_element vc_custom_1585211789655\">\n<div class=\"wpb_wrapper\">\n<div class=\"wpex-vc-row-wrap clr\">\n<div class=\"vc_row wpb_row vc_row-fluid\">\n<div class=\"wpex-vc-columns-wrap clr\">\n<div class=\"wpb_column vc_column_container vc_col-sm-12\">\n<div class=\"vc_column-inner wpex-clr\">\n<div class=\"wpb_wrapper wpex-vc-column-wrapper wpex-clr \">\n<div class=\"wpb_text_column wpb_content_element \">\n<div class=\"wpb_wrapper\">\n<p>La veritat \u00e9s que\u2026 Viur\u00e0s mil i un moments inoblidables! T\u2019assegurem que una vegada finalitzi la teva etapa universit\u00e0ria, els recordar\u00e0s amb molt d\u2019afecte, no t\u2019ho pensis m\u00e9s!<\/p>\n<\/div>\n<\/div>\n<\/div>\n<\/div>\n<\/div>\n<\/div>\n<\/div>\n<\/div>\n<\/div>\n<\/div>\n<\/div>\n<\/div>\n<\/div>\n<\/div>\n<\/div>\n<\/div>\n<div class=\"wpex-vc-row-wrap clr\">\n<div class=\"vc_row wpb_row vc_row-fluid\">\n<div class=\"wpex-vc-columns-wrap clr\">\n<div class=\"wpb_column vc_column_container vc_col-sm-12\">\n<div class=\"vc_column-inner wpex-clr\">\n<div class=\"wpb_wrapper wpex-vc-column-wrapper wpex-clr \"><div class=\"fusion-aligncenter\"><a class=\"fusion-button button-flat fusion-button-default-size button-default fusion-button-default button-1 fusion-button-default-span fusion-button-default-type\" target=\"_self\" href=\"https:\/\/www.unihabit.com\/ca\/residencies-universitaries-barcelona\/\"><span class=\"fusion-button-text awb-button__text awb-button__text--default\"> <span class=\"theme-button-inner\">Visita la Resid\u00e8ncia universitaria de Ciutat Vella<\/span><\/span><\/a><\/div><\/div>\n<\/div>\n<\/div>\n<\/div>\n<\/div>\n<\/div>\n<\/div><\/div><\/div><\/div><\/div><\/p>\n","protected":false},"excerpt":{"rendered":"","protected":false},"author":1,"featured_media":1919,"comment_status":"open","ping_status":"open","sticky":false,"template":"","format":"standard","meta":{"footnotes":""},"categories":[29,212,313,317],"tags":[178,292],"class_list":["post-3607","post","type-post","status-publish","format-standard","has-post-thumbnail","hentry","category-blog","category-entrevistas-ca","category-unihabit-barcelona-blog","category-viu-barcelona","tag-blog-ca","tag-pompeu-fabra-ca"],"_links":{"self":[{"href":"https:\/\/www.unihabit.com\/ca\/wp-json\/wp\/v2\/posts\/3607","targetHints":{"allow":["GET"]}}],"collection":[{"href":"https:\/\/www.unihabit.com\/ca\/wp-json\/wp\/v2\/posts"}],"about":[{"href":"https:\/\/www.unihabit.com\/ca\/wp-json\/wp\/v2\/types\/post"}],"author":[{"embeddable":true,"href":"https:\/\/www.unihabit.com\/ca\/wp-json\/wp\/v2\/users\/1"}],"replies":[{"embeddable":true,"href":"https:\/\/www.unihabit.com\/ca\/wp-json\/wp\/v2\/comments?post=3607"}],"version-history":[{"count":5,"href":"https:\/\/www.unihabit.com\/ca\/wp-json\/wp\/v2\/posts\/3607\/revisions"}],"predecessor-version":[{"id":11904,"href":"https:\/\/www.unihabit.com\/ca\/wp-json\/wp\/v2\/posts\/3607\/revisions\/11904"}],"wp:featuredmedia":[{"embeddable":true,"href":"https:\/\/www.unihabit.com\/ca\/wp-json\/wp\/v2\/media\/1919"}],"wp:attachment":[{"href":"https:\/\/www.unihabit.com\/ca\/wp-json\/wp\/v2\/media?parent=3607"}],"wp:term":[{"taxonomy":"category","embeddable":true,"href":"https:\/\/www.unihabit.com\/ca\/wp-json\/wp\/v2\/categories?post=3607"},{"taxonomy":"post_tag","embeddable":true,"href":"https:\/\/www.unihabit.com\/ca\/wp-json\/wp\/v2\/tags?post=3607"}],"curies":[{"name":"wp","href":"https:\/\/api.w.org\/{rel}","templated":true}]}}