{"id":3624,"date":"2020-11-25T09:24:57","date_gmt":"2020-11-25T07:24:57","guid":{"rendered":"https:\/\/www.unihabit.com\/blog\/bernat-ortega-entrevista-unihabit\/"},"modified":"2025-03-26T17:05:30","modified_gmt":"2025-03-26T15:05:30","slug":"bernat-ortega-entrevista-unihabit","status":"publish","type":"post","link":"https:\/\/www.unihabit.com\/ca\/bernat-ortega-entrevista-unihabit\/","title":{"rendered":"Bernat Ortega: \u201cDe tot Espanya, Sant Cugat \u00e9s de les que m\u00e9s est\u00e0 invertint per a convertir-se en una ciutat intel\u00b7ligent\u201d"},"content":{"rendered":"<p><div class=\"fusion-fullwidth fullwidth-box fusion-builder-row-1 fusion-flex-container nonhundred-percent-fullwidth non-hundred-percent-height-scrolling\" style=\"--awb-border-radius-top-left:0px;--awb-border-radius-top-right:0px;--awb-border-radius-bottom-right:0px;--awb-border-radius-bottom-left:0px;--awb-flex-wrap:wrap;\" ><div class=\"fusion-builder-row fusion-row fusion-flex-align-items-center fusion-flex-content-wrap\" style=\"max-width:1248px;margin-left: calc(-4% \/ 2 );margin-right: calc(-4% \/ 2 );\"><div class=\"fusion-layout-column fusion_builder_column fusion-builder-column-0 fusion_builder_column_1_2 1_2 fusion-flex-column fusion-flex-align-self-center\" style=\"--awb-bg-size:cover;--awb-width-large:50%;--awb-margin-top-large:0px;--awb-spacing-right-large:3.84%;--awb-margin-bottom-large:20px;--awb-spacing-left-large:3.84%;--awb-width-medium:50%;--awb-order-medium:0;--awb-spacing-right-medium:3.84%;--awb-spacing-left-medium:3.84%;--awb-width-small:100%;--awb-order-small:0;--awb-spacing-right-small:1.92%;--awb-spacing-left-small:1.92%;\"><div class=\"fusion-column-wrapper fusion-column-has-shadow fusion-flex-justify-content-center fusion-content-layout-column\"><div class=\"fusion-text fusion-text-1\"><p><span style=\"font-weight: 400;\">En la nostra secci\u00f3 de l\u2019<\/span><b>Entrevista Unihabit<\/b><span style=\"font-weight: 400;\"> avui coneixerem en Bernat Ortega. T\u00e9 20 anys i est\u00e0 cursant el darrer any de Gesti\u00f3 de Ciutats Intel\u00b7ligents i Sostenibles. Ell ens mostrar\u00e0 una foto de quina \u00e9s la nostra realitat en relaci\u00f3 amb aconseguir aquestes ciutats intel\u00b7ligents al nostre pa\u00eds. Tamb\u00e9 ens parlar\u00e0 dels seus entreteniments i el podrem con\u00e8ixer m\u00e9s a fons.<\/span><\/p>\n<\/div><div style=\"text-align:center;\"><a class=\"fusion-button button-flat button-xlarge button-default fusion-button-default button-1 fusion-button-span-yes fusion-button-default-type\" target=\"_self\" title=\"Entrevista Unihabit Bernat Ortega\" aria-label=\"Entrevista Unihabit Bernat Ortega\" href=\"https:\/\/www.unihabit.com\/ca\/contacta-amb-unihabit\/\"><span class=\"fusion-button-text awb-button__text awb-button__text--default\">VOLS CON\u00c8IXER-NOS UNA MICA MILLOR?<\/span><\/a><\/div><div class=\"fusion-text fusion-text-2\"><ul>\n<li><em><strong>Consideres que portem un bon ritme per arribar a tenir ciutats intel\u00b7ligents a Espanya?<\/strong><\/em><\/li>\n<\/ul>\n<p><em><span style=\"font-weight: 400;\">Anem molt malament.<\/span><\/em><\/p>\n<ul>\n<li><strong><b><i>Qu\u00e8 hem de millorar?<\/i><\/b><\/strong><\/li>\n<\/ul>\n<p><em><span style=\"font-weight: 400;\">Tot. Principalment en el tema del transport i la contaminaci\u00f3.<\/span><\/em><\/p>\n<ul>\n<li><strong><b><i>Quin futur ens espera a curt termini?<\/i><\/b><\/strong><\/li>\n<\/ul>\n<p><em><span style=\"font-weight: 400;\">Si seguim amb el ritme actual, un de molt dolent.<\/span><\/em><\/p>\n<ul>\n<li><strong><b><i>Tenim alguns exemples a seguir?<\/i><\/b><\/strong><\/li>\n<\/ul>\n<p><em><span style=\"font-weight: 400;\">Aqu\u00ed a Espanya, tenim Sant Cugat que \u00e9s de les localitats de tot el pa\u00eds que m\u00e9s est\u00e0 invertint\u00a0 en equipaments per a fer una ciutat intel\u00b7ligent. Tamb\u00e9 tenim exemples en pa\u00efsos n\u00f2rdics o a Singapur. Hi ha moltes ciutats que s\u00ed que s\u2019ho prenen seriosament.<\/span><\/em><\/p>\n<\/div><\/div><\/div><div class=\"fusion-layout-column fusion_builder_column fusion-builder-column-1 fusion_builder_column_1_2 1_2 fusion-flex-column fusion-flex-align-self-center\" style=\"--awb-bg-size:cover;--awb-width-large:50%;--awb-margin-top-large:0px;--awb-spacing-right-large:3.84%;--awb-margin-bottom-large:20px;--awb-spacing-left-large:3.84%;--awb-width-medium:50%;--awb-order-medium:0;--awb-spacing-right-medium:3.84%;--awb-spacing-left-medium:3.84%;--awb-width-small:100%;--awb-order-small:0;--awb-spacing-right-small:1.92%;--awb-spacing-left-small:1.92%;\"><div class=\"fusion-column-wrapper fusion-column-has-shadow fusion-flex-justify-content-center fusion-content-layout-column\"><div class=\"fusion-image-element \" style=\"--awb-caption-title-font-family:var(--h2_typography-font-family);--awb-caption-title-font-weight:var(--h2_typography-font-weight);--awb-caption-title-font-style:var(--h2_typography-font-style);--awb-caption-title-size:var(--h2_typography-font-size);--awb-caption-title-transform:var(--h2_typography-text-transform);--awb-caption-title-line-height:var(--h2_typography-line-height);--awb-caption-title-letter-spacing:var(--h2_typography-letter-spacing);\"><span class=\" fusion-imageframe imageframe-none imageframe-1 hover-type-none\"><img decoding=\"async\" width=\"1600\" height=\"1946\" alt=\"Entrevista Unihabit Bernat Ortega\" title=\"01\" src=\"https:\/\/www.unihabit.com\/wp-content\/uploads\/2020\/10\/01-1.jpg\" class=\"img-responsive wp-image-3762\" srcset=\"https:\/\/www.unihabit.com\/wp-content\/uploads\/2020\/10\/01-1-200x243.jpg 200w, https:\/\/www.unihabit.com\/wp-content\/uploads\/2020\/10\/01-1-400x487.jpg 400w, https:\/\/www.unihabit.com\/wp-content\/uploads\/2020\/10\/01-1-600x730.jpg 600w, https:\/\/www.unihabit.com\/wp-content\/uploads\/2020\/10\/01-1-800x973.jpg 800w, https:\/\/www.unihabit.com\/wp-content\/uploads\/2020\/10\/01-1-1200x1460.jpg 1200w, https:\/\/www.unihabit.com\/wp-content\/uploads\/2020\/10\/01-1.jpg 1600w\" sizes=\"(max-width: 640px) 100vw, 600px\" \/><\/span><\/div><\/div><\/div><\/div><\/div><div class=\"fusion-fullwidth fullwidth-box fusion-builder-row-2 fusion-flex-container nonhundred-percent-fullwidth non-hundred-percent-height-scrolling\" style=\"--awb-border-radius-top-left:0px;--awb-border-radius-top-right:0px;--awb-border-radius-bottom-right:0px;--awb-border-radius-bottom-left:0px;--awb-flex-wrap:wrap;\" ><div class=\"fusion-builder-row fusion-row fusion-flex-align-items-center fusion-flex-content-wrap\" style=\"max-width:1248px;margin-left: calc(-4% \/ 2 );margin-right: calc(-4% \/ 2 );\"><div class=\"fusion-layout-column fusion_builder_column fusion-builder-column-2 fusion_builder_column_1_2 1_2 fusion-flex-column fusion-flex-align-self-center\" style=\"--awb-bg-size:cover;--awb-width-large:50%;--awb-margin-top-large:0px;--awb-spacing-right-large:3.84%;--awb-margin-bottom-large:20px;--awb-spacing-left-large:3.84%;--awb-width-medium:50%;--awb-order-medium:0;--awb-spacing-right-medium:3.84%;--awb-spacing-left-medium:3.84%;--awb-width-small:100%;--awb-order-small:0;--awb-spacing-right-small:1.92%;--awb-spacing-left-small:1.92%;\"><div class=\"fusion-column-wrapper fusion-column-has-shadow fusion-flex-justify-content-center fusion-content-layout-column\"><div class=\"fusion-video fusion-youtube\" style=\"--awb-max-width:600px;--awb-max-height:360px;\"><div class=\"video-shortcode\"><lite-youtube videoid=\"a4su5g8BpNk\" class=\"landscape\" params=\"wmode=transparent&autoplay=1&amp;enablejsapi=1\" title=\"YouTube video player 1\" data-button-label=\"Play Video\" width=\"600\" height=\"360\" data-thumbnail-size=\"auto\" data-no-cookie=\"on\"><\/lite-youtube><\/div><\/div><div style=\"text-align:center;\"><a class=\"fusion-button button-flat button-xlarge button-default fusion-button-default button-2 fusion-button-span-yes fusion-button-default-type\" style=\"--button_margin-top:3%;--button_margin-bottom:3%;\" target=\"_self\" title=\"Entrevista Unihabit Bernat Ortega\" aria-label=\"Entrevista Unihabit Bernat Ortega\" href=\"https:\/\/www.youtube.com\/channel\/UCEs_bZnbE3jsBdIL6sB-NoQ\" rel=\"noopener\"><span class=\"fusion-button-text awb-button__text awb-button__text--default\">VISITA EL NOSTRE CANAL DE YOUTUBE<\/span><\/a><\/div><\/div><\/div><div class=\"fusion-layout-column fusion_builder_column fusion-builder-column-3 fusion_builder_column_1_2 1_2 fusion-flex-column fusion-flex-align-self-center\" style=\"--awb-bg-size:cover;--awb-width-large:50%;--awb-margin-top-large:0px;--awb-spacing-right-large:3.84%;--awb-margin-bottom-large:20px;--awb-spacing-left-large:3.84%;--awb-width-medium:50%;--awb-order-medium:0;--awb-spacing-right-medium:3.84%;--awb-spacing-left-medium:3.84%;--awb-width-small:100%;--awb-order-small:0;--awb-spacing-right-small:1.92%;--awb-spacing-left-small:1.92%;\"><div class=\"fusion-column-wrapper fusion-column-has-shadow fusion-flex-justify-content-center fusion-content-layout-column\"><div class=\"fusion-text fusion-text-3\"><ul>\n<li><strong><b><i>Quina caracter\u00edstica t\u00e9 una ciutat intel\u00b7ligent?<\/i><\/b><\/strong><\/li>\n<\/ul>\n<p><em><span style=\"font-weight: 400;\">L\u2019efici\u00e8ncia, el transport i la contaminaci\u00f3 diria que en s\u00f3n els pilars b\u00e0sics.<\/span><\/em><\/p>\n<ul>\n<li><strong><b><i>Consideres que l\u2019ensenyament On line est\u00e0 a un bon nivell?<\/i><\/b><\/strong><\/li>\n<\/ul>\n<p><em><span style=\"font-weight: 400;\">Callo perqu\u00e8 puguis tallar o haig de dir la veritat\u2026 o hem de quedar b\u00e9.<\/span><\/em><\/p>\n<p><em><span style=\"font-weight: 400;\">La veritat\u2026<\/span><\/em><\/p>\n<p><em><span style=\"font-weight: 400;\">Estan intentant esfor\u00e7ar-se al m\u00e0xim per oferir-nos una educaci\u00f3 de qualitat, per\u00f2 les infraestructures actuals no els ho permeten.<\/span><\/em><\/p>\n<\/div><\/div><\/div><\/div><\/div><div class=\"fusion-fullwidth fullwidth-box fusion-builder-row-3 fusion-flex-container nonhundred-percent-fullwidth non-hundred-percent-height-scrolling\" style=\"--awb-border-radius-top-left:0px;--awb-border-radius-top-right:0px;--awb-border-radius-bottom-right:0px;--awb-border-radius-bottom-left:0px;--awb-flex-wrap:wrap;\" ><div class=\"fusion-builder-row fusion-row fusion-flex-align-items-center fusion-flex-content-wrap\" style=\"max-width:1248px;margin-left: calc(-4% \/ 2 );margin-right: calc(-4% \/ 2 );\"><div class=\"fusion-layout-column fusion_builder_column fusion-builder-column-4 fusion_builder_column_1_2 1_2 fusion-flex-column fusion-flex-align-self-center\" style=\"--awb-bg-size:cover;--awb-width-large:50%;--awb-margin-top-large:0px;--awb-spacing-right-large:3.84%;--awb-margin-bottom-large:20px;--awb-spacing-left-large:3.84%;--awb-width-medium:50%;--awb-order-medium:0;--awb-spacing-right-medium:3.84%;--awb-spacing-left-medium:3.84%;--awb-width-small:100%;--awb-order-small:0;--awb-spacing-right-small:1.92%;--awb-spacing-left-small:1.92%;\"><div class=\"fusion-column-wrapper fusion-column-has-shadow fusion-flex-justify-content-center fusion-content-layout-column\"><div class=\"fusion-text fusion-text-4\"><ul>\n<li><strong><b><i>Toques algun instrument?<\/i><\/b><\/strong><\/li>\n<\/ul>\n<p><em><span style=\"font-weight: 400;\">Com a tal, un instrument no. Per\u00f2 s\u00f3c Dj. Porto des del 2015 punxant i produint.<\/span><\/em><\/p>\n<ul>\n<li><strong><b><i>Quin estil de m\u00fasica punxes?<\/i><\/b><\/strong><\/li>\n<\/ul>\n<p><em><span style=\"font-weight: 400;\">De tot, per\u00f2 si fos per a mi, nom\u00e9s punxaria \u201cThe house\u201d o \u201cTechno\u201d.<\/span><\/em><\/p>\n<ul>\n<li><strong><b><i>Quin ha estat el teu major esdeveniment com a Dj?<\/i><\/b><\/strong><\/li>\n<\/ul>\n<p><em><span style=\"font-weight: 400;\">Va ser l\u2019any passat a la Universitat Aut\u00f2noma de Barcelona, a la \u201cFest\u00f3nma\u201d on vaig punxar davant de deu mil persones.<\/span><\/em><\/p>\n<ul>\n<li><strong><b><i>Qu\u00e8 vas sentir?<\/i><\/b><\/strong><\/li>\n<\/ul>\n<p><em><span style=\"font-weight: 400;\">\u00c9s una cosa indescriptible, per\u00f2 \u00e9s una sensaci\u00f3 d\u2019adrenalina i emoci\u00f3 incre\u00efble. Sens dubte ho recomano a tot aquell que pugui viure-ho.<\/span><\/em><\/p>\n<ul>\n<li><strong><b><i>Quina \u00e9s la teva pel\u00b7l\u00edcula preferida?<\/i><\/b><\/strong><\/li>\n<\/ul>\n<p><em><span style=\"font-weight: 400;\">Interestel\u00b7lar.<\/span><\/em><\/p>\n<ul>\n<li><strong><b><i>Si fossis algun animal, quin t\u2019agradaria ser i per qu\u00e8?<\/i><\/b><\/strong><\/li>\n<\/ul>\n<p><em><span style=\"font-weight: 400;\">Algun ocell rapinyaire, per la sensaci\u00f3 de llibertat i la velocitat.<\/span><\/em><\/p>\n<ul>\n<li><strong><b><i>Et podries identificar amb alguna frase?<\/i><\/b><\/strong><\/li>\n<\/ul>\n<p><em><span style=\"font-weight: 400;\">Si hagu\u00e9s de dir-ne una, seria: \u201cEls bojos obren els camins que despr\u00e9s recorren els savis\u201d. <\/span><\/em><\/p>\n<ul>\n<li><strong><b><i>Tens algun hobby?<\/i><\/b><\/strong><\/li>\n<\/ul>\n<p><em><span style=\"font-weight: 400;\">En tinc dos de principals: qualsevol cosa que porti motor m\u2019apassiona i la m\u00fasica tamb\u00e9.<\/span><\/em><\/p>\n<div class=\"wpb_text_column wpb_content_element \">\n<div class=\"wpb_wrapper\">\n<ul>\n<li><strong><b><i>Quin superpoder t\u2019agradaria tenir?<\/i><\/b><\/strong><\/li>\n<\/ul>\n<p><em><span style=\"font-weight: 400;\">Teletransportar-me.<\/span><\/em><\/p>\n<\/div>\n<\/div>\n<\/div><\/div><\/div><div class=\"fusion-layout-column fusion_builder_column fusion-builder-column-5 fusion_builder_column_1_2 1_2 fusion-flex-column fusion-flex-align-self-center\" style=\"--awb-bg-size:cover;--awb-width-large:50%;--awb-margin-top-large:0px;--awb-spacing-right-large:3.84%;--awb-margin-bottom-large:20px;--awb-spacing-left-large:3.84%;--awb-width-medium:50%;--awb-order-medium:0;--awb-spacing-right-medium:3.84%;--awb-spacing-left-medium:3.84%;--awb-width-small:100%;--awb-order-small:0;--awb-spacing-right-small:1.92%;--awb-spacing-left-small:1.92%;\"><div class=\"fusion-column-wrapper fusion-column-has-shadow fusion-flex-justify-content-center fusion-content-layout-column\"><div class=\"fusion-image-element \" style=\"--awb-caption-title-font-family:var(--h2_typography-font-family);--awb-caption-title-font-weight:var(--h2_typography-font-weight);--awb-caption-title-font-style:var(--h2_typography-font-style);--awb-caption-title-size:var(--h2_typography-font-size);--awb-caption-title-transform:var(--h2_typography-text-transform);--awb-caption-title-line-height:var(--h2_typography-line-height);--awb-caption-title-letter-spacing:var(--h2_typography-letter-spacing);\"><span class=\" fusion-imageframe imageframe-none imageframe-2 hover-type-none\"><img decoding=\"async\" width=\"1600\" height=\"2400\" alt=\"Entrevista Unihabit Bernat Ortega\" title=\"05\" src=\"https:\/\/www.unihabit.com\/wp-content\/uploads\/2020\/10\/05-1.jpg\" class=\"img-responsive wp-image-3768\" srcset=\"https:\/\/www.unihabit.com\/wp-content\/uploads\/2020\/10\/05-1-200x300.jpg 200w, https:\/\/www.unihabit.com\/wp-content\/uploads\/2020\/10\/05-1-400x600.jpg 400w, https:\/\/www.unihabit.com\/wp-content\/uploads\/2020\/10\/05-1-600x900.jpg 600w, https:\/\/www.unihabit.com\/wp-content\/uploads\/2020\/10\/05-1-800x1200.jpg 800w, https:\/\/www.unihabit.com\/wp-content\/uploads\/2020\/10\/05-1-1200x1800.jpg 1200w, https:\/\/www.unihabit.com\/wp-content\/uploads\/2020\/10\/05-1.jpg 1600w\" sizes=\"(max-width: 640px) 100vw, 600px\" \/><\/span><\/div><\/div><\/div><\/div><\/div><div class=\"fusion-fullwidth fullwidth-box fusion-builder-row-4 fusion-flex-container nonhundred-percent-fullwidth non-hundred-percent-height-scrolling\" style=\"--awb-border-radius-top-left:0px;--awb-border-radius-top-right:0px;--awb-border-radius-bottom-right:0px;--awb-border-radius-bottom-left:0px;--awb-flex-wrap:wrap;\" ><div class=\"fusion-builder-row fusion-row fusion-flex-align-items-center fusion-flex-content-wrap\" style=\"max-width:1248px;margin-left: calc(-4% \/ 2 );margin-right: calc(-4% \/ 2 );\"><div class=\"fusion-layout-column fusion_builder_column fusion-builder-column-6 fusion_builder_column_1_2 1_2 fusion-flex-column fusion-flex-align-self-center\" style=\"--awb-bg-size:cover;--awb-width-large:50%;--awb-margin-top-large:0px;--awb-spacing-right-large:3.84%;--awb-margin-bottom-large:20px;--awb-spacing-left-large:3.84%;--awb-width-medium:50%;--awb-order-medium:0;--awb-spacing-right-medium:3.84%;--awb-spacing-left-medium:3.84%;--awb-width-small:100%;--awb-order-small:0;--awb-spacing-right-small:1.92%;--awb-spacing-left-small:1.92%;\"><div class=\"fusion-column-wrapper fusion-column-has-shadow fusion-flex-justify-content-center fusion-content-layout-column\"><div class=\"fusion-image-element \" style=\"--awb-caption-title-font-family:var(--h2_typography-font-family);--awb-caption-title-font-weight:var(--h2_typography-font-weight);--awb-caption-title-font-style:var(--h2_typography-font-style);--awb-caption-title-size:var(--h2_typography-font-size);--awb-caption-title-transform:var(--h2_typography-text-transform);--awb-caption-title-line-height:var(--h2_typography-line-height);--awb-caption-title-letter-spacing:var(--h2_typography-letter-spacing);\"><span class=\" fusion-imageframe imageframe-none imageframe-3 hover-type-none\"><img decoding=\"async\" width=\"1200\" height=\"1200\" alt=\"Entrevista Unihabit Bernat Ortega\" title=\"03 (1)\" src=\"https:\/\/www.unihabit.com\/wp-content\/uploads\/2020\/10\/03-1-1.jpg\" class=\"img-responsive wp-image-3771\" srcset=\"https:\/\/www.unihabit.com\/wp-content\/uploads\/2020\/10\/03-1-1-200x200.jpg 200w, https:\/\/www.unihabit.com\/wp-content\/uploads\/2020\/10\/03-1-1-400x400.jpg 400w, https:\/\/www.unihabit.com\/wp-content\/uploads\/2020\/10\/03-1-1-600x600.jpg 600w, https:\/\/www.unihabit.com\/wp-content\/uploads\/2020\/10\/03-1-1-800x800.jpg 800w, https:\/\/www.unihabit.com\/wp-content\/uploads\/2020\/10\/03-1-1.jpg 1200w\" sizes=\"(max-width: 640px) 100vw, 600px\" \/><\/span><\/div><div class=\"fusion-separator fusion-full-width-sep\" style=\"align-self: center;margin-left: auto;margin-right: auto;margin-top:20px;width:100%;\"><\/div><\/div><\/div><div class=\"fusion-layout-column fusion_builder_column fusion-builder-column-7 fusion_builder_column_1_2 1_2 fusion-flex-column fusion-flex-align-self-center\" style=\"--awb-bg-size:cover;--awb-width-large:50%;--awb-margin-top-large:0px;--awb-spacing-right-large:3.84%;--awb-margin-bottom-large:20px;--awb-spacing-left-large:3.84%;--awb-width-medium:50%;--awb-order-medium:0;--awb-spacing-right-medium:3.84%;--awb-spacing-left-medium:3.84%;--awb-width-small:100%;--awb-order-small:0;--awb-spacing-right-small:1.92%;--awb-spacing-left-small:1.92%;\"><div class=\"fusion-column-wrapper fusion-column-has-shadow fusion-flex-justify-content-center fusion-content-layout-column\"><div class=\"fusion-text fusion-text-5\"><div class=\"wpb_text_column wpb_content_element \">\n<div class=\"wpb_wrapper\">\n<ul>\n<li class=\"fusion-responsive-typography-calculated\" style=\"--fontsize: 32; line-height: 1;\" data-fontsize=\"32\" data-lineheight=\"32px\"><strong><b><i>Amb quin personatge hist\u00f2ric t\u2019agradaria anar a sopar?<\/i><\/b><\/strong><\/li>\n<\/ul>\n<p><em><span style=\"font-weight: 400;\">Amb Ayrton Senna, perqu\u00e8 \u00e9s un referent del motor i m\u2019agradaria parlar amb ell sobre la F\u00f3rmula 1.<\/span><\/em><\/p>\n<ul>\n<li class=\"fusion-responsive-typography-calculated\" style=\"--fontsize: 32; line-height: 1;\" data-fontsize=\"32\" data-lineheight=\"32px\"><strong><b><i>Retrocediries al passat o viatjaries al futur?<\/i><\/b><\/strong><\/li>\n<\/ul>\n<p><em><span style=\"font-weight: 400;\">Al futur, perqu\u00e8 m\u2019agradaria saber si el treball que exercirem amb els meus companys de classe \u00e9s eficient o no.<\/span><\/em><\/p>\n<ul>\n<li class=\"fusion-responsive-typography-calculated\" style=\"--fontsize: 32; line-height: 1;\" data-fontsize=\"32\" data-lineheight=\"32px\"><strong><b><i>Qu\u00e8 ha sigut l\u2019\u00faltim que t\u2019has comprat per internet?<\/i><\/b><\/strong><\/li>\n<\/ul>\n<p><em><span style=\"font-weight: 400;\">Una cartera.<\/span><\/em><\/p>\n<ul>\n<li class=\"fusion-responsive-typography-calculated\" style=\"--fontsize: 32; line-height: 1;\" data-fontsize=\"32\" data-lineheight=\"32px\"><strong><b><i>El teu dia preferit \u00e9s\u2026<\/i><\/b><\/strong><\/li>\n<\/ul>\n<p><em><span style=\"font-weight: 400;\">Dissabte.<\/span><\/em><\/p>\n<\/div>\n<\/div>\n<\/div><\/div><\/div><\/div><\/div><div class=\"fusion-fullwidth fullwidth-box fusion-builder-row-5 fusion-flex-container nonhundred-percent-fullwidth non-hundred-percent-height-scrolling\" style=\"--awb-border-radius-top-left:0px;--awb-border-radius-top-right:0px;--awb-border-radius-bottom-right:0px;--awb-border-radius-bottom-left:0px;--awb-flex-wrap:wrap;\" ><div class=\"fusion-builder-row fusion-row fusion-flex-align-items-flex-start fusion-flex-content-wrap\" style=\"max-width:1248px;margin-left: calc(-4% \/ 2 );margin-right: calc(-4% \/ 2 );\"><div class=\"fusion-layout-column fusion_builder_column fusion-builder-column-8 fusion_builder_column_1_2 1_2 fusion-flex-column\" style=\"--awb-bg-size:cover;--awb-width-large:50%;--awb-margin-top-large:0px;--awb-spacing-right-large:3.84%;--awb-margin-bottom-large:20px;--awb-spacing-left-large:3.84%;--awb-width-medium:50%;--awb-order-medium:0;--awb-spacing-right-medium:3.84%;--awb-spacing-left-medium:3.84%;--awb-width-small:100%;--awb-order-small:0;--awb-spacing-right-small:1.92%;--awb-spacing-left-small:1.92%;\"><div class=\"fusion-column-wrapper fusion-column-has-shadow fusion-flex-justify-content-flex-start fusion-content-layout-column\"><div class=\"fusion-text fusion-text-6\"><div class=\"wpb_text_column wpb_content_element \">\n<div class=\"wpb_wrapper\">\n<ul>\n<li class=\"fusion-responsive-typography-calculated\" style=\"--fontsize: 32; line-height: 1;\" data-fontsize=\"32\" data-lineheight=\"32px\"><strong><b>Quant temps fa que vius a Unihabit?<\/b><\/strong><\/li>\n<\/ul>\n<p><em><span style=\"font-weight: 400;\">Estic comen\u00e7ant el meu tercer any i quan buscava resid\u00e8ncies vaig veure que estava al costat de la Universitat Aut\u00f2noma de Barcelona i veient les fotos em va agradar molt.<\/span><\/em><\/p>\n<ul>\n<li class=\"fusion-responsive-typography-calculated\" style=\"--fontsize: 32; line-height: 1;\" data-fontsize=\"32\" data-lineheight=\"32px\"><strong><b>Et sents c\u00f2mode a la resid\u00e8ncia?<\/b><\/strong><\/li>\n<\/ul>\n<p><em><span style=\"font-weight: 400;\">Ara \u00e9s quan haig de dir que no m\u2019agrada no\u2026 (riures). S\u00ed que m\u2019agrada, molt\u00edssim, hi ha molta tranquil\u00b7litat.<\/span><\/em><\/p>\n<\/div>\n<\/div>\n<div class=\"wpb_text_column wpb_content_element \">\n<div class=\"wpb_wrapper\">\n<ul>\n<li class=\"fusion-responsive-typography-calculated\" style=\"--fontsize: 32; line-height: 1;\" data-fontsize=\"32\" data-lineheight=\"32px\"><strong><b>Qu\u00e8 \u00e9s el que destacaries de la resid\u00e8ncia?<\/b><\/strong><\/li>\n<\/ul>\n<p><em><span style=\"font-weight: 400;\">Estudiant la meva carrera, l\u2019efici\u00e8ncia energ\u00e8tica que t\u00e9.<\/span><\/em><\/p>\n<ul>\n<li class=\"fusion-responsive-typography-calculated\" style=\"--fontsize: 32; line-height: 1;\" data-fontsize=\"32\" data-lineheight=\"32px\"><strong><b>Recomanaries viure a Unihabit?<\/b><\/strong><\/li>\n<\/ul>\n<p><em><span style=\"font-weight: 400;\">Sens dubte, s\u00ed.<\/span><\/em><\/p>\n<ul>\n<li class=\"fusion-responsive-typography-calculated\" style=\"--fontsize: 32; line-height: 1;\" data-fontsize=\"32\" data-lineheight=\"32px\"><strong><b>Deixa\u2019ns amb un consell\u2026<\/b><\/strong><\/li>\n<\/ul>\n<p><em><span style=\"font-weight: 400;\">Doncs no donar consells a la resta, perqu\u00e8 \u201cConsejos vendo que para m\u00ed no tengo\u201d o cosa que \u00e9s el mateix: no donis consells.<\/span><\/em><\/p>\n<\/div>\n<\/div>\n<\/div><div style=\"text-align:center;\"><a class=\"fusion-button button-flat button-xlarge button-default fusion-button-default button-3 fusion-button-span-yes fusion-button-default-type\" style=\"--button_margin-top:3%;\" target=\"_self\" title=\"Entrevista Unihabit Bernat Ortega\" aria-label=\"Entrevista Unihabit Bernat Ortega\" href=\"https:\/\/www.unihabit.com\/ca\/gent-unihabit\/\"><span class=\"fusion-button-text awb-button__text awb-button__text--default\">M\u00c9S GENT DE LA FAM\u00cdLIA UNIHABIT<\/span><\/a><\/div><\/div><\/div><div class=\"fusion-layout-column fusion_builder_column fusion-builder-column-9 fusion_builder_column_1_2 1_2 fusion-flex-column\" style=\"--awb-bg-size:cover;--awb-width-large:50%;--awb-margin-top-large:0px;--awb-spacing-right-large:3.84%;--awb-margin-bottom-large:20px;--awb-spacing-left-large:3.84%;--awb-width-medium:50%;--awb-order-medium:0;--awb-spacing-right-medium:3.84%;--awb-spacing-left-medium:3.84%;--awb-width-small:100%;--awb-order-small:0;--awb-spacing-right-small:1.92%;--awb-spacing-left-small:1.92%;\"><div class=\"fusion-column-wrapper fusion-column-has-shadow fusion-flex-justify-content-flex-start fusion-content-layout-column\"><div class=\"fusion-image-element \" style=\"--awb-caption-title-font-family:var(--h2_typography-font-family);--awb-caption-title-font-weight:var(--h2_typography-font-weight);--awb-caption-title-font-style:var(--h2_typography-font-style);--awb-caption-title-size:var(--h2_typography-font-size);--awb-caption-title-transform:var(--h2_typography-text-transform);--awb-caption-title-line-height:var(--h2_typography-line-height);--awb-caption-title-letter-spacing:var(--h2_typography-letter-spacing);\"><span class=\" fusion-imageframe imageframe-none imageframe-4 hover-type-none\"><img decoding=\"async\" width=\"1200\" height=\"1200\" alt=\"Entrevista Unihabit Bernat Ortega\" title=\"02 (1)\" src=\"https:\/\/www.unihabit.com\/wp-content\/uploads\/2020\/10\/02-1.jpg\" class=\"img-responsive wp-image-3774\" srcset=\"https:\/\/www.unihabit.com\/wp-content\/uploads\/2020\/10\/02-1-200x200.jpg 200w, https:\/\/www.unihabit.com\/wp-content\/uploads\/2020\/10\/02-1-400x400.jpg 400w, https:\/\/www.unihabit.com\/wp-content\/uploads\/2020\/10\/02-1-600x600.jpg 600w, https:\/\/www.unihabit.com\/wp-content\/uploads\/2020\/10\/02-1-800x800.jpg 800w, https:\/\/www.unihabit.com\/wp-content\/uploads\/2020\/10\/02-1.jpg 1200w\" sizes=\"(max-width: 640px) 100vw, 600px\" \/><\/span><\/div><\/div><\/div><\/div><\/div><div class=\"fusion-fullwidth fullwidth-box fusion-builder-row-6 fusion-flex-container nonhundred-percent-fullwidth non-hundred-percent-height-scrolling\" style=\"--awb-border-radius-top-left:0px;--awb-border-radius-top-right:0px;--awb-border-radius-bottom-right:0px;--awb-border-radius-bottom-left:0px;--awb-flex-wrap:wrap;\" ><div class=\"fusion-builder-row fusion-row fusion-flex-align-items-flex-start fusion-flex-content-wrap\" style=\"max-width:1248px;margin-left: calc(-4% \/ 2 );margin-right: calc(-4% \/ 2 );\"><div class=\"fusion-layout-column fusion_builder_column fusion-builder-column-10 fusion_builder_column_1_2 1_2 fusion-flex-column\" style=\"--awb-bg-size:cover;--awb-width-large:50%;--awb-margin-top-large:0px;--awb-spacing-right-large:3.84%;--awb-margin-bottom-large:20px;--awb-spacing-left-large:3.84%;--awb-width-medium:50%;--awb-order-medium:0;--awb-spacing-right-medium:3.84%;--awb-spacing-left-medium:3.84%;--awb-width-small:100%;--awb-order-small:0;--awb-spacing-right-small:1.92%;--awb-spacing-left-small:1.92%;\"><div class=\"fusion-column-wrapper fusion-column-has-shadow fusion-flex-justify-content-flex-start fusion-content-layout-column\"><div style=\"text-align:center;\"><a class=\"fusion-button button-flat button-xlarge button-default fusion-button-default button-4 fusion-button-span-yes fusion-button-default-type\" target=\"_self\" title=\"Entrevista Unihabit Bernat Ortega\" aria-label=\"Entrevista Unihabit Bernat Ortega\" href=\"https:\/\/www.unihabit.com\/ca\/contacta-amb-unihabit\/\"><span class=\"fusion-button-text awb-button__text awb-button__text--default\">CONTACTAR AMB UNIHABIT<\/span><\/a><\/div><\/div><\/div><div class=\"fusion-layout-column fusion_builder_column fusion-builder-column-11 fusion_builder_column_1_2 1_2 fusion-flex-column\" style=\"--awb-bg-size:cover;--awb-width-large:50%;--awb-margin-top-large:0px;--awb-spacing-right-large:3.84%;--awb-margin-bottom-large:20px;--awb-spacing-left-large:3.84%;--awb-width-medium:50%;--awb-order-medium:0;--awb-spacing-right-medium:3.84%;--awb-spacing-left-medium:3.84%;--awb-width-small:100%;--awb-order-small:0;--awb-spacing-right-small:1.92%;--awb-spacing-left-small:1.92%;\"><div class=\"fusion-column-wrapper fusion-column-has-shadow fusion-flex-justify-content-flex-start fusion-content-layout-column\"><div style=\"text-align:center;\"><a class=\"fusion-button button-flat button-xlarge button-default fusion-button-default button-5 fusion-button-span-yes fusion-button-default-type\" target=\"_self\" title=\"Entrevista Unihabit Bernat Ortega\" aria-label=\"Entrevista Unihabit Bernat Ortega\" href=\"https:\/\/www.unihabit.com\/ca\/blog\/\"><span class=\"fusion-button-text awb-button__text awb-button__text--default\">EL NOSTRE BLOG<\/span><\/a><\/div><\/div><\/div><\/div><\/div><\/p>\n","protected":false},"excerpt":{"rendered":"","protected":false},"author":1,"featured_media":1983,"comment_status":"open","ping_status":"open","sticky":false,"template":"","format":"standard","meta":{"footnotes":""},"categories":[50,29,212],"tags":[],"class_list":["post-3624","post","type-post","status-publish","format-standard","has-post-thumbnail","hentry","category-informacio-unihabit","category-blog","category-entrevistas-ca"],"_links":{"self":[{"href":"https:\/\/www.unihabit.com\/ca\/wp-json\/wp\/v2\/posts\/3624","targetHints":{"allow":["GET"]}}],"collection":[{"href":"https:\/\/www.unihabit.com\/ca\/wp-json\/wp\/v2\/posts"}],"about":[{"href":"https:\/\/www.unihabit.com\/ca\/wp-json\/wp\/v2\/types\/post"}],"author":[{"embeddable":true,"href":"https:\/\/www.unihabit.com\/ca\/wp-json\/wp\/v2\/users\/1"}],"replies":[{"embeddable":true,"href":"https:\/\/www.unihabit.com\/ca\/wp-json\/wp\/v2\/comments?post=3624"}],"version-history":[{"count":29,"href":"https:\/\/www.unihabit.com\/ca\/wp-json\/wp\/v2\/posts\/3624\/revisions"}],"predecessor-version":[{"id":16397,"href":"https:\/\/www.unihabit.com\/ca\/wp-json\/wp\/v2\/posts\/3624\/revisions\/16397"}],"wp:featuredmedia":[{"embeddable":true,"href":"https:\/\/www.unihabit.com\/ca\/wp-json\/wp\/v2\/media\/1983"}],"wp:attachment":[{"href":"https:\/\/www.unihabit.com\/ca\/wp-json\/wp\/v2\/media?parent=3624"}],"wp:term":[{"taxonomy":"category","embeddable":true,"href":"https:\/\/www.unihabit.com\/ca\/wp-json\/wp\/v2\/categories?post=3624"},{"taxonomy":"post_tag","embeddable":true,"href":"https:\/\/www.unihabit.com\/ca\/wp-json\/wp\/v2\/tags?post=3624"}],"curies":[{"name":"wp","href":"https:\/\/api.w.org\/{rel}","templated":true}]}}