{"id":7833,"date":"2021-09-14T14:43:01","date_gmt":"2021-09-14T12:43:01","guid":{"rendered":"https:\/\/www.unihabit.com\/medidas-clases-prenenciales-nuevo-curso-universitario\/"},"modified":"2025-06-26T11:46:45","modified_gmt":"2025-06-26T09:46:45","slug":"mesures-classes-presencials-nou-curs-universitari","status":"publish","type":"post","link":"https:\/\/www.unihabit.com\/ca\/mesures-classes-presencials-nou-curs-universitari\/","title":{"rendered":"Amb quines mesures a les classes presencials compta el nou curs universitari?"},"content":{"rendered":"<p><div class=\"fusion-fullwidth fullwidth-box fusion-builder-row-1 fusion-flex-container nonhundred-percent-fullwidth non-hundred-percent-height-scrolling\" style=\"--awb-border-radius-top-left:0px;--awb-border-radius-top-right:0px;--awb-border-radius-bottom-right:0px;--awb-border-radius-bottom-left:0px;--awb-flex-wrap:wrap;\" ><div class=\"fusion-builder-row fusion-row fusion-flex-align-items-flex-start fusion-flex-content-wrap\" style=\"max-width:1248px;margin-left: calc(-4% \/ 2 );margin-right: calc(-4% \/ 2 );\"><div class=\"fusion-layout-column fusion_builder_column fusion-builder-column-0 fusion_builder_column_1_1 1_1 fusion-flex-column\" style=\"--awb-bg-size:cover;--awb-width-large:100%;--awb-margin-top-large:0px;--awb-spacing-right-large:1.92%;--awb-margin-bottom-large:20px;--awb-spacing-left-large:1.92%;--awb-width-medium:100%;--awb-order-medium:0;--awb-spacing-right-medium:1.92%;--awb-spacing-left-medium:1.92%;--awb-width-small:100%;--awb-order-small:0;--awb-spacing-right-small:1.92%;--awb-spacing-left-small:1.92%;\"><div class=\"fusion-column-wrapper fusion-column-has-shadow fusion-flex-justify-content-flex-start fusion-content-layout-column\"><div class=\"fusion-title title fusion-title-1 fusion-sep-none fusion-title-text fusion-title-size-two\"><h2 class=\"fusion-title-heading title-heading-left\" style=\"margin:0;\"><b>La tornada a la normalitat: les universitats es posen en marxa despr\u00e9s d\u2019un any de pand\u00e8mia<\/b><\/h2><\/div><\/div><\/div><div class=\"fusion-layout-column fusion_builder_column fusion-builder-column-1 fusion_builder_column_1_2 1_2 fusion-flex-column\" style=\"--awb-bg-size:cover;--awb-width-large:50%;--awb-margin-top-large:0px;--awb-spacing-right-large:3.84%;--awb-margin-bottom-large:20px;--awb-spacing-left-large:3.84%;--awb-width-medium:50%;--awb-order-medium:0;--awb-spacing-right-medium:3.84%;--awb-spacing-left-medium:3.84%;--awb-width-small:100%;--awb-order-small:0;--awb-spacing-right-small:1.92%;--awb-spacing-left-small:1.92%;\"><div class=\"fusion-column-wrapper fusion-column-has-shadow fusion-flex-justify-content-flex-start fusion-content-layout-column\"><div class=\"fusion-text fusion-text-1\"><p><span style=\"font-weight: 400;\">Si hi ha alguna preocupaci\u00f3 que inquieta a gran part dels estudiants universitaris del curs 21-22 \u00e9s, sense cap mena de dubte, el protocol que seguiran les universitats per a les seves classes. Aquest curs \u00e9s d\u2019all\u00f2 m\u00e9s singular: \u00e9s el curs en qu\u00e8 la presencialitat torna progressivament al dia a dia universitari. I \u00e9s precisament aquesta recuperaci\u00f3 de la normalitat que exigeix prendre <\/span><b>mesures en les classes presencials del nou curs universitari.\u00a0<\/b><\/p>\n<p><span style=\"font-weight: 400;\">Des d\u2019Unihabit volem acompanyar-te i resoldre tots els dubtes possibles que puguis tenir en relaci\u00f3 amb aquest tema. Ens preocupa el benestar dels nostres residents i volem fer-los la vida el m\u00e9s f\u00e0cil possible!<\/span><\/p>\n<\/div><div style=\"text-align:center;\"><a class=\"fusion-button button-flat fusion-button-default-size button-default fusion-button-default button-1 fusion-button-span-yes fusion-button-default-type\" style=\"--button_margin-top:3%;\" target=\"_self\" title=\"mesures classes presencials nou curs universitari \" aria-label=\"mesures classes presencials nou curs universitari \" href=\"https:\/\/www.unihabit.com\/ca\/\"><span class=\"fusion-button-text awb-button__text awb-button__text--default\">M\u00e9s sobre Unihabit<\/span><\/a><\/div><\/div><\/div><div class=\"fusion-layout-column fusion_builder_column fusion-builder-column-2 fusion_builder_column_1_2 1_2 fusion-flex-column\" style=\"--awb-bg-size:cover;--awb-width-large:50%;--awb-margin-top-large:0px;--awb-spacing-right-large:3.84%;--awb-margin-bottom-large:20px;--awb-spacing-left-large:3.84%;--awb-width-medium:50%;--awb-order-medium:0;--awb-spacing-right-medium:3.84%;--awb-spacing-left-medium:3.84%;--awb-width-small:100%;--awb-order-small:0;--awb-spacing-right-small:1.92%;--awb-spacing-left-small:1.92%;\"><div class=\"fusion-column-wrapper fusion-column-has-shadow fusion-flex-justify-content-flex-start fusion-content-layout-column\"><div class=\"fusion-image-element \" style=\"--awb-caption-title-font-family:var(--h2_typography-font-family);--awb-caption-title-font-weight:var(--h2_typography-font-weight);--awb-caption-title-font-style:var(--h2_typography-font-style);--awb-caption-title-size:var(--h2_typography-font-size);--awb-caption-title-transform:var(--h2_typography-text-transform);--awb-caption-title-line-height:var(--h2_typography-line-height);--awb-caption-title-letter-spacing:var(--h2_typography-letter-spacing);\"><span class=\" fusion-imageframe imageframe-none imageframe-1 hover-type-none\"><img decoding=\"async\" width=\"800\" height=\"500\" alt=\"mesures classes presencials nou curs universitari \" title=\"mesures classes presencials nou curs universitari\" src=\"https:\/\/www.unihabit.com\/wp-content\/uploads\/2021\/09\/13092021-beci-harmony-jEmHVzBUTSI-unsplash-1.jpg\" class=\"img-responsive wp-image-7803\" srcset=\"https:\/\/www.unihabit.com\/wp-content\/uploads\/2021\/09\/13092021-beci-harmony-jEmHVzBUTSI-unsplash-1-200x125.jpg 200w, https:\/\/www.unihabit.com\/wp-content\/uploads\/2021\/09\/13092021-beci-harmony-jEmHVzBUTSI-unsplash-1-400x250.jpg 400w, https:\/\/www.unihabit.com\/wp-content\/uploads\/2021\/09\/13092021-beci-harmony-jEmHVzBUTSI-unsplash-1-600x375.jpg 600w, https:\/\/www.unihabit.com\/wp-content\/uploads\/2021\/09\/13092021-beci-harmony-jEmHVzBUTSI-unsplash-1.jpg 800w\" sizes=\"(max-width: 640px) 100vw, 600px\" \/><\/span><\/div><\/div><\/div><\/div><\/div><div class=\"fusion-fullwidth fullwidth-box fusion-builder-row-2 fusion-flex-container nonhundred-percent-fullwidth non-hundred-percent-height-scrolling\" style=\"--awb-border-radius-top-left:0px;--awb-border-radius-top-right:0px;--awb-border-radius-bottom-right:0px;--awb-border-radius-bottom-left:0px;--awb-flex-wrap:wrap;\" ><div class=\"fusion-builder-row fusion-row fusion-flex-align-items-flex-start fusion-flex-content-wrap\" style=\"max-width:1248px;margin-left: calc(-4% \/ 2 );margin-right: calc(-4% \/ 2 );\"><div class=\"fusion-layout-column fusion_builder_column fusion-builder-column-3 fusion_builder_column_1_1 1_1 fusion-flex-column\" style=\"--awb-bg-size:cover;--awb-width-large:100%;--awb-margin-top-large:0px;--awb-spacing-right-large:1.92%;--awb-margin-bottom-large:20px;--awb-spacing-left-large:1.92%;--awb-width-medium:100%;--awb-order-medium:0;--awb-spacing-right-medium:1.92%;--awb-spacing-left-medium:1.92%;--awb-width-small:100%;--awb-order-small:0;--awb-spacing-right-small:1.92%;--awb-spacing-left-small:1.92%;\"><div class=\"fusion-column-wrapper fusion-column-has-shadow fusion-flex-justify-content-flex-start fusion-content-layout-column\"><div class=\"fusion-separator fusion-full-width-sep\" style=\"align-self: center;margin-left: auto;margin-right: auto;margin-top:10px;margin-bottom:10px;width:100%;\"><\/div><div class=\"fusion-title title fusion-title-2 fusion-sep-none fusion-title-text fusion-title-size-two\"><h2 class=\"fusion-title-heading title-heading-left\" style=\"margin:0;\"><b>Directrius del govern que condicionen les mesures de les classes presencials del nou curs universitari<\/b><\/h2><\/div><\/div><\/div><div class=\"fusion-layout-column fusion_builder_column fusion-builder-column-4 fusion_builder_column_1_2 1_2 fusion-flex-column\" style=\"--awb-bg-size:cover;--awb-width-large:50%;--awb-margin-top-large:0px;--awb-spacing-right-large:3.84%;--awb-margin-bottom-large:20px;--awb-spacing-left-large:3.84%;--awb-width-medium:50%;--awb-order-medium:0;--awb-spacing-right-medium:3.84%;--awb-spacing-left-medium:3.84%;--awb-width-small:100%;--awb-order-small:0;--awb-spacing-right-small:1.92%;--awb-spacing-left-small:1.92%;\"><div class=\"fusion-column-wrapper fusion-column-has-shadow fusion-flex-justify-content-flex-start fusion-content-layout-column\"><div class=\"fusion-image-element \" style=\"--awb-caption-title-font-family:var(--h2_typography-font-family);--awb-caption-title-font-weight:var(--h2_typography-font-weight);--awb-caption-title-font-style:var(--h2_typography-font-style);--awb-caption-title-size:var(--h2_typography-font-size);--awb-caption-title-transform:var(--h2_typography-text-transform);--awb-caption-title-line-height:var(--h2_typography-line-height);--awb-caption-title-letter-spacing:var(--h2_typography-letter-spacing);\"><span class=\" fusion-imageframe imageframe-none imageframe-2 hover-type-none\"><img decoding=\"async\" width=\"800\" height=\"500\" alt=\"mesures classes presencials nou curs universitari \" title=\"mesures classes presencials nou curs universitari\" src=\"https:\/\/www.unihabit.com\/wp-content\/uploads\/2021\/09\/13092021-green-chameleon-s9CC2SKySJM-unsplash-1.jpg\" class=\"img-responsive wp-image-7814\" srcset=\"https:\/\/www.unihabit.com\/wp-content\/uploads\/2021\/09\/13092021-green-chameleon-s9CC2SKySJM-unsplash-1-200x125.jpg 200w, https:\/\/www.unihabit.com\/wp-content\/uploads\/2021\/09\/13092021-green-chameleon-s9CC2SKySJM-unsplash-1-400x250.jpg 400w, https:\/\/www.unihabit.com\/wp-content\/uploads\/2021\/09\/13092021-green-chameleon-s9CC2SKySJM-unsplash-1-600x375.jpg 600w, https:\/\/www.unihabit.com\/wp-content\/uploads\/2021\/09\/13092021-green-chameleon-s9CC2SKySJM-unsplash-1.jpg 800w\" sizes=\"(max-width: 640px) 100vw, 600px\" \/><\/span><\/div><div style=\"text-align:center;\"><a class=\"fusion-button button-flat fusion-button-default-size button-default fusion-button-default button-2 fusion-button-span-yes fusion-button-default-type\" style=\"--button_margin-top:3%;\" target=\"_self\" title=\"mesures classes presencials nou curs universitari \" aria-label=\"mesures classes presencials nou curs universitari \" href=\"https:\/\/www.unihabit.com\/ca\/residencies-universitaries-barcelona\/\"><span class=\"fusion-button-text awb-button__text awb-button__text--default\">Descobreix les resid\u00e8ncies Unihabit<\/span><\/a><\/div><\/div><\/div><div class=\"fusion-layout-column fusion_builder_column fusion-builder-column-5 fusion_builder_column_1_2 1_2 fusion-flex-column\" style=\"--awb-bg-size:cover;--awb-width-large:50%;--awb-margin-top-large:0px;--awb-spacing-right-large:3.84%;--awb-margin-bottom-large:20px;--awb-spacing-left-large:3.84%;--awb-width-medium:50%;--awb-order-medium:0;--awb-spacing-right-medium:3.84%;--awb-spacing-left-medium:3.84%;--awb-width-small:100%;--awb-order-small:0;--awb-spacing-right-small:1.92%;--awb-spacing-left-small:1.92%;\"><div class=\"fusion-column-wrapper fusion-column-has-shadow fusion-flex-justify-content-flex-start fusion-content-layout-column\"><div class=\"fusion-text fusion-text-2\"><p><span style=\"font-weight: 400;\">Els titulars del Departament d\u2019Educaci\u00f3 i el de Salut asseguren que els espais educatius \u00abhan de ser espais segurs i amb el m\u00ednim risc assumible\u00bb. Aix\u00ed mateix, asseguren que els alumnes que comptin amb la pauta completa de vacunaci\u00f3 no hauran de fer quarentena si alg\u00fa del grup bombolla est\u00e0 contagiat.\u00a0<\/span><\/p>\n<p><span style=\"font-weight: 400;\">Queda clar que, gr\u00e0cies a la pand\u00e8mia, s\u2019ha obert un nou m\u00f3n d\u2019educaci\u00f3 a dist\u00e0ncia i s\u2019han fet passos de gegant per a la formaci\u00f3 en l\u00ednia. No obstant aix\u00f2, no tot s\u00f3n avantatges i \u00e9s que la interacci\u00f3 social \u00e9s una part essencial en les persones i, m\u00e9s encara, en la vida dels estudiants universitaris.<\/span><\/p>\n<p><span style=\"font-weight: 400;\">De la mateixa manera que la salut mental dels estudiants i, per extensi\u00f3, de la resta de joves, es va veure afectada quan va esclatar la pand\u00e8mia de la COVID-19, la tornada a la nova normalitat tamb\u00e9 causa angoixa a moltes persones. \u00c9s per aix\u00f2, que la salut mental segueix sent un tema important. A Unihabit ho sabem i per aix\u00f2 recomanem als nostres residents que <\/span><a href=\"https:\/\/www.unihabit.com\/ca\/afrontar-el-primer-any-d-universitat\/\"><b>cuidin la seva salut mental a la resid\u00e8ncia universit\u00e0ria<\/b><\/a><span style=\"font-weight: 400;\">.<\/span><\/p>\n<\/div><\/div><\/div><\/div><\/div><div class=\"fusion-fullwidth fullwidth-box fusion-builder-row-3 fusion-flex-container nonhundred-percent-fullwidth non-hundred-percent-height-scrolling\" style=\"--awb-border-radius-top-left:0px;--awb-border-radius-top-right:0px;--awb-border-radius-bottom-right:0px;--awb-border-radius-bottom-left:0px;--awb-flex-wrap:wrap;\" ><div class=\"fusion-builder-row fusion-row fusion-flex-align-items-flex-start fusion-flex-content-wrap\" style=\"max-width:1248px;margin-left: calc(-4% \/ 2 );margin-right: calc(-4% \/ 2 );\"><div class=\"fusion-layout-column fusion_builder_column fusion-builder-column-6 fusion_builder_column_1_1 1_1 fusion-flex-column\" style=\"--awb-bg-size:cover;--awb-width-large:100%;--awb-margin-top-large:0px;--awb-spacing-right-large:1.92%;--awb-margin-bottom-large:20px;--awb-spacing-left-large:1.92%;--awb-width-medium:100%;--awb-order-medium:0;--awb-spacing-right-medium:1.92%;--awb-spacing-left-medium:1.92%;--awb-width-small:100%;--awb-order-small:0;--awb-spacing-right-small:1.92%;--awb-spacing-left-small:1.92%;\"><div class=\"fusion-column-wrapper fusion-column-has-shadow fusion-flex-justify-content-flex-start fusion-content-layout-column\"><div class=\"fusion-title title fusion-title-3 fusion-sep-none fusion-title-text fusion-title-size-three\"><h3 class=\"fusion-title-heading title-heading-left\" style=\"margin:0;\"><b>Com ser\u00e0 el curs vinent a les universitats catalanes?<\/b><\/h3><\/div><\/div><\/div><div class=\"fusion-layout-column fusion_builder_column fusion-builder-column-7 fusion_builder_column_1_2 1_2 fusion-flex-column\" style=\"--awb-bg-size:cover;--awb-width-large:50%;--awb-margin-top-large:0px;--awb-spacing-right-large:3.84%;--awb-margin-bottom-large:20px;--awb-spacing-left-large:3.84%;--awb-width-medium:50%;--awb-order-medium:0;--awb-spacing-right-medium:3.84%;--awb-spacing-left-medium:3.84%;--awb-width-small:100%;--awb-order-small:0;--awb-spacing-right-small:1.92%;--awb-spacing-left-small:1.92%;\"><div class=\"fusion-column-wrapper fusion-column-has-shadow fusion-flex-justify-content-flex-start fusion-content-layout-column\"><div class=\"fusion-text fusion-text-3\"><p><span style=\"font-weight: 400;\">Els consellers d\u2019Educaci\u00f3, Josep Gonz\u00e0lez-Arimany, i el de Salut, Josep Maria Argimon, han comunicat reiteradament una intenci\u00f3 clara: vetllar per aconseguir la m\u00e0xima presencialitat i recuperar la interacci\u00f3 social i el contacte hum\u00e0 dels nostres alumnes.\u00a0<\/span><\/p>\n<p><span style=\"font-weight: 400;\">Les universitats catalanes s\u2019arremangaran perqu\u00e8 es compleixin totes i cadascuna de les mesures sanit\u00e0ries amb un objectiu clar; aconseguir que els calendaris, horaris i ocupacions siguin 100% presencials.<\/span><\/p>\n<p><span style=\"font-weight: 400;\">No obstant aix\u00f2, al comen\u00e7ament la presencialitat de les aules universit\u00e0ries es mant\u00e9 en un 70 % mentre que el professorat haur\u00e0 de facilitar un seguiment de les classes te\u00f2riques en l\u00ednia al mateix temps del 30 % restant a la voluntat de futures modificacions per part del Govern.<\/span><\/p>\n<\/div><\/div><\/div><div class=\"fusion-layout-column fusion_builder_column fusion-builder-column-8 fusion_builder_column_1_2 1_2 fusion-flex-column\" style=\"--awb-bg-size:cover;--awb-width-large:50%;--awb-margin-top-large:0px;--awb-spacing-right-large:3.84%;--awb-margin-bottom-large:20px;--awb-spacing-left-large:3.84%;--awb-width-medium:50%;--awb-order-medium:0;--awb-spacing-right-medium:3.84%;--awb-spacing-left-medium:3.84%;--awb-width-small:100%;--awb-order-small:0;--awb-spacing-right-small:1.92%;--awb-spacing-left-small:1.92%;\"><div class=\"fusion-column-wrapper fusion-column-has-shadow fusion-flex-justify-content-flex-start fusion-content-layout-column\"><div class=\"fusion-image-element \" style=\"--awb-caption-title-font-family:var(--h2_typography-font-family);--awb-caption-title-font-weight:var(--h2_typography-font-weight);--awb-caption-title-font-style:var(--h2_typography-font-style);--awb-caption-title-size:var(--h2_typography-font-size);--awb-caption-title-transform:var(--h2_typography-text-transform);--awb-caption-title-line-height:var(--h2_typography-line-height);--awb-caption-title-letter-spacing:var(--h2_typography-letter-spacing);\"><span class=\" fusion-imageframe imageframe-none imageframe-3 hover-type-none\"><img decoding=\"async\" width=\"800\" height=\"500\" alt=\"mesures classes presencials nou curs universitari \" title=\"mesures classes presencials nou curs universitari\" src=\"https:\/\/www.unihabit.com\/wp-content\/uploads\/2021\/09\/13092021-mikael-kristenson-3aVlWP-7bg8-unsplash-1.jpg\" class=\"img-responsive wp-image-7808\" srcset=\"https:\/\/www.unihabit.com\/wp-content\/uploads\/2021\/09\/13092021-mikael-kristenson-3aVlWP-7bg8-unsplash-1-200x125.jpg 200w, https:\/\/www.unihabit.com\/wp-content\/uploads\/2021\/09\/13092021-mikael-kristenson-3aVlWP-7bg8-unsplash-1-400x250.jpg 400w, https:\/\/www.unihabit.com\/wp-content\/uploads\/2021\/09\/13092021-mikael-kristenson-3aVlWP-7bg8-unsplash-1-600x375.jpg 600w, https:\/\/www.unihabit.com\/wp-content\/uploads\/2021\/09\/13092021-mikael-kristenson-3aVlWP-7bg8-unsplash-1.jpg 800w\" sizes=\"(max-width: 640px) 100vw, 600px\" \/><\/span><\/div><\/div><\/div><div class=\"fusion-layout-column fusion_builder_column fusion-builder-column-9 fusion_builder_column_1_1 1_1 fusion-flex-column\" style=\"--awb-bg-size:cover;--awb-width-large:100%;--awb-margin-top-large:0px;--awb-spacing-right-large:1.92%;--awb-margin-bottom-large:20px;--awb-spacing-left-large:1.92%;--awb-width-medium:100%;--awb-order-medium:0;--awb-spacing-right-medium:1.92%;--awb-spacing-left-medium:1.92%;--awb-width-small:100%;--awb-order-small:0;--awb-spacing-right-small:1.92%;--awb-spacing-left-small:1.92%;\"><div class=\"fusion-column-wrapper fusion-column-has-shadow fusion-flex-justify-content-flex-start fusion-content-layout-column\"><div class=\"fusion-text fusion-text-4\"><p><span style=\"font-weight: 400;\">A continuaci\u00f3, es podran dur a terme totes les activitats presencials sempre que els centres educatius segueixin rigorosament les mesures sanit\u00e0ries i el distanciament f\u00edsic especificat.\u00a0<\/span><span style=\"font-weight: 400;\">Aix\u00ed mateix, cada universitat compta amb un protocol propi amb especificacions concretes. <\/span><\/p>\n<\/div><ul style=\"--awb-line-height:27.2px;--awb-icon-width:27.2px;--awb-icon-height:27.2px;--awb-icon-margin:11.2px;--awb-content-margin:38.4px;--awb-circlecolor:#d6061e;--awb-circle-yes-font-size:14.08px;\" class=\"fusion-checklist fusion-checklist-1 fusion-checklist-default type-icons\"><li class=\"fusion-li-item\" style=\"\"><span class=\"icon-wrapper circle-yes\"><i class=\"fusion-li-icon awb-icon-check\" aria-hidden=\"true\"><\/i><\/span><div class=\"fusion-li-item-content\">\n<p><a href=\"https:\/\/serveistic.upc.edu\/ca\/gestio-de-les-cookies\" target=\"_blank\" rel=\"noopener\"><span style=\"font-weight: 400;\">Protocol COVID 21-22 Universitat Polit\u00e8cnica de Catalunya ETSAV<\/span><\/a><\/p>\n<\/div><\/li><li class=\"fusion-li-item\" style=\"\"><span class=\"icon-wrapper circle-yes\"><i class=\"fusion-li-icon awb-icon-check\" aria-hidden=\"true\"><\/i><\/span><div class=\"fusion-li-item-content\">\n<p><a href=\"https:\/\/web.ub.edu\/web\/covid19\/\" target=\"_blank\" rel=\"noopener\"><span style=\"font-weight: 400;\">Protocol COVID 21-22 Universitat de Barcelona<\/span><\/a><\/p>\n<\/div><\/li><li class=\"fusion-li-item\" style=\"\"><span class=\"icon-wrapper circle-yes\"><i class=\"fusion-li-icon awb-icon-check\" aria-hidden=\"true\"><\/i><\/span><div class=\"fusion-li-item-content\">\n<p><a href=\"https:\/\/www.uab.cat\/doc\/protocol-mesures-proteccio-alumnat.pdf\" target=\"_blank\" rel=\"noopener\"><span style=\"font-weight: 400;\">Protocol COVID 21-22 Universitat Aut\u00f2noma de Barcelona<\/span><\/a><\/p>\n<\/div><\/li><\/ul><\/div><\/div><\/div><\/div><div class=\"fusion-fullwidth fullwidth-box fusion-builder-row-4 fusion-flex-container nonhundred-percent-fullwidth non-hundred-percent-height-scrolling\" style=\"--awb-border-radius-top-left:0px;--awb-border-radius-top-right:0px;--awb-border-radius-bottom-right:0px;--awb-border-radius-bottom-left:0px;--awb-flex-wrap:wrap;\" ><div class=\"fusion-builder-row fusion-row fusion-flex-align-items-flex-start fusion-flex-content-wrap\" style=\"max-width:1248px;margin-left: calc(-4% \/ 2 );margin-right: calc(-4% \/ 2 );\"><div class=\"fusion-layout-column fusion_builder_column fusion-builder-column-10 fusion_builder_column_1_1 1_1 fusion-flex-column\" style=\"--awb-bg-size:cover;--awb-width-large:100%;--awb-margin-top-large:0px;--awb-spacing-right-large:1.92%;--awb-margin-bottom-large:20px;--awb-spacing-left-large:1.92%;--awb-width-medium:100%;--awb-order-medium:0;--awb-spacing-right-medium:1.92%;--awb-spacing-left-medium:1.92%;--awb-width-small:100%;--awb-order-small:0;--awb-spacing-right-small:1.92%;--awb-spacing-left-small:1.92%;\"><div class=\"fusion-column-wrapper fusion-column-has-shadow fusion-flex-justify-content-flex-start fusion-content-layout-column\"><div class=\"fusion-separator fusion-full-width-sep\" style=\"align-self: center;margin-left: auto;margin-right: auto;margin-top:10px;margin-bottom:10px;width:100%;\"><\/div><div class=\"fusion-title title fusion-title-4 fusion-sep-none fusion-title-text fusion-title-size-two\"><h2 class=\"fusion-title-heading title-heading-left\" style=\"margin:0;\"><b>Les mesures en les classes presencials del nou curs universitari s\u00f3n tot un repte per a les Universitats<\/b><\/h2><\/div><\/div><\/div><div class=\"fusion-layout-column fusion_builder_column fusion-builder-column-11 fusion_builder_column_1_2 1_2 fusion-flex-column\" style=\"--awb-bg-size:cover;--awb-width-large:50%;--awb-margin-top-large:0px;--awb-spacing-right-large:3.84%;--awb-margin-bottom-large:20px;--awb-spacing-left-large:3.84%;--awb-width-medium:50%;--awb-order-medium:0;--awb-spacing-right-medium:3.84%;--awb-spacing-left-medium:3.84%;--awb-width-small:100%;--awb-order-small:0;--awb-spacing-right-small:1.92%;--awb-spacing-left-small:1.92%;\"><div class=\"fusion-column-wrapper fusion-column-has-shadow fusion-flex-justify-content-flex-start fusion-content-layout-column\"><div class=\"fusion-image-element \" style=\"--awb-caption-title-font-family:var(--h2_typography-font-family);--awb-caption-title-font-weight:var(--h2_typography-font-weight);--awb-caption-title-font-style:var(--h2_typography-font-style);--awb-caption-title-size:var(--h2_typography-font-size);--awb-caption-title-transform:var(--h2_typography-text-transform);--awb-caption-title-line-height:var(--h2_typography-line-height);--awb-caption-title-letter-spacing:var(--h2_typography-letter-spacing);\"><span class=\" fusion-imageframe imageframe-none imageframe-4 hover-type-none\"><img decoding=\"async\" width=\"800\" height=\"500\" alt=\"mesures classes presencials nou curs universitari \" title=\"mesures classes presencials nou curs universitari\" src=\"https:\/\/www.unihabit.com\/wp-content\/uploads\/2021\/09\/13092021-john-schnobrich-FlPc9_VocJ4-unsplash-1.jpg\" class=\"img-responsive wp-image-7811\" srcset=\"https:\/\/www.unihabit.com\/wp-content\/uploads\/2021\/09\/13092021-john-schnobrich-FlPc9_VocJ4-unsplash-1-200x125.jpg 200w, https:\/\/www.unihabit.com\/wp-content\/uploads\/2021\/09\/13092021-john-schnobrich-FlPc9_VocJ4-unsplash-1-400x250.jpg 400w, https:\/\/www.unihabit.com\/wp-content\/uploads\/2021\/09\/13092021-john-schnobrich-FlPc9_VocJ4-unsplash-1-600x375.jpg 600w, https:\/\/www.unihabit.com\/wp-content\/uploads\/2021\/09\/13092021-john-schnobrich-FlPc9_VocJ4-unsplash-1.jpg 800w\" sizes=\"(max-width: 640px) 100vw, 600px\" \/><\/span><\/div><\/div><\/div><div class=\"fusion-layout-column fusion_builder_column fusion-builder-column-12 fusion_builder_column_1_2 1_2 fusion-flex-column\" style=\"--awb-bg-size:cover;--awb-width-large:50%;--awb-margin-top-large:0px;--awb-spacing-right-large:3.84%;--awb-margin-bottom-large:20px;--awb-spacing-left-large:3.84%;--awb-width-medium:50%;--awb-order-medium:0;--awb-spacing-right-medium:3.84%;--awb-spacing-left-medium:3.84%;--awb-width-small:100%;--awb-order-small:0;--awb-spacing-right-small:1.92%;--awb-spacing-left-small:1.92%;\"><div class=\"fusion-column-wrapper fusion-column-has-shadow fusion-flex-justify-content-flex-start fusion-content-layout-column\"><div class=\"fusion-text fusion-text-5\"><p><span style=\"font-weight: 400;\">Planificar el seg\u00fcent curs \u00e9s, encara avui en dia, un veritable repte, ja que encara queden molts joves que no tenen completa la pauta de vacunaci\u00f3. A m\u00e9s, tamb\u00e9 hem d\u2019esperar per veure com evoluciona la pand\u00e8mia i qu\u00e8 passa amb l\u2019aparici\u00f3 de noves variants que planeja a l\u2019horitz\u00f3.\u00a0<\/span><\/p>\n<p><span style=\"font-weight: 400;\">El curs universitari 2022-20232 pret\u00e9n fer un pas cap endavant i recuperar la interacci\u00f3 social que ser\u00e0 possible amb la col\u00b7laboraci\u00f3 d\u2019estudiants i professorat.<\/span><\/p>\n<p><span style=\"font-weight: 400;\">Pel que fa a la vida a la resid\u00e8ncia universit\u00e0ria, a Unihabit disposem d\u2019un apartat en el qual responem les <\/span><a href=\"https:\/\/www.unihabit.com\/ca\/preguntes-frequents\/\"><b>preguntes m\u00e9s freq\u00fcents<\/b><\/a><span style=\"font-weight: 400;\"> dels universitaris i residents de les nostres instal\u00b7lacions. <\/span><\/p>\n<\/div><div class=\"fusion-text fusion-text-6\"><p><span style=\"font-weight: 400;\">A m\u00e9s a m\u00e9s, oferim un servei d\u2019atenci\u00f3 personalitzada on ens podr\u00e0s fer arribar qualsevol preocupaci\u00f3 que tinguis i t\u2019atendrem al m\u00e9s aviat possible.\u00a0<\/span><\/p>\n<\/div><\/div><\/div><div class=\"fusion-layout-column fusion_builder_column fusion-builder-column-13 fusion_builder_column_1_1 1_1 fusion-flex-column\" style=\"--awb-bg-size:cover;--awb-width-large:100%;--awb-margin-top-large:0px;--awb-spacing-right-large:1.92%;--awb-margin-bottom-large:20px;--awb-spacing-left-large:1.92%;--awb-width-medium:100%;--awb-order-medium:0;--awb-spacing-right-medium:1.92%;--awb-spacing-left-medium:1.92%;--awb-width-small:100%;--awb-order-small:0;--awb-spacing-right-small:1.92%;--awb-spacing-left-small:1.92%;\"><div class=\"fusion-column-wrapper fusion-column-has-shadow fusion-flex-justify-content-flex-start fusion-content-layout-column\"><div class=\"fusion-text fusion-text-7\"><p><span style=\"font-weight: 400;\">T\u2019ajudarem en el teu dia a dia i si vols, tamb\u00e9 et podem explicar <\/span><a href=\"https:\/\/www.unihabit.com\/ca\/que-hacer-en-una-residencia-estudiantes-unihabit\/\"><span style=\"font-weight: 400;\">qu\u00e8 pots fer en una resid\u00e8ncia universit\u00e0ria Unihabit<\/span><\/a><span style=\"font-weight: 400;\">.<\/span><\/p>\n<\/div><\/div><\/div><\/div><\/div><div class=\"fusion-fullwidth fullwidth-box fusion-builder-row-5 fusion-flex-container nonhundred-percent-fullwidth non-hundred-percent-height-scrolling\" style=\"--awb-border-radius-top-left:0px;--awb-border-radius-top-right:0px;--awb-border-radius-bottom-right:0px;--awb-border-radius-bottom-left:0px;--awb-flex-wrap:wrap;\" ><div class=\"fusion-builder-row fusion-row fusion-flex-align-items-flex-start fusion-flex-content-wrap\" style=\"max-width:1248px;margin-left: calc(-4% \/ 2 );margin-right: calc(-4% \/ 2 );\"><div class=\"fusion-layout-column fusion_builder_column fusion-builder-column-14 fusion_builder_column_1_1 1_1 fusion-flex-column\" style=\"--awb-bg-size:cover;--awb-width-large:100%;--awb-margin-top-large:0px;--awb-spacing-right-large:1.92%;--awb-margin-bottom-large:20px;--awb-spacing-left-large:1.92%;--awb-width-medium:100%;--awb-order-medium:0;--awb-spacing-right-medium:1.92%;--awb-spacing-left-medium:1.92%;--awb-width-small:100%;--awb-order-small:0;--awb-spacing-right-small:1.92%;--awb-spacing-left-small:1.92%;\"><div class=\"fusion-column-wrapper fusion-column-has-shadow fusion-flex-justify-content-flex-start fusion-content-layout-column\"><div class=\"fusion-title title fusion-title-5 fusion-sep-none fusion-title-text fusion-title-size-three\"><h3 class=\"fusion-title-heading title-heading-left\" style=\"margin:0;\"><b>Deixa que Unihabit et doni un cop de m\u00e0<\/b><\/h3><\/div><div class=\"fusion-text fusion-text-8\"><p><span style=\"font-weight: 400;\">El nostre equip est\u00e0 disponible en tot moment per resoldre qualsevol dubte que puguis tenir. No dubtis a contactar amb nosaltres mitjan\u00e7ant un correu electr\u00f2nic a <\/span><a href=\"mailto:info@unihabit.com\"><b>info@unihabit.com<\/b><\/a><span style=\"font-weight: 400;\"> o trucant al <\/span><b>935 953 953<\/b><span style=\"font-weight: 400;\">. <\/span><\/p>\n<\/div><div style=\"text-align:center;\"><a class=\"fusion-button button-flat fusion-button-default-size button-default fusion-button-default button-3 fusion-button-span-yes fusion-button-default-type\" target=\"_self\" title=\"mesures classes presencials nou curs universitari \" aria-label=\"mesures classes presencials nou curs universitari \" href=\"https:\/\/www.unihabit.com\/ca\/reserva-allotjament\/\"><span class=\"fusion-button-text awb-button__text awb-button__text--default\">Qu\u00e8 esperes?<\/span><\/a><\/div><\/div><\/div><\/div><\/div><\/p>\n","protected":false},"excerpt":{"rendered":"","protected":false},"author":1,"featured_media":7828,"comment_status":"open","ping_status":"open","sticky":false,"template":"","format":"standard","meta":{"footnotes":""},"categories":[29],"tags":[],"class_list":["post-7833","post","type-post","status-publish","format-standard","has-post-thumbnail","hentry","category-blog"],"_links":{"self":[{"href":"https:\/\/www.unihabit.com\/ca\/wp-json\/wp\/v2\/posts\/7833","targetHints":{"allow":["GET"]}}],"collection":[{"href":"https:\/\/www.unihabit.com\/ca\/wp-json\/wp\/v2\/posts"}],"about":[{"href":"https:\/\/www.unihabit.com\/ca\/wp-json\/wp\/v2\/types\/post"}],"author":[{"embeddable":true,"href":"https:\/\/www.unihabit.com\/ca\/wp-json\/wp\/v2\/users\/1"}],"replies":[{"embeddable":true,"href":"https:\/\/www.unihabit.com\/ca\/wp-json\/wp\/v2\/comments?post=7833"}],"version-history":[{"count":7,"href":"https:\/\/www.unihabit.com\/ca\/wp-json\/wp\/v2\/posts\/7833\/revisions"}],"predecessor-version":[{"id":17253,"href":"https:\/\/www.unihabit.com\/ca\/wp-json\/wp\/v2\/posts\/7833\/revisions\/17253"}],"wp:featuredmedia":[{"embeddable":true,"href":"https:\/\/www.unihabit.com\/ca\/wp-json\/wp\/v2\/media\/7828"}],"wp:attachment":[{"href":"https:\/\/www.unihabit.com\/ca\/wp-json\/wp\/v2\/media?parent=7833"}],"wp:term":[{"taxonomy":"category","embeddable":true,"href":"https:\/\/www.unihabit.com\/ca\/wp-json\/wp\/v2\/categories?post=7833"},{"taxonomy":"post_tag","embeddable":true,"href":"https:\/\/www.unihabit.com\/ca\/wp-json\/wp\/v2\/tags?post=7833"}],"curies":[{"name":"wp","href":"https:\/\/api.w.org\/{rel}","templated":true}]}}