{"id":9072,"date":"2022-07-01T09:23:40","date_gmt":"2022-07-01T07:23:40","guid":{"rendered":"https:\/\/www.unihabit.com\/residencia-universitaria-sant-cugat-del-valles\/"},"modified":"2025-03-26T16:39:14","modified_gmt":"2025-03-26T14:39:14","slug":"residencia-universitaria-sant-cugat-del-valles","status":"publish","type":"post","link":"https:\/\/www.unihabit.com\/ca\/residencia-universitaria-sant-cugat-del-valles\/","title":{"rendered":"Gaudeix de l&#8217;etapa universit\u00e0ria: resid\u00e8ncia estudiants Sant Cugat"},"content":{"rendered":"<p><div class=\"fusion-fullwidth fullwidth-box fusion-builder-row-1 fusion-flex-container nonhundred-percent-fullwidth non-hundred-percent-height-scrolling\" style=\"--awb-border-radius-top-left:0px;--awb-border-radius-top-right:0px;--awb-border-radius-bottom-right:0px;--awb-border-radius-bottom-left:0px;--awb-flex-wrap:wrap;\" ><div class=\"fusion-builder-row fusion-row fusion-flex-align-items-flex-start fusion-flex-content-wrap\" style=\"max-width:1248px;margin-left: calc(-4% \/ 2 );margin-right: calc(-4% \/ 2 );\"><div class=\"fusion-layout-column fusion_builder_column fusion-builder-column-0 fusion_builder_column_1_1 1_1 fusion-flex-column\" style=\"--awb-bg-size:cover;--awb-width-large:100%;--awb-margin-top-large:0px;--awb-spacing-right-large:1.92%;--awb-margin-bottom-large:20px;--awb-spacing-left-large:1.92%;--awb-width-medium:100%;--awb-order-medium:0;--awb-spacing-right-medium:1.92%;--awb-spacing-left-medium:1.92%;--awb-width-small:100%;--awb-order-small:0;--awb-spacing-right-small:1.92%;--awb-spacing-left-small:1.92%;\"><div class=\"fusion-column-wrapper fusion-column-has-shadow fusion-flex-justify-content-flex-start fusion-content-layout-column\"><div class=\"fusion-text fusion-text-1\"><p><span style=\"font-weight: 400;\">Descobreix tot el que la nostra <\/span><b><a href=\"https:\/\/www.unihabit.com\/ca\/residencia-universitaria-sant-cugat-del-valles\/\">resid\u00e8ncia universit\u00e0ria Sant Cugat del Vall\u00e8s<\/a>, <\/b><span style=\"font-weight: 400;\">\u00a0inaugurada recentment, pot oferir als estudiants. A Unihabit sabem que l\u2019etapa universit\u00e0ria \u00e9s un dels moments m\u00e9s bonics i especials de la vida dels estudiants. Per aix\u00f2, oferim les millors resid\u00e8ncies perqu\u00e8 els joves puguin viure aquesta etapa de la millor manera.<\/span><\/p>\n<\/div><\/div><\/div><div class=\"fusion-layout-column fusion_builder_column fusion-builder-column-1 fusion_builder_column_1_2 1_2 fusion-flex-column\" style=\"--awb-bg-size:cover;--awb-width-large:50%;--awb-margin-top-large:0px;--awb-spacing-right-large:3.84%;--awb-margin-bottom-large:20px;--awb-spacing-left-large:3.84%;--awb-width-medium:50%;--awb-order-medium:0;--awb-spacing-right-medium:3.84%;--awb-spacing-left-medium:3.84%;--awb-width-small:100%;--awb-order-small:0;--awb-spacing-right-small:1.92%;--awb-spacing-left-small:1.92%;\"><div class=\"fusion-column-wrapper fusion-column-has-shadow fusion-flex-justify-content-flex-start fusion-content-layout-column\"><div class=\"fusion-text fusion-text-2\"><p><span style=\"font-weight: 400;\">La <\/span><a href=\"https:\/\/www.unihabit.com\/ca\/residencia-universitaria-sant-cugat-del-valles\/\"><b>resid\u00e8ncia universit\u00e0ria Sant Cugat del Vall\u00e8s<\/b><\/a><span style=\"font-weight: 400;\"> est\u00e0 ubicada a una de les principals ciutats universit\u00e0ries de Catalunya. Aix\u00f2 \u00e9s perqu\u00e8 Sant Cugat concentra diferents universitats en un ambient jove, amable, segur i enriquidor. Per aquest motiu, \u00e9s un gran lloc pels joves que decideixen aventurar-se a estudiar en una altra ciutat.<\/span><\/p>\n<p><span style=\"font-weight: 400;\">Aquesta decisi\u00f3, si b\u00e9 \u00e9s un gran pas en la vida d\u2019una persona i en la seva transici\u00f3 cap a l\u2019edat adulta \u00e9s que, sempre comporta cert temor i respecte. \u00c9s per aix\u00f2 que, <\/span><strong><a href=\"https:\/\/www.unihabit.com\/ca\/\">si est\u00e0s pensant a buscar una resid\u00e8ncia pels teus estudis universitaris<\/a><\/strong><span style=\"font-weight: 400;\">, l\u2019opci\u00f3 de viure en una resid\u00e8ncia universit\u00e0ria guanya punts respecte a la de viure en un pis d\u2019estudiants. A continuaci\u00f3, t\u2019expliquem tots els avantatges de viure a la nostra <strong>resid\u00e8ncia universit\u00e0ria de Sant Cugat del Vall\u00e8s<\/strong>.<\/span><\/p>\n<\/div><\/div><\/div><div class=\"fusion-layout-column fusion_builder_column fusion-builder-column-2 fusion_builder_column_1_2 1_2 fusion-flex-column\" style=\"--awb-bg-size:cover;--awb-width-large:50%;--awb-margin-top-large:0px;--awb-spacing-right-large:3.84%;--awb-margin-bottom-large:20px;--awb-spacing-left-large:3.84%;--awb-width-medium:50%;--awb-order-medium:0;--awb-spacing-right-medium:3.84%;--awb-spacing-left-medium:3.84%;--awb-width-small:100%;--awb-order-small:0;--awb-spacing-right-small:1.92%;--awb-spacing-left-small:1.92%;\"><div class=\"fusion-column-wrapper fusion-column-has-shadow fusion-flex-justify-content-flex-start fusion-content-layout-column\"><div class=\"fusion-video fusion-youtube\" style=\"--awb-max-width:600px;--awb-max-height:360px;--awb-align-self:center;--awb-width:100%;\"><div class=\"video-shortcode\"><lite-youtube videoid=\"-X9maHNW5h4\" class=\"landscape\" params=\"wmode=transparent&autoplay=1&amp;enablejsapi=1\" title=\"YouTube video player 1\" data-button-label=\"Play Video\" width=\"600\" height=\"360\" data-thumbnail-size=\"auto\" data-no-cookie=\"on\"><\/lite-youtube><\/div><\/div><\/div><\/div><\/div><\/div><div class=\"fusion-fullwidth fullwidth-box fusion-builder-row-2 fusion-flex-container nonhundred-percent-fullwidth non-hundred-percent-height-scrolling\" style=\"--awb-border-radius-top-left:0px;--awb-border-radius-top-right:0px;--awb-border-radius-bottom-right:0px;--awb-border-radius-bottom-left:0px;--awb-flex-wrap:wrap;\" ><div class=\"fusion-builder-row fusion-row fusion-flex-align-items-flex-start fusion-flex-content-wrap\" style=\"max-width:1248px;margin-left: calc(-4% \/ 2 );margin-right: calc(-4% \/ 2 );\"><div class=\"fusion-layout-column fusion_builder_column fusion-builder-column-3 fusion_builder_column_1_1 1_1 fusion-flex-column\" style=\"--awb-bg-size:cover;--awb-width-large:100%;--awb-margin-top-large:0px;--awb-spacing-right-large:1.92%;--awb-margin-bottom-large:20px;--awb-spacing-left-large:1.92%;--awb-width-medium:100%;--awb-order-medium:0;--awb-spacing-right-medium:1.92%;--awb-spacing-left-medium:1.92%;--awb-width-small:100%;--awb-order-small:0;--awb-spacing-right-small:1.92%;--awb-spacing-left-small:1.92%;\"><div class=\"fusion-column-wrapper fusion-column-has-shadow fusion-flex-justify-content-flex-start fusion-content-layout-column\"><div class=\"fusion-title title fusion-title-1 fusion-sep-none fusion-title-text fusion-title-size-two\"><h2 class=\"fusion-title-heading title-heading-left\" style=\"margin:0;\"><b>5 motius per escollir la nostra resid\u00e8ncia universit\u00e0ria de Sant Cugat del Vall\u00e8s<\/b><\/h2><\/div><\/div><\/div><\/div><\/div><div class=\"fusion-fullwidth fullwidth-box fusion-builder-row-3 fusion-flex-container nonhundred-percent-fullwidth non-hundred-percent-height-scrolling\" style=\"--awb-border-radius-top-left:0px;--awb-border-radius-top-right:0px;--awb-border-radius-bottom-right:0px;--awb-border-radius-bottom-left:0px;--awb-flex-wrap:wrap;\" ><div class=\"fusion-builder-row fusion-row fusion-flex-align-items-flex-start fusion-flex-content-wrap\" style=\"max-width:1248px;margin-left: calc(-4% \/ 2 );margin-right: calc(-4% \/ 2 );\"><div class=\"fusion-layout-column fusion_builder_column fusion-builder-column-4 fusion_builder_column_1_1 1_1 fusion-flex-column\" style=\"--awb-bg-size:cover;--awb-width-large:100%;--awb-margin-top-large:0px;--awb-spacing-right-large:1.92%;--awb-margin-bottom-large:20px;--awb-spacing-left-large:1.92%;--awb-width-medium:100%;--awb-order-medium:0;--awb-spacing-right-medium:1.92%;--awb-spacing-left-medium:1.92%;--awb-width-small:100%;--awb-order-small:0;--awb-spacing-right-small:1.92%;--awb-spacing-left-small:1.92%;\"><div class=\"fusion-column-wrapper fusion-column-has-shadow fusion-flex-justify-content-flex-start fusion-content-layout-column\"><div class=\"fusion-title title fusion-title-2 fusion-sep-none fusion-title-text fusion-title-size-three\"><h3 class=\"fusion-title-heading title-heading-left\" style=\"margin:0;\"><b>Tenim m\u00e9s de 10 anys d\u2019experi\u00e8ncia<\/b><\/h3><\/div><\/div><\/div><div class=\"fusion-layout-column fusion_builder_column fusion-builder-column-5 fusion_builder_column_1_2 1_2 fusion-flex-column\" style=\"--awb-bg-size:cover;--awb-width-large:50%;--awb-margin-top-large:0px;--awb-spacing-right-large:3.84%;--awb-margin-bottom-large:20px;--awb-spacing-left-large:3.84%;--awb-width-medium:50%;--awb-order-medium:0;--awb-spacing-right-medium:3.84%;--awb-spacing-left-medium:3.84%;--awb-width-small:100%;--awb-order-small:0;--awb-spacing-right-small:1.92%;--awb-spacing-left-small:1.92%;\"><div class=\"fusion-column-wrapper fusion-column-has-shadow fusion-flex-justify-content-flex-start fusion-content-layout-column\"><div class=\"fusion-image-element \" style=\"text-align:center;--awb-caption-title-font-family:var(--h2_typography-font-family);--awb-caption-title-font-weight:var(--h2_typography-font-weight);--awb-caption-title-font-style:var(--h2_typography-font-style);--awb-caption-title-size:var(--h2_typography-font-size);--awb-caption-title-transform:var(--h2_typography-text-transform);--awb-caption-title-line-height:var(--h2_typography-line-height);--awb-caption-title-letter-spacing:var(--h2_typography-letter-spacing);\"><span class=\" fusion-imageframe imageframe-none imageframe-1 hover-type-none\"><img decoding=\"async\" width=\"400\" height=\"266\" alt=\"Resid\u00e8ncia universit\u00e0ria Sant Cugat del Vall\u00e8s\" title=\"28042022-32013 &#8211; 04 &#8211; 114\" src=\"https:\/\/www.unihabit.com\/wp-content\/uploads\/2022\/07\/28042022-32013-04-114-400x266.webp\" class=\"img-responsive wp-image-9042\" srcset=\"https:\/\/www.unihabit.com\/wp-content\/uploads\/2022\/07\/28042022-32013-04-114-200x133.webp 200w, https:\/\/www.unihabit.com\/wp-content\/uploads\/2022\/07\/28042022-32013-04-114-300x200.webp 300w, https:\/\/www.unihabit.com\/wp-content\/uploads\/2022\/07\/28042022-32013-04-114-400x266.webp 400w, https:\/\/www.unihabit.com\/wp-content\/uploads\/2022\/07\/28042022-32013-04-114-600x399.webp 600w, https:\/\/www.unihabit.com\/wp-content\/uploads\/2022\/07\/28042022-32013-04-114-768x511.webp 768w, https:\/\/www.unihabit.com\/wp-content\/uploads\/2022\/07\/28042022-32013-04-114-800x532.webp 800w, https:\/\/www.unihabit.com\/wp-content\/uploads\/2022\/07\/28042022-32013-04-114-1024x681.webp 1024w, https:\/\/www.unihabit.com\/wp-content\/uploads\/2022\/07\/28042022-32013-04-114-1200x799.webp 1200w, https:\/\/www.unihabit.com\/wp-content\/uploads\/2022\/07\/28042022-32013-04-114-1536x1022.webp 1536w\" sizes=\"(max-width: 640px) 100vw, 600px\" \/><\/span><\/div><\/div><\/div><div class=\"fusion-layout-column fusion_builder_column fusion-builder-column-6 fusion_builder_column_1_2 1_2 fusion-flex-column\" style=\"--awb-bg-size:cover;--awb-width-large:50%;--awb-margin-top-large:0px;--awb-spacing-right-large:3.84%;--awb-margin-bottom-large:20px;--awb-spacing-left-large:3.84%;--awb-width-medium:50%;--awb-order-medium:0;--awb-spacing-right-medium:3.84%;--awb-spacing-left-medium:3.84%;--awb-width-small:100%;--awb-order-small:0;--awb-spacing-right-small:1.92%;--awb-spacing-left-small:1.92%;\"><div class=\"fusion-column-wrapper fusion-column-has-shadow fusion-flex-justify-content-flex-start fusion-content-layout-column\"><div class=\"fusion-text fusion-text-3\"><p><span style=\"font-weight: 400;\">A Unihabit ens avalen m\u00e9s de deu anys d\u2019experi\u00e8ncia acompanyant estudiants de tot el m\u00f3n. Comptem amb un <\/span><strong><a href=\"https:\/\/www.unihabit.com\/ca\/equip-unihabit\/\">equip d\u2019experts<\/a><\/strong><span style=\"font-weight: 400;\"><strong> en la gesti\u00f3 de resid\u00e8ncies universit\u00e0ries<\/strong> que ajudaran els residents amb tot el que necessitin perqu\u00e8 la seva estada a la resid\u00e8ncia universit\u00e0ria sigui el millor possible.<\/span><\/p>\n<p><span style=\"font-weight: 400;\">Concretament, a la nostra <strong>resid\u00e8ncia universit\u00e0ria de Sant Cugat del Vall\u00e8s<\/strong> tenim la sort de comptar amb en Denis Fuentes, el conserge de la resid\u00e8ncia.\u00a0 \u00c9s un professional amb m\u00e9s de <strong>deu anys d\u2019experi\u00e8ncia en la gesti\u00f3 de resid\u00e8ncies universit\u00e0ries<\/strong>. Tamb\u00e9 \u00e9s l\u2019encarregat directe per solucionar qualsevol assumpte que sorgeixi durant l\u2019estada dels estudiants.<\/span><\/p>\n<\/div><\/div><\/div><\/div><\/div><div class=\"fusion-fullwidth fullwidth-box fusion-builder-row-4 fusion-flex-container nonhundred-percent-fullwidth non-hundred-percent-height-scrolling\" style=\"--awb-border-radius-top-left:0px;--awb-border-radius-top-right:0px;--awb-border-radius-bottom-right:0px;--awb-border-radius-bottom-left:0px;--awb-flex-wrap:wrap;\" ><div class=\"fusion-builder-row fusion-row fusion-flex-align-items-flex-start fusion-flex-content-wrap\" style=\"max-width:1248px;margin-left: calc(-4% \/ 2 );margin-right: calc(-4% \/ 2 );\"><div class=\"fusion-layout-column fusion_builder_column fusion-builder-column-7 fusion_builder_column_1_1 1_1 fusion-flex-column\" style=\"--awb-bg-size:cover;--awb-width-large:100%;--awb-margin-top-large:0px;--awb-spacing-right-large:1.92%;--awb-margin-bottom-large:20px;--awb-spacing-left-large:1.92%;--awb-width-medium:100%;--awb-order-medium:0;--awb-spacing-right-medium:1.92%;--awb-spacing-left-medium:1.92%;--awb-width-small:100%;--awb-order-small:0;--awb-spacing-right-small:1.92%;--awb-spacing-left-small:1.92%;\"><div class=\"fusion-column-wrapper fusion-column-has-shadow fusion-flex-justify-content-flex-start fusion-content-layout-column\"><div class=\"fusion-title title fusion-title-3 fusion-sep-none fusion-title-text fusion-title-size-three\"><h3 class=\"fusion-title-heading title-heading-left\" style=\"margin:0;\"><b>Coneixer\u00e0s nous amics<\/b><\/h3><\/div><\/div><\/div><div class=\"fusion-layout-column fusion_builder_column fusion-builder-column-8 fusion_builder_column_1_2 1_2 fusion-flex-column\" style=\"--awb-bg-size:cover;--awb-width-large:50%;--awb-margin-top-large:0px;--awb-spacing-right-large:3.84%;--awb-margin-bottom-large:20px;--awb-spacing-left-large:3.84%;--awb-width-medium:50%;--awb-order-medium:0;--awb-spacing-right-medium:3.84%;--awb-spacing-left-medium:3.84%;--awb-width-small:100%;--awb-order-small:0;--awb-spacing-right-small:1.92%;--awb-spacing-left-small:1.92%;\"><div class=\"fusion-column-wrapper fusion-column-has-shadow fusion-flex-justify-content-flex-start fusion-content-layout-column\"><div class=\"fusion-text fusion-text-4\"><p><span style=\"font-weight: 400;\"><strong>Viure en una resid\u00e8ncia universit\u00e0ria afavoreix el creixement personal i professional dels estudiants<\/strong>. Aix\u00ed, els residents tindran l\u2019opci\u00f3 de compartir temps i espai amb altres alumnes de diferents parts del m\u00f3n. Aix\u00f2 els permetr\u00e0 con\u00e8ixer altres cultures i maneres de fer i de pensar.<\/span><\/p>\n<p><span style=\"font-weight: 400;\">A m\u00e9s a m\u00e9s, els residents compten amb diferents opcions d\u2019allotjament i poden viure en una habitaci\u00f3 individual o doble. <strong>Compartir habitaci\u00f3 \u00e9s una oportunitat excel\u00b7lent per crear vincles<\/strong> i amistats per a tota la vida.\u00a0<\/span><span style=\"font-weight: 400;\"><br \/>\n<\/span><\/p>\n<\/div><\/div><\/div><div class=\"fusion-layout-column fusion_builder_column fusion-builder-column-9 fusion_builder_column_1_2 1_2 fusion-flex-column\" style=\"--awb-bg-size:cover;--awb-width-large:50%;--awb-margin-top-large:0px;--awb-spacing-right-large:3.84%;--awb-margin-bottom-large:20px;--awb-spacing-left-large:3.84%;--awb-width-medium:50%;--awb-order-medium:0;--awb-spacing-right-medium:3.84%;--awb-spacing-left-medium:3.84%;--awb-width-small:100%;--awb-order-small:0;--awb-spacing-right-small:1.92%;--awb-spacing-left-small:1.92%;\"><div class=\"fusion-column-wrapper fusion-column-has-shadow fusion-flex-justify-content-flex-start fusion-content-layout-column\"><div class=\"fusion-image-element \" style=\"text-align:center;--awb-caption-title-font-family:var(--h2_typography-font-family);--awb-caption-title-font-weight:var(--h2_typography-font-weight);--awb-caption-title-font-style:var(--h2_typography-font-style);--awb-caption-title-size:var(--h2_typography-font-size);--awb-caption-title-transform:var(--h2_typography-text-transform);--awb-caption-title-line-height:var(--h2_typography-line-height);--awb-caption-title-letter-spacing:var(--h2_typography-letter-spacing);\"><span class=\" fusion-imageframe imageframe-none imageframe-2 hover-type-none\"><img decoding=\"async\" width=\"400\" height=\"286\" alt=\"Resid\u00e8ncia universit\u00e0ria Sant Cugat del Vall\u00e8s\" title=\"28042022-32013 &#8211; 04 &#8211; 148\" src=\"https:\/\/www.unihabit.com\/wp-content\/uploads\/2022\/07\/28042022-32013-04-148-400x286.webp\" class=\"img-responsive wp-image-9045\" srcset=\"https:\/\/www.unihabit.com\/wp-content\/uploads\/2022\/07\/28042022-32013-04-148-200x143.webp 200w, https:\/\/www.unihabit.com\/wp-content\/uploads\/2022\/07\/28042022-32013-04-148-300x214.webp 300w, https:\/\/www.unihabit.com\/wp-content\/uploads\/2022\/07\/28042022-32013-04-148-400x286.webp 400w, https:\/\/www.unihabit.com\/wp-content\/uploads\/2022\/07\/28042022-32013-04-148-600x429.webp 600w, https:\/\/www.unihabit.com\/wp-content\/uploads\/2022\/07\/28042022-32013-04-148.webp 700w\" sizes=\"(max-width: 640px) 100vw, 600px\" \/><\/span><\/div><\/div><\/div><\/div><\/div><div class=\"fusion-fullwidth fullwidth-box fusion-builder-row-5 fusion-flex-container nonhundred-percent-fullwidth non-hundred-percent-height-scrolling\" style=\"--awb-border-radius-top-left:0px;--awb-border-radius-top-right:0px;--awb-border-radius-bottom-right:0px;--awb-border-radius-bottom-left:0px;--awb-flex-wrap:wrap;\" ><div class=\"fusion-builder-row fusion-row fusion-flex-align-items-flex-start fusion-flex-content-wrap\" style=\"max-width:1248px;margin-left: calc(-4% \/ 2 );margin-right: calc(-4% \/ 2 );\"><div class=\"fusion-layout-column fusion_builder_column fusion-builder-column-10 fusion_builder_column_1_1 1_1 fusion-flex-column\" style=\"--awb-bg-size:cover;--awb-width-large:100%;--awb-margin-top-large:0px;--awb-spacing-right-large:1.92%;--awb-margin-bottom-large:20px;--awb-spacing-left-large:1.92%;--awb-width-medium:100%;--awb-order-medium:0;--awb-spacing-right-medium:1.92%;--awb-spacing-left-medium:1.92%;--awb-width-small:100%;--awb-order-small:0;--awb-spacing-right-small:1.92%;--awb-spacing-left-small:1.92%;\"><div class=\"fusion-column-wrapper fusion-column-has-shadow fusion-flex-justify-content-flex-start fusion-content-layout-column\"><div class=\"fusion-title title fusion-title-4 fusion-sep-none fusion-title-text fusion-title-size-three\"><h3 class=\"fusion-title-heading title-heading-left\" style=\"margin:0;\"><b>Espais Unihabit<\/b><\/h3><\/div><\/div><\/div><div class=\"fusion-layout-column fusion_builder_column fusion-builder-column-11 fusion_builder_column_1_2 1_2 fusion-flex-column\" style=\"--awb-bg-size:cover;--awb-width-large:50%;--awb-margin-top-large:0px;--awb-spacing-right-large:3.84%;--awb-margin-bottom-large:20px;--awb-spacing-left-large:3.84%;--awb-width-medium:50%;--awb-order-medium:0;--awb-spacing-right-medium:3.84%;--awb-spacing-left-medium:3.84%;--awb-width-small:100%;--awb-order-small:0;--awb-spacing-right-small:1.92%;--awb-spacing-left-small:1.92%;\"><div class=\"fusion-column-wrapper fusion-column-has-shadow fusion-flex-justify-content-flex-start fusion-content-layout-column\"><div class=\"fusion-image-element \" style=\"text-align:center;--awb-caption-title-font-family:var(--h2_typography-font-family);--awb-caption-title-font-weight:var(--h2_typography-font-weight);--awb-caption-title-font-style:var(--h2_typography-font-style);--awb-caption-title-size:var(--h2_typography-font-size);--awb-caption-title-transform:var(--h2_typography-text-transform);--awb-caption-title-line-height:var(--h2_typography-line-height);--awb-caption-title-letter-spacing:var(--h2_typography-letter-spacing);\"><span class=\" fusion-imageframe imageframe-none imageframe-3 hover-type-none\"><img decoding=\"async\" width=\"400\" height=\"266\" alt=\"Resid\u00e8ncia universit\u00e0ria Sant Cugat del Vall\u00e8s\" title=\"28042022-32013 &#8211; 04 &#8211; 097\" src=\"https:\/\/www.unihabit.com\/wp-content\/uploads\/2022\/07\/28042022-32013-04-097-400x266.webp\" class=\"img-responsive wp-image-9051\" srcset=\"https:\/\/www.unihabit.com\/wp-content\/uploads\/2022\/07\/28042022-32013-04-097-200x133.webp 200w, https:\/\/www.unihabit.com\/wp-content\/uploads\/2022\/07\/28042022-32013-04-097-300x200.webp 300w, https:\/\/www.unihabit.com\/wp-content\/uploads\/2022\/07\/28042022-32013-04-097-400x266.webp 400w, https:\/\/www.unihabit.com\/wp-content\/uploads\/2022\/07\/28042022-32013-04-097-600x399.webp 600w, https:\/\/www.unihabit.com\/wp-content\/uploads\/2022\/07\/28042022-32013-04-097-768x511.webp 768w, https:\/\/www.unihabit.com\/wp-content\/uploads\/2022\/07\/28042022-32013-04-097-800x532.webp 800w, https:\/\/www.unihabit.com\/wp-content\/uploads\/2022\/07\/28042022-32013-04-097-1024x681.webp 1024w, https:\/\/www.unihabit.com\/wp-content\/uploads\/2022\/07\/28042022-32013-04-097-1200x799.webp 1200w, https:\/\/www.unihabit.com\/wp-content\/uploads\/2022\/07\/28042022-32013-04-097-1536x1022.webp 1536w\" sizes=\"(max-width: 640px) 100vw, 600px\" \/><\/span><\/div><\/div><\/div><div class=\"fusion-layout-column fusion_builder_column fusion-builder-column-12 fusion_builder_column_1_2 1_2 fusion-flex-column\" style=\"--awb-bg-size:cover;--awb-width-large:50%;--awb-margin-top-large:0px;--awb-spacing-right-large:3.84%;--awb-margin-bottom-large:20px;--awb-spacing-left-large:3.84%;--awb-width-medium:50%;--awb-order-medium:0;--awb-spacing-right-medium:3.84%;--awb-spacing-left-medium:3.84%;--awb-width-small:100%;--awb-order-small:0;--awb-spacing-right-small:1.92%;--awb-spacing-left-small:1.92%;\"><div class=\"fusion-column-wrapper fusion-column-has-shadow fusion-flex-justify-content-flex-start fusion-content-layout-column\"><div class=\"fusion-text fusion-text-5\"><p><span style=\"font-weight: 400;\">La resid\u00e8ncia ofereix un <strong>espai multifuncional, format per una sala d\u2019estar, una zona de descans, una altra d\u2019estudi i un bany privat<\/strong>. Seguidament, les habitacions compten amb una cuina completament equipada, c\u00f2modes banys amb tot el que \u00e9s necessari i un espai multifuncional amb taula, cadires, prestatges, sof\u00e0 i armari per a la roba.<\/span><\/p>\n<p><span style=\"font-weight: 400;\">A m\u00e9s a m\u00e9s, <strong>la principal particularitat de les resid\u00e8ncies d\u2019Unihabit<\/strong> rau en la possibilitat que tenen els alumnes de personalitzar l\u2019allotjament al seu gust, es poden fer seu l\u2019espai i sentir-se com a casa.<\/span><\/p>\n<\/div><\/div><\/div><\/div><\/div><div class=\"fusion-fullwidth fullwidth-box fusion-builder-row-6 fusion-flex-container nonhundred-percent-fullwidth non-hundred-percent-height-scrolling\" style=\"--awb-border-radius-top-left:0px;--awb-border-radius-top-right:0px;--awb-border-radius-bottom-right:0px;--awb-border-radius-bottom-left:0px;--awb-flex-wrap:wrap;\" ><div class=\"fusion-builder-row fusion-row fusion-flex-align-items-flex-start fusion-flex-content-wrap\" style=\"max-width:1248px;margin-left: calc(-4% \/ 2 );margin-right: calc(-4% \/ 2 );\"><div class=\"fusion-layout-column fusion_builder_column fusion-builder-column-13 fusion_builder_column_1_1 1_1 fusion-flex-column\" style=\"--awb-bg-size:cover;--awb-width-large:100%;--awb-margin-top-large:0px;--awb-spacing-right-large:1.92%;--awb-margin-bottom-large:20px;--awb-spacing-left-large:1.92%;--awb-width-medium:100%;--awb-order-medium:0;--awb-spacing-right-medium:1.92%;--awb-spacing-left-medium:1.92%;--awb-width-small:100%;--awb-order-small:0;--awb-spacing-right-small:1.92%;--awb-spacing-left-small:1.92%;\"><div class=\"fusion-column-wrapper fusion-column-has-shadow fusion-flex-justify-content-flex-start fusion-content-layout-column\"><div class=\"fusion-title title fusion-title-5 fusion-sep-none fusion-title-text fusion-title-size-three\"><h3 class=\"fusion-title-heading title-heading-left\" style=\"margin:0;\"><b>Els serveis que ofereixen les resid\u00e8ncies d\u2019Unihabit<\/b><\/h3><\/div><div class=\"fusion-text fusion-text-6\"><p><span style=\"font-weight: 400;\">La <strong>resid\u00e8ncia universit\u00e0ria de Sant Cugat de Vall\u00e8s<\/strong> ofereix un seguit de serveis pensats \u00fanicament i de manera exclusiva perqu\u00e8 l\u2019estada dels residents sigui de la millor qualitat possible.<\/span><\/p>\n<\/div><\/div><\/div><div class=\"fusion-layout-column fusion_builder_column fusion-builder-column-14 fusion_builder_column_1_3 1_3 fusion-flex-column\" style=\"--awb-bg-size:cover;--awb-width-large:33.333333333333%;--awb-margin-top-large:0px;--awb-spacing-right-large:5.76%;--awb-margin-bottom-large:20px;--awb-spacing-left-large:5.76%;--awb-width-medium:33.333333333333%;--awb-order-medium:0;--awb-spacing-right-medium:5.76%;--awb-spacing-left-medium:5.76%;--awb-width-small:100%;--awb-order-small:0;--awb-spacing-right-small:1.92%;--awb-spacing-left-small:1.92%;\"><div class=\"fusion-column-wrapper fusion-column-has-shadow fusion-flex-justify-content-flex-start fusion-content-layout-column\"><div class=\"fusion-text fusion-text-7\"><p><b>Serveis inclosos:<\/b><\/p>\n<\/div><ul style=\"--awb-line-height:27.2px;--awb-icon-width:27.2px;--awb-icon-height:27.2px;--awb-icon-margin:11.2px;--awb-content-margin:38.4px;--awb-circlecolor:#d6061e;--awb-circle-yes-font-size:14.08px;\" class=\"fusion-checklist fusion-checklist-1 fusion-checklist-default type-icons\"><li class=\"fusion-li-item\" style=\"\"><span class=\"icon-wrapper circle-yes\"><i class=\"fusion-li-icon awb-icon-check\" aria-hidden=\"true\"><\/i><\/span><div class=\"fusion-li-item-content\">\n<p><span style=\"font-weight: 400;\">Internet wifi<\/span><\/p>\n<\/div><\/li><li class=\"fusion-li-item\" style=\"\"><span class=\"icon-wrapper circle-yes\"><i class=\"fusion-li-icon awb-icon-check\" aria-hidden=\"true\"><\/i><\/span><div class=\"fusion-li-item-content\">\n<p><span style=\"font-weight: 400;\">P\u00e0rquing de bicicletes<\/span><\/p>\n<\/div><\/li><li class=\"fusion-li-item\" style=\"\"><span class=\"icon-wrapper circle-yes\"><i class=\"fusion-li-icon awb-icon-check\" aria-hidden=\"true\"><\/i><\/span><div class=\"fusion-li-item-content\">\n<p><span style=\"font-weight: 400;\">Neteja zones comunes <\/span><\/p>\n<\/div><\/li><li class=\"fusion-li-item\" style=\"\"><span class=\"icon-wrapper circle-yes\"><i class=\"fusion-li-icon awb-icon-check\" aria-hidden=\"true\"><\/i><\/span><div class=\"fusion-li-item-content\">\n<p><span style=\"font-weight: 400;\">Jard\u00ed i pati exterior<\/span><\/p>\n<\/div><\/li><li class=\"fusion-li-item\" style=\"\"><span class=\"icon-wrapper circle-yes\"><i class=\"fusion-li-icon awb-icon-check\" aria-hidden=\"true\"><\/i><\/span><div class=\"fusion-li-item-content\">\n<p><span style=\"font-weight: 400;\">Espais adaptats<\/span><\/p>\n<\/div><\/li><\/ul><\/div><\/div><div class=\"fusion-layout-column fusion_builder_column fusion-builder-column-15 fusion_builder_column_1_3 1_3 fusion-flex-column\" style=\"--awb-bg-size:cover;--awb-width-large:33.333333333333%;--awb-margin-top-large:0px;--awb-spacing-right-large:5.76%;--awb-margin-bottom-large:20px;--awb-spacing-left-large:5.76%;--awb-width-medium:33.333333333333%;--awb-order-medium:0;--awb-spacing-right-medium:5.76%;--awb-spacing-left-medium:5.76%;--awb-width-small:100%;--awb-order-small:0;--awb-spacing-right-small:1.92%;--awb-spacing-left-small:1.92%;\"><div class=\"fusion-column-wrapper fusion-column-has-shadow fusion-flex-justify-content-flex-start fusion-content-layout-column\"><div class=\"fusion-text fusion-text-8\"><p><b>Serveis opcionals:<\/b><\/p>\n<\/div><ul style=\"--awb-line-height:27.2px;--awb-icon-width:27.2px;--awb-icon-height:27.2px;--awb-icon-margin:11.2px;--awb-content-margin:38.4px;--awb-circlecolor:#d6061e;--awb-circle-yes-font-size:14.08px;\" class=\"fusion-checklist fusion-checklist-2 fusion-checklist-default type-icons\"><li class=\"fusion-li-item\" style=\"\"><span class=\"icon-wrapper circle-yes\"><i class=\"fusion-li-icon awb-icon-check\" aria-hidden=\"true\"><\/i><\/span><div class=\"fusion-li-item-content\">\n<p><span style=\"font-weight: 400;\">Set de tovalloles<\/span><\/p>\n<\/div><\/li><li class=\"fusion-li-item\" style=\"\"><span class=\"icon-wrapper circle-yes\"><i class=\"fusion-li-icon awb-icon-check\" aria-hidden=\"true\"><\/i><\/span><div class=\"fusion-li-item-content\">\n<p><span style=\"font-weight: 400;\">Servei de bugaderia <\/span><\/p>\n<\/div><\/li><li class=\"fusion-li-item\" style=\"\"><span class=\"icon-wrapper circle-yes\"><i class=\"fusion-li-icon awb-icon-check\" aria-hidden=\"true\"><\/i><\/span><div class=\"fusion-li-item-content\">\n<p><span style=\"font-weight: 400;\">Set de vaixella, coberts i gots <\/span><\/p>\n<\/div><\/li><li class=\"fusion-li-item\" style=\"\"><span class=\"icon-wrapper circle-yes\"><i class=\"fusion-li-icon awb-icon-check\" aria-hidden=\"true\"><\/i><\/span><div class=\"fusion-li-item-content\">\n<p><span style=\"font-weight: 400;\">Set de plats, olles i estris de cuina <\/span><\/p>\n<\/div><\/li><li class=\"fusion-li-item\" style=\"\"><span class=\"icon-wrapper circle-yes\"><i class=\"fusion-li-icon awb-icon-check\" aria-hidden=\"true\"><\/i><\/span><div class=\"fusion-li-item-content\">\n<p><span style=\"font-weight: 400;\">Neteja de l\u2019habitatge<\/span><\/p>\n<\/div><\/li><li class=\"fusion-li-item\" style=\"\"><span class=\"icon-wrapper circle-yes\"><i class=\"fusion-li-icon awb-icon-check\" aria-hidden=\"true\"><\/i><\/span><div class=\"fusion-li-item-content\">\n<p>Set de roba de llit<\/p>\n<\/div><\/li><\/ul><\/div><\/div><div class=\"fusion-layout-column fusion_builder_column fusion-builder-column-16 fusion_builder_column_1_3 1_3 fusion-flex-column\" style=\"--awb-bg-size:cover;--awb-width-large:33.333333333333%;--awb-margin-top-large:0px;--awb-spacing-right-large:5.76%;--awb-margin-bottom-large:20px;--awb-spacing-left-large:5.76%;--awb-width-medium:33.333333333333%;--awb-order-medium:0;--awb-spacing-right-medium:5.76%;--awb-spacing-left-medium:5.76%;--awb-width-small:100%;--awb-order-small:0;--awb-spacing-right-small:1.92%;--awb-spacing-left-small:1.92%;\"><div class=\"fusion-column-wrapper fusion-column-has-shadow fusion-flex-justify-content-flex-start fusion-content-layout-column\"><div class=\"fusion-image-element \" style=\"text-align:center;--awb-caption-title-font-family:var(--h2_typography-font-family);--awb-caption-title-font-weight:var(--h2_typography-font-weight);--awb-caption-title-font-style:var(--h2_typography-font-style);--awb-caption-title-size:var(--h2_typography-font-size);--awb-caption-title-transform:var(--h2_typography-text-transform);--awb-caption-title-line-height:var(--h2_typography-line-height);--awb-caption-title-letter-spacing:var(--h2_typography-letter-spacing);\"><span class=\" fusion-imageframe imageframe-none imageframe-4 hover-type-none\"><img decoding=\"async\" width=\"400\" height=\"266\" alt=\"Resid\u00e8ncia universit\u00e0ria Sant Cugat del Vall\u00e8s\" title=\"28042022-32013 &#8211; 04 &#8211; 082\" src=\"https:\/\/www.unihabit.com\/wp-content\/uploads\/2022\/07\/28042022-32013-04-082-400x266.webp\" class=\"img-responsive wp-image-9057\" srcset=\"https:\/\/www.unihabit.com\/wp-content\/uploads\/2022\/07\/28042022-32013-04-082-200x133.webp 200w, https:\/\/www.unihabit.com\/wp-content\/uploads\/2022\/07\/28042022-32013-04-082-300x200.webp 300w, https:\/\/www.unihabit.com\/wp-content\/uploads\/2022\/07\/28042022-32013-04-082-400x266.webp 400w, https:\/\/www.unihabit.com\/wp-content\/uploads\/2022\/07\/28042022-32013-04-082-600x399.webp 600w, https:\/\/www.unihabit.com\/wp-content\/uploads\/2022\/07\/28042022-32013-04-082-768x511.webp 768w, https:\/\/www.unihabit.com\/wp-content\/uploads\/2022\/07\/28042022-32013-04-082-800x532.webp 800w, https:\/\/www.unihabit.com\/wp-content\/uploads\/2022\/07\/28042022-32013-04-082-1024x681.webp 1024w, https:\/\/www.unihabit.com\/wp-content\/uploads\/2022\/07\/28042022-32013-04-082-1200x799.webp 1200w, https:\/\/www.unihabit.com\/wp-content\/uploads\/2022\/07\/28042022-32013-04-082-1536x1022.webp 1536w\" sizes=\"(max-width: 640px) 100vw, 400px\" \/><\/span><\/div><\/div><\/div><\/div><\/div><div class=\"fusion-fullwidth fullwidth-box fusion-builder-row-7 fusion-flex-container nonhundred-percent-fullwidth non-hundred-percent-height-scrolling\" style=\"--awb-border-radius-top-left:0px;--awb-border-radius-top-right:0px;--awb-border-radius-bottom-right:0px;--awb-border-radius-bottom-left:0px;--awb-flex-wrap:wrap;\" ><div class=\"fusion-builder-row fusion-row fusion-flex-align-items-flex-start fusion-flex-content-wrap\" style=\"max-width:1248px;margin-left: calc(-4% \/ 2 );margin-right: calc(-4% \/ 2 );\"><div class=\"fusion-layout-column fusion_builder_column fusion-builder-column-17 fusion_builder_column_1_1 1_1 fusion-flex-column\" style=\"--awb-bg-size:cover;--awb-width-large:100%;--awb-margin-top-large:0px;--awb-spacing-right-large:1.92%;--awb-margin-bottom-large:20px;--awb-spacing-left-large:1.92%;--awb-width-medium:100%;--awb-order-medium:0;--awb-spacing-right-medium:1.92%;--awb-spacing-left-medium:1.92%;--awb-width-small:100%;--awb-order-small:0;--awb-spacing-right-small:1.92%;--awb-spacing-left-small:1.92%;\"><div class=\"fusion-column-wrapper fusion-column-has-shadow fusion-flex-justify-content-flex-start fusion-content-layout-column\"><div class=\"fusion-title title fusion-title-6 fusion-sep-none fusion-title-text fusion-title-size-three\"><h3 class=\"fusion-title-heading title-heading-left\" style=\"margin:0;\"><b>Ubicaci\u00f3 i seguretat <\/b><\/h3><\/div><\/div><\/div><div class=\"fusion-layout-column fusion_builder_column fusion-builder-column-18 fusion_builder_column_1_2 1_2 fusion-flex-column\" style=\"--awb-bg-size:cover;--awb-width-large:50%;--awb-margin-top-large:0px;--awb-spacing-right-large:3.84%;--awb-margin-bottom-large:20px;--awb-spacing-left-large:3.84%;--awb-width-medium:50%;--awb-order-medium:0;--awb-spacing-right-medium:3.84%;--awb-spacing-left-medium:3.84%;--awb-width-small:100%;--awb-order-small:0;--awb-spacing-right-small:1.92%;--awb-spacing-left-small:1.92%;\"><div class=\"fusion-column-wrapper fusion-column-has-shadow fusion-flex-justify-content-flex-start fusion-content-layout-column\"><div class=\"fusion-image-element \" style=\"text-align:center;--awb-caption-title-font-family:var(--h2_typography-font-family);--awb-caption-title-font-weight:var(--h2_typography-font-weight);--awb-caption-title-font-style:var(--h2_typography-font-style);--awb-caption-title-size:var(--h2_typography-font-size);--awb-caption-title-transform:var(--h2_typography-text-transform);--awb-caption-title-line-height:var(--h2_typography-line-height);--awb-caption-title-letter-spacing:var(--h2_typography-letter-spacing);\"><span class=\" fusion-imageframe imageframe-none imageframe-5 hover-type-none\"><img decoding=\"async\" width=\"400\" height=\"266\" alt=\"Resid\u00e8ncia universit\u00e0ria Sant Cugat del Vall\u00e8s\" title=\"28042022-32013 &#8211; 04 &#8211; 109\" src=\"https:\/\/www.unihabit.com\/wp-content\/uploads\/2022\/07\/28042022-32013-04-109-400x266.webp\" class=\"img-responsive wp-image-9060\" srcset=\"https:\/\/www.unihabit.com\/wp-content\/uploads\/2022\/07\/28042022-32013-04-109-200x133.webp 200w, https:\/\/www.unihabit.com\/wp-content\/uploads\/2022\/07\/28042022-32013-04-109-300x200.webp 300w, https:\/\/www.unihabit.com\/wp-content\/uploads\/2022\/07\/28042022-32013-04-109-400x266.webp 400w, https:\/\/www.unihabit.com\/wp-content\/uploads\/2022\/07\/28042022-32013-04-109-600x399.webp 600w, https:\/\/www.unihabit.com\/wp-content\/uploads\/2022\/07\/28042022-32013-04-109-768x511.webp 768w, https:\/\/www.unihabit.com\/wp-content\/uploads\/2022\/07\/28042022-32013-04-109-800x532.webp 800w, https:\/\/www.unihabit.com\/wp-content\/uploads\/2022\/07\/28042022-32013-04-109-1024x681.webp 1024w, https:\/\/www.unihabit.com\/wp-content\/uploads\/2022\/07\/28042022-32013-04-109-1200x799.webp 1200w, https:\/\/www.unihabit.com\/wp-content\/uploads\/2022\/07\/28042022-32013-04-109-1536x1022.webp 1536w\" sizes=\"(max-width: 640px) 100vw, 600px\" \/><\/span><\/div><\/div><\/div><div class=\"fusion-layout-column fusion_builder_column fusion-builder-column-19 fusion_builder_column_1_2 1_2 fusion-flex-column\" style=\"--awb-bg-size:cover;--awb-width-large:50%;--awb-margin-top-large:0px;--awb-spacing-right-large:3.84%;--awb-margin-bottom-large:20px;--awb-spacing-left-large:3.84%;--awb-width-medium:50%;--awb-order-medium:0;--awb-spacing-right-medium:3.84%;--awb-spacing-left-medium:3.84%;--awb-width-small:100%;--awb-order-small:0;--awb-spacing-right-small:1.92%;--awb-spacing-left-small:1.92%;\"><div class=\"fusion-column-wrapper fusion-column-has-shadow fusion-flex-justify-content-flex-start fusion-content-layout-column\"><div class=\"fusion-text fusion-text-9\"><p><span style=\"font-weight: 400;\">La nostra <\/span><strong><a href=\"https:\/\/www.unihabit.com\/ca\/residencia-universitaria-sant-cugat\/\">resid\u00e8ncia estudiants Sant Cugat<\/a><\/strong><span style=\"font-weight: 400;\"> est\u00e0 situada en una ubicaci\u00f3 excel\u00b7lent, en una zona molt tranquil\u00b7la de la ciutat. <strong>\u00c9s una opci\u00f3 ideal pels estudiants de la UPC-ETSAV<\/strong>, ja que est\u00e0 a la vora de la universitat i s\u2019hi pot arribar caminant amb menys de dos minuts. Tamb\u00e9 est\u00e0 situada estrat\u00e8gicament per oferir una connectivitat excel\u00b7lent amb la resta d\u2019universitats per facilitar el seu acc\u00e9s als alumnes.<\/span><\/p>\n<p><span style=\"font-weight: 400;\">Per altra banda, un dels <strong>avantatges principals de viure en una resid\u00e8ncia universit\u00e0ria<\/strong>, \u00e9s la<strong> seguretat que comporta<\/strong>. Gr\u00e0cies a la suma de les <strong>normes comunit\u00e0ries<\/strong> i als professionals de la resid\u00e8ncia, s\u2019assegura un suport de fant\u00e0stica qualitat per a la tranquil\u00b7litat dels residents i de les seves fam\u00edlies.<\/span><\/p>\n<\/div><\/div><\/div><div class=\"fusion-layout-column fusion_builder_column fusion-builder-column-20 fusion_builder_column_1_1 1_1 fusion-flex-column\" style=\"--awb-bg-size:cover;--awb-width-large:100%;--awb-margin-top-large:0px;--awb-spacing-right-large:1.92%;--awb-margin-bottom-large:20px;--awb-spacing-left-large:1.92%;--awb-width-medium:100%;--awb-order-medium:0;--awb-spacing-right-medium:1.92%;--awb-spacing-left-medium:1.92%;--awb-width-small:100%;--awb-order-small:0;--awb-spacing-right-small:1.92%;--awb-spacing-left-small:1.92%;\"><div class=\"fusion-column-wrapper fusion-column-has-shadow fusion-flex-justify-content-flex-start fusion-content-layout-column\"><div class=\"fusion-text fusion-text-10\"><p><span style=\"font-weight: 400;\">Aix\u00ed mateix, la resid\u00e8ncia en si mateixa \u00e9s una obra arquitect\u00f2nica magn\u00edfica. Est\u00e0 envoltada de natura fins al punt de fusionar-se amb ella a trav\u00e9s de les plantes que s\u2019enfilen per les parets, en un edifici totalment sostenible, que ha guanyat diversos premis i reconeixements.<\/span><\/p>\n<\/div><\/div><\/div><\/div><\/div><div class=\"fusion-fullwidth fullwidth-box fusion-builder-row-8 fusion-flex-container nonhundred-percent-fullwidth non-hundred-percent-height-scrolling\" style=\"--awb-border-radius-top-left:0px;--awb-border-radius-top-right:0px;--awb-border-radius-bottom-right:0px;--awb-border-radius-bottom-left:0px;--awb-flex-wrap:wrap;\" ><div class=\"fusion-builder-row fusion-row fusion-flex-align-items-flex-start fusion-flex-content-wrap\" style=\"max-width:1248px;margin-left: calc(-4% \/ 2 );margin-right: calc(-4% \/ 2 );\"><div class=\"fusion-layout-column fusion_builder_column fusion-builder-column-21 fusion_builder_column_1_1 1_1 fusion-flex-column\" style=\"--awb-bg-size:cover;--awb-width-large:100%;--awb-margin-top-large:0px;--awb-spacing-right-large:1.92%;--awb-margin-bottom-large:20px;--awb-spacing-left-large:1.92%;--awb-width-medium:100%;--awb-order-medium:0;--awb-spacing-right-medium:1.92%;--awb-spacing-left-medium:1.92%;--awb-width-small:100%;--awb-order-small:0;--awb-spacing-right-small:1.92%;--awb-spacing-left-small:1.92%;\"><div class=\"fusion-column-wrapper fusion-column-has-shadow fusion-flex-justify-content-flex-start fusion-content-layout-column\"><div class=\"fusion-text fusion-text-11\"><p><span style=\"font-weight: 400;\">Si vols obtenir m\u00e9s informaci\u00f3 sobre la nostra <strong>resid\u00e8ncia universit\u00e0ria de Sant Cugat del Vall\u00e8s<\/strong>, pots contactar amb nosaltres per correu a <\/span><strong><a href=\"mailto:info@unihabit.com\">info@unihabit.com<\/a><\/strong><span style=\"font-weight: 400;\">, o per tel\u00e8fon al <strong>935 953 953<\/strong> o al <strong>608 608 829<\/strong>.<\/span><\/p>\n<\/div><div style=\"text-align:center;\"><a class=\"fusion-button button-flat fusion-button-default-size button-default fusion-button-default button-1 fusion-button-span-yes fusion-button-default-type\" target=\"_self\" href=\"https:\/\/www.unihabit.com\/ca\/reserva-allotjament\/\"><span class=\"fusion-button-text awb-button__text awb-button__text--default\">Reserva ara i no et quedis sense el teu lloc <\/span><\/a><\/div><\/div><\/div><\/div><\/div><\/p>\n","protected":false},"excerpt":{"rendered":"","protected":false},"author":1,"featured_media":16501,"comment_status":"open","ping_status":"open","sticky":false,"template":"","format":"standard","meta":{"footnotes":""},"categories":[29,328,332],"tags":[],"class_list":["post-9072","post","type-post","status-publish","format-standard","has-post-thumbnail","hentry","category-blog","category-unihabit-sant-cugat-blog","category-viu-sant-cugat"],"_links":{"self":[{"href":"https:\/\/www.unihabit.com\/ca\/wp-json\/wp\/v2\/posts\/9072","targetHints":{"allow":["GET"]}}],"collection":[{"href":"https:\/\/www.unihabit.com\/ca\/wp-json\/wp\/v2\/posts"}],"about":[{"href":"https:\/\/www.unihabit.com\/ca\/wp-json\/wp\/v2\/types\/post"}],"author":[{"embeddable":true,"href":"https:\/\/www.unihabit.com\/ca\/wp-json\/wp\/v2\/users\/1"}],"replies":[{"embeddable":true,"href":"https:\/\/www.unihabit.com\/ca\/wp-json\/wp\/v2\/comments?post=9072"}],"version-history":[{"count":9,"href":"https:\/\/www.unihabit.com\/ca\/wp-json\/wp\/v2\/posts\/9072\/revisions"}],"predecessor-version":[{"id":13155,"href":"https:\/\/www.unihabit.com\/ca\/wp-json\/wp\/v2\/posts\/9072\/revisions\/13155"}],"wp:featuredmedia":[{"embeddable":true,"href":"https:\/\/www.unihabit.com\/ca\/wp-json\/wp\/v2\/media\/16501"}],"wp:attachment":[{"href":"https:\/\/www.unihabit.com\/ca\/wp-json\/wp\/v2\/media?parent=9072"}],"wp:term":[{"taxonomy":"category","embeddable":true,"href":"https:\/\/www.unihabit.com\/ca\/wp-json\/wp\/v2\/categories?post=9072"},{"taxonomy":"post_tag","embeddable":true,"href":"https:\/\/www.unihabit.com\/ca\/wp-json\/wp\/v2\/tags?post=9072"}],"curies":[{"name":"wp","href":"https:\/\/api.w.org\/{rel}","templated":true}]}}