{"id":9213,"date":"2022-08-01T12:23:34","date_gmt":"2022-08-01T10:23:34","guid":{"rendered":"https:\/\/www.unihabit.com\/residencia-universitaria-girona-montilivi-2\/"},"modified":"2025-03-28T14:01:27","modified_gmt":"2025-03-28T12:01:27","slug":"residencia-universitaria-girona-montilivi-2","status":"publish","type":"post","link":"https:\/\/www.unihabit.com\/ca\/residencia-universitaria-girona-montilivi-2\/","title":{"rendered":"Comences aquest any una carrera a la Universitat de Girona?, tot el que et podem oferir a la nostra resid\u00e8ncia"},"content":{"rendered":"<p><div class=\"fusion-fullwidth fullwidth-box fusion-builder-row-1 fusion-flex-container has-pattern-background has-mask-background nonhundred-percent-fullwidth non-hundred-percent-height-scrolling\" style=\"--awb-border-radius-top-left:0px;--awb-border-radius-top-right:0px;--awb-border-radius-bottom-right:0px;--awb-border-radius-bottom-left:0px;--awb-flex-wrap:wrap;\" ><div class=\"fusion-builder-row fusion-row fusion-flex-align-items-flex-start fusion-flex-content-wrap\" style=\"max-width:1248px;margin-left: calc(-4% \/ 2 );margin-right: calc(-4% \/ 2 );\"><div class=\"fusion-layout-column fusion_builder_column fusion-builder-column-0 fusion_builder_column_1_1 1_1 fusion-flex-column\" style=\"--awb-bg-size:cover;--awb-width-large:100%;--awb-margin-top-large:0px;--awb-spacing-right-large:1.92%;--awb-margin-bottom-large:20px;--awb-spacing-left-large:1.92%;--awb-width-medium:100%;--awb-order-medium:0;--awb-spacing-right-medium:1.92%;--awb-spacing-left-medium:1.92%;--awb-width-small:100%;--awb-order-small:0;--awb-spacing-right-small:1.92%;--awb-spacing-left-small:1.92%;\"><div class=\"fusion-column-wrapper fusion-column-has-shadow fusion-flex-justify-content-flex-start fusion-content-layout-column\"><div class=\"fusion-title title fusion-title-1 fusion-sep-none fusion-title-text fusion-title-size-two\"><h2 class=\"fusion-title-heading title-heading-left\" style=\"margin:0;\"><b>Descobreix per qu\u00e8 la resid\u00e8ncia universit\u00e0ria Girona Montilivi \u00e9s la millor opci\u00f3<\/b><\/h2><\/div><\/div><\/div><div class=\"fusion-layout-column fusion_builder_column fusion-builder-column-1 fusion_builder_column_1_2 1_2 fusion-flex-column\" style=\"--awb-bg-size:cover;--awb-width-large:50%;--awb-margin-top-large:0px;--awb-spacing-right-large:3.84%;--awb-margin-bottom-large:20px;--awb-spacing-left-large:3.84%;--awb-width-medium:50%;--awb-order-medium:0;--awb-spacing-right-medium:3.84%;--awb-spacing-left-medium:3.84%;--awb-width-small:100%;--awb-order-small:0;--awb-spacing-right-small:1.92%;--awb-spacing-left-small:1.92%;\"><div class=\"fusion-column-wrapper fusion-column-has-shadow fusion-flex-justify-content-flex-start fusion-content-layout-column\"><div class=\"fusion-text fusion-text-1\"><p><span style=\"font-weight: 400;\">La <\/span><b>resid\u00e8ncia universit\u00e0ria Girona Montilivi <\/b><span style=\"font-weight: 400;\">\u00a0est\u00e0 especialment dissenyada per acompanyar els estudiants en aquesta etapa transcendental de la seva vida. A Unihabit, fa m\u00e9s de deu anys que caminem de la m\u00e0 dels estudiants universitaris en el seu dia a dia i per aix\u00f2, coneixem exactament quines s\u00f3n les seves necessitats.\u00a0<\/span><\/p>\n<p><span style=\"font-weight: 400;\">La <\/span><b>resid\u00e8ncia universit\u00e0ria Girona Montilivi<\/b><span style=\"font-weight: 400;\"> ofereix als estudiants la possibilitat de viure al costat del Campus Montilivi. Es tracta del lloc on es troben la majoria de les facultats universit\u00e0ries i els centres d\u2019investigaci\u00f3 i desenvolupament principals de la Universitat de Girona. Aix\u00ed mateix, el nostre <\/span><a href=\"https:\/\/www.unihabit.com\/ca\/unihabit-girona-la-residencia-del-campus\/\"><span style=\"font-weight: 400;\">allotjament per a estudiants a Girona<\/span><\/a><span style=\"font-weight: 400;\"> presenta una connexi\u00f3 excel\u00b7lent amb la ciutat, gr\u00e0cies a carrils bici i diferents l\u00ednies d\u2019autob\u00fas. <\/span><\/p>\n<\/div><div ><a class=\"fusion-button button-flat fusion-button-default-size button-default fusion-button-default button-1 fusion-button-span-yes fusion-button-default-type\" target=\"_self\" title=\"Resid\u00e8ncia universit\u00e0ria Girona Montilivi\" aria-label=\"Resid\u00e8ncia universit\u00e0ria Girona Montilivi\" href=\"https:\/\/www.unihabit.com\/ca\/reserva-allotjament\/\"><span class=\"fusion-button-text awb-button__text awb-button__text--default\">Totes les nostres resid\u00e8ncies universit\u00e0ries<\/span><\/a><\/div><\/div><\/div><div class=\"fusion-layout-column fusion_builder_column fusion-builder-column-2 fusion_builder_column_1_2 1_2 fusion-flex-column\" style=\"--awb-bg-size:cover;--awb-width-large:50%;--awb-margin-top-large:0px;--awb-spacing-right-large:3.84%;--awb-margin-bottom-large:20px;--awb-spacing-left-large:3.84%;--awb-width-medium:50%;--awb-order-medium:0;--awb-spacing-right-medium:3.84%;--awb-spacing-left-medium:3.84%;--awb-width-small:100%;--awb-order-small:0;--awb-spacing-right-small:1.92%;--awb-spacing-left-small:1.92%;\"><div class=\"fusion-column-wrapper fusion-column-has-shadow fusion-flex-justify-content-flex-start fusion-content-layout-column\"><div class=\"fusion-image-element \" style=\"--awb-caption-title-font-family:var(--h2_typography-font-family);--awb-caption-title-font-weight:var(--h2_typography-font-weight);--awb-caption-title-font-style:var(--h2_typography-font-style);--awb-caption-title-size:var(--h2_typography-font-size);--awb-caption-title-transform:var(--h2_typography-text-transform);--awb-caption-title-line-height:var(--h2_typography-line-height);--awb-caption-title-letter-spacing:var(--h2_typography-letter-spacing);\"><span class=\" fusion-imageframe imageframe-none imageframe-1 hover-type-none\"><img decoding=\"async\" width=\"750\" height=\"500\" alt=\"Resid\u00e8ncia universit\u00e0ria Girona Montilivi\" title=\"Residencia universitaria Girona Montilivi 2\" src=\"https:\/\/www.unihabit.com\/wp-content\/uploads\/2022\/08\/Residencia-universitaria-Girona-Montilivi-2.webp\" class=\"img-responsive wp-image-9191\" srcset=\"https:\/\/www.unihabit.com\/wp-content\/uploads\/2022\/08\/Residencia-universitaria-Girona-Montilivi-2-200x133.webp 200w, https:\/\/www.unihabit.com\/wp-content\/uploads\/2022\/08\/Residencia-universitaria-Girona-Montilivi-2-300x200.webp 300w, https:\/\/www.unihabit.com\/wp-content\/uploads\/2022\/08\/Residencia-universitaria-Girona-Montilivi-2-400x267.webp 400w, https:\/\/www.unihabit.com\/wp-content\/uploads\/2022\/08\/Residencia-universitaria-Girona-Montilivi-2-600x400.webp 600w, https:\/\/www.unihabit.com\/wp-content\/uploads\/2022\/08\/Residencia-universitaria-Girona-Montilivi-2.webp 750w\" sizes=\"(max-width: 640px) 100vw, 600px\" \/><\/span><\/div><\/div><\/div><\/div><\/div><div class=\"fusion-fullwidth fullwidth-box fusion-builder-row-2 fusion-flex-container has-pattern-background has-mask-background nonhundred-percent-fullwidth non-hundred-percent-height-scrolling\" style=\"--awb-border-radius-top-left:0px;--awb-border-radius-top-right:0px;--awb-border-radius-bottom-right:0px;--awb-border-radius-bottom-left:0px;--awb-flex-wrap:wrap;\" ><div class=\"fusion-builder-row fusion-row fusion-flex-align-items-flex-start fusion-flex-content-wrap\" style=\"max-width:1248px;margin-left: calc(-4% \/ 2 );margin-right: calc(-4% \/ 2 );\"><div class=\"fusion-layout-column fusion_builder_column fusion-builder-column-3 fusion_builder_column_1_1 1_1 fusion-flex-column\" style=\"--awb-bg-size:cover;--awb-width-large:100%;--awb-margin-top-large:0px;--awb-spacing-right-large:1.92%;--awb-margin-bottom-large:20px;--awb-spacing-left-large:1.92%;--awb-width-medium:100%;--awb-order-medium:0;--awb-spacing-right-medium:1.92%;--awb-spacing-left-medium:1.92%;--awb-width-small:100%;--awb-order-small:0;--awb-spacing-right-small:1.92%;--awb-spacing-left-small:1.92%;\"><div class=\"fusion-column-wrapper fusion-column-has-shadow fusion-flex-justify-content-flex-start fusion-content-layout-column\"><div class=\"fusion-separator fusion-full-width-sep\" style=\"align-self: center;margin-left: auto;margin-right: auto;margin-top:10px;margin-bottom:10px;width:100%;\"><\/div><div class=\"fusion-title title fusion-title-2 fusion-sep-none fusion-title-text fusion-title-size-two\"><h2 class=\"fusion-title-heading title-heading-left\" style=\"margin:0;\"><b>Els avantatges d\u2019allotjar-se a la resid\u00e8ncia universit\u00e0ria Girona Montilivi <\/b><\/h2><\/div><div class=\"fusion-text fusion-text-2\"><p><span style=\"font-weight: 400;\">A causa de l&#8217;\u00e0mplia experi\u00e8ncia que tenim a Unihabit en allotjament universitari, les <\/span><a href=\"https:\/\/www.unihabit.com\/ca\/residencies-universitaries-aprop-universitat-autonoma-barcelona\/\"><span style=\"font-weight: 400;\">nostres resid\u00e8ncies comptem amb un seguit d\u2019avantatges<\/span><\/a><span style=\"font-weight: 400;\"> que les converteixen en una opci\u00f3 a tenir en compte.\u00a0<\/span><\/p>\n<\/div><\/div><\/div><div class=\"fusion-layout-column fusion_builder_column fusion-builder-column-4 fusion_builder_column_1_2 1_2 fusion-flex-column\" style=\"--awb-bg-size:cover;--awb-width-large:50%;--awb-margin-top-large:0px;--awb-spacing-right-large:3.84%;--awb-margin-bottom-large:20px;--awb-spacing-left-large:3.84%;--awb-width-medium:50%;--awb-order-medium:0;--awb-spacing-right-medium:3.84%;--awb-spacing-left-medium:3.84%;--awb-width-small:100%;--awb-order-small:0;--awb-spacing-right-small:1.92%;--awb-spacing-left-small:1.92%;\"><div class=\"fusion-column-wrapper fusion-column-has-shadow fusion-flex-justify-content-flex-start fusion-content-layout-column\"><div class=\"fusion-image-element \" style=\"--awb-caption-title-font-family:var(--h2_typography-font-family);--awb-caption-title-font-weight:var(--h2_typography-font-weight);--awb-caption-title-font-style:var(--h2_typography-font-style);--awb-caption-title-size:var(--h2_typography-font-size);--awb-caption-title-transform:var(--h2_typography-text-transform);--awb-caption-title-line-height:var(--h2_typography-line-height);--awb-caption-title-letter-spacing:var(--h2_typography-letter-spacing);\"><span class=\" fusion-imageframe imageframe-none imageframe-2 hover-type-none\"><img decoding=\"async\" width=\"667\" height=\"500\" alt=\"Resid\u00e8ncia universit\u00e0ria Girona Montilivi\" title=\"Residencia universitaria Girona Montilivi 3\" src=\"https:\/\/www.unihabit.com\/wp-content\/uploads\/2022\/08\/Residencia-universitaria-Girona-Montilivi-3.webp\" class=\"img-responsive wp-image-9194\" srcset=\"https:\/\/www.unihabit.com\/wp-content\/uploads\/2022\/08\/Residencia-universitaria-Girona-Montilivi-3-200x150.webp 200w, https:\/\/www.unihabit.com\/wp-content\/uploads\/2022\/08\/Residencia-universitaria-Girona-Montilivi-3-300x225.webp 300w, https:\/\/www.unihabit.com\/wp-content\/uploads\/2022\/08\/Residencia-universitaria-Girona-Montilivi-3-400x300.webp 400w, https:\/\/www.unihabit.com\/wp-content\/uploads\/2022\/08\/Residencia-universitaria-Girona-Montilivi-3-600x450.webp 600w, https:\/\/www.unihabit.com\/wp-content\/uploads\/2022\/08\/Residencia-universitaria-Girona-Montilivi-3.webp 667w\" sizes=\"(max-width: 640px) 100vw, 600px\" \/><\/span><\/div><\/div><\/div><div class=\"fusion-layout-column fusion_builder_column fusion-builder-column-5 fusion_builder_column_1_2 1_2 fusion-flex-column\" style=\"--awb-bg-size:cover;--awb-width-large:50%;--awb-margin-top-large:0px;--awb-spacing-right-large:3.84%;--awb-margin-bottom-large:20px;--awb-spacing-left-large:3.84%;--awb-width-medium:50%;--awb-order-medium:0;--awb-spacing-right-medium:3.84%;--awb-spacing-left-medium:3.84%;--awb-width-small:100%;--awb-order-small:0;--awb-spacing-right-small:1.92%;--awb-spacing-left-small:1.92%;\"><div class=\"fusion-column-wrapper fusion-column-has-shadow fusion-flex-justify-content-flex-start fusion-content-layout-column\"><div class=\"fusion-separator fusion-full-width-sep\" style=\"align-self: center;margin-left: auto;margin-right: auto;margin-top:10px;margin-bottom:10px;width:100%;\"><\/div><div class=\"fusion-text fusion-text-3\"><p><span style=\"font-weight: 400;\">La proximitat amb el campus, combinada amb les instal\u00b7lacions de primer nivell i l\u2019equip de professionals Unihabit, fan de la resid\u00e8ncia universit\u00e0ria Girona Montilivi, un ambient excepcional per al desenvolupament personal i professional dels residents.\u00a0<\/span><\/p>\n<p><span style=\"font-weight: 400;\">A m\u00e9s a m\u00e9s, la resid\u00e8ncia est\u00e0 situada en una zona verda molt silenciosa, ideal per a la tranquil\u00b7litat dels estudiants, que els permet relaxar-se i focalitzar-se en els seus estudia, tant en les zones comunes com en les habitacions. A part d\u2019aix\u00f2, la resid\u00e8ncia universit\u00e0ria Unihabit Girona Montilivi, compta amb una pista de voleibol i un gimn\u00e0s privat, on els residents podran fer esport i desconnectar de la rutina.\u00a0<\/span><\/p>\n<p><span style=\"font-weight: 400;\">Comen\u00e7ar l\u2019etapa universit\u00e0ria en una resid\u00e8ncia \u00e9s un encert maj\u00fascul, ja que en moltes ocasions, \u00e9s la primera experi\u00e8ncia dels alumnes lluny de la fam\u00edlia. Per aix\u00f2, Unihabit ofereix l\u2019acompanyament personalitzat i el punt de connexi\u00f3 que totes les fam\u00edlies busquen i necessiten.<\/span><\/p>\n<\/div><\/div><\/div><\/div><\/div><div class=\"fusion-fullwidth fullwidth-box fusion-builder-row-3 fusion-flex-container has-pattern-background has-mask-background nonhundred-percent-fullwidth non-hundred-percent-height-scrolling\" style=\"--awb-border-radius-top-left:0px;--awb-border-radius-top-right:0px;--awb-border-radius-bottom-right:0px;--awb-border-radius-bottom-left:0px;--awb-flex-wrap:wrap;\" ><div class=\"fusion-builder-row fusion-row fusion-flex-align-items-flex-start fusion-flex-content-wrap\" style=\"max-width:1248px;margin-left: calc(-4% \/ 2 );margin-right: calc(-4% \/ 2 );\"><div class=\"fusion-layout-column fusion_builder_column fusion-builder-column-6 fusion_builder_column_1_1 1_1 fusion-flex-column\" style=\"--awb-bg-size:cover;--awb-width-large:100%;--awb-margin-top-large:0px;--awb-spacing-right-large:1.92%;--awb-margin-bottom-large:20px;--awb-spacing-left-large:1.92%;--awb-width-medium:100%;--awb-order-medium:0;--awb-spacing-right-medium:1.92%;--awb-spacing-left-medium:1.92%;--awb-width-small:100%;--awb-order-small:0;--awb-spacing-right-small:1.92%;--awb-spacing-left-small:1.92%;\"><div class=\"fusion-column-wrapper fusion-column-has-shadow fusion-flex-justify-content-flex-start fusion-content-layout-column\"><div class=\"fusion-separator fusion-full-width-sep\" style=\"align-self: center;margin-left: auto;margin-right: auto;margin-top:10px;margin-bottom:10px;width:100%;\"><\/div><div class=\"fusion-title title fusion-title-3 fusion-sep-none fusion-title-text fusion-title-size-two\"><h2 class=\"fusion-title-heading title-heading-left\" style=\"margin:0;\"><b>5 motius per escollir la resid\u00e8ncia universit\u00e0ria Girona Montilivi<\/b><\/h2><\/div><div class=\"fusion-text fusion-text-4\"><p><span style=\"font-weight: 400;\">A continuaci\u00f3, els 5 motius pels quals escollir la resid\u00e8ncia universit\u00e0ria d\u2019Unihabit a Girona:<\/span><\/p>\n<\/div><\/div><\/div><div class=\"fusion-layout-column fusion_builder_column fusion-builder-column-7 fusion_builder_column_1_1 1_1 fusion-flex-column\" style=\"--awb-bg-size:cover;--awb-width-large:100%;--awb-margin-top-large:0px;--awb-spacing-right-large:1.92%;--awb-margin-bottom-large:20px;--awb-spacing-left-large:1.92%;--awb-width-medium:100%;--awb-order-medium:0;--awb-spacing-right-medium:1.92%;--awb-spacing-left-medium:1.92%;--awb-width-small:100%;--awb-order-small:0;--awb-spacing-right-small:1.92%;--awb-spacing-left-small:1.92%;\"><div class=\"fusion-column-wrapper fusion-column-has-shadow fusion-flex-justify-content-flex-start fusion-content-layout-column\"><div class=\"fusion-title title fusion-title-4 fusion-sep-none fusion-title-text fusion-title-size-three\"><h3 class=\"fusion-title-heading title-heading-left\" style=\"margin:0;\"><b>1. Tenim m\u00e9s de 10 anys d\u2019experi\u00e8ncia<\/b><\/h3><\/div><div class=\"fusion-text fusion-text-5\"><p><span style=\"font-weight: 400;\">A Unihabit, ens avalen m\u00e9s de deu anys d\u2019experi\u00e8ncia acompanyant estudiants de tot el m\u00f3n. Comptem amb un equip d\u2019experts en la gesti\u00f3 de resid\u00e8ncies universit\u00e0ries que ajudaran els residents en tot all\u00f2 que necessitin perqu\u00e8 el seu pas per la resid\u00e8ncia universit\u00e0ria sigui el millor possible.\u00a0<\/span><span style=\"font-weight: 400;\">Concretament, a la nostra resid\u00e8ncia universit\u00e0ria de Girona, tenim el privilegi de comptar amb en David D\u00edaz, que \u00e9s el conserge encarregat de respondre els dubtes i solucionar els problemes quotidians dels estudiants. <\/span><\/p>\n<\/div><\/div><\/div><div class=\"fusion-layout-column fusion_builder_column fusion-builder-column-8 fusion_builder_column_1_2 1_2 fusion-flex-column\" style=\"--awb-bg-size:cover;--awb-width-large:50%;--awb-margin-top-large:0px;--awb-spacing-right-large:3.84%;--awb-margin-bottom-large:20px;--awb-spacing-left-large:3.84%;--awb-width-medium:50%;--awb-order-medium:0;--awb-spacing-right-medium:3.84%;--awb-spacing-left-medium:3.84%;--awb-width-small:100%;--awb-order-small:0;--awb-spacing-right-small:1.92%;--awb-spacing-left-small:1.92%;\"><div class=\"fusion-column-wrapper fusion-column-has-shadow fusion-flex-justify-content-flex-start fusion-content-layout-column\"><div class=\"fusion-title title fusion-title-5 fusion-sep-none fusion-title-text fusion-title-size-three\"><h3 class=\"fusion-title-heading title-heading-left\" style=\"margin:0;\"><b>2. Coneixer\u00e0s a nous amics<\/b><\/h3><\/div><div class=\"fusion-text fusion-text-6\"><p><span style=\"font-weight: 400;\">Viure en una resid\u00e8ncia universit\u00e0ria, afavoreix el creixement personal i professional dels estudiants. D\u2019aquesta manera, els estudiants tindran l\u2019opci\u00f3 de compartir temps i espai amb altres alumnes de diferents parts del m\u00f3n. Aix\u00f2 els permetr\u00e0 con\u00e8ixer altres cultures i maneres de fer i pensar.\u00a0<\/span><\/p>\n<p><span style=\"font-weight: 400;\">A m\u00e9s, els residents comptem amb diferents opcions d\u2019allotjament i poden viure en una habitaci\u00f3 individual, doble i loft doble. Compartir habitaci\u00f3 \u00e9s una oportunitat excel\u00b7lent per crear vincles i amistats per a tota la vida.\u00a0<\/span><\/p>\n<\/div><div class=\"fusion-separator fusion-full-width-sep\" style=\"align-self: center;margin-left: auto;margin-right: auto;margin-top:10px;margin-bottom:10px;width:100%;\"><\/div><div ><a class=\"fusion-button button-flat fusion-button-default-size button-default fusion-button-default button-2 fusion-button-span-yes fusion-button-default-type\" target=\"_self\" title=\"Resid\u00e8ncia universit\u00e0ria Girona Montilivi\" aria-label=\"Resid\u00e8ncia universit\u00e0ria Girona Montilivi\" href=\"https:\/\/www.unihabit.com\/ca\/entrevista-unihabit-paula-mendoza\/\"><span class=\"fusion-button-text awb-button__text awb-button__text--default\">El testimoni dels residents<\/span><\/a><\/div><\/div><\/div><div class=\"fusion-layout-column fusion_builder_column fusion-builder-column-9 fusion_builder_column_1_2 1_2 fusion-flex-column\" style=\"--awb-bg-size:cover;--awb-width-large:50%;--awb-margin-top-large:0px;--awb-spacing-right-large:3.84%;--awb-margin-bottom-large:20px;--awb-spacing-left-large:3.84%;--awb-width-medium:50%;--awb-order-medium:0;--awb-spacing-right-medium:3.84%;--awb-spacing-left-medium:3.84%;--awb-width-small:100%;--awb-order-small:0;--awb-spacing-right-small:1.92%;--awb-spacing-left-small:1.92%;\"><div class=\"fusion-column-wrapper fusion-column-has-shadow fusion-flex-justify-content-flex-start fusion-content-layout-column\"><div class=\"fusion-image-element \" style=\"--awb-caption-title-font-family:var(--h2_typography-font-family);--awb-caption-title-font-weight:var(--h2_typography-font-weight);--awb-caption-title-font-style:var(--h2_typography-font-style);--awb-caption-title-size:var(--h2_typography-font-size);--awb-caption-title-transform:var(--h2_typography-text-transform);--awb-caption-title-line-height:var(--h2_typography-line-height);--awb-caption-title-letter-spacing:var(--h2_typography-letter-spacing);\"><span class=\" fusion-imageframe imageframe-none imageframe-3 hover-type-none\"><img decoding=\"async\" width=\"750\" height=\"500\" alt=\"Resid\u00e8ncia universit\u00e0ria Girona Montilivi\" title=\"Residencia universitaria Girona Montilivi 1\" src=\"https:\/\/www.unihabit.com\/wp-content\/uploads\/2022\/08\/Residencia-universitaria-Girona-Montilivi-1.webp\" class=\"img-responsive wp-image-9197\" srcset=\"https:\/\/www.unihabit.com\/wp-content\/uploads\/2022\/08\/Residencia-universitaria-Girona-Montilivi-1-200x133.webp 200w, https:\/\/www.unihabit.com\/wp-content\/uploads\/2022\/08\/Residencia-universitaria-Girona-Montilivi-1-300x200.webp 300w, https:\/\/www.unihabit.com\/wp-content\/uploads\/2022\/08\/Residencia-universitaria-Girona-Montilivi-1-400x267.webp 400w, https:\/\/www.unihabit.com\/wp-content\/uploads\/2022\/08\/Residencia-universitaria-Girona-Montilivi-1-600x400.webp 600w, https:\/\/www.unihabit.com\/wp-content\/uploads\/2022\/08\/Residencia-universitaria-Girona-Montilivi-1.webp 750w\" sizes=\"(max-width: 640px) 100vw, 600px\" \/><\/span><\/div><\/div><\/div><div class=\"fusion-layout-column fusion_builder_column fusion-builder-column-10 fusion_builder_column_1_1 1_1 fusion-flex-column\" style=\"--awb-bg-size:cover;--awb-width-large:100%;--awb-margin-top-large:0px;--awb-spacing-right-large:1.92%;--awb-margin-bottom-large:20px;--awb-spacing-left-large:1.92%;--awb-width-medium:100%;--awb-order-medium:0;--awb-spacing-right-medium:1.92%;--awb-spacing-left-medium:1.92%;--awb-width-small:100%;--awb-order-small:0;--awb-spacing-right-small:1.92%;--awb-spacing-left-small:1.92%;\"><div class=\"fusion-column-wrapper fusion-column-has-shadow fusion-flex-justify-content-flex-start fusion-content-layout-column\"><div class=\"fusion-title title fusion-title-6 fusion-sep-none fusion-title-text fusion-title-size-three\"><h3 class=\"fusion-title-heading title-heading-left\" style=\"margin:0;\"><b>3. Espais Unihabit <\/b><\/h3><\/div><div class=\"fusion-text fusion-text-7\"><p><span style=\"font-weight: 400;\">La resid\u00e8ncia ofereix un espai multifuncional, format per una sala d\u2019estar, una zona de descans, una zona d\u2019estudi i un bany privat. Seguidament, les habitacions compten amb una cuina completament equipada, banys c\u00f2modes amb tot el que es necessita i un espai multifuncional amb taula, cadires, prestatges, sof\u00e0 i armari per a la roba.\u00a0<\/span><\/p>\n<p><span style=\"font-weight: 400;\">Aix\u00ed mateix, la resid\u00e8ncia universit\u00e0ria Girona Montilivi d\u2019Unihabit, compta amb gimn\u00e0s, jard\u00ed, pati, aparcament de bicicletes, camp de voleibol i un espai multim\u00e8dia. <\/span><\/p>\n<\/div><\/div><\/div><div class=\"fusion-layout-column fusion_builder_column fusion-builder-column-11 fusion_builder_column_1_1 1_1 fusion-flex-column\" style=\"--awb-bg-size:cover;--awb-width-large:100%;--awb-margin-top-large:0px;--awb-spacing-right-large:1.92%;--awb-margin-bottom-large:20px;--awb-spacing-left-large:1.92%;--awb-width-medium:100%;--awb-order-medium:0;--awb-spacing-right-medium:1.92%;--awb-spacing-left-medium:1.92%;--awb-width-small:100%;--awb-order-small:0;--awb-spacing-right-small:1.92%;--awb-spacing-left-small:1.92%;\"><div class=\"fusion-column-wrapper fusion-column-has-shadow fusion-flex-justify-content-flex-start fusion-content-layout-column\"><div class=\"fusion-title title fusion-title-7 fusion-sep-none fusion-title-text fusion-title-size-three\"><h3 class=\"fusion-title-heading title-heading-left\" style=\"margin:0;\"><b>4. Serveis Unihabit Girona<\/b><\/h3><\/div><div class=\"fusion-text fusion-text-8\"><p><span style=\"font-weight: 400;\">La resid\u00e8ncia universit\u00e0ria de Girona ofereix una s\u00e8rie de serveis pensats \u00fanicament i exclusivament perqu\u00e8 l\u2019experi\u00e8ncia dels residents sigui de la millor qualitat possible.<\/span><\/p>\n<\/div><\/div><\/div><div class=\"fusion-layout-column fusion_builder_column fusion-builder-column-12 fusion_builder_column_1_3 1_3 fusion-flex-column\" style=\"--awb-bg-size:cover;--awb-width-large:33.333333333333%;--awb-margin-top-large:0px;--awb-spacing-right-large:5.76%;--awb-margin-bottom-large:20px;--awb-spacing-left-large:5.76%;--awb-width-medium:33.333333333333%;--awb-order-medium:0;--awb-spacing-right-medium:5.76%;--awb-spacing-left-medium:5.76%;--awb-width-small:100%;--awb-order-small:0;--awb-spacing-right-small:1.92%;--awb-spacing-left-small:1.92%;\"><div class=\"fusion-column-wrapper fusion-column-has-shadow fusion-flex-justify-content-flex-start fusion-content-layout-column\"><div class=\"fusion-text fusion-text-9\"><p><b>Serveis inclosos:<\/b><\/p>\n<\/div><ul style=\"--awb-line-height:27.2px;--awb-icon-width:27.2px;--awb-icon-height:27.2px;--awb-icon-margin:11.2px;--awb-content-margin:38.4px;--awb-circlecolor:#d6061e;--awb-circle-yes-font-size:14.08px;\" class=\"fusion-checklist fusion-checklist-1 fusion-checklist-default type-icons\"><li class=\"fusion-li-item\" style=\"\"><span class=\"icon-wrapper circle-yes\"><i class=\"fusion-li-icon awb-icon-check\" aria-hidden=\"true\"><\/i><\/span><div class=\"fusion-li-item-content\">\n<p><span style=\"font-weight: 400;\">Internet Wi-Fi<\/span><\/p>\n<\/div><\/li><li class=\"fusion-li-item\" style=\"\"><span class=\"icon-wrapper circle-yes\"><i class=\"fusion-li-icon awb-icon-check\" aria-hidden=\"true\"><\/i><\/span><div class=\"fusion-li-item-content\">\n<p><span style=\"font-weight: 400;\">P\u00e0rquing de bicicletes<\/span><\/p>\n<\/div><\/li><li class=\"fusion-li-item\" style=\"\"><span class=\"icon-wrapper circle-yes\"><i class=\"fusion-li-icon awb-icon-check\" aria-hidden=\"true\"><\/i><\/span><div class=\"fusion-li-item-content\">\n<p><span style=\"font-weight: 400;\">Neteja zones comunes<\/span><\/p>\n<\/div><\/li><li class=\"fusion-li-item\" style=\"\"><span class=\"icon-wrapper circle-yes\"><i class=\"fusion-li-icon awb-icon-check\" aria-hidden=\"true\"><\/i><\/span><div class=\"fusion-li-item-content\">\n<p><span style=\"font-weight: 400;\">Sales d\u2019estudi<\/span><\/p>\n<\/div><\/li><li class=\"fusion-li-item\" style=\"\"><span class=\"icon-wrapper circle-yes\"><i class=\"fusion-li-icon awb-icon-check\" aria-hidden=\"true\"><\/i><\/span><div class=\"fusion-li-item-content\">\n<p><span style=\"font-weight: 400;\">Espai central + zona d&#8217;estar<\/span><\/p>\n<\/div><\/li><li class=\"fusion-li-item\" style=\"\"><span class=\"icon-wrapper circle-yes\"><i class=\"fusion-li-icon awb-icon-check\" aria-hidden=\"true\"><\/i><\/span><div class=\"fusion-li-item-content\">\n<p><span style=\"font-weight: 400;\">\u00c0rea multim\u00e8dia<\/span><\/p>\n<\/div><\/li><li class=\"fusion-li-item\" style=\"\"><span class=\"icon-wrapper circle-yes\"><i class=\"fusion-li-icon awb-icon-check\" aria-hidden=\"true\"><\/i><\/span><div class=\"fusion-li-item-content\">\n<p><span style=\"font-weight: 400;\">Jard\u00ed exterior<\/span><\/p>\n<\/div><\/li><li class=\"fusion-li-item\" style=\"\"><span class=\"icon-wrapper circle-yes\"><i class=\"fusion-li-icon awb-icon-check\" aria-hidden=\"true\"><\/i><\/span><div class=\"fusion-li-item-content\">\n<p><span style=\"font-weight: 400;\">Espais adaptats<\/span><\/p>\n<\/div><\/li><\/ul><\/div><\/div><div class=\"fusion-layout-column fusion_builder_column fusion-builder-column-13 fusion_builder_column_1_3 1_3 fusion-flex-column\" style=\"--awb-bg-size:cover;--awb-width-large:33.333333333333%;--awb-margin-top-large:0px;--awb-spacing-right-large:5.76%;--awb-margin-bottom-large:20px;--awb-spacing-left-large:5.76%;--awb-width-medium:33.333333333333%;--awb-order-medium:0;--awb-spacing-right-medium:5.76%;--awb-spacing-left-medium:5.76%;--awb-width-small:100%;--awb-order-small:0;--awb-spacing-right-small:1.92%;--awb-spacing-left-small:1.92%;\"><div class=\"fusion-column-wrapper fusion-column-has-shadow fusion-flex-justify-content-flex-start fusion-content-layout-column\"><div class=\"fusion-separator fusion-full-width-sep\" style=\"align-self: center;margin-left: auto;margin-right: auto;margin-top:25px;margin-bottom:25px;width:100%;\"><\/div><ul style=\"--awb-line-height:27.2px;--awb-icon-width:27.2px;--awb-icon-height:27.2px;--awb-icon-margin:11.2px;--awb-content-margin:38.4px;--awb-circlecolor:#d6061e;--awb-circle-yes-font-size:14.08px;\" class=\"fusion-checklist fusion-checklist-2 fusion-checklist-default type-icons\"><li class=\"fusion-li-item\" style=\"\"><span class=\"icon-wrapper circle-yes\"><i class=\"fusion-li-icon awb-icon-check\" aria-hidden=\"true\"><\/i><\/span><div class=\"fusion-li-item-content\">\n<p><span style=\"font-weight: 400;\">Activitats en grup<\/span><\/p>\n<\/div><\/li><li class=\"fusion-li-item\" style=\"\"><span class=\"icon-wrapper circle-yes\"><i class=\"fusion-li-icon awb-icon-check\" aria-hidden=\"true\"><\/i><\/span><div class=\"fusion-li-item-content\">\n<p><span style=\"font-weight: 400;\">Gimn\u00e0s<\/span><\/p>\n<\/div><\/li><li class=\"fusion-li-item\" style=\"\"><span class=\"icon-wrapper circle-yes\"><i class=\"fusion-li-icon awb-icon-check\" aria-hidden=\"true\"><\/i><\/span><div class=\"fusion-li-item-content\">\n<p><span style=\"font-weight: 400;\">Vigil\u00e0ncia electr\u00f2nica<\/span><\/p>\n<\/div><\/li><li class=\"fusion-li-item\" style=\"\"><span class=\"icon-wrapper circle-yes\"><i class=\"fusion-li-icon awb-icon-check\" aria-hidden=\"true\"><\/i><\/span><div class=\"fusion-li-item-content\">\n<p><span style=\"font-weight: 400;\">Vigilancia electr\u00f3nica<\/span><\/p>\n<\/div><\/li><li class=\"fusion-li-item\" style=\"\"><span class=\"icon-wrapper circle-yes\"><i class=\"fusion-li-icon awb-icon-check\" aria-hidden=\"true\"><\/i><\/span><div class=\"fusion-li-item-content\">\n<p><span style=\"font-weight: 400;\">Recepci\u00f3 24 hores<\/span><\/p>\n<\/div><\/li><\/ul><\/div><\/div><div class=\"fusion-layout-column fusion_builder_column fusion-builder-column-14 fusion_builder_column_1_3 1_3 fusion-flex-column\" style=\"--awb-bg-size:cover;--awb-width-large:33.333333333333%;--awb-margin-top-large:0px;--awb-spacing-right-large:5.76%;--awb-margin-bottom-large:20px;--awb-spacing-left-large:5.76%;--awb-width-medium:33.333333333333%;--awb-order-medium:0;--awb-spacing-right-medium:5.76%;--awb-spacing-left-medium:5.76%;--awb-width-small:100%;--awb-order-small:0;--awb-spacing-right-small:1.92%;--awb-spacing-left-small:1.92%;\"><div class=\"fusion-column-wrapper fusion-column-has-shadow fusion-flex-justify-content-flex-start fusion-content-layout-column\"><div class=\"fusion-text fusion-text-10\"><p><b>Serveis opcionals:<\/b><\/p>\n<\/div><ul style=\"--awb-line-height:27.2px;--awb-icon-width:27.2px;--awb-icon-height:27.2px;--awb-icon-margin:11.2px;--awb-content-margin:38.4px;--awb-circlecolor:#d6061e;--awb-circle-yes-font-size:14.08px;\" class=\"fusion-checklist fusion-checklist-3 fusion-checklist-default type-icons\"><li class=\"fusion-li-item\" style=\"\"><span class=\"icon-wrapper circle-yes\"><i class=\"fusion-li-icon awb-icon-check\" aria-hidden=\"true\"><\/i><\/span><div class=\"fusion-li-item-content\">\n<p><span style=\"font-weight: 400;\">Set de roba de llit <\/span><\/p>\n<\/div><\/li><li class=\"fusion-li-item\" style=\"\"><span class=\"icon-wrapper circle-yes\"><i class=\"fusion-li-icon awb-icon-check\" aria-hidden=\"true\"><\/i><\/span><div class=\"fusion-li-item-content\">\n<p><span style=\"font-weight: 400;\">Set de tovalloles<\/span><\/p>\n<\/div><\/li><li class=\"fusion-li-item\" style=\"\"><span class=\"icon-wrapper circle-yes\"><i class=\"fusion-li-icon awb-icon-check\" aria-hidden=\"true\"><\/i><\/span><div class=\"fusion-li-item-content\">\n<p><span style=\"font-weight: 400;\">Servei de bugaderia <\/span><\/p>\n<\/div><\/li><li class=\"fusion-li-item\" style=\"\"><span class=\"icon-wrapper circle-yes\"><i class=\"fusion-li-icon awb-icon-check\" aria-hidden=\"true\"><\/i><\/span><div class=\"fusion-li-item-content\">\n<p><span style=\"font-weight: 400;\">Zona de vending<\/span><\/p>\n<\/div><\/li><li class=\"fusion-li-item\" style=\"\"><span class=\"icon-wrapper circle-yes\"><i class=\"fusion-li-icon awb-icon-check\" aria-hidden=\"true\"><\/i><\/span><div class=\"fusion-li-item-content\">\n<p><span style=\"font-weight: 400;\">Set de vaixella, coberts i gots.<\/span><\/p>\n<\/div><\/li><li class=\"fusion-li-item\" style=\"\"><span class=\"icon-wrapper circle-yes\"><i class=\"fusion-li-icon awb-icon-check\" aria-hidden=\"true\"><\/i><\/span><div class=\"fusion-li-item-content\">\n<p><span style=\"font-weight: 400;\">Set de plats, olles i estris de cuina<\/span><\/p>\n<\/div><\/li><li class=\"fusion-li-item\" style=\"\"><span class=\"icon-wrapper circle-yes\"><i class=\"fusion-li-icon awb-icon-check\" aria-hidden=\"true\"><\/i><\/span><div class=\"fusion-li-item-content\">\n<p><span style=\"font-weight: 400;\">Lloguer de mobiliari i elements de la llar <\/span><\/p>\n<\/div><\/li><li class=\"fusion-li-item\" style=\"\"><span class=\"icon-wrapper circle-yes\"><i class=\"fusion-li-icon awb-icon-check\" aria-hidden=\"true\"><\/i><\/span><div class=\"fusion-li-item-content\">\n<p><span style=\"font-weight: 400;\">Servei de fotocopiadora<\/span><\/p>\n<\/div><\/li><\/ul><\/div><\/div><div class=\"fusion-layout-column fusion_builder_column fusion-builder-column-15 fusion_builder_column_1_1 1_1 fusion-flex-column\" style=\"--awb-bg-size:cover;--awb-width-large:100%;--awb-margin-top-large:0px;--awb-spacing-right-large:1.92%;--awb-margin-bottom-large:20px;--awb-spacing-left-large:1.92%;--awb-width-medium:100%;--awb-order-medium:0;--awb-spacing-right-medium:1.92%;--awb-spacing-left-medium:1.92%;--awb-width-small:100%;--awb-order-small:0;--awb-spacing-right-small:1.92%;--awb-spacing-left-small:1.92%;\"><div class=\"fusion-column-wrapper fusion-column-has-shadow fusion-flex-justify-content-flex-start fusion-content-layout-column\"><div class=\"fusion-separator fusion-full-width-sep\" style=\"align-self: center;margin-left: auto;margin-right: auto;margin-top:10px;margin-bottom:10px;width:100%;\"><\/div><div class=\"fusion-title title fusion-title-8 fusion-sep-none fusion-title-text fusion-title-size-three\"><h3 class=\"fusion-title-heading title-heading-left\" style=\"margin:0;\"><b>5. Ubicaci\u00f3 i seguretat<\/b><\/h3><\/div><div class=\"fusion-text fusion-text-11\"><p><span style=\"font-weight: 400;\">El nostre allotjament per a estudiants a Girona est\u00e0 situat a una ubicaci\u00f3 excel\u00b7lent, en una zona verda molt tranquil\u00b7la de la ciutat. Resulta una opci\u00f3 ideal per a tots els estudiants de la Universitat de Girona, ja que la resid\u00e8ncia es comunica directament amb el seu campus universitari i s\u2019hi pot arribar caminant en pocs minuts. Aix\u00ed mateix, presenta una connexi\u00f3 ideal per accedir a qualsevol part de la ciutat.<\/span><\/p>\n<p><span style=\"font-weight: 400;\">A m\u00e9s a m\u00e9s, un dels avantatges principals de viure en una resid\u00e8ncia universit\u00e0ria \u00e9s la seguretat que aix\u00f2 comporta. Gr\u00e0cies a la suma de les normes comunit\u00e0ries i als professionals de la resid\u00e8ncia, s\u2019assegura un suport de fant\u00e0stica qualitat per a la tranquil\u00b7litat dels residents i les seves fam\u00edlies. <\/span><\/p>\n<\/div><\/div><\/div><\/div><\/div><div class=\"fusion-fullwidth fullwidth-box fusion-builder-row-4 fusion-flex-container has-pattern-background has-mask-background nonhundred-percent-fullwidth non-hundred-percent-height-scrolling\" style=\"--awb-border-radius-top-left:0px;--awb-border-radius-top-right:0px;--awb-border-radius-bottom-right:0px;--awb-border-radius-bottom-left:0px;--awb-flex-wrap:wrap;\" ><div class=\"fusion-builder-row fusion-row fusion-flex-align-items-flex-start fusion-flex-content-wrap\" style=\"max-width:1248px;margin-left: calc(-4% \/ 2 );margin-right: calc(-4% \/ 2 );\"><div class=\"fusion-layout-column fusion_builder_column fusion-builder-column-16 fusion_builder_column_1_1 1_1 fusion-flex-column\" style=\"--awb-bg-size:cover;--awb-width-large:100%;--awb-margin-top-large:0px;--awb-spacing-right-large:1.92%;--awb-margin-bottom-large:20px;--awb-spacing-left-large:1.92%;--awb-width-medium:100%;--awb-order-medium:0;--awb-spacing-right-medium:1.92%;--awb-spacing-left-medium:1.92%;--awb-width-small:100%;--awb-order-small:0;--awb-spacing-right-small:1.92%;--awb-spacing-left-small:1.92%;\"><div class=\"fusion-column-wrapper fusion-column-has-shadow fusion-flex-justify-content-flex-start fusion-content-layout-column\"><\/div><\/div><div class=\"fusion-layout-column fusion_builder_column fusion-builder-column-17 fusion_builder_column_1_2 1_2 fusion-flex-column\" style=\"--awb-bg-size:cover;--awb-width-large:50%;--awb-margin-top-large:0px;--awb-spacing-right-large:3.84%;--awb-margin-bottom-large:20px;--awb-spacing-left-large:3.84%;--awb-width-medium:50%;--awb-order-medium:0;--awb-spacing-right-medium:3.84%;--awb-spacing-left-medium:3.84%;--awb-width-small:100%;--awb-order-small:0;--awb-spacing-right-small:1.92%;--awb-spacing-left-small:1.92%;\"><div class=\"fusion-column-wrapper fusion-column-has-shadow fusion-flex-justify-content-flex-start fusion-content-layout-column\"><div class=\"fusion-image-element \" style=\"--awb-caption-title-font-family:var(--h2_typography-font-family);--awb-caption-title-font-weight:var(--h2_typography-font-weight);--awb-caption-title-font-style:var(--h2_typography-font-style);--awb-caption-title-size:var(--h2_typography-font-size);--awb-caption-title-transform:var(--h2_typography-text-transform);--awb-caption-title-line-height:var(--h2_typography-line-height);--awb-caption-title-letter-spacing:var(--h2_typography-letter-spacing);\"><span class=\" fusion-imageframe imageframe-none imageframe-4 hover-type-none\"><img decoding=\"async\" width=\"771\" height=\"500\" alt=\"Resid\u00e8ncia universit\u00e0ria Girona Montilivi\" title=\"Residencia universitaria Girona Montilivi 4\" src=\"https:\/\/www.unihabit.com\/wp-content\/uploads\/2022\/08\/Residencia-universitaria-Girona-Montilivi-4.webp\" class=\"img-responsive wp-image-9200\" srcset=\"https:\/\/www.unihabit.com\/wp-content\/uploads\/2022\/08\/Residencia-universitaria-Girona-Montilivi-4-200x130.webp 200w, https:\/\/www.unihabit.com\/wp-content\/uploads\/2022\/08\/Residencia-universitaria-Girona-Montilivi-4-300x195.webp 300w, https:\/\/www.unihabit.com\/wp-content\/uploads\/2022\/08\/Residencia-universitaria-Girona-Montilivi-4-400x259.webp 400w, https:\/\/www.unihabit.com\/wp-content\/uploads\/2022\/08\/Residencia-universitaria-Girona-Montilivi-4-600x389.webp 600w, https:\/\/www.unihabit.com\/wp-content\/uploads\/2022\/08\/Residencia-universitaria-Girona-Montilivi-4-768x498.webp 768w, https:\/\/www.unihabit.com\/wp-content\/uploads\/2022\/08\/Residencia-universitaria-Girona-Montilivi-4.webp 771w\" sizes=\"(max-width: 640px) 100vw, 600px\" \/><\/span><\/div><\/div><\/div><div class=\"fusion-layout-column fusion_builder_column fusion-builder-column-18 fusion_builder_column_1_2 1_2 fusion-flex-column\" style=\"--awb-bg-size:cover;--awb-width-large:50%;--awb-margin-top-large:0px;--awb-spacing-right-large:3.84%;--awb-margin-bottom-large:20px;--awb-spacing-left-large:3.84%;--awb-width-medium:50%;--awb-order-medium:0;--awb-spacing-right-medium:3.84%;--awb-spacing-left-medium:3.84%;--awb-width-small:100%;--awb-order-small:0;--awb-spacing-right-small:1.92%;--awb-spacing-left-small:1.92%;\"><div class=\"fusion-column-wrapper fusion-column-has-shadow fusion-flex-justify-content-flex-start fusion-content-layout-column\"><div class=\"fusion-title title fusion-title-9 fusion-sep-none fusion-title-text fusion-title-size-three\"><h3 class=\"fusion-title-heading title-heading-left\" style=\"margin:0;\"><b>Coneix m\u00e9s sobre la nostra resid\u00e8ncia universit\u00e0ria Girona Montilivi <\/b><\/h3><\/div><div class=\"fusion-text fusion-text-12\"><p><span style=\"font-weight: 400;\">A la resid\u00e8ncia universit\u00e0ria Girona Montilivi d\u2019Unihabit, ens esforcem per generar un ambient \u00fanic, c\u00e0lid i acollidor. D\u2019aquesta manera, els estudiants comptaran amb un espai que afavoreixi el seu desenvolupament personal i professional, durant la seva etapa universit\u00e0ria.\u00a0<\/span><\/p>\n<p><span style=\"font-weight: 400;\">Si vols obtenir m\u00e9s informaci\u00f3 sobre la nostra resid\u00e8ncia universit\u00e0ria de Girona Montilivi, pots contactar amb nosaltres per correu a info@unihabit.com, o per tel\u00e8fon al 935 953 953, o al 608 608 829.<\/span><\/p>\n<\/div><div ><a class=\"fusion-button button-flat fusion-button-default-size button-default fusion-button-default button-3 fusion-button-span-yes fusion-button-default-type\" target=\"_self\" title=\"Resid\u00e8ncia universit\u00e0ria Girona Montilivi\" aria-label=\"Resid\u00e8ncia universit\u00e0ria Girona Montilivi\" href=\"https:\/\/www.unihabit.com\/ca\/reserva-allotjament\/\"><span class=\"fusion-button-text awb-button__text awb-button__text--default\">Reserva el teu lloc<\/span><\/a><\/div><\/div><\/div><\/div><\/div><\/p>\n","protected":false},"excerpt":{"rendered":"","protected":false},"author":1,"featured_media":16486,"comment_status":"open","ping_status":"open","sticky":false,"template":"","format":"standard","meta":{"footnotes":""},"categories":[29,320,318],"tags":[],"class_list":["post-9213","post","type-post","status-publish","format-standard","has-post-thumbnail","hentry","category-blog","category-estudia-girona","category-unihabit-girona-blog"],"_links":{"self":[{"href":"https:\/\/www.unihabit.com\/ca\/wp-json\/wp\/v2\/posts\/9213","targetHints":{"allow":["GET"]}}],"collection":[{"href":"https:\/\/www.unihabit.com\/ca\/wp-json\/wp\/v2\/posts"}],"about":[{"href":"https:\/\/www.unihabit.com\/ca\/wp-json\/wp\/v2\/types\/post"}],"author":[{"embeddable":true,"href":"https:\/\/www.unihabit.com\/ca\/wp-json\/wp\/v2\/users\/1"}],"replies":[{"embeddable":true,"href":"https:\/\/www.unihabit.com\/ca\/wp-json\/wp\/v2\/comments?post=9213"}],"version-history":[{"count":3,"href":"https:\/\/www.unihabit.com\/ca\/wp-json\/wp\/v2\/posts\/9213\/revisions"}],"predecessor-version":[{"id":9216,"href":"https:\/\/www.unihabit.com\/ca\/wp-json\/wp\/v2\/posts\/9213\/revisions\/9216"}],"wp:featuredmedia":[{"embeddable":true,"href":"https:\/\/www.unihabit.com\/ca\/wp-json\/wp\/v2\/media\/16486"}],"wp:attachment":[{"href":"https:\/\/www.unihabit.com\/ca\/wp-json\/wp\/v2\/media?parent=9213"}],"wp:term":[{"taxonomy":"category","embeddable":true,"href":"https:\/\/www.unihabit.com\/ca\/wp-json\/wp\/v2\/categories?post=9213"},{"taxonomy":"post_tag","embeddable":true,"href":"https:\/\/www.unihabit.com\/ca\/wp-json\/wp\/v2\/tags?post=9213"}],"curies":[{"name":"wp","href":"https:\/\/api.w.org\/{rel}","templated":true}]}}