{"id":9518,"date":"2022-11-10T11:26:19","date_gmt":"2022-11-10T09:26:19","guid":{"rendered":"https:\/\/www.unihabit.com\/entrevista-a-gabi-y-paula\/"},"modified":"2025-03-26T16:27:17","modified_gmt":"2025-03-26T14:27:17","slug":"entrevista-a-gabi-i-paula","status":"publish","type":"post","link":"https:\/\/www.unihabit.com\/ca\/entrevista-a-gabi-i-paula\/","title":{"rendered":"Entrevista a Gabriel Di Giuseppe i Paula Bisordi"},"content":{"rendered":"<div class=\"fusion-fullwidth fullwidth-box fusion-builder-row-1 fusion-flex-container has-pattern-background has-mask-background nonhundred-percent-fullwidth non-hundred-percent-height-scrolling\" style=\"--awb-border-radius-top-left:0px;--awb-border-radius-top-right:0px;--awb-border-radius-bottom-right:0px;--awb-border-radius-bottom-left:0px;--awb-flex-wrap:wrap;\" ><div class=\"fusion-builder-row fusion-row fusion-flex-align-items-flex-start fusion-flex-content-wrap\" style=\"max-width:1248px;margin-left: calc(-4% \/ 2 );margin-right: calc(-4% \/ 2 );\"><div class=\"fusion-layout-column fusion_builder_column fusion-builder-column-0 fusion_builder_column_1_1 1_1 fusion-flex-column\" style=\"--awb-bg-size:cover;--awb-width-large:100%;--awb-margin-top-large:0px;--awb-spacing-right-large:1.92%;--awb-margin-bottom-large:20px;--awb-spacing-left-large:1.92%;--awb-width-medium:100%;--awb-order-medium:0;--awb-spacing-right-medium:1.92%;--awb-spacing-left-medium:1.92%;--awb-width-small:100%;--awb-order-small:0;--awb-spacing-right-small:1.92%;--awb-spacing-left-small:1.92%;\"><div class=\"fusion-column-wrapper fusion-column-has-shadow fusion-flex-justify-content-flex-start fusion-content-layout-column\"><div class=\"fusion-video fusion-youtube\" style=\"--awb-max-width:600px;--awb-max-height:360px;--awb-align-self:center;--awb-width:100%;\"><div class=\"video-shortcode\"><lite-youtube videoid=\"cYbKvhDPfjA\" class=\"landscape\" params=\"wmode=transparent&autoplay=1&amp;enablejsapi=1\" title=\"YouTube video player 1\" data-button-label=\"Play Video\" width=\"600\" height=\"360\" data-thumbnail-size=\"auto\" data-no-cookie=\"on\"><\/lite-youtube><\/div><\/div><\/div><\/div><div class=\"fusion-layout-column fusion_builder_column fusion-builder-column-1 fusion_builder_column_1_1 1_1 fusion-flex-column\" style=\"--awb-bg-size:cover;--awb-width-large:100%;--awb-margin-top-large:0px;--awb-spacing-right-large:1.92%;--awb-margin-bottom-large:20px;--awb-spacing-left-large:1.92%;--awb-width-medium:100%;--awb-order-medium:0;--awb-spacing-right-medium:1.92%;--awb-spacing-left-medium:1.92%;--awb-width-small:100%;--awb-order-small:0;--awb-spacing-right-small:1.92%;--awb-spacing-left-small:1.92%;\"><div class=\"fusion-column-wrapper fusion-column-has-shadow fusion-flex-justify-content-flex-start fusion-content-layout-column\"><div class=\"fusion-text fusion-text-1\"><p><span style=\"font-weight: 400;\">Gabriel i Paula s\u00f3n una parella entranyable de 28 anys que es va con\u00e8ixer a Alemanya i van decidir venir a viure junts a Unihabit.\u00a0<\/span><\/p>\n<p><span style=\"font-weight: 400;\">La Paula va n\u00e9ixer a Paraguai. No obstant aix\u00f2, la seva mare \u00e9s meitat argentina, meitat alemanya mentre que el seu pare comparteix arrels argentines i italianes. La Paula ha viscut durant m\u00e9s de deu anys a Anglaterra i, a hores d\u2019ara, est\u00e0 estudiant un m\u00e0ster en Sostenibilitat en el medi constru\u00eft a l\u2019ETSAV.\u00a0<\/span><\/p>\n<p><span style=\"font-weight: 400;\">Per altra banda, en Gabriel \u00e9s argent\u00ed i la seva \u00e0via era italiana. Est\u00e0 estudiant un m\u00e0ster en Sistemes autom\u00e0tics i electr\u00f2nica industrial.\u00a0<\/span><\/p>\n<p><b>A on us vau con\u00e8ixer?<\/b><\/p>\n<p><span style=\"font-weight: 400;\">G: Ens vam con\u00e8ixer a Alemanya i, aleshores, com ella vivia a Anglaterra, vam buscar un punt mitj\u00e0 per poder viure junts. Va ser llavors quan vam descobrir Unihabit i ens vam decidir a venir aqu\u00ed. Vam prendre aquesta decisi\u00f3 perqu\u00e8 viure en una resid\u00e8ncia et facilita la vida en molts aspectes i ens va ser molt f\u00e0cil tramitar les coses per venir aqu\u00ed.\u00a0<\/span><\/p>\n<p><span style=\"font-weight: 400;\">P: M\u2019encanta la idea de flexibilitat per adaptar-se que ens brinda la resid\u00e8ncia. A m\u00e9s, podem moure els mobles i configurar l\u2019habitaci\u00f3 al nostre gust.\u00a0<\/span><\/p>\n<p><b>Com us sentiu a Unihabit?<\/b><\/p>\n<p><span style=\"font-weight: 400;\">P: La veritat \u00e9s que estem de luxe.\u00a0<\/span><\/p>\n<p><span style=\"font-weight: 400;\">G: Totalment, hem viscut a altres pa\u00efsos com a professionals i ens hav\u00edem d\u2019encarregar, per exemple, del manteniment i aqu\u00ed no \u00e9s aix\u00ed. A Unihabit, si hi ha qualsevol imprevist, t\u2019ho solucionen al moment.\u00a0<\/span><\/p>\n<p><span style=\"font-weight: 400;\">P: El pis \u00e9s enorme! \u00c9s m\u00e9s gran que el pis on vivia a Anglaterra i pago la meitat. La veritat \u00e9s que no ens podem queixar en cap moment. Aix\u00ed mateix, hi ha molt bon ambient\u00a0 la resid\u00e8ncia d\u2019estudiants.\u00a0<\/span><\/p>\n<\/div><\/div><\/div><div class=\"fusion-layout-column fusion_builder_column fusion-builder-column-2 fusion_builder_column_1_2 1_2 fusion-flex-column fusion-flex-align-self-stretch\" style=\"--awb-bg-size:cover;--awb-width-large:50%;--awb-margin-top-large:0px;--awb-spacing-right-large:3.84%;--awb-margin-bottom-large:20px;--awb-spacing-left-large:3.84%;--awb-width-medium:50%;--awb-order-medium:0;--awb-spacing-right-medium:3.84%;--awb-spacing-left-medium:3.84%;--awb-width-small:100%;--awb-order-small:0;--awb-spacing-right-small:1.92%;--awb-spacing-left-small:1.92%;\"><div class=\"fusion-column-wrapper fusion-column-has-shadow fusion-flex-justify-content-center fusion-content-layout-column\"><div class=\"fusion-image-element \" style=\"text-align:center;--awb-caption-title-font-family:var(--h2_typography-font-family);--awb-caption-title-font-weight:var(--h2_typography-font-weight);--awb-caption-title-font-style:var(--h2_typography-font-style);--awb-caption-title-size:var(--h2_typography-font-size);--awb-caption-title-transform:var(--h2_typography-text-transform);--awb-caption-title-line-height:var(--h2_typography-line-height);--awb-caption-title-letter-spacing:var(--h2_typography-letter-spacing);\"><span class=\" fusion-imageframe imageframe-none imageframe-1 hover-type-none\"><img decoding=\"async\" width=\"1536\" height=\"2048\" title=\"PXL_20211127_163234551_exported_1857_1668078706462\" src=\"https:\/\/www.unihabit.com\/wp-content\/uploads\/2022\/11\/PXL_20211127_163234551_exported_1857_1668078706462-e1668094428410.jpg\" class=\"img-responsive wp-image-9521\" alt=\"\"><\/span><\/div><\/div><\/div><div class=\"fusion-layout-column fusion_builder_column fusion-builder-column-3 fusion_builder_column_1_2 1_2 fusion-flex-column\" style=\"--awb-bg-size:cover;--awb-width-large:50%;--awb-margin-top-large:0px;--awb-spacing-right-large:3.84%;--awb-margin-bottom-large:20px;--awb-spacing-left-large:3.84%;--awb-width-medium:50%;--awb-order-medium:0;--awb-spacing-right-medium:3.84%;--awb-spacing-left-medium:3.84%;--awb-width-small:100%;--awb-order-small:0;--awb-spacing-right-small:1.92%;--awb-spacing-left-small:1.92%;\"><div class=\"fusion-column-wrapper fusion-column-has-shadow fusion-flex-justify-content-flex-start fusion-content-layout-column\"><div class=\"fusion-text fusion-text-2\"><p><b>Qu\u00e8 opineu de la sostenibilitat com a societat?<\/b><\/p>\n<p><span style=\"font-weight: 400;\">P: Encara falta molt, la veritat. Per mi, el principal que hem d\u2019aconseguir \u00e9s evitar els pensaments apocal\u00edptics i estressar-nos excessivament amb el tema i pensar cadasc\u00fa amb el que est\u00e0 a les nostres mans en actes quotidians. L\u2019objectiu ha de ser arribar naturalment a una vida m\u00e9s sostenible.\u00a0<\/span><\/p>\n<p><b>Quins aven\u00e7os tecnol\u00f2gics hi haur\u00e0 d\u2019aqu\u00ed a 10 anys?<\/b><\/p>\n<p><span style=\"font-weight: 400;\">G: A la vida quotidiana, anem veient com la intel\u00b7lig\u00e8ncia artificial va canviant la nostra vida. Per exemple, des del meu ordinador, vaig poder crear una xarxa neuronal que mai pensava que podia arribar a ser possible. Aquesta, pot recon\u00e8ixer lletres de l\u2019abecedari i paraules, per analitzar-les o actuar posteriorment amb elles, \u00e9s una bestiesa. Crec que, en deu anys, les possibilitats s\u00f3n il\u00b7limitades.\u00a0<\/span><\/p>\n<p><b>A quina altra cosa t\u2019hauries dedicat?<\/b><\/p>\n<p><span style=\"font-weight: 400;\">P: Crec que seria <\/span><i><span style=\"font-weight: 400;\">wedding-planner.\u00a0<\/span><\/i><\/p>\n<p><span style=\"font-weight: 400;\">G: La veritat \u00e9s que no s\u00e9 qu\u00e8 seria.<\/span><\/p>\n<p><b>Com et defineixes?<\/b><\/p>\n<p><span style=\"font-weight: 400;\">G: Jo em defineixo com proactiu, amb molta voluntat i molt treballador.\u00a0<\/span><\/p>\n<p><span style=\"font-weight: 400;\">P: Jo em considero amistosa, crec? Jajaj, no ho s\u00e9, digues tu alguna (a Gabi, entre rialles)<\/span><\/p>\n<p><span style=\"font-weight: 400;\">G: Molt ambiciosa i excel\u00b7lent persona, evidentment.\u00a0<\/span><\/p>\n<\/div><\/div><\/div><div class=\"fusion-layout-column fusion_builder_column fusion-builder-column-4 fusion_builder_column_1_2 1_2 fusion-flex-column\" style=\"--awb-bg-size:cover;--awb-width-large:50%;--awb-margin-top-large:0px;--awb-spacing-right-large:3.84%;--awb-margin-bottom-large:20px;--awb-spacing-left-large:3.84%;--awb-width-medium:50%;--awb-order-medium:0;--awb-spacing-right-medium:3.84%;--awb-spacing-left-medium:3.84%;--awb-width-small:100%;--awb-order-small:0;--awb-spacing-right-small:1.92%;--awb-spacing-left-small:1.92%;\"><div class=\"fusion-column-wrapper fusion-column-has-shadow fusion-flex-justify-content-flex-start fusion-content-layout-column\"><div class=\"fusion-text fusion-text-3\"><p><b>Quins s\u00f3n els teus hobbies?<\/b><\/p>\n<p><span style=\"font-weight: 400;\">P: Sens dubte, el senderisme o qualsevol activitat a l\u2019aire lliure.\u00a0<\/span><\/p>\n<p><span style=\"font-weight: 400;\">G: Jo soc m\u00e9s de llegir llibres. Concretament, m\u2019encanten els d\u2019hist\u00f2ria. A m\u00e9s, m\u2019agrada anar al gimn\u00e0s i tocar la guitarra.\u00a0<\/span><\/p>\n<p><b>La teva s\u00e8rie preferida?<\/b><\/p>\n<p><span style=\"font-weight: 400;\">P: Friends. A qui no li agrada Friends?<\/span><\/p>\n<p><span style=\"font-weight: 400;\">G: A mi m\u2019agrada una semblant, <\/span><i><span style=\"font-weight: 400;\">How I Met Your Mother,<\/span><\/i><span style=\"font-weight: 400;\"> que en castell\u00e0 \u00e9s C\u00f3mo conoc\u00ed a vuestra madre.\u00a0<\/span><\/p>\n<p><b>Grup de m\u00fasica o cantant preferit?<\/b><\/p>\n<p><span style=\"font-weight: 400;\">G: Metallica.<\/span><\/p>\n<p><span style=\"font-weight: 400;\">P: Doncs crec que no en tinc cap de preferit, per\u00f2 m\u2019agrada molt Taylor Swift, Ed Sheeran, aquest estil. No obstant aix\u00f2, no tinc un que m\u2019escolti cada dia.<\/span><\/p>\n<p><b>Quin superpoder t\u2019agradaria tenir?<\/b><\/p>\n<p><span style=\"font-weight: 400;\">G: M\u2019encantaria volar perqu\u00e8 odio caminar.\u00a0<\/span><\/p>\n<p><span style=\"font-weight: 400;\">P: Jo tamb\u00e9, m\u2019encantaria poder volar, la veritat.\u00a0<\/span><\/p>\n<\/div><\/div><\/div><div class=\"fusion-layout-column fusion_builder_column fusion-builder-column-5 fusion_builder_column_1_2 1_2 fusion-flex-column fusion-flex-align-self-stretch\" style=\"--awb-bg-size:cover;--awb-width-large:50%;--awb-margin-top-large:0px;--awb-spacing-right-large:3.84%;--awb-margin-bottom-large:20px;--awb-spacing-left-large:3.84%;--awb-width-medium:50%;--awb-order-medium:0;--awb-spacing-right-medium:3.84%;--awb-spacing-left-medium:3.84%;--awb-width-small:100%;--awb-order-small:0;--awb-spacing-right-small:1.92%;--awb-spacing-left-small:1.92%;\"><div class=\"fusion-column-wrapper fusion-column-has-shadow fusion-flex-justify-content-center fusion-content-layout-column\"><div class=\"fusion-image-element \" style=\"text-align:center;--awb-caption-title-font-family:var(--h2_typography-font-family);--awb-caption-title-font-weight:var(--h2_typography-font-weight);--awb-caption-title-font-style:var(--h2_typography-font-style);--awb-caption-title-size:var(--h2_typography-font-size);--awb-caption-title-transform:var(--h2_typography-text-transform);--awb-caption-title-line-height:var(--h2_typography-line-height);--awb-caption-title-letter-spacing:var(--h2_typography-letter-spacing);\"><span class=\" fusion-imageframe imageframe-none imageframe-2 hover-type-none\"><img decoding=\"async\" width=\"627\" height=\"836\" title=\"IMG_6912\" src=\"https:\/\/www.unihabit.com\/wp-content\/uploads\/2022\/11\/IMG_6912.jpg\" class=\"img-responsive wp-image-9529\" srcset=\"https:\/\/www.unihabit.com\/wp-content\/uploads\/2022\/11\/IMG_6912-200x267.jpg 200w, https:\/\/www.unihabit.com\/wp-content\/uploads\/2022\/11\/IMG_6912-400x533.jpg 400w, https:\/\/www.unihabit.com\/wp-content\/uploads\/2022\/11\/IMG_6912-600x800.jpg 600w, https:\/\/www.unihabit.com\/wp-content\/uploads\/2022\/11\/IMG_6912.jpg 627w\" sizes=\"(max-width: 640px) 100vw, 600px\" alt=\"\"><\/span><\/div><\/div><\/div><div class=\"fusion-layout-column fusion_builder_column fusion-builder-column-6 fusion_builder_column_1_2 1_2 fusion-flex-column fusion-flex-align-self-stretch\" style=\"--awb-bg-size:cover;--awb-width-large:50%;--awb-margin-top-large:0px;--awb-spacing-right-large:3.84%;--awb-margin-bottom-large:20px;--awb-spacing-left-large:3.84%;--awb-width-medium:50%;--awb-order-medium:0;--awb-spacing-right-medium:3.84%;--awb-spacing-left-medium:3.84%;--awb-width-small:100%;--awb-order-small:0;--awb-spacing-right-small:1.92%;--awb-spacing-left-small:1.92%;\"><div class=\"fusion-column-wrapper fusion-column-has-shadow fusion-flex-justify-content-center fusion-content-layout-column\"><div class=\"fusion-image-element \" style=\"text-align:center;--awb-caption-title-font-family:var(--h2_typography-font-family);--awb-caption-title-font-weight:var(--h2_typography-font-weight);--awb-caption-title-font-style:var(--h2_typography-font-style);--awb-caption-title-size:var(--h2_typography-font-size);--awb-caption-title-transform:var(--h2_typography-text-transform);--awb-caption-title-line-height:var(--h2_typography-line-height);--awb-caption-title-letter-spacing:var(--h2_typography-letter-spacing);\"><span class=\" fusion-imageframe imageframe-none imageframe-3 hover-type-none\"><img decoding=\"async\" width=\"1920\" height=\"2560\" title=\"PXL_20210725_153315127\" src=\"https:\/\/www.unihabit.com\/wp-content\/uploads\/2022\/11\/PXL_20210725_153315127-scaled-e1668094862237.jpg\" class=\"img-responsive wp-image-9535\" alt=\"\"><\/span><\/div><\/div><\/div><div class=\"fusion-layout-column fusion_builder_column fusion-builder-column-7 fusion_builder_column_1_2 1_2 fusion-flex-column\" style=\"--awb-bg-size:cover;--awb-width-large:50%;--awb-margin-top-large:0px;--awb-spacing-right-large:3.84%;--awb-margin-bottom-large:20px;--awb-spacing-left-large:3.84%;--awb-width-medium:50%;--awb-order-medium:0;--awb-spacing-right-medium:3.84%;--awb-spacing-left-medium:3.84%;--awb-width-small:100%;--awb-order-small:0;--awb-spacing-right-small:1.92%;--awb-spacing-left-small:1.92%;\"><div class=\"fusion-column-wrapper fusion-column-has-shadow fusion-flex-justify-content-flex-start fusion-content-layout-column\"><div class=\"fusion-text fusion-text-4\"><p><b>Amb quin personatge hist\u00f2ric aniries a sopar?<\/b><\/p>\n<p><span style=\"font-weight: 400;\">P: Aquesta \u00e9s ben dif\u00edcil, me l\u2019han preguntat abans i mai s\u00e9 qu\u00e8 respondre per\u00f2 som-hi. \u00c9s estrany, per\u00f2 m\u2019encantaria con\u00e8ixer la tieta de la meva \u00e0via. Ella es va mudar d\u2019Alemanya a Argentina i, per aquella \u00e8poca, era molt feminista. Era bi\u00f2loga i fou una de les primeres en escalar una de les muntanyes m\u00e9s altes de la zona i va escriure diversos llibres. Per la seva \u00e8poca, era \u00fanica.\u00a0<\/span><\/p>\n<p><span style=\"font-weight: 400;\">G: M\u2019encantaria con\u00e8ixer a Nicola Tesla. Un tipus peculiar, per\u00f2 ben interessant.\u00a0<\/span><\/p>\n<p><b>Quin \u00e9s el teu menjar preferit?<\/b><\/p>\n<p><span style=\"font-weight: 400;\">P: El meu, Spetzle. \u00c9s un menjar alemany que em cuina sempre la meva \u00e0via pel dia del meu aniversari.\u00a0<\/span><\/p>\n<p><span style=\"font-weight: 400;\">G: Per a mi, la milanesa de carn amb patates fregides.\u00a0<\/span><\/p>\n<p><span style=\"font-weight: 400;\">P: I amb molta llimona! (rient)<\/span><\/p>\n<p><span style=\"font-weight: 400;\">G: Amb molta llimona! jajaja<\/span><\/p>\n<p><b>Viatjaries al passat o al futur?<\/b><\/p>\n<p><span style=\"font-weight: 400;\">P: Aniria a algun moment especial de la meva vida o alguna mem\u00f2ria que vulgui reviure.\u00a0<\/span><\/p>\n<p><span style=\"font-weight: 400;\">G: Jo aniria a con\u00e8ixer al meu avi, ja que va morir abans que jo naix\u00e9s.\u00a0<\/span><\/p>\n<p><b>Alguna recomanaci\u00f3 pels nous estudiants?<\/b><\/p>\n<p><span style=\"font-weight: 400;\">P: No rendir-se al principi. Els primers anys, encara t\u2019est\u00e0s acostumant, no entens res i fa bastant por. Crec que a tots ens costen bastant, sobretot, els primers dos anys i crec que una vegada superes aquesta fase, ja comences a entendre, et sents m\u00e9s tranquil i m\u00e9s segur i ja et comen\u00e7a a agradar la carrera. Si no t\u2019agrada en el primer mes, no t\u2019estressis, li passa a qualsevol.\u00a0<\/span><\/p>\n<p><span style=\"font-weight: 400;\">G: Jo sempre utilitzo el mantra del meu pare, que diu: la pitjor gesti\u00f3 \u00e9s la que no es fa. Sempre hem d\u2019intentar-ho, encara que sembli molt dif\u00edcil.\u00a0<\/span><\/p>\n<\/div><\/div><\/div><\/div><\/div>\n","protected":false},"excerpt":{"rendered":"","protected":false},"author":1,"featured_media":16508,"comment_status":"open","ping_status":"open","sticky":false,"template":"","format":"standard","meta":{"footnotes":""},"categories":[29,212,331,328],"tags":[],"class_list":["post-9518","post","type-post","status-publish","format-standard","has-post-thumbnail","hentry","category-blog","category-entrevistas-ca","category-estudiants-unihabit-sant-cugat","category-unihabit-sant-cugat-blog"],"_links":{"self":[{"href":"https:\/\/www.unihabit.com\/ca\/wp-json\/wp\/v2\/posts\/9518","targetHints":{"allow":["GET"]}}],"collection":[{"href":"https:\/\/www.unihabit.com\/ca\/wp-json\/wp\/v2\/posts"}],"about":[{"href":"https:\/\/www.unihabit.com\/ca\/wp-json\/wp\/v2\/types\/post"}],"author":[{"embeddable":true,"href":"https:\/\/www.unihabit.com\/ca\/wp-json\/wp\/v2\/users\/1"}],"replies":[{"embeddable":true,"href":"https:\/\/www.unihabit.com\/ca\/wp-json\/wp\/v2\/comments?post=9518"}],"version-history":[{"count":5,"href":"https:\/\/www.unihabit.com\/ca\/wp-json\/wp\/v2\/posts\/9518\/revisions"}],"predecessor-version":[{"id":9541,"href":"https:\/\/www.unihabit.com\/ca\/wp-json\/wp\/v2\/posts\/9518\/revisions\/9541"}],"wp:featuredmedia":[{"embeddable":true,"href":"https:\/\/www.unihabit.com\/ca\/wp-json\/wp\/v2\/media\/16508"}],"wp:attachment":[{"href":"https:\/\/www.unihabit.com\/ca\/wp-json\/wp\/v2\/media?parent=9518"}],"wp:term":[{"taxonomy":"category","embeddable":true,"href":"https:\/\/www.unihabit.com\/ca\/wp-json\/wp\/v2\/categories?post=9518"},{"taxonomy":"post_tag","embeddable":true,"href":"https:\/\/www.unihabit.com\/ca\/wp-json\/wp\/v2\/tags?post=9518"}],"curies":[{"name":"wp","href":"https:\/\/api.w.org\/{rel}","templated":true}]}}