{"id":9868,"date":"2026-01-13T11:00:36","date_gmt":"2026-01-13T09:00:36","guid":{"rendered":"https:\/\/www.unihabit.com\/salo-ensenyament-es\/"},"modified":"2026-01-13T22:02:47","modified_gmt":"2026-01-13T20:02:47","slug":"salo-de-lensenyament","status":"publish","type":"post","link":"https:\/\/www.unihabit.com\/ca\/salo-de-lensenyament\/","title":{"rendered":"Torna el Sal\u00f3 de l\u2019Ensenyament 2026: dates, novetats i tot el que oferir\u00e0"},"content":{"rendered":"<p><div class=\"fusion-fullwidth fullwidth-box fusion-builder-row-1 fusion-flex-container has-pattern-background has-mask-background nonhundred-percent-fullwidth non-hundred-percent-height-scrolling\" style=\"--awb-border-radius-top-left:0px;--awb-border-radius-top-right:0px;--awb-border-radius-bottom-right:0px;--awb-border-radius-bottom-left:0px;--awb-flex-wrap:wrap;\" ><div class=\"fusion-builder-row fusion-row fusion-flex-align-items-flex-start fusion-flex-content-wrap\" style=\"max-width:1248px;margin-left: calc(-4% \/ 2 );margin-right: calc(-4% \/ 2 );\"><div class=\"fusion-layout-column fusion_builder_column fusion-builder-column-0 fusion_builder_column_1_1 1_1 fusion-flex-column\" style=\"--awb-bg-size:cover;--awb-width-large:100%;--awb-margin-top-large:0px;--awb-spacing-right-large:1.92%;--awb-margin-bottom-large:20px;--awb-spacing-left-large:1.92%;--awb-width-medium:100%;--awb-order-medium:0;--awb-spacing-right-medium:1.92%;--awb-spacing-left-medium:1.92%;--awb-width-small:100%;--awb-order-small:0;--awb-spacing-right-small:1.92%;--awb-spacing-left-small:1.92%;\"><div class=\"fusion-column-wrapper fusion-column-has-shadow fusion-flex-justify-content-flex-start fusion-content-layout-column\"><div class=\"fusion-text fusion-text-1\">\n<\/div><\/div><\/div><div class=\"fusion-layout-column fusion_builder_column fusion-builder-column-1 fusion_builder_column_1_1 1_1 fusion-flex-column\" style=\"--awb-bg-size:cover;--awb-width-large:100%;--awb-margin-top-large:0px;--awb-spacing-right-large:1.92%;--awb-margin-bottom-large:20px;--awb-spacing-left-large:1.92%;--awb-width-medium:100%;--awb-order-medium:0;--awb-spacing-right-medium:1.92%;--awb-spacing-left-medium:1.92%;--awb-width-small:100%;--awb-order-small:0;--awb-spacing-right-small:1.92%;--awb-spacing-left-small:1.92%;\"><div class=\"fusion-column-wrapper fusion-column-has-shadow fusion-flex-justify-content-flex-start fusion-content-layout-column\"><div class=\"fusion-text fusion-text-2\"><div class=\"flex max-w-full flex-col flex-grow\">\n<p><span style=\"font-weight: 400;\">Amb l\u2019arribada del nou any, destaquem una nova edici\u00f3 del <\/span><b>Sal\u00f3 de l\u2019Ensenyament 2026<\/b><span style=\"font-weight: 400;\">. Aquesta fira, que se celebra anualment a Catalunya, s\u2019ha consolidat com un esdeveniment imprescindible per a l\u2019orientaci\u00f3 dels futurs estudiants universitaris i, en moltes ocasions, suposa la primera presa de contacte dels joves amb el seu futur acad\u00e8mic i professional.<\/span><\/p>\n<p><span style=\"font-weight: 400;\">El <\/span><b>Sal\u00f3 de l\u2019Ensenyament 2026<\/b><span style=\"font-weight: 400;\"> \u00e9s una de les fires educatives i formatives m\u00e9s importants d\u2019Espanya. En aquesta trobada, els estudiants tenen l\u2019oportunitat d\u2019informar-se sobre totes les ofertes educatives actuals, incloent-hi els cicles de <\/span><b>Formaci\u00f3 Professional<\/b><span style=\"font-weight: 400;\">, el <\/span><b>Batxillerat<\/b><span style=\"font-weight: 400;\">, els <\/span><b>graus universitaris<\/b><span style=\"font-weight: 400;\"> i les <\/span><b>formacions de grau superior<\/b><span style=\"font-weight: 400;\">, aix\u00ed com els estudis de <\/span><b>postgrau i m\u00e0ster<\/b><span style=\"font-weight: 400;\">. En els darrers anys, el sal\u00f3 ha refor\u00e7at especialment el pes de la FP i ha ampliat els seus serveis d\u2019orientaci\u00f3 amb noves eines digitals i recursos personalitzats, una l\u00ednia iniciada en edicions anteriors com el <\/span><b>Sal\u00f3 de l\u2019Ensenyament 2024<\/b><span style=\"font-weight: 400;\"> i consolidada el 2025.<\/span><\/p>\n<p><span style=\"font-weight: 400;\">La <\/span><b>35a edici\u00f3 del Sal\u00f3 de l\u2019Ensenyament 2026<\/b><span style=\"font-weight: 400;\"> se celebrar\u00e0 del <\/span><b>18 al 22 de mar\u00e7 de 2026<\/b><span style=\"font-weight: 400;\"> als palaus <\/span><b>1 i 2 de la Pla\u00e7a de l\u2019Univers (Avda. Reina Maria Cristina)<\/b><span style=\"font-weight: 400;\"> del recinte de <\/span><b>Montju\u00efc \u2013 Fira de Barcelona<\/b><span style=\"font-weight: 400;\">. Aquesta nova edici\u00f3 del <\/span><b>Sal\u00f3 de l\u2019Ensenyament 2026<\/b><span style=\"font-weight: 400;\"> espera acollir l\u2019oferta m\u00e9s completa d\u2019estudis universitaris, superiors i complementaris, i mantindr\u00e0 serveis ja consolidats com el <\/span><b>canal de consultes per WhatsApp<\/b><span style=\"font-weight: 400;\">, que s\u2019activar\u00e0 abans de l\u2019esdeveniment i que s\u2019ha convertit en una de les eines m\u00e9s ben valorades per estudiants i fam\u00edlies.<\/span><\/p>\n<div class=\"min-h-8 text-message flex w-full flex-col items-end gap-2 whitespace-normal break-words text-start &#091;.text-message+&amp;&#093;:mt-5\" dir=\"auto\" data-message-author-role=\"assistant\" data-message-id=\"698b790b-a10f-445f-9046-1cc35f9981f0\" data-message-model-slug=\"gpt-4o\">\n<div class=\"flex w-full flex-col gap-1 empty:hidden first:pt-&#091;3px&#093;\">\n<div class=\"markdown prose w-full break-words dark:prose-invert light\"><\/div>\n<\/div>\n<\/div>\n<\/div>\n<\/div><div style=\"text-align:center;\"><a class=\"fusion-button button-flat fusion-button-default-size button-default fusion-button-default button-1 fusion-button-default-span fusion-button-default-type\" target=\"_self\" title=\"sal\u00f3 de l&#039;ensenyament 2023\" aria-label=\"sal\u00f3 de l&#039;ensenyament 2023\" href=\"https:\/\/www.unihabit.com\/ca\/5-raons-per-les-quals-estudiar-a-barcelona\/\"><span class=\"fusion-button-text awb-button__text awb-button__text--default\">5 raons per les quals estudiar a Barcelona val la pena<\/span><\/a><\/div><div class=\"fusion-title title fusion-title-1 fusion-sep-none fusion-title-text fusion-title-size-two\"><h2 class=\"fusion-title-heading title-heading-left\" style=\"margin:0;\"><b>On comprar les entrades per el Sal\u00f3 de l\u2019Ensenyament 2026?<\/b><\/h2><\/div><div class=\"fusion-text fusion-text-3\"><p><span style=\"font-weight: 400;\">Les entrades per accedir al <\/span><b>Sal\u00f3 de l\u2019Ensenyament 2026<\/b><span style=\"font-weight: 400;\"> es podran comprar a trav\u00e9s de la <\/span><b>p\u00e0gina web oficial del <\/b><a href=\"https:\/\/www.ensenyament.com\/\" target=\"_blank\" rel=\"noopener\"><span style=\"font-weight: 400;\">Sal\u00f3 de l\u2019Ensenyament<\/span><\/a><span style=\"font-weight: 400;\">.<\/span><\/p>\n<p><span style=\"font-weight: 400;\">Els tipus d\u2019entrada disponibles s\u00f3n:<\/span><\/p>\n<ul>\n<li style=\"font-weight: 400;\" aria-level=\"1\"><b>Entrada General<\/b><span style=\"font-weight: 400;\">: amb l\u2019entrada general tindr\u00e0s acc\u00e9s a totes les activitats del sal\u00f3.<\/span><span style=\"font-weight: 400;\"><br \/>\n<\/span><\/li>\n<li style=\"font-weight: 400;\" aria-level=\"1\"><b>Entrada General \u2013 Carnet Jove<\/b><span style=\"font-weight: 400;\">: si vius a Catalunya i disposes del Carnet Jove, podr\u00e0s beneficiar-te d\u2019un descompte en l\u2019entrada al recinte i accedir a totes les activitats del sal\u00f3.<\/span><span style=\"font-weight: 400;\"><br \/>\n<\/span><\/li>\n<li style=\"font-weight: 400;\" aria-level=\"1\"><b>Entrada Grup Escolar<\/b><span style=\"font-weight: 400;\">: destinada a centres educatius; amb un m\u00ednim de 10 estudiants, les entrades permeten l\u2019acc\u00e9s a totes les activitats del sal\u00f3.<\/span><\/li>\n<\/ul>\n<\/div><div class=\"fusion-title title fusion-title-2 fusion-sep-none fusion-title-text fusion-title-size-two\"><h2 class=\"fusion-title-heading title-heading-left\" style=\"margin:0;\"><b>Qu\u00e8 trobar\u00e0s <\/b><b>al Sal\u00f3 de l\u2019Ensenyament 2026?<\/b><\/h2><\/div><div class=\"fusion-text fusion-text-4\"><p><span style=\"font-weight: 400;\">En aquesta nova edici\u00f3 del <\/span><b>Sal\u00f3 de l\u2019Ensenyament 2026<\/b><span style=\"font-weight: 400;\"> es presentaran diversos serveis orientades a refor\u00e7ar l\u2019assessorament i l\u2019orientaci\u00f3 abans, durant i despr\u00e9s de la visita al sal\u00f3.<\/span><\/p>\n<p><span style=\"font-weight: 400;\">Entre els principals serveis destaquen:<\/span><\/p>\n<ul>\n<li style=\"font-weight: 400;\" aria-level=\"1\"><b>Servei de consulta per WhatsApp<\/b><span style=\"font-weight: 400;\">: aquest servei s\u2019activar\u00e0 del <\/span><b>3 al 25 de mar\u00e7<\/b><span style=\"font-weight: 400;\"> i del <\/span><b>31 de mar\u00e7 al 4 d\u2019abril<\/b><span style=\"font-weight: 400;\">, permetent als assistents accedir directament als orientadors del Sal\u00f3 de l\u2019Ensenyament abans i despr\u00e9s de la celebraci\u00f3 de l\u2019esdeveniment.<\/span><\/li>\n<li style=\"font-weight: 400;\" aria-level=\"1\"><b>Orienta Kit \u2013 Impulsa\u2019t<\/b><span style=\"font-weight: 400;\">: aquesta eina gamificada acompanya els estudiants des d\u2019etapes primerenques fins a la presa de decisions i l\u2019autoconeixement.<\/span><\/li>\n<li style=\"font-weight: 400;\" aria-level=\"1\"><b>Visites guiades<\/b><span style=\"font-weight: 400;\">: cada 30 minuts, estudiants, professorat i fam\u00edlies podran participar en recorreguts orientadors per con\u00e8ixer tota l\u2019oferta formativa present al sal\u00f3.<\/span><\/li>\n<li style=\"font-weight: 400;\" aria-level=\"1\"><b>Tallers Ep!<\/b><span style=\"font-weight: 400;\">: durant els dies del Sal\u00f3 de l\u2019Ensenyament, els alumnes i les fam\u00edlies podran gaudir d\u2019activitats enfocades a l\u2019orientaci\u00f3.<\/span><\/li>\n<li style=\"font-weight: 400;\" aria-level=\"1\"><b>Tallers \u2018L\u2019aventura d\u2019escollir\u2019<\/b><span style=\"font-weight: 400;\">: els tallers dirigits a les fam\u00edlies durant l\u2019esdeveniment permeten afrontar i donar suport al proc\u00e9s de tria dels estudiants de manera senzilla, posant en valor la guia <\/span><b>Kitbox fam\u00edlies<\/b><span style=\"font-weight: 400;\">.<\/span><\/li>\n<li style=\"font-weight: 400;\" aria-level=\"1\"><b>Assessorament personalitzat<\/b><span style=\"font-weight: 400;\">: el Sal\u00f3 de l\u2019Ensenyament disposa d\u2019assessorament personalitzat que t\u2019ajudar\u00e0 a adaptar-te a les teves prefer\u00e8ncies.<\/span><\/li>\n<li style=\"font-weight: 400;\" aria-level=\"1\"><b>Live! Instagram<\/b><span style=\"font-weight: 400;\">: es duran a terme <\/span><b>2 confer\u00e8ncies en l\u00ednia<\/b><span style=\"font-weight: 400;\"> durant les dues setmanes pr\u00e8vies al Sal\u00f3 de l\u2019Ensenyament amb explicacions sobre serveis, expositors, etc.<\/span><\/li>\n<li style=\"font-weight: 400;\" aria-level=\"1\"><b>Eines en l\u00ednia<\/b>: els estudiants i les fam\u00edlies disposen de punts d\u2019informaci\u00f3 amb ordinadors per a consultories en l\u00ednia d\u2019assessorament.<\/li>\n<\/ul>\n<\/div><\/div><\/div><\/div><\/div><div class=\"fusion-fullwidth fullwidth-box fusion-builder-row-2 fusion-flex-container has-pattern-background has-mask-background nonhundred-percent-fullwidth non-hundred-percent-height-scrolling\" style=\"--awb-border-radius-top-left:0px;--awb-border-radius-top-right:0px;--awb-border-radius-bottom-right:0px;--awb-border-radius-bottom-left:0px;--awb-flex-wrap:wrap;\" ><div class=\"fusion-builder-row fusion-row fusion-flex-align-items-flex-start fusion-flex-content-wrap\" style=\"max-width:1248px;margin-left: calc(-4% \/ 2 );margin-right: calc(-4% \/ 2 );\"><div class=\"fusion-layout-column fusion_builder_column fusion-builder-column-2 fusion_builder_column_1_2 1_2 fusion-flex-column fusion-flex-align-self-stretch\" style=\"--awb-bg-size:cover;--awb-width-large:50%;--awb-margin-top-large:0px;--awb-spacing-right-large:3.84%;--awb-margin-bottom-large:20px;--awb-spacing-left-large:3.84%;--awb-width-medium:50%;--awb-order-medium:0;--awb-spacing-right-medium:3.84%;--awb-spacing-left-medium:3.84%;--awb-width-small:100%;--awb-order-small:0;--awb-spacing-right-small:1.92%;--awb-spacing-left-small:1.92%;\"><div class=\"fusion-column-wrapper fusion-column-has-shadow fusion-flex-justify-content-center fusion-content-layout-column\"><div class=\"fusion-title title fusion-title-3 fusion-sep-none fusion-title-text fusion-title-size-two\"><h2 class=\"fusion-title-heading title-heading-left\" style=\"margin:0;\"><b>\u00a0Les 6 activitats que no et pots perdre al Sal\u00f3 de l\u2019Ensenyament 2026<\/b><\/h2><\/div><div class=\"fusion-text fusion-text-5\"><p><span style=\"font-weight: 400;\">El <\/span><b>Sal\u00f3 de l\u2019Ensenyament 2026<\/b><span style=\"font-weight: 400;\"> oferir\u00e0 diferents tallers i activitats, tant per a estudiants com per a professors i familiars, amb l\u2019objectiu d\u2019ajudar i facilitar l\u2019elecci\u00f3 de la carrera formativa als alumnes. Amb aquest objectiu, s\u2019ofereix informaci\u00f3 en profunditat sobre les caracter\u00edstiques i els itineraris de tota l\u2019oferta acad\u00e8mica existent.<\/span><\/p>\n<p><span style=\"font-weight: 400;\">Durant l\u2019esdeveniment participaran professionals de l\u2019\u00e0mbit acad\u00e8mic i laboral que, a trav\u00e9s de xerrades i activitats pr\u00e0ctiques, ajudaran l\u2019alumnat en la seva orientaci\u00f3 professional.<\/span><\/p>\n<p><span style=\"font-weight: 400;\">A continuaci\u00f3, destaquem les activitats que no et pots perdre:<\/span><\/p>\n<\/div><\/div><\/div><div class=\"fusion-layout-column fusion_builder_column fusion-builder-column-3 fusion_builder_column_1_2 1_2 fusion-flex-column fusion-flex-align-self-stretch\" style=\"--awb-bg-size:cover;--awb-width-large:50%;--awb-margin-top-large:0px;--awb-spacing-right-large:3.84%;--awb-margin-bottom-large:20px;--awb-spacing-left-large:3.84%;--awb-width-medium:50%;--awb-order-medium:0;--awb-spacing-right-medium:3.84%;--awb-spacing-left-medium:3.84%;--awb-width-small:100%;--awb-order-small:0;--awb-spacing-right-small:1.92%;--awb-spacing-left-small:1.92%;\"><div class=\"fusion-column-wrapper fusion-column-has-shadow fusion-flex-justify-content-center fusion-content-layout-column\"><div class=\"fusion-image-element \" style=\"text-align:center;--awb-caption-title-font-family:var(--h2_typography-font-family);--awb-caption-title-font-weight:var(--h2_typography-font-weight);--awb-caption-title-font-style:var(--h2_typography-font-style);--awb-caption-title-size:var(--h2_typography-font-size);--awb-caption-title-transform:var(--h2_typography-text-transform);--awb-caption-title-line-height:var(--h2_typography-line-height);--awb-caption-title-letter-spacing:var(--h2_typography-letter-spacing);\"><span class=\" fusion-imageframe imageframe-none imageframe-1 hover-type-none\"><img decoding=\"async\" width=\"2560\" height=\"1709\" alt=\"sal\u00f3 de l&#039;ensenyament 2023\" title=\"salo ensenyment\" src=\"https:\/\/www.unihabit.com\/wp-content\/uploads\/2025\/01\/salo-ensenyament-scaled.jpg\" class=\"img-responsive wp-image-15154\" srcset=\"https:\/\/www.unihabit.com\/wp-content\/uploads\/2025\/01\/salo-ensenyament-200x134.jpg 200w, https:\/\/www.unihabit.com\/wp-content\/uploads\/2025\/01\/salo-ensenyament-400x267.jpg 400w, https:\/\/www.unihabit.com\/wp-content\/uploads\/2025\/01\/salo-ensenyament-600x401.jpg 600w, https:\/\/www.unihabit.com\/wp-content\/uploads\/2025\/01\/salo-ensenyament-800x534.jpg 800w, https:\/\/www.unihabit.com\/wp-content\/uploads\/2025\/01\/salo-ensenyament-1200x801.jpg 1200w, https:\/\/www.unihabit.com\/wp-content\/uploads\/2025\/01\/salo-ensenyament-scaled.jpg 2560w\" sizes=\"(max-width: 640px) 100vw, 600px\" \/><\/span><\/div><\/div><\/div><\/div><\/div><div class=\"fusion-fullwidth fullwidth-box fusion-builder-row-3 fusion-flex-container has-pattern-background has-mask-background nonhundred-percent-fullwidth non-hundred-percent-height-scrolling\" style=\"--awb-border-radius-top-left:0px;--awb-border-radius-top-right:0px;--awb-border-radius-bottom-right:0px;--awb-border-radius-bottom-left:0px;--awb-flex-wrap:wrap;\" ><div class=\"fusion-builder-row fusion-row fusion-flex-align-items-flex-start fusion-flex-content-wrap\" style=\"max-width:1248px;margin-left: calc(-4% \/ 2 );margin-right: calc(-4% \/ 2 );\"><div class=\"fusion-layout-column fusion_builder_column fusion-builder-column-4 fusion_builder_column_1_2 1_2 fusion-flex-column fusion-flex-align-self-stretch\" style=\"--awb-bg-size:cover;--awb-width-large:50%;--awb-margin-top-large:0px;--awb-spacing-right-large:3.84%;--awb-margin-bottom-large:20px;--awb-spacing-left-large:3.84%;--awb-width-medium:50%;--awb-order-medium:0;--awb-spacing-right-medium:3.84%;--awb-spacing-left-medium:3.84%;--awb-width-small:100%;--awb-order-small:0;--awb-spacing-right-small:1.92%;--awb-spacing-left-small:1.92%;\"><div class=\"fusion-column-wrapper fusion-column-has-shadow fusion-flex-justify-content-center fusion-content-layout-column\"><div class=\"fusion-image-element \" style=\"text-align:center;--awb-caption-title-font-family:var(--h2_typography-font-family);--awb-caption-title-font-weight:var(--h2_typography-font-weight);--awb-caption-title-font-style:var(--h2_typography-font-style);--awb-caption-title-size:var(--h2_typography-font-size);--awb-caption-title-transform:var(--h2_typography-text-transform);--awb-caption-title-line-height:var(--h2_typography-line-height);--awb-caption-title-letter-spacing:var(--h2_typography-letter-spacing);\"><span class=\" fusion-imageframe imageframe-none imageframe-2 hover-type-none\"><img decoding=\"async\" width=\"2560\" height=\"1707\" alt=\"sal\u00f3 de l&#039;ensenyament 2023\" title=\"actividades salo ensenyament\" src=\"https:\/\/www.unihabit.com\/wp-content\/uploads\/2025\/01\/actividades-salo-ensenyament-4-scaled.jpg\" class=\"img-responsive wp-image-15151\" srcset=\"https:\/\/www.unihabit.com\/wp-content\/uploads\/2025\/01\/actividades-salo-ensenyament-4-200x133.jpg 200w, https:\/\/www.unihabit.com\/wp-content\/uploads\/2025\/01\/actividades-salo-ensenyament-4-400x267.jpg 400w, https:\/\/www.unihabit.com\/wp-content\/uploads\/2025\/01\/actividades-salo-ensenyament-4-600x400.jpg 600w, https:\/\/www.unihabit.com\/wp-content\/uploads\/2025\/01\/actividades-salo-ensenyament-4-800x533.jpg 800w, https:\/\/www.unihabit.com\/wp-content\/uploads\/2025\/01\/actividades-salo-ensenyament-4-1200x800.jpg 1200w, https:\/\/www.unihabit.com\/wp-content\/uploads\/2025\/01\/actividades-salo-ensenyament-4-scaled.jpg 2560w\" sizes=\"(max-width: 640px) 100vw, 600px\" \/><\/span><\/div><\/div><\/div><div class=\"fusion-layout-column fusion_builder_column fusion-builder-column-5 fusion_builder_column_1_2 1_2 fusion-flex-column fusion-flex-align-self-stretch\" style=\"--awb-bg-size:cover;--awb-width-large:50%;--awb-margin-top-large:0px;--awb-spacing-right-large:3.84%;--awb-margin-bottom-large:20px;--awb-spacing-left-large:3.84%;--awb-width-medium:50%;--awb-order-medium:0;--awb-spacing-right-medium:3.84%;--awb-spacing-left-medium:3.84%;--awb-width-small:100%;--awb-order-small:0;--awb-spacing-right-small:1.92%;--awb-spacing-left-small:1.92%;\"><div class=\"fusion-column-wrapper fusion-column-has-shadow fusion-flex-justify-content-center fusion-content-layout-column\"><ul style=\"--awb-iconcolor:var(--awb-color6);--awb-line-height:27.2px;--awb-icon-width:27.2px;--awb-icon-height:27.2px;--awb-icon-margin:11.2px;--awb-content-margin:38.4px;\" class=\"fusion-checklist fusion-checklist-1 fusion-checklist-default type-icons\"><li class=\"fusion-li-item\" style=\"\"><span class=\"icon-wrapper circle-no\"><i class=\"fusion-li-icon awb-icon-check\" aria-hidden=\"true\"><\/i><\/span><div class=\"fusion-li-item-content\">\n<p><b>Aula de tecnologies multim\u00e8dia<\/b><span style=\"font-weight: 400;\">: demostracions i activitats relacionades amb les tecnologies multim\u00e8dia, la realitat virtual i la fotografia digital, organitzades pel Centre de la Imatge i la Tecnologia Multim\u00e8dia (CITM).<\/span><\/p>\n<\/div><\/li><li class=\"fusion-li-item\" style=\"\"><span class=\"icon-wrapper circle-no\"><i class=\"fusion-li-icon awb-icon-check\" aria-hidden=\"true\"><\/i><\/span><div class=\"fusion-li-item-content\">\n<p><b>Espai ci\u00e8ncia<\/b><span style=\"font-weight: 400;\">: \u00c9s un espai de divulgaci\u00f3 cient\u00edfica, centrat en joves de 15 a 18 anys, integrat per universitats, centres i institucions de recerca. Ofereix un programa de tallers, activitats interactives i experiments cient\u00edfics per fomentar les vocacions cient\u00edfiques i t\u00e8cniques.<\/span><\/p>\n<\/div><\/li><li class=\"fusion-li-item\" style=\"\"><span class=\"icon-wrapper circle-no\"><i class=\"fusion-li-icon awb-icon-check\" aria-hidden=\"true\"><\/i><\/span><div class=\"fusion-li-item-content\">\n<p><b>Sal\u00f3 d\u2019idiomes<\/b><span style=\"font-weight: 400;\">: Aqu\u00ed trobar\u00e0s una \u00e0mplia oferta de cursos d\u2019idiomes, tant a nivell nacional com internacional.<\/span><\/p>\n<\/div><\/li><li class=\"fusion-li-item\" style=\"\"><span class=\"icon-wrapper circle-no\"><i class=\"fusion-li-icon awb-icon-check\" aria-hidden=\"true\"><\/i><\/span><div class=\"fusion-li-item-content\">\n<p><b>Tallers i altres activitats<\/b><span style=\"font-weight: 400;\">: El Sal\u00f3 de l\u2019Ensenyament <\/span><span style=\"font-weight: 400;\">2026 <\/span><span style=\"font-weight: 400;\">posa a la vostra disposici\u00f3 altres tallers i activitats com, per exemple, els tallers de Flash FM i les demostracions del Departament d\u2019Educaci\u00f3.<\/span><\/p>\n<\/div><\/li><li class=\"fusion-li-item\" style=\"\"><span class=\"icon-wrapper circle-no\"><i class=\"fusion-li-icon awb-icon-check\" aria-hidden=\"true\"><\/i><\/span><div class=\"fusion-li-item-content\">\n<p><b>Activitats esportives<\/b><span style=\"font-weight: 400;\">: A la Pla\u00e7a de l\u2019Univers se celebraran activitats esportives durant cada dia del Sal\u00f3 de l\u2019Ensenyament <\/span><span style=\"font-weight: 400;\">2026<\/span><span style=\"font-weight: 400;\">.<\/span><\/p>\n<\/div><\/li><li class=\"fusion-li-item\" style=\"\"><span class=\"icon-wrapper circle-no\"><i class=\"fusion-li-icon awb-icon-check\" aria-hidden=\"true\"><\/i><\/span><div class=\"fusion-li-item-content\">\n<p><b>KITBOX<\/b><span style=\"font-weight: 400;\">: Aquest \u00e9s un material imprescindible per a les escoles, ja que est\u00e0 dissenyat per ajudar el professorat a orientar el futur dels seus alumnes. En l\u2019edici\u00f3 passada, com a novetat, es va incloure una versi\u00f3 perqu\u00e8 les fam\u00edlies tamb\u00e9 puguin participar en aquest proc\u00e9s ajudant els seus fills en la presa de decisions.<\/span><\/p>\n<\/div><\/li><\/ul><\/div><\/div><div class=\"fusion-layout-column fusion_builder_column fusion-builder-column-6 fusion_builder_column_1_1 1_1 fusion-flex-column fusion-flex-align-self-stretch\" style=\"--awb-bg-size:cover;--awb-width-large:100%;--awb-margin-top-large:0px;--awb-spacing-right-large:1.92%;--awb-margin-bottom-large:20px;--awb-spacing-left-large:1.92%;--awb-width-medium:100%;--awb-order-medium:0;--awb-spacing-right-medium:1.92%;--awb-spacing-left-medium:1.92%;--awb-width-small:100%;--awb-order-small:0;--awb-spacing-right-small:1.92%;--awb-spacing-left-small:1.92%;\"><div class=\"fusion-column-wrapper fusion-column-has-shadow fusion-flex-justify-content-center fusion-content-layout-column\"><div class=\"fusion-separator fusion-full-width-sep\" style=\"align-self: center;margin-left: auto;margin-right: auto;margin-top:10px;margin-bottom:10px;width:100%;\"><\/div><div class=\"fusion-image-element \" style=\"text-align:center;--awb-caption-title-font-family:var(--h2_typography-font-family);--awb-caption-title-font-weight:var(--h2_typography-font-weight);--awb-caption-title-font-style:var(--h2_typography-font-style);--awb-caption-title-size:var(--h2_typography-font-size);--awb-caption-title-transform:var(--h2_typography-text-transform);--awb-caption-title-line-height:var(--h2_typography-line-height);--awb-caption-title-letter-spacing:var(--h2_typography-letter-spacing);\"><span class=\" fusion-imageframe imageframe-none imageframe-3 hover-type-none\"><img decoding=\"async\" width=\"1024\" height=\"683\" alt=\"salo-de-l-ensenyament-2026-activitats\" title=\"salo-de-l-ensenyament-2026-activitats\" src=\"https:\/\/www.unihabit.com\/wp-content\/uploads\/2026\/01\/salo-de-l-ensenyament-2026-actividades-1024x683.jpg\" class=\"img-responsive wp-image-18170\" srcset=\"https:\/\/www.unihabit.com\/wp-content\/uploads\/2026\/01\/salo-de-l-ensenyament-2026-actividades-200x133.jpg 200w, https:\/\/www.unihabit.com\/wp-content\/uploads\/2026\/01\/salo-de-l-ensenyament-2026-actividades-400x267.jpg 400w, https:\/\/www.unihabit.com\/wp-content\/uploads\/2026\/01\/salo-de-l-ensenyament-2026-actividades-600x400.jpg 600w, https:\/\/www.unihabit.com\/wp-content\/uploads\/2026\/01\/salo-de-l-ensenyament-2026-actividades-800x533.jpg 800w, https:\/\/www.unihabit.com\/wp-content\/uploads\/2026\/01\/salo-de-l-ensenyament-2026-actividades-1200x800.jpg 1200w\" sizes=\"(max-width: 640px) 100vw, 1200px\" \/><\/span><\/div><div style=\"text-align:center;\"><a class=\"fusion-button button-flat fusion-button-default-size button-default fusion-button-default button-2 fusion-button-default-span fusion-button-default-type\" style=\"--button_margin-top:20px;\" target=\"_self\" title=\"sal\u00f3 de l&#039;ensenyament 2023\" aria-label=\"sal\u00f3 de l&#039;ensenyament 2023\"><span class=\"fusion-button-text awb-button__text awb-button__text--default\">Et planteges estudiar fora de casa?<\/span><\/a><\/div><div class=\"fusion-separator fusion-full-width-sep\" style=\"align-self: center;margin-left: auto;margin-right: auto;margin-top:10px;margin-bottom:10px;width:100%;\"><\/div><div class=\"fusion-text fusion-text-6\"><p><span style=\"font-weight: 400;\">Si est\u00e0s valorant estudiar en una altra ciutat, con\u00e8ixer com \u00e9s el dia a dia en una resid\u00e8ncia universit\u00e0ria pot ajudar-te a prendre una millor decisi\u00f3. T\u2019expliquem tots els detalls al nostre article sobre <\/span><a href=\"https:\/\/www.unihabit.com\/ca\/com-es-viure-en-una-residencia-universitaria\/\"><span style=\"font-weight: 400;\">com \u00e9s viure en una resid\u00e8ncia universit\u00e0ria<\/span><\/a><span style=\"font-weight: 400;\">.<\/span><\/p>\n<\/div><\/div><\/div><\/div><\/div><div class=\"fusion-fullwidth fullwidth-box fusion-builder-row-4 fusion-flex-container has-pattern-background has-mask-background nonhundred-percent-fullwidth non-hundred-percent-height-scrolling\" style=\"--awb-border-radius-top-left:0px;--awb-border-radius-top-right:0px;--awb-border-radius-bottom-right:0px;--awb-border-radius-bottom-left:0px;--awb-flex-wrap:wrap;\" ><div class=\"fusion-builder-row fusion-row fusion-flex-align-items-flex-start fusion-flex-content-wrap\" style=\"max-width:1248px;margin-left: calc(-4% \/ 2 );margin-right: calc(-4% \/ 2 );\"><div class=\"fusion-layout-column fusion_builder_column fusion-builder-column-7 fusion_builder_column_1_1 1_1 fusion-flex-column\" style=\"--awb-bg-size:cover;--awb-width-large:100%;--awb-margin-top-large:0px;--awb-spacing-right-large:1.92%;--awb-margin-bottom-large:20px;--awb-spacing-left-large:1.92%;--awb-width-medium:100%;--awb-order-medium:0;--awb-spacing-right-medium:1.92%;--awb-spacing-left-medium:1.92%;--awb-width-small:100%;--awb-order-small:0;--awb-spacing-right-small:1.92%;--awb-spacing-left-small:1.92%;\"><div class=\"fusion-column-wrapper fusion-column-has-shadow fusion-flex-justify-content-flex-start fusion-content-layout-column\"><div class=\"fusion-title title fusion-title-4 fusion-sep-none fusion-title-text fusion-title-size-three\"><h3 class=\"fusion-title-heading title-heading-left\" style=\"margin:0;\"><b>Serveis d\u2019orientaci\u00f3 per a estudiants del Sal\u00f3 de l\u2019Ensenyament 2026<\/b><\/h3><\/div><div class=\"fusion-text fusion-text-7 fusion-text-no-margin\" style=\"--awb-margin-bottom:0px;\"><p>Al <b>Sal\u00f3 de l\u2019Ensenyament 2026<\/b> tamb\u00e9 trobar\u00e0s serveis d\u2019orientaci\u00f3 educativa i professional. Aquests inclouen activitats i material d\u2019orientaci\u00f3, aix\u00ed com serveis de consulta per ajudar-te a reflexionar sobre els teus interessos i habilitats, amb l\u2019objectiu de facilitar el teu proc\u00e9s de decisi\u00f3 en la carrera educativa i ocupacional.<\/p>\n<p><span style=\"font-weight: 400;\">A continuaci\u00f3, et deixem la llista de totes les activitats disponibles:<\/span><\/p>\n<\/div><\/div><\/div><div class=\"fusion-layout-column fusion_builder_column fusion-builder-column-8 fusion_builder_column_1_2 1_2 fusion-flex-column fusion-flex-align-self-stretch\" style=\"--awb-bg-size:cover;--awb-width-large:50%;--awb-margin-top-large:0px;--awb-spacing-right-large:3.84%;--awb-margin-bottom-large:20px;--awb-spacing-left-large:3.84%;--awb-width-medium:50%;--awb-order-medium:0;--awb-spacing-right-medium:3.84%;--awb-spacing-left-medium:3.84%;--awb-width-small:100%;--awb-order-small:0;--awb-spacing-right-small:1.92%;--awb-spacing-left-small:1.92%;\"><div class=\"fusion-column-wrapper fusion-column-has-shadow fusion-flex-justify-content-center fusion-content-layout-column\"><ul style=\"--awb-iconcolor:var(--awb-color6);--awb-line-height:27.2px;--awb-icon-width:27.2px;--awb-icon-height:27.2px;--awb-icon-margin:11.2px;--awb-content-margin:38.4px;\" class=\"fusion-checklist fusion-checklist-2 fusion-checklist-default type-icons\"><li class=\"fusion-li-item\" style=\"\"><span class=\"icon-wrapper circle-no\"><i class=\"fusion-li-icon awb-icon-check\" aria-hidden=\"true\"><\/i><\/span><div class=\"fusion-li-item-content\">\n<p><b>C\u00e0psules Update<\/b><span style=\"font-weight: 400;\">: seminaris adre\u00e7ats al professorat amb l\u2019objectiu d\u2019ajudar aquest col\u00b7lectiu en la seva funci\u00f3 com a orientadors de l\u2019alumnat, proporcionant-los totes les eines necess\u00e0ries per col\u00b7laborar en aquest proc\u00e9s.<\/span><\/p>\n<\/div><\/li><li class=\"fusion-li-item\" style=\"\"><span class=\"icon-wrapper circle-no\"><i class=\"fusion-li-icon awb-icon-check\" aria-hidden=\"true\"><\/i><\/span><div class=\"fusion-li-item-content\">\n<p><b>Tallers EP<\/b><span style=\"font-weight: 400;\">: xerrades de diferents tem\u00e0tiques, en les quals es treballaran diverses \u00e0rees, que van des de la mobilitat internacional fins als processos de presa de decisions i d\u2019autoconeixement.<\/span><\/p>\n<\/div><\/li><li class=\"fusion-li-item\" style=\"\"><span class=\"icon-wrapper circle-no\"><i class=\"fusion-li-icon awb-icon-check\" aria-hidden=\"true\"><\/i><\/span><div class=\"fusion-li-item-content\">\n<p><b>Visites guiades<\/b><span style=\"font-weight: 400;\">: visites de 30 minuts, adre\u00e7ades a alumnes, professorat i fam\u00edlies, que tenen com a objectiu ubicar i mostrar tota l\u2019oferta formativa present al Sal\u00f3, facilitant el proc\u00e9s d\u2019orientaci\u00f3 i de presa de decisions.<\/span><\/p>\n<\/div><\/li><\/ul><\/div><\/div><div class=\"fusion-layout-column fusion_builder_column fusion-builder-column-9 fusion_builder_column_1_2 1_2 fusion-flex-column fusion-flex-align-self-stretch\" style=\"--awb-bg-size:cover;--awb-width-large:50%;--awb-margin-top-large:0px;--awb-spacing-right-large:3.84%;--awb-margin-bottom-large:20px;--awb-spacing-left-large:3.84%;--awb-width-medium:50%;--awb-order-medium:0;--awb-spacing-right-medium:3.84%;--awb-spacing-left-medium:3.84%;--awb-width-small:100%;--awb-order-small:0;--awb-spacing-right-small:1.92%;--awb-spacing-left-small:1.92%;\"><div class=\"fusion-column-wrapper fusion-column-has-shadow fusion-flex-justify-content-center fusion-content-layout-column\"><div class=\"fusion-image-element \" style=\"text-align:center;--awb-caption-title-font-family:var(--h2_typography-font-family);--awb-caption-title-font-weight:var(--h2_typography-font-weight);--awb-caption-title-font-style:var(--h2_typography-font-style);--awb-caption-title-size:var(--h2_typography-font-size);--awb-caption-title-transform:var(--h2_typography-text-transform);--awb-caption-title-line-height:var(--h2_typography-line-height);--awb-caption-title-letter-spacing:var(--h2_typography-letter-spacing);\"><span class=\" fusion-imageframe imageframe-none imageframe-4 hover-type-none\"><img decoding=\"async\" width=\"555\" height=\"430\" alt=\"sal\u00f3 de l&#039;ensenyament 2023\" title=\"salo ensenyament barcelona\" src=\"https:\/\/www.unihabit.com\/wp-content\/uploads\/2025\/01\/salo-ensenyament-barcelona.jpg\" class=\"img-responsive wp-image-15136\" srcset=\"https:\/\/www.unihabit.com\/wp-content\/uploads\/2025\/01\/salo-ensenyament-barcelona-200x155.jpg 200w, https:\/\/www.unihabit.com\/wp-content\/uploads\/2025\/01\/salo-ensenyament-barcelona-400x310.jpg 400w, https:\/\/www.unihabit.com\/wp-content\/uploads\/2025\/01\/salo-ensenyament-barcelona.jpg 555w\" sizes=\"(max-width: 640px) 100vw, 555px\" \/><\/span><\/div><\/div><\/div><div class=\"fusion-layout-column fusion_builder_column fusion-builder-column-10 fusion_builder_column_1_1 1_1 fusion-flex-column\" style=\"--awb-bg-size:cover;--awb-width-large:100%;--awb-margin-top-large:0px;--awb-spacing-right-large:1.92%;--awb-margin-bottom-large:20px;--awb-spacing-left-large:1.92%;--awb-width-medium:100%;--awb-order-medium:0;--awb-spacing-right-medium:1.92%;--awb-spacing-left-medium:1.92%;--awb-width-small:100%;--awb-order-small:0;--awb-spacing-right-small:1.92%;--awb-spacing-left-small:1.92%;\"><div class=\"fusion-column-wrapper fusion-column-has-shadow fusion-flex-justify-content-flex-start fusion-content-layout-column\"><div class=\"fusion-text fusion-text-8\"><p><span style=\"font-weight: 400;\">Per poder participar en les activitats del <\/span><b>Sal\u00f3 de l\u2019Ensenyament 2026<\/b><span style=\"font-weight: 400;\">, haur\u00e0s d\u2019inscriure\u2019t pr\u00e8viament a la seva <\/span><a href=\"https:\/\/www.ensenyament.com\/\" target=\"_blank\" rel=\"noopener\"><span style=\"font-weight: 400;\">p\u00e0gina web<\/span><\/a><span style=\"font-weight: 400;\"> oficial. Si encara no tens clar cap a on encaminar la teva carrera formativa o professional, aquest esdeveniment \u00e9s una oportunitat clau per resoldre dubtes i con\u00e8ixer de primera m\u00e0 totes les opcions disponibles.<\/span><\/p>\n<\/div><\/div><\/div><\/div><\/div><div class=\"fusion-fullwidth fullwidth-box fusion-builder-row-5 fusion-flex-container has-pattern-background has-mask-background nonhundred-percent-fullwidth non-hundred-percent-height-scrolling\" style=\"--awb-border-radius-top-left:0px;--awb-border-radius-top-right:0px;--awb-border-radius-bottom-right:0px;--awb-border-radius-bottom-left:0px;--awb-flex-wrap:wrap;\" ><div class=\"fusion-builder-row fusion-row fusion-flex-align-items-flex-start fusion-flex-content-wrap\" style=\"max-width:1248px;margin-left: calc(-4% \/ 2 );margin-right: calc(-4% \/ 2 );\"><div class=\"fusion-layout-column fusion_builder_column fusion-builder-column-11 fusion_builder_column_1_1 1_1 fusion-flex-column fusion-flex-align-self-stretch\" style=\"--awb-bg-size:cover;--awb-width-large:100%;--awb-margin-top-large:0px;--awb-spacing-right-large:1.92%;--awb-margin-bottom-large:20px;--awb-spacing-left-large:1.92%;--awb-width-medium:100%;--awb-order-medium:0;--awb-spacing-right-medium:1.92%;--awb-spacing-left-medium:1.92%;--awb-width-small:100%;--awb-order-small:0;--awb-spacing-right-small:1.92%;--awb-spacing-left-small:1.92%;\"><div class=\"fusion-column-wrapper fusion-column-has-shadow fusion-flex-justify-content-center fusion-content-layout-column\"><div class=\"fusion-title title fusion-title-5 fusion-sep-none fusion-title-text fusion-title-size-two\"><h2 class=\"fusion-title-heading title-heading-left\" style=\"margin:0;\"><b>\u00a0Les 12 universitats de Catalunya que estaran presents al Sal\u00f3 de l\u2019Ensenyament 2026<\/b><\/h2><\/div><div class=\"fusion-text fusion-text-9 fusion-text-no-margin\" style=\"--awb-margin-bottom:0px;\"><p><span style=\"font-weight: 400;\">El <\/span><b>Sal\u00f3 de l\u2019Ensenyament 2026<\/b><span style=\"font-weight: 400;\"> comptar\u00e0 amb la participaci\u00f3 de les 12 universitats del sistema universitari catal\u00e0. Cadascuna disposar\u00e0 d\u2019un espai propi, en el qual oferir\u00e0 informaci\u00f3 sobre l\u2019oferta de titulacions disponible a les seves facultats i escoles, aix\u00ed com altres serveis dels seus campus, com ara idiomes, esports o allotjament.<\/span><\/p>\n<p><span style=\"font-weight: 400;\">A continuaci\u00f3, et deixem el llistat de les universitats que trobar\u00e0s al pavell\u00f3 1 del recinte:<\/span><\/p>\n<\/div><\/div><\/div><div class=\"fusion-layout-column fusion_builder_column fusion-builder-column-12 fusion_builder_column_1_2 1_2 fusion-flex-column fusion-flex-align-self-stretch\" style=\"--awb-bg-size:cover;--awb-width-large:50%;--awb-margin-top-large:0px;--awb-spacing-right-large:3.84%;--awb-margin-bottom-large:20px;--awb-spacing-left-large:3.84%;--awb-width-medium:50%;--awb-order-medium:0;--awb-spacing-right-medium:3.84%;--awb-spacing-left-medium:3.84%;--awb-width-small:100%;--awb-order-small:0;--awb-spacing-right-small:1.92%;--awb-spacing-left-small:1.92%;\"><div class=\"fusion-column-wrapper fusion-column-has-shadow fusion-flex-justify-content-center fusion-content-layout-column\"><div class=\"fusion-image-element \" style=\"text-align:center;--awb-caption-title-font-family:var(--h2_typography-font-family);--awb-caption-title-font-weight:var(--h2_typography-font-weight);--awb-caption-title-font-style:var(--h2_typography-font-style);--awb-caption-title-size:var(--h2_typography-font-size);--awb-caption-title-transform:var(--h2_typography-text-transform);--awb-caption-title-line-height:var(--h2_typography-line-height);--awb-caption-title-letter-spacing:var(--h2_typography-letter-spacing);\"><span class=\" fusion-imageframe imageframe-none imageframe-5 hover-type-none\"><img decoding=\"async\" width=\"1024\" height=\"683\" alt=\"sal\u00f3 de l&#039;ensenyament 2023\" title=\"salo-de-l-ensenyament-2026-universitats\" src=\"https:\/\/www.unihabit.com\/wp-content\/uploads\/2026\/01\/salo-de-l-ensenyament-2026-unversidades-1024x683.jpg\" class=\"img-responsive wp-image-18175\" srcset=\"https:\/\/www.unihabit.com\/wp-content\/uploads\/2026\/01\/salo-de-l-ensenyament-2026-unversidades-200x133.jpg 200w, https:\/\/www.unihabit.com\/wp-content\/uploads\/2026\/01\/salo-de-l-ensenyament-2026-unversidades-400x267.jpg 400w, https:\/\/www.unihabit.com\/wp-content\/uploads\/2026\/01\/salo-de-l-ensenyament-2026-unversidades-600x400.jpg 600w, https:\/\/www.unihabit.com\/wp-content\/uploads\/2026\/01\/salo-de-l-ensenyament-2026-unversidades-800x533.jpg 800w, https:\/\/www.unihabit.com\/wp-content\/uploads\/2026\/01\/salo-de-l-ensenyament-2026-unversidades-1200x800.jpg 1200w\" sizes=\"(max-width: 640px) 100vw, 600px\" \/><\/span><\/div><\/div><\/div><div class=\"fusion-layout-column fusion_builder_column fusion-builder-column-13 fusion_builder_column_1_2 1_2 fusion-flex-column\" style=\"--awb-bg-size:cover;--awb-width-large:50%;--awb-margin-top-large:0px;--awb-spacing-right-large:3.84%;--awb-margin-bottom-large:20px;--awb-spacing-left-large:3.84%;--awb-width-medium:50%;--awb-order-medium:0;--awb-spacing-right-medium:3.84%;--awb-spacing-left-medium:3.84%;--awb-width-small:100%;--awb-order-small:0;--awb-spacing-right-small:1.92%;--awb-spacing-left-small:1.92%;\"><div class=\"fusion-column-wrapper fusion-column-has-shadow fusion-flex-justify-content-flex-start fusion-content-layout-column\"><ul style=\"--awb-iconcolor:var(--awb-color6);--awb-line-height:27.2px;--awb-icon-width:27.2px;--awb-icon-height:27.2px;--awb-icon-margin:11.2px;--awb-content-margin:38.4px;\" class=\"fusion-checklist fusion-checklist-3 fusion-checklist-default type-icons\"><li class=\"fusion-li-item\" style=\"\"><span class=\"icon-wrapper circle-no\"><i class=\"fusion-li-icon awb-icon-check\" aria-hidden=\"true\"><\/i><\/span><div class=\"fusion-li-item-content\">\n<p><a href=\"https:\/\/web.ub.edu\/web\/ub\/\" target=\"_blank\" rel=\"noopener\"><strong>Universitat de Barcelona<\/strong><\/a> (p\u00fablica)<\/p>\n<\/div><\/li><li class=\"fusion-li-item\" style=\"\"><span class=\"icon-wrapper circle-no\"><i class=\"fusion-li-icon awb-icon-check\" aria-hidden=\"true\"><\/i><\/span><div class=\"fusion-li-item-content\">\n<p><a href=\"https:\/\/www.uab.cat\/\" target=\"_blank\" rel=\"noopener\"><strong>Universitat Aut\u00f2noma de Barcelona<\/strong><\/a> (p\u00fablica)<\/p>\n<\/div><\/li><li class=\"fusion-li-item\" style=\"\"><span class=\"icon-wrapper circle-no\"><i class=\"fusion-li-icon awb-icon-check\" aria-hidden=\"true\"><\/i><\/span><div class=\"fusion-li-item-content\">\n<p><a href=\"https:\/\/www.upc.edu\/ca\" target=\"_blank\" rel=\"noopener\"><strong>Universitat Polit\u00e8cnica de Catalunya<\/strong><\/a> (p\u00fablica)<\/p>\n<\/div><\/li><li class=\"fusion-li-item\" style=\"\"><span class=\"icon-wrapper circle-no\"><i class=\"fusion-li-icon awb-icon-check\" aria-hidden=\"true\"><\/i><\/span><div class=\"fusion-li-item-content\">\n<p><a href=\"https:\/\/www.upf.edu\/\" target=\"_blank\" rel=\"noopener\"><strong>Universitat Pompeu Fabra<\/strong><\/a> (p\u00fablica)<\/p>\n<\/div><\/li><li class=\"fusion-li-item\" style=\"\"><span class=\"icon-wrapper circle-no\"><i class=\"fusion-li-icon awb-icon-check\" aria-hidden=\"true\"><\/i><\/span><div class=\"fusion-li-item-content\">\n<p><a href=\"https:\/\/www.udl.cat\/ca\/\" target=\"_blank\" rel=\"noopener\"><strong>Universitat de Lleida<\/strong><\/a> (p\u00fablica)<\/p>\n<\/div><\/li><li class=\"fusion-li-item\" style=\"\"><span class=\"icon-wrapper circle-no\"><i class=\"fusion-li-icon awb-icon-check\" aria-hidden=\"true\"><\/i><\/span><div class=\"fusion-li-item-content\">\n<p><a href=\"https:\/\/www.udg.edu\/ca\/\" target=\"_blank\" rel=\"noopener\"><strong>Universitat de Girona<\/strong><\/a> (p\u00fablica)<\/p>\n<\/div><\/li><li class=\"fusion-li-item\" style=\"\"><span class=\"icon-wrapper circle-no\"><i class=\"fusion-li-icon awb-icon-check\" aria-hidden=\"true\"><\/i><\/span><div class=\"fusion-li-item-content\">\n<p><a href=\"https:\/\/www.urv.cat\/ca\/\" target=\"_blank\" rel=\"noopener\"><strong>Universitat Rovira i Virgili<\/strong><\/a> (p\u00fablica)<\/p>\n<\/div><\/li><li class=\"fusion-li-item\" style=\"\"><span class=\"icon-wrapper circle-no\"><i class=\"fusion-li-icon awb-icon-check\" aria-hidden=\"true\"><\/i><\/span><div class=\"fusion-li-item-content\">\n<p><a href=\"https:\/\/www.url.edu\/ca\" target=\"_blank\" rel=\"noopener\"><strong>Universitat Ramon Llull<\/strong><\/a> (privada)<\/p>\n<\/div><\/li><li class=\"fusion-li-item\" style=\"\"><span class=\"icon-wrapper circle-no\"><i class=\"fusion-li-icon awb-icon-check\" aria-hidden=\"true\"><\/i><\/span><div class=\"fusion-li-item-content\">\n<p><a href=\"https:\/\/www.uvic.cat\/\" target=\"_blank\" rel=\"noopener\"><strong>Universitat de Vic &#8211; Universitat Central de Catalunya<\/strong><\/a> (privada)<\/p>\n<\/div><\/li><li class=\"fusion-li-item\" style=\"\"><span class=\"icon-wrapper circle-no\"><i class=\"fusion-li-icon awb-icon-check\" aria-hidden=\"true\"><\/i><\/span><div class=\"fusion-li-item-content\">\n<p><a href=\"https:\/\/www.uic.es\/ca?utm_source=GoogleAds&amp;utm_medium=CPC&amp;utm_campaign=Corpo_search&amp;gclid=Cj0KCQiA3eGfBhCeARIsACpJNU8ohETGJtR3uVuSI6h0xHep6a3MeaQclJ9xWGmy2zeoq-0RllPJ6VsaAqNrEALw_wcB\" target=\"_blank\" rel=\"noopener\"><strong>Universitat Internacional de Catalunya<\/strong><\/a> (privada)<\/p>\n<\/div><\/li><li class=\"fusion-li-item\" style=\"\"><span class=\"icon-wrapper circle-no\"><i class=\"fusion-li-icon awb-icon-check\" aria-hidden=\"true\"><\/i><\/span><div class=\"fusion-li-item-content\">\n<p><a href=\"https:\/\/grados.uaoceu.es\/ca\" target=\"_blank\" rel=\"noopener\"><strong>Universitat Abat Oliba CEU<\/strong><\/a> (privada)<\/p>\n<\/div><\/li><li class=\"fusion-li-item\" style=\"\"><span class=\"icon-wrapper circle-no\"><i class=\"fusion-li-icon awb-icon-check\" aria-hidden=\"true\"><\/i><\/span><div class=\"fusion-li-item-content\">\n<p><a href=\"https:\/\/www.uoc.edu\/ca\/estudis\" target=\"_blank\" rel=\"noopener\"><strong>Universitat Oberta de Catalunya<\/strong><\/a> (no presencial)<\/p>\n<\/div><\/li><\/ul><\/div><\/div><div class=\"fusion-layout-column fusion_builder_column fusion-builder-column-14 fusion_builder_column_1_1 1_1 fusion-flex-column\" style=\"--awb-bg-size:cover;--awb-width-large:100%;--awb-margin-top-large:0px;--awb-spacing-right-large:1.92%;--awb-margin-bottom-large:20px;--awb-spacing-left-large:1.92%;--awb-width-medium:100%;--awb-order-medium:0;--awb-spacing-right-medium:1.92%;--awb-spacing-left-medium:1.92%;--awb-width-small:100%;--awb-order-small:0;--awb-spacing-right-small:1.92%;--awb-spacing-left-small:1.92%;\"><div class=\"fusion-column-wrapper fusion-column-has-shadow fusion-flex-justify-content-flex-start fusion-content-layout-column\"><div class=\"fusion-text fusion-text-10\"><p><span style=\"font-weight: 400;\">Abans d\u2019assistir al <\/span><b>Sal\u00f3 de l\u2019Ensenyament 2026<\/b><span style=\"font-weight: 400;\">, et recomanem explorar els llocs web de les universitats que estaran presents a la fira, per con\u00e8ixer amb detall quina \u00e9s la seva oferta formativa.<\/span><\/p>\n<\/div><\/div><\/div><\/div><\/div><div class=\"fusion-fullwidth fullwidth-box fusion-builder-row-6 fusion-flex-container has-pattern-background has-mask-background nonhundred-percent-fullwidth non-hundred-percent-height-scrolling\" style=\"--awb-border-radius-top-left:0px;--awb-border-radius-top-right:0px;--awb-border-radius-bottom-right:0px;--awb-border-radius-bottom-left:0px;--awb-flex-wrap:wrap;\" ><div class=\"fusion-builder-row fusion-row fusion-flex-align-items-flex-start fusion-flex-content-wrap\" style=\"max-width:1248px;margin-left: calc(-4% \/ 2 );margin-right: calc(-4% \/ 2 );\"><div class=\"fusion-layout-column fusion_builder_column fusion-builder-column-15 fusion_builder_column_1_1 1_1 fusion-flex-column\" style=\"--awb-bg-size:cover;--awb-width-large:100%;--awb-margin-top-large:0px;--awb-spacing-right-large:1.92%;--awb-margin-bottom-large:20px;--awb-spacing-left-large:1.92%;--awb-width-medium:100%;--awb-order-medium:0;--awb-spacing-right-medium:1.92%;--awb-spacing-left-medium:1.92%;--awb-width-small:100%;--awb-order-small:0;--awb-spacing-right-small:1.92%;--awb-spacing-left-small:1.92%;\"><div class=\"fusion-column-wrapper fusion-column-has-shadow fusion-flex-justify-content-flex-start fusion-content-layout-column\"><div class=\"fusion-title title fusion-title-6 fusion-sep-none fusion-title-text fusion-title-size-three\"><h3 class=\"fusion-title-heading title-heading-left\" style=\"margin:0;\"><b>Les carreres amb m\u00e9s sortida laboral<\/b><\/h3><\/div><div class=\"fusion-text fusion-text-11 fusion-text-no-margin\" style=\"--awb-margin-bottom:10px;\"><p><span style=\"font-weight: 400;\">Apart de con\u00e8ixer <\/span><span style=\"font-weight: 400;\">les universitats que seran presents al sal\u00f3, al <\/span><b>Sal\u00f3 de l\u2019Ensenyament 2026<\/b><span style=\"font-weight: 400;\"> tamb\u00e9 \u00e9s important con\u00e8ixer quines s\u00f3n les carreres i formacions amb m\u00e9s sortida laboral. Aquest \u00e9s un criteri que molts alumnes posen a la balan\u00e7a a l\u2019hora d\u2019escollir el seu futur professional.<\/span><\/p>\n<p><span style=\"font-weight: 400;\">Entre les titulacions amb m\u00e9s sortida laboral, destaquen:<\/span><\/p>\n<\/div><ul style=\"--awb-iconcolor:var(--awb-color6);--awb-line-height:27.2px;--awb-icon-width:27.2px;--awb-icon-height:27.2px;--awb-icon-margin:11.2px;--awb-content-margin:38.4px;\" class=\"fusion-checklist fusion-checklist-4 fusion-checklist-default type-icons\"><li class=\"fusion-li-item\" style=\"\"><span class=\"icon-wrapper circle-no\"><i class=\"fusion-li-icon awb-icon-check\" aria-hidden=\"true\"><\/i><\/span><div class=\"fusion-li-item-content\">\n<p>Medicina<\/p>\n<\/div><\/li><li class=\"fusion-li-item\" style=\"\"><span class=\"icon-wrapper circle-no\"><i class=\"fusion-li-icon awb-icon-check\" aria-hidden=\"true\"><\/i><\/span><div class=\"fusion-li-item-content\">\n<p>Psicologia<\/p>\n<\/div><\/li><li class=\"fusion-li-item\" style=\"\"><span class=\"icon-wrapper circle-no\"><i class=\"fusion-li-icon awb-icon-check\" aria-hidden=\"true\"><\/i><\/span><div class=\"fusion-li-item-content\">\n<p>Administraci\u00f3 i Direcci\u00f3 d&#8217;empreses<\/p>\n<\/div><\/li><li class=\"fusion-li-item\" style=\"\"><span class=\"icon-wrapper circle-no\"><i class=\"fusion-li-icon awb-icon-check\" aria-hidden=\"true\"><\/i><\/span><div class=\"fusion-li-item-content\">\n<p>Infermeria<\/p>\n<\/div><\/li><li class=\"fusion-li-item\" style=\"\"><span class=\"icon-wrapper circle-no\"><i class=\"fusion-li-icon awb-icon-check\" aria-hidden=\"true\"><\/i><\/span><div class=\"fusion-li-item-content\">\n<p>Odontologia<\/p>\n<\/div><\/li><\/ul><div class=\"fusion-text fusion-text-12 fusion-text-no-margin\" style=\"--awb-margin-bottom:10px;\"><p><span style=\"font-weight: 400;\">En els darrers anys, la <\/span><b>Formaci\u00f3 Professional<\/b><span style=\"font-weight: 400;\"> ha guanyat un pes destacat per la seva alta ocupabilitat i la seva r\u00e0pida inserci\u00f3 al mercat laboral. Si vols aprofundir en aquesta opci\u00f3, pots consultar el nostre article sobre <\/span><a href=\"https:\/\/www.unihabit.com\/ca\/fp-amb-mes-sortides-al-mon-laboral\/\"><b>FP amb m\u00e9s sortides laborals<\/b><span style=\"font-weight: 400;\">, <\/span><\/a><span style=\"font-weight: 400;\">on analitzem els cicles formatius amb m\u00e9s demanda i millors perspectives laborals a Espanya.<\/span><\/p>\n<\/div><\/div><\/div><\/div><\/div><div class=\"fusion-fullwidth fullwidth-box fusion-builder-row-7 fusion-flex-container has-pattern-background has-mask-background nonhundred-percent-fullwidth non-hundred-percent-height-scrolling\" style=\"--awb-border-radius-top-left:0px;--awb-border-radius-top-right:0px;--awb-border-radius-bottom-right:0px;--awb-border-radius-bottom-left:0px;--awb-flex-wrap:wrap;\" ><div class=\"fusion-builder-row fusion-row fusion-flex-align-items-flex-start fusion-flex-content-wrap\" style=\"max-width:1248px;margin-left: calc(-4% \/ 2 );margin-right: calc(-4% \/ 2 );\"><div class=\"fusion-layout-column fusion_builder_column fusion-builder-column-16 fusion_builder_column_1_1 1_1 fusion-flex-column\" style=\"--awb-bg-size:cover;--awb-width-large:100%;--awb-margin-top-large:0px;--awb-spacing-right-large:1.92%;--awb-margin-bottom-large:20px;--awb-spacing-left-large:1.92%;--awb-width-medium:100%;--awb-order-medium:0;--awb-spacing-right-medium:1.92%;--awb-spacing-left-medium:1.92%;--awb-width-small:100%;--awb-order-small:0;--awb-spacing-right-small:1.92%;--awb-spacing-left-small:1.92%;\"><div class=\"fusion-column-wrapper fusion-column-has-shadow fusion-flex-justify-content-flex-start fusion-content-layout-column\"><div class=\"fusion-title title fusion-title-7 fusion-sep-none fusion-title-text fusion-title-size-three\"><h3 class=\"fusion-title-heading title-heading-left\" style=\"margin:0;\"><b>Mentre esculls el teu cam\u00ed, a Unihabit t\u2019esperem amb les<\/b><b> portes obertes de les nostres resid\u00e8ncies<\/b><\/h3><\/div><div class=\"fusion-text fusion-text-13\"><p><span style=\"font-weight: 400;\">Si decideixes estudiar a Catalunya, a <\/span><a href=\"https:\/\/www.unihabit.com\/ca\/\"><span style=\"font-weight: 400;\">Unihabit <\/span><\/a><span style=\"font-weight: 400;\">t\u2019acompanyem en aquesta nova etapa oferint-te <\/span><b>resid\u00e8ncies universit\u00e0ries pensades per a estudiants <\/b><span style=\"font-weight: 400;\">que busquen comoditat, seguretat i una bona ubicaci\u00f3.<\/span><\/p>\n<p><span style=\"font-weight: 400;\">Et convidem a con\u00e8ixer les nostres resid\u00e8ncies universit\u00e0ries a <\/span><a href=\"https:\/\/www.unihabit.com\/ca\/residencies-universitaries-barcelona\/\"><span style=\"font-weight: 400;\">Barcelona<\/span><\/a><b>, <\/b><a href=\"https:\/\/www.unihabit.com\/ca\/residencia-universitaria-girona\/\"><span style=\"font-weight: 400;\">Girona<\/span><\/a><b>, <\/b><a href=\"https:\/\/www.unihabit.com\/ca\/residencia-universitaria-sant-cugat\/\"><span style=\"font-weight: 400;\">Sant Cugat del Vall\u00e8s<\/span><\/a> <b>i <\/b><a href=\"https:\/\/www.unihabit.com\/ca\/residencia-universitaria-manresa\/\"><span style=\"font-weight: 400;\">Manresa<\/span><\/a><span style=\"font-weight: 400;\">, situades a prop d\u2019universitats i centres de formaci\u00f3.<\/span><\/p>\n<p>Si tens consultes sobre les resid\u00e8ncies d\u2019Unihabit, ens pots enviar un correu electr\u00f2nic a <strong><a href=\"mailto:info@unihabit.com\">info@unihabit.com <\/a><\/strong>o trucar-nos als n\u00fameros <strong><a href=\"tel: 935 953 953\">935 953 953<\/a><\/strong> o <strong><a href=\"tel: 608 608 829\">608 608 829<\/a><\/strong>. T\u2019hi esperem!<\/p>\n<\/div><\/div><\/div><\/div><\/div><\/p>\n","protected":false},"excerpt":{"rendered":"","protected":false},"author":1,"featured_media":9825,"comment_status":"open","ping_status":"open","sticky":false,"template":"","format":"standard","meta":{"footnotes":""},"categories":[29],"tags":[],"class_list":["post-9868","post","type-post","status-publish","format-standard","has-post-thumbnail","hentry","category-blog"],"_links":{"self":[{"href":"https:\/\/www.unihabit.com\/ca\/wp-json\/wp\/v2\/posts\/9868","targetHints":{"allow":["GET"]}}],"collection":[{"href":"https:\/\/www.unihabit.com\/ca\/wp-json\/wp\/v2\/posts"}],"about":[{"href":"https:\/\/www.unihabit.com\/ca\/wp-json\/wp\/v2\/types\/post"}],"author":[{"embeddable":true,"href":"https:\/\/www.unihabit.com\/ca\/wp-json\/wp\/v2\/users\/1"}],"replies":[{"embeddable":true,"href":"https:\/\/www.unihabit.com\/ca\/wp-json\/wp\/v2\/comments?post=9868"}],"version-history":[{"count":36,"href":"https:\/\/www.unihabit.com\/ca\/wp-json\/wp\/v2\/posts\/9868\/revisions"}],"predecessor-version":[{"id":18202,"href":"https:\/\/www.unihabit.com\/ca\/wp-json\/wp\/v2\/posts\/9868\/revisions\/18202"}],"wp:featuredmedia":[{"embeddable":true,"href":"https:\/\/www.unihabit.com\/ca\/wp-json\/wp\/v2\/media\/9825"}],"wp:attachment":[{"href":"https:\/\/www.unihabit.com\/ca\/wp-json\/wp\/v2\/media?parent=9868"}],"wp:term":[{"taxonomy":"category","embeddable":true,"href":"https:\/\/www.unihabit.com\/ca\/wp-json\/wp\/v2\/categories?post=9868"},{"taxonomy":"post_tag","embeddable":true,"href":"https:\/\/www.unihabit.com\/ca\/wp-json\/wp\/v2\/tags?post=9868"}],"curies":[{"name":"wp","href":"https:\/\/api.w.org\/{rel}","templated":true}]}}