{"id":9967,"date":"2023-04-04T15:03:27","date_gmt":"2023-04-04T13:03:27","guid":{"rendered":"https:\/\/www.unihabit.com\/festivales-de-musica-barcelona\/"},"modified":"2025-03-26T16:15:35","modified_gmt":"2025-03-26T14:15:35","slug":"festivals-de-musica-barcelona","status":"publish","type":"post","link":"https:\/\/www.unihabit.com\/ca\/festivals-de-musica-barcelona\/","title":{"rendered":"Quins s\u00f3n els festivals de m\u00fasica de Barcelona que no et pots perdre aquest 2023?"},"content":{"rendered":"<p><div class=\"fusion-fullwidth fullwidth-box fusion-builder-row-1 fusion-flex-container has-pattern-background has-mask-background nonhundred-percent-fullwidth non-hundred-percent-height-scrolling\" style=\"--awb-border-radius-top-left:0px;--awb-border-radius-top-right:0px;--awb-border-radius-bottom-right:0px;--awb-border-radius-bottom-left:0px;--awb-flex-wrap:wrap;\" ><div class=\"fusion-builder-row fusion-row fusion-flex-align-items-flex-start fusion-flex-content-wrap\" style=\"max-width:1248px;margin-left: calc(-4% \/ 2 );margin-right: calc(-4% \/ 2 );\"><div class=\"fusion-layout-column fusion_builder_column fusion-builder-column-0 fusion_builder_column_1_2 1_2 fusion-flex-column fusion-flex-align-self-stretch\" style=\"--awb-bg-size:cover;--awb-width-large:50%;--awb-margin-top-large:0px;--awb-spacing-right-large:3.84%;--awb-margin-bottom-large:20px;--awb-spacing-left-large:3.84%;--awb-width-medium:50%;--awb-order-medium:0;--awb-spacing-right-medium:3.84%;--awb-spacing-left-medium:3.84%;--awb-width-small:100%;--awb-order-small:0;--awb-spacing-right-small:1.92%;--awb-spacing-left-small:1.92%;\"><div class=\"fusion-column-wrapper fusion-column-has-shadow fusion-flex-justify-content-center fusion-content-layout-column\"><div class=\"fusion-image-element \" style=\"text-align:center;--awb-caption-title-font-family:var(--h2_typography-font-family);--awb-caption-title-font-weight:var(--h2_typography-font-weight);--awb-caption-title-font-style:var(--h2_typography-font-style);--awb-caption-title-size:var(--h2_typography-font-size);--awb-caption-title-transform:var(--h2_typography-text-transform);--awb-caption-title-line-height:var(--h2_typography-line-height);--awb-caption-title-letter-spacing:var(--h2_typography-letter-spacing);\"><span class=\" fusion-imageframe imageframe-none imageframe-1 hover-type-none\"><img decoding=\"async\" width=\"700\" height=\"500\" alt=\"festivals de m\u00fasica Barcelona\" title=\"unihabit concert 1\" src=\"https:\/\/www.unihabit.com\/wp-content\/uploads\/2023\/04\/unihabit-concert-1.jpg\" class=\"img-responsive wp-image-9959\" srcset=\"https:\/\/www.unihabit.com\/wp-content\/uploads\/2023\/04\/unihabit-concert-1-200x143.jpg 200w, https:\/\/www.unihabit.com\/wp-content\/uploads\/2023\/04\/unihabit-concert-1-400x286.jpg 400w, https:\/\/www.unihabit.com\/wp-content\/uploads\/2023\/04\/unihabit-concert-1-600x429.jpg 600w, https:\/\/www.unihabit.com\/wp-content\/uploads\/2023\/04\/unihabit-concert-1.jpg 700w\" sizes=\"(max-width: 640px) 100vw, 600px\" \/><\/span><\/div><\/div><\/div><div class=\"fusion-layout-column fusion_builder_column fusion-builder-column-1 fusion_builder_column_1_2 1_2 fusion-flex-column fusion-flex-align-self-stretch\" style=\"--awb-bg-size:cover;--awb-width-large:50%;--awb-margin-top-large:0px;--awb-spacing-right-large:3.84%;--awb-margin-bottom-large:20px;--awb-spacing-left-large:3.84%;--awb-width-medium:50%;--awb-order-medium:0;--awb-spacing-right-medium:3.84%;--awb-spacing-left-medium:3.84%;--awb-width-small:100%;--awb-order-small:0;--awb-spacing-right-small:1.92%;--awb-spacing-left-small:1.92%;\"><div class=\"fusion-column-wrapper fusion-column-has-shadow fusion-flex-justify-content-center fusion-content-layout-column\"><div class=\"fusion-title title fusion-title-1 fusion-sep-none fusion-title-text fusion-title-size-two\"><h2 class=\"fusion-title-heading title-heading-left\" style=\"margin:0;\"><b>Tot el que necessites saber per gaudir dels millors festivals de m\u00fasica de Barcelona <\/b><\/h2><\/div><div class=\"fusion-text fusion-text-1\"><p><span style=\"font-weight: 400;\">Barcelona \u00e9s una ciutat que vibra amb la m\u00fasica en directe i els festivals s\u00f3n una de les millors maneres de gaudir-ne. En els \u00faltims anys, la ciutat ha viscut un augment pel que fa a quantitat de festivals de m\u00fasica i a la qualitat d\u2019aquests festivals. Malgrat la pand\u00e8mia, els festivals el 2021 i el 2022 van aconseguir adaptar-se a les mesures sanit\u00e0ries i han tornat a ser un \u00e8xit rotund.\u00a0<\/span><\/p>\n<p><span style=\"font-weight: 400;\">No nom\u00e9s els festivals grans s\u00f3n els que han prosperat a Barcelona, sin\u00f3 tamb\u00e9 els m\u00e9s petits i alternatius. Aquests festivals ofereixen una experi\u00e8ncia m\u00e9s \u00edntima i \u00fanica i mostren la diversitat musical de la ciutat. A Barcelona es pot trobar festivals de m\u00fasica electr\u00f2nica, rock, trap, rap i molts altres.\u00a0<\/span><\/p>\n<\/div><\/div><\/div><\/div><\/div><div class=\"fusion-fullwidth fullwidth-box fusion-builder-row-2 fusion-flex-container has-pattern-background has-mask-background nonhundred-percent-fullwidth non-hundred-percent-height-scrolling\" style=\"--awb-border-radius-top-left:0px;--awb-border-radius-top-right:0px;--awb-border-radius-bottom-right:0px;--awb-border-radius-bottom-left:0px;--awb-flex-wrap:wrap;\" ><div class=\"fusion-builder-row fusion-row fusion-flex-align-items-flex-start fusion-flex-content-wrap\" style=\"max-width:1248px;margin-left: calc(-4% \/ 2 );margin-right: calc(-4% \/ 2 );\"><div class=\"fusion-layout-column fusion_builder_column fusion-builder-column-2 fusion_builder_column_1_2 1_2 fusion-flex-column fusion-flex-align-self-stretch\" style=\"--awb-bg-size:cover;--awb-width-large:50%;--awb-margin-top-large:0px;--awb-spacing-right-large:3.84%;--awb-margin-bottom-large:20px;--awb-spacing-left-large:3.84%;--awb-width-medium:50%;--awb-order-medium:0;--awb-spacing-right-medium:3.84%;--awb-spacing-left-medium:3.84%;--awb-width-small:100%;--awb-order-small:0;--awb-spacing-right-small:1.92%;--awb-spacing-left-small:1.92%;\"><div class=\"fusion-column-wrapper fusion-column-has-shadow fusion-flex-justify-content-center fusion-content-layout-column\"><div class=\"fusion-title title fusion-title-2 fusion-sep-none fusion-title-text fusion-title-size-three\"><h3 class=\"fusion-title-heading title-heading-left\" style=\"margin:0;\"><b>Festivals de m\u00fasica electr\u00f2nica a Barcelona<\/b><\/h3><\/div><div class=\"fusion-text fusion-text-2\"><p><span style=\"font-weight: 400;\">Quant als festivals de m\u00fasica electr\u00f2nica, Barcelona \u00e9s una de les ciutats m\u00e9s importants del m\u00f3n. Alguns dels festivals m\u00e9s destacats d\u2019aquest g\u00e8nere s\u00f3n el S\u00f3nar, el DGTL Barcelona, el Brunch -In the Park i el OFF Week. Aquests festivals compten amb una gran quantitat d\u2019artistes internacionals i s\u00f3n una experi\u00e8ncia inoblidable pels amants de la m\u00fasica electr\u00f2nica. <\/span><\/p>\n<\/div><div style=\"text-align:center;\"><a class=\"fusion-button button-flat fusion-button-default-size button-default fusion-button-default button-1 fusion-button-default-span fusion-button-default-type\" style=\"--button_margin-bottom:20px;\" target=\"_self\" title=\"festivals de m\u00fasica Barcelona\" aria-label=\"festivals de m\u00fasica Barcelona\" href=\"https:\/\/www.unihabit.com\/ca\/postgraus-a-barcelona-espanya\/\"><span class=\"fusion-button-text awb-button__text awb-button__text--default\">Per qu\u00e8 val la pena estudiar un m\u00e0ster o un postgrau a Barcelona<\/span><\/a><\/div><div class=\"fusion-text fusion-text-3\"><p><span style=\"font-weight: 400;\">El 2023, Barcelona promet una emocionant selecci\u00f3 de festivals de m\u00fasica i s\u00f3n una excusa perfecta per desconnectar dels\u00a0 estudis i passar-s\u2019ho b\u00e9. Des d\u2019Unihabit et mostrem els principals festivals de m\u00fasica a Barcelona el 2023.<\/span><\/p>\n<\/div><\/div><\/div><div class=\"fusion-layout-column fusion_builder_column fusion-builder-column-3 fusion_builder_column_1_2 1_2 fusion-flex-column fusion-flex-align-self-stretch\" style=\"--awb-bg-size:cover;--awb-width-large:50%;--awb-margin-top-large:0px;--awb-spacing-right-large:3.84%;--awb-margin-bottom-large:20px;--awb-spacing-left-large:3.84%;--awb-width-medium:50%;--awb-order-medium:0;--awb-spacing-right-medium:3.84%;--awb-spacing-left-medium:3.84%;--awb-width-small:100%;--awb-order-small:0;--awb-spacing-right-small:1.92%;--awb-spacing-left-small:1.92%;\"><div class=\"fusion-column-wrapper fusion-column-has-shadow fusion-flex-justify-content-center fusion-content-layout-column\"><div class=\"fusion-image-element \" style=\"text-align:center;--awb-caption-title-font-family:var(--h2_typography-font-family);--awb-caption-title-font-weight:var(--h2_typography-font-weight);--awb-caption-title-font-style:var(--h2_typography-font-style);--awb-caption-title-size:var(--h2_typography-font-size);--awb-caption-title-transform:var(--h2_typography-text-transform);--awb-caption-title-line-height:var(--h2_typography-line-height);--awb-caption-title-letter-spacing:var(--h2_typography-letter-spacing);\"><span class=\" fusion-imageframe imageframe-none imageframe-2 hover-type-none\"><img decoding=\"async\" width=\"700\" height=\"500\" alt=\"festivals de m\u00fasica Barcelona\" title=\"unihabit concert 2\" src=\"https:\/\/www.unihabit.com\/wp-content\/uploads\/2023\/04\/unihabit-concert-2.jpg\" class=\"img-responsive wp-image-9956\" srcset=\"https:\/\/www.unihabit.com\/wp-content\/uploads\/2023\/04\/unihabit-concert-2-200x143.jpg 200w, https:\/\/www.unihabit.com\/wp-content\/uploads\/2023\/04\/unihabit-concert-2-400x286.jpg 400w, https:\/\/www.unihabit.com\/wp-content\/uploads\/2023\/04\/unihabit-concert-2-600x429.jpg 600w, https:\/\/www.unihabit.com\/wp-content\/uploads\/2023\/04\/unihabit-concert-2.jpg 700w\" sizes=\"(max-width: 640px) 100vw, 600px\" \/><\/span><\/div><\/div><\/div><\/div><\/div><div class=\"fusion-fullwidth fullwidth-box fusion-builder-row-3 fusion-flex-container has-pattern-background has-mask-background nonhundred-percent-fullwidth non-hundred-percent-height-scrolling\" style=\"--awb-border-radius-top-left:0px;--awb-border-radius-top-right:0px;--awb-border-radius-bottom-right:0px;--awb-border-radius-bottom-left:0px;--awb-flex-wrap:wrap;\" ><div class=\"fusion-builder-row fusion-row fusion-flex-align-items-flex-start fusion-flex-content-wrap\" style=\"max-width:1248px;margin-left: calc(-4% \/ 2 );margin-right: calc(-4% \/ 2 );\"><div class=\"fusion-layout-column fusion_builder_column fusion-builder-column-4 fusion_builder_column_1_1 1_1 fusion-flex-column\" style=\"--awb-bg-size:cover;--awb-width-large:100%;--awb-margin-top-large:0px;--awb-spacing-right-large:1.92%;--awb-margin-bottom-large:20px;--awb-spacing-left-large:1.92%;--awb-width-medium:100%;--awb-order-medium:0;--awb-spacing-right-medium:1.92%;--awb-spacing-left-medium:1.92%;--awb-width-small:100%;--awb-order-small:0;--awb-spacing-right-small:1.92%;--awb-spacing-left-small:1.92%;\"><div class=\"fusion-column-wrapper fusion-column-has-shadow fusion-flex-justify-content-flex-start fusion-content-layout-column\"><ul style=\"--awb-iconcolor:var(--awb-color6);--awb-line-height:27.2px;--awb-icon-width:27.2px;--awb-icon-height:27.2px;--awb-icon-margin:11.2px;--awb-content-margin:38.4px;\" class=\"fusion-checklist fusion-checklist-1 fusion-checklist-default type-icons\"><li class=\"fusion-li-item\" style=\"\"><span class=\"icon-wrapper circle-no\"><i class=\"fusion-li-icon awb-icon-check\" aria-hidden=\"true\"><\/i><\/span><div class=\"fusion-li-item-content\">\n<p><b>S\u00f3nar<\/b><span style=\"font-weight: 400;\">.\u00a0 Aquest any 2023 celebrem el 30\u00e8 aniversari del s\u00f3nar, el festival d\u2019electr\u00f2nica que va situar la ciutat de Barcelona al panorama mundial.\u00a0 El S\u00f3nar 2023 es reparteix en espectacles de dia i de nit i se celebra els dies 15, 16 i 17 de juny de 2023 a la Fira de Montju\u00efc i la Fira Gran Via. L\u2019espectacle compta amb m\u00e9s de 100 artistes confirmats i destaquem el talent nacional que realitzar\u00e0 els seus espectaacles com Bad Gyal, Marina Herlopm Claraguilar, Carles Viarn\u00e9s con Alba G. Corral i Desert con Hamill Industries, entre altres.<\/span><\/p>\n<\/div><\/li><\/ul><\/div><\/div><\/div><\/div><div class=\"fusion-fullwidth fullwidth-box fusion-builder-row-4 fusion-flex-container has-pattern-background has-mask-background nonhundred-percent-fullwidth non-hundred-percent-height-scrolling\" style=\"--awb-border-radius-top-left:0px;--awb-border-radius-top-right:0px;--awb-border-radius-bottom-right:0px;--awb-border-radius-bottom-left:0px;--awb-flex-wrap:wrap;\" ><div class=\"fusion-builder-row fusion-row fusion-flex-align-items-flex-start fusion-flex-content-wrap\" style=\"max-width:1248px;margin-left: calc(-4% \/ 2 );margin-right: calc(-4% \/ 2 );\"><div class=\"fusion-layout-column fusion_builder_column fusion-builder-column-5 fusion_builder_column_1_2 1_2 fusion-flex-column fusion-flex-align-self-stretch\" style=\"--awb-bg-size:cover;--awb-width-large:50%;--awb-margin-top-large:0px;--awb-spacing-right-large:3.84%;--awb-margin-bottom-large:20px;--awb-spacing-left-large:3.84%;--awb-width-medium:50%;--awb-order-medium:0;--awb-spacing-right-medium:3.84%;--awb-spacing-left-medium:3.84%;--awb-width-small:100%;--awb-order-small:0;--awb-spacing-right-small:1.92%;--awb-spacing-left-small:1.92%;\"><div class=\"fusion-column-wrapper fusion-column-has-shadow fusion-flex-justify-content-center fusion-content-layout-column\"><div class=\"fusion-image-element \" style=\"text-align:center;--awb-caption-title-font-family:var(--h2_typography-font-family);--awb-caption-title-font-weight:var(--h2_typography-font-weight);--awb-caption-title-font-style:var(--h2_typography-font-style);--awb-caption-title-size:var(--h2_typography-font-size);--awb-caption-title-transform:var(--h2_typography-text-transform);--awb-caption-title-line-height:var(--h2_typography-line-height);--awb-caption-title-letter-spacing:var(--h2_typography-letter-spacing);\"><span class=\" fusion-imageframe imageframe-none imageframe-3 hover-type-none\"><img decoding=\"async\" width=\"700\" height=\"500\" alt=\"festivals de m\u00fasica Barcelona\" title=\"unihabit concert 3\" src=\"https:\/\/www.unihabit.com\/wp-content\/uploads\/2023\/04\/unihabit-concert-3.jpg\" class=\"img-responsive wp-image-9953\" srcset=\"https:\/\/www.unihabit.com\/wp-content\/uploads\/2023\/04\/unihabit-concert-3-200x143.jpg 200w, https:\/\/www.unihabit.com\/wp-content\/uploads\/2023\/04\/unihabit-concert-3-400x286.jpg 400w, https:\/\/www.unihabit.com\/wp-content\/uploads\/2023\/04\/unihabit-concert-3-600x429.jpg 600w, https:\/\/www.unihabit.com\/wp-content\/uploads\/2023\/04\/unihabit-concert-3.jpg 700w\" sizes=\"(max-width: 640px) 100vw, 600px\" \/><\/span><\/div><\/div><\/div><div class=\"fusion-layout-column fusion_builder_column fusion-builder-column-6 fusion_builder_column_1_2 1_2 fusion-flex-column fusion-flex-align-self-stretch\" style=\"--awb-bg-size:cover;--awb-width-large:50%;--awb-margin-top-large:0px;--awb-spacing-right-large:3.84%;--awb-margin-bottom-large:20px;--awb-spacing-left-large:3.84%;--awb-width-medium:50%;--awb-order-medium:0;--awb-spacing-right-medium:3.84%;--awb-spacing-left-medium:3.84%;--awb-width-small:100%;--awb-order-small:0;--awb-spacing-right-small:1.92%;--awb-spacing-left-small:1.92%;\"><div class=\"fusion-column-wrapper fusion-column-has-shadow fusion-flex-justify-content-center fusion-content-layout-column\"><div class=\"fusion-title title fusion-title-3 fusion-sep-none fusion-title-text fusion-title-size-three\"><h3 class=\"fusion-title-heading title-heading-left\" style=\"margin:0;\"><b>Festivals de m\u00fasica urbana en Barcelona<\/b><\/h3><\/div><div class=\"fusion-text fusion-text-4\"><p><span style=\"font-weight: 400;\">Un dels m\u00e9s importants \u00e9s el <\/span><b>Share Festival Negrita<\/b><span style=\"font-weight: 400;\">. Aquest any se celebra la cinquena edici\u00f3 del Share Festival i es trasllada al Parc del F\u00f2rum el 9 i 10 de juny, ja que anteriorment s\u2019havia celebrat al Poble Espanyol i a l\u2019Estadi Ol\u00edmpic.\u00a0<\/span><\/p>\n<p><span style=\"font-weight: 400;\">El Share Festival \u00e9s un festival de m\u00fasica urbana i compta amb artistes com Bizarrap, Quevedo, Dellafuente i Morad entre altres com a caps de cartell. El repertori de cantants no s\u2019acaba aqu\u00ed, ja que tamb\u00e9 comptar\u00e0 amb artistes com Hoke &amp; Louis Amoeba, YSY A, Ptazeta i Neo Pistea, entre altres.<\/span><\/p>\n<\/div><\/div><\/div><\/div><\/div><div class=\"fusion-fullwidth fullwidth-box fusion-builder-row-5 fusion-flex-container has-pattern-background has-mask-background nonhundred-percent-fullwidth non-hundred-percent-height-scrolling\" style=\"--awb-border-radius-top-left:0px;--awb-border-radius-top-right:0px;--awb-border-radius-bottom-right:0px;--awb-border-radius-bottom-left:0px;--awb-flex-wrap:wrap;\" ><div class=\"fusion-builder-row fusion-row fusion-flex-align-items-flex-start fusion-flex-content-wrap\" style=\"max-width:1248px;margin-left: calc(-4% \/ 2 );margin-right: calc(-4% \/ 2 );\"><div class=\"fusion-layout-column fusion_builder_column fusion-builder-column-7 fusion_builder_column_1_1 1_1 fusion-flex-column\" style=\"--awb-bg-size:cover;--awb-width-large:100%;--awb-margin-top-large:0px;--awb-spacing-right-large:1.92%;--awb-margin-bottom-large:20px;--awb-spacing-left-large:1.92%;--awb-width-medium:100%;--awb-order-medium:0;--awb-spacing-right-medium:1.92%;--awb-spacing-left-medium:1.92%;--awb-width-small:100%;--awb-order-small:0;--awb-spacing-right-small:1.92%;--awb-spacing-left-small:1.92%;\"><div class=\"fusion-column-wrapper fusion-column-has-shadow fusion-flex-justify-content-flex-start fusion-content-layout-column\"><div class=\"fusion-title title fusion-title-4 fusion-sep-none fusion-title-text fusion-title-size-three\"><h3 class=\"fusion-title-heading title-heading-left\" style=\"margin:0;\"><b>Un dels festivals de m\u00fasica de Barcelona m\u00e9s populars: el Primavera Sound<\/b><\/h3><\/div><div class=\"fusion-text fusion-text-5\"><p><span style=\"font-weight: 400;\">El <\/span><b>Primavera Sound<\/b><span style=\"font-weight: 400;\"> es prepara per la seva 21a edici\u00f3 que se celebrar\u00e0 de l\u20191 al 3 de juny al Parc del F\u00f2rum.<\/span><\/p>\n<p><span style=\"font-weight: 400;\">Com ja \u00e9s tradici\u00f3, el Primavera Sound comptar\u00e0 amb un dels cartells m\u00e9s ambiciosos i variats de l\u2019Estat i tamb\u00e9 a nivell europeu. Aquesta edici\u00f3, el festival comptar\u00e0 amb artistes com Kendrick Lamar, Rosal\u00eda, Skrillex, Depeche Mode, Calvin Harris i Pet Shop Boys, entre altres.<\/span><\/p>\n<\/div><\/div><\/div><\/div><\/div><div class=\"fusion-fullwidth fullwidth-box fusion-builder-row-6 fusion-flex-container has-pattern-background has-mask-background nonhundred-percent-fullwidth non-hundred-percent-height-scrolling\" style=\"--awb-border-radius-top-left:0px;--awb-border-radius-top-right:0px;--awb-border-radius-bottom-right:0px;--awb-border-radius-bottom-left:0px;--awb-flex-wrap:wrap;\" ><div class=\"fusion-builder-row fusion-row fusion-flex-align-items-flex-start fusion-flex-content-wrap\" style=\"max-width:1248px;margin-left: calc(-4% \/ 2 );margin-right: calc(-4% \/ 2 );\"><div class=\"fusion-layout-column fusion_builder_column fusion-builder-column-8 fusion_builder_column_1_2 1_2 fusion-flex-column fusion-flex-align-self-stretch\" style=\"--awb-bg-size:cover;--awb-width-large:50%;--awb-margin-top-large:0px;--awb-spacing-right-large:3.84%;--awb-margin-bottom-large:20px;--awb-spacing-left-large:3.84%;--awb-width-medium:50%;--awb-order-medium:0;--awb-spacing-right-medium:3.84%;--awb-spacing-left-medium:3.84%;--awb-width-small:100%;--awb-order-small:0;--awb-spacing-right-small:1.92%;--awb-spacing-left-small:1.92%;\"><div class=\"fusion-column-wrapper fusion-column-has-shadow fusion-flex-justify-content-center fusion-content-layout-column\"><div class=\"fusion-title title fusion-title-5 fusion-sep-none fusion-title-text fusion-title-size-three\"><h3 class=\"fusion-title-heading title-heading-left\" style=\"margin:0;\"><b>Cru\u00eflla: molt m\u00e9s que un festival de m\u00fasica a Barcelona <\/b><\/h3><\/div><div class=\"fusion-text fusion-text-6\"><p><span style=\"font-weight: 400;\">El Festival Cru\u00eflla se celebra del 5 al 8 de juliol, se celebrar\u00e0 el Cru\u00eflla Comedy, que comptar\u00e0 amb les actuacions de grans humoristes, monologuistes i actuacions d\u2019Stand-Up. Cal destacar la Carmen Lynch, Charlie Pee, Iggy Rubin, Ignatius Farray, Marc Sarrats, Patricia Espejo, Xavi Daura o Manel Vidal, entre molts d\u2019altres.\u00a0<\/span><\/p>\n<p><span style=\"font-weight: 400;\">El Festival Cru\u00eflla, per la seva banda, comptar\u00e0 amb artistes de gran renom com The Offspring, Bomba Est\u00e9reo, Nicki Nicole, Cupido, Cruz Cafun\u00e9, Delaossa, Sen Senra, las Ninyas del Corro, Santa Salut o Lia Kali, entre altres artistes.<\/span><\/p>\n<\/div><\/div><\/div><div class=\"fusion-layout-column fusion_builder_column fusion-builder-column-9 fusion_builder_column_1_2 1_2 fusion-flex-column fusion-flex-align-self-stretch\" style=\"--awb-bg-size:cover;--awb-width-large:50%;--awb-margin-top-large:0px;--awb-spacing-right-large:3.84%;--awb-margin-bottom-large:20px;--awb-spacing-left-large:3.84%;--awb-width-medium:50%;--awb-order-medium:0;--awb-spacing-right-medium:3.84%;--awb-spacing-left-medium:3.84%;--awb-width-small:100%;--awb-order-small:0;--awb-spacing-right-small:1.92%;--awb-spacing-left-small:1.92%;\"><div class=\"fusion-column-wrapper fusion-column-has-shadow fusion-flex-justify-content-center fusion-content-layout-column\"><div class=\"fusion-image-element \" style=\"text-align:center;--awb-caption-title-font-family:var(--h2_typography-font-family);--awb-caption-title-font-weight:var(--h2_typography-font-weight);--awb-caption-title-font-style:var(--h2_typography-font-style);--awb-caption-title-size:var(--h2_typography-font-size);--awb-caption-title-transform:var(--h2_typography-text-transform);--awb-caption-title-line-height:var(--h2_typography-line-height);--awb-caption-title-letter-spacing:var(--h2_typography-letter-spacing);\"><span class=\" fusion-imageframe imageframe-none imageframe-4 hover-type-none\"><img decoding=\"async\" width=\"700\" height=\"500\" alt=\"festivals de m\u00fasica Barcelona\" title=\"unihabit concert 4\" src=\"https:\/\/www.unihabit.com\/wp-content\/uploads\/2023\/04\/unihabit-concert-4.jpg\" class=\"img-responsive wp-image-9950\" srcset=\"https:\/\/www.unihabit.com\/wp-content\/uploads\/2023\/04\/unihabit-concert-4-200x143.jpg 200w, https:\/\/www.unihabit.com\/wp-content\/uploads\/2023\/04\/unihabit-concert-4-400x286.jpg 400w, https:\/\/www.unihabit.com\/wp-content\/uploads\/2023\/04\/unihabit-concert-4-600x429.jpg 600w, https:\/\/www.unihabit.com\/wp-content\/uploads\/2023\/04\/unihabit-concert-4.jpg 700w\" sizes=\"(max-width: 640px) 100vw, 600px\" \/><\/span><\/div><\/div><\/div><\/div><\/div><div class=\"fusion-fullwidth fullwidth-box fusion-builder-row-7 fusion-flex-container has-pattern-background has-mask-background nonhundred-percent-fullwidth non-hundred-percent-height-scrolling\" style=\"--awb-border-radius-top-left:0px;--awb-border-radius-top-right:0px;--awb-border-radius-bottom-right:0px;--awb-border-radius-bottom-left:0px;--awb-flex-wrap:wrap;\" ><div class=\"fusion-builder-row fusion-row fusion-flex-align-items-flex-start fusion-flex-content-wrap\" style=\"max-width:1248px;margin-left: calc(-4% \/ 2 );margin-right: calc(-4% \/ 2 );\"><div class=\"fusion-layout-column fusion_builder_column fusion-builder-column-10 fusion_builder_column_1_2 1_2 fusion-flex-column fusion-flex-align-self-stretch\" style=\"--awb-bg-size:cover;--awb-width-large:50%;--awb-margin-top-large:0px;--awb-spacing-right-large:3.84%;--awb-margin-bottom-large:20px;--awb-spacing-left-large:3.84%;--awb-width-medium:50%;--awb-order-medium:0;--awb-spacing-right-medium:3.84%;--awb-spacing-left-medium:3.84%;--awb-width-small:100%;--awb-order-small:0;--awb-spacing-right-small:1.92%;--awb-spacing-left-small:1.92%;\"><div class=\"fusion-column-wrapper fusion-column-has-shadow fusion-flex-justify-content-center fusion-content-layout-column\"><div class=\"fusion-image-element \" style=\"text-align:center;--awb-caption-title-font-family:var(--h2_typography-font-family);--awb-caption-title-font-weight:var(--h2_typography-font-weight);--awb-caption-title-font-style:var(--h2_typography-font-style);--awb-caption-title-size:var(--h2_typography-font-size);--awb-caption-title-transform:var(--h2_typography-text-transform);--awb-caption-title-line-height:var(--h2_typography-line-height);--awb-caption-title-letter-spacing:var(--h2_typography-letter-spacing);\"><span class=\" fusion-imageframe imageframe-none imageframe-5 hover-type-none\"><img decoding=\"async\" width=\"700\" height=\"500\" alt=\"festivals de m\u00fasica Barcelona\" title=\"unihabit concert 5\" src=\"https:\/\/www.unihabit.com\/wp-content\/uploads\/2023\/04\/unihabit-concert-5.jpg\" class=\"img-responsive wp-image-9947\" srcset=\"https:\/\/www.unihabit.com\/wp-content\/uploads\/2023\/04\/unihabit-concert-5-200x143.jpg 200w, https:\/\/www.unihabit.com\/wp-content\/uploads\/2023\/04\/unihabit-concert-5-400x286.jpg 400w, https:\/\/www.unihabit.com\/wp-content\/uploads\/2023\/04\/unihabit-concert-5-600x429.jpg 600w, https:\/\/www.unihabit.com\/wp-content\/uploads\/2023\/04\/unihabit-concert-5.jpg 700w\" sizes=\"(max-width: 640px) 100vw, 600px\" \/><\/span><\/div><\/div><\/div><div class=\"fusion-layout-column fusion_builder_column fusion-builder-column-11 fusion_builder_column_1_2 1_2 fusion-flex-column fusion-flex-align-self-stretch\" style=\"--awb-bg-size:cover;--awb-width-large:50%;--awb-margin-top-large:0px;--awb-spacing-right-large:3.84%;--awb-margin-bottom-large:20px;--awb-spacing-left-large:3.84%;--awb-width-medium:50%;--awb-order-medium:0;--awb-spacing-right-medium:3.84%;--awb-spacing-left-medium:3.84%;--awb-width-small:100%;--awb-order-small:0;--awb-spacing-right-small:1.92%;--awb-spacing-left-small:1.92%;\"><div class=\"fusion-column-wrapper fusion-column-has-shadow fusion-flex-justify-content-center fusion-content-layout-column\"><div class=\"fusion-title title fusion-title-6 fusion-sep-none fusion-title-text fusion-title-size-three\"><h3 class=\"fusion-title-heading title-heading-left\" style=\"margin:0;\"><b>Festival Strenes Urbana: la novetat d\u2019aquest 2023<\/b><\/h3><\/div><div class=\"fusion-text fusion-text-7\"><p><span style=\"font-weight: 400;\">Aquest any 2023 se celebra la primera edici\u00f3 del Festival Strenes Urbana el 13 de maig a l\u2019Antiga F\u00e0brica d\u2019Estrella Damm.<\/span><\/p>\n<p><span style=\"font-weight: 400;\">El Festival Strenes Urbana comptar\u00e0 amb Lildami, que presentar\u00e0 el seu nou disc Dummy, Sof\u00eda Gabanna, Mushkaa, Ceaxe, Flashy Ice Cream i DJ Trapella.<\/span><\/p>\n<\/div><\/div><\/div><\/div><\/div><div class=\"fusion-fullwidth fullwidth-box fusion-builder-row-8 fusion-flex-container has-pattern-background has-mask-background nonhundred-percent-fullwidth non-hundred-percent-height-scrolling\" style=\"--awb-border-radius-top-left:0px;--awb-border-radius-top-right:0px;--awb-border-radius-bottom-right:0px;--awb-border-radius-bottom-left:0px;--awb-flex-wrap:wrap;\" ><div class=\"fusion-builder-row fusion-row fusion-flex-align-items-flex-start fusion-flex-content-wrap\" style=\"max-width:1248px;margin-left: calc(-4% \/ 2 );margin-right: calc(-4% \/ 2 );\"><div class=\"fusion-layout-column fusion_builder_column fusion-builder-column-12 fusion_builder_column_1_1 1_1 fusion-flex-column\" style=\"--awb-bg-size:cover;--awb-width-large:100%;--awb-margin-top-large:0px;--awb-spacing-right-large:1.92%;--awb-margin-bottom-large:20px;--awb-spacing-left-large:1.92%;--awb-width-medium:100%;--awb-order-medium:0;--awb-spacing-right-medium:1.92%;--awb-spacing-left-medium:1.92%;--awb-width-small:100%;--awb-order-small:0;--awb-spacing-right-small:1.92%;--awb-spacing-left-small:1.92%;\"><div class=\"fusion-column-wrapper fusion-column-has-shadow fusion-flex-justify-content-flex-start fusion-content-layout-column\"><div class=\"fusion-title title fusion-title-7 fusion-sep-none fusion-title-text fusion-title-size-two\"><h2 class=\"fusion-title-heading title-heading-left\" style=\"margin:0;\"><b>Altres opcions d\u2019oci a part dels festivals de m\u00fasica de Barcelona<\/b><\/h2><\/div><div class=\"fusion-text fusion-text-8\"><p><span style=\"font-weight: 400;\">Aix\u00ed mateix, no oblideu que la m\u00fasica \u00e9s una de les <\/span><strong><a href=\"https:\/\/www.unihabit.com\/ca\/centres-culturals-per-a-universitaris\/\">m\u00faltiples opcions d\u2019oci <\/a><\/strong><span style=\"font-weight: 400;\">que teniu a Barcelona. En conclusi\u00f3, la ciutat comtal s\u2019ha convertit en un referent de la m\u00fasica en directe i els festivals s\u00f3n una de les millors maneres de gaudir-ne. El 2023 s\u2019espera una gran quantitat de festivals a la ciutat, amb una oferta musical capa cop m\u00e9s \u00e0mplia i diversa.\u00a0<\/span><\/p>\n<p><span style=\"font-weight: 400;\">Si t\u2019agrada la m\u00fasica en directe, no et pots perdre els festivals de m\u00fasica a Barcelona. Barcelona t\u00e9 quelcom per a tots els gustos. Aix\u00ed que, per qu\u00e8 no planeges una visita a la ciutat i gaudeixes de la m\u00fasica en directe en un dels seus emocionants festivals? Des d\u2019<\/span><strong><a href=\"https:\/\/www.unihabit.com\/ca\/\">Unihabit<\/a><\/strong><span style=\"font-weight: 400;\">, t\u2019animem i t\u2019esperem!<\/span><\/p>\n<\/div><\/div><\/div><\/div><\/div><\/p>\n","protected":false},"excerpt":{"rendered":"","protected":false},"author":1,"featured_media":9962,"comment_status":"open","ping_status":"open","sticky":false,"template":"","format":"standard","meta":{"footnotes":""},"categories":[314,29,313],"tags":[],"class_list":["post-9967","post","type-post","status-publish","format-standard","has-post-thumbnail","hentry","category-activitats-cultura-barcelona","category-blog","category-unihabit-barcelona-blog"],"_links":{"self":[{"href":"https:\/\/www.unihabit.com\/ca\/wp-json\/wp\/v2\/posts\/9967","targetHints":{"allow":["GET"]}}],"collection":[{"href":"https:\/\/www.unihabit.com\/ca\/wp-json\/wp\/v2\/posts"}],"about":[{"href":"https:\/\/www.unihabit.com\/ca\/wp-json\/wp\/v2\/types\/post"}],"author":[{"embeddable":true,"href":"https:\/\/www.unihabit.com\/ca\/wp-json\/wp\/v2\/users\/1"}],"replies":[{"embeddable":true,"href":"https:\/\/www.unihabit.com\/ca\/wp-json\/wp\/v2\/comments?post=9967"}],"version-history":[{"count":4,"href":"https:\/\/www.unihabit.com\/ca\/wp-json\/wp\/v2\/posts\/9967\/revisions"}],"predecessor-version":[{"id":10409,"href":"https:\/\/www.unihabit.com\/ca\/wp-json\/wp\/v2\/posts\/9967\/revisions\/10409"}],"wp:featuredmedia":[{"embeddable":true,"href":"https:\/\/www.unihabit.com\/ca\/wp-json\/wp\/v2\/media\/9962"}],"wp:attachment":[{"href":"https:\/\/www.unihabit.com\/ca\/wp-json\/wp\/v2\/media?parent=9967"}],"wp:term":[{"taxonomy":"category","embeddable":true,"href":"https:\/\/www.unihabit.com\/ca\/wp-json\/wp\/v2\/categories?post=9967"},{"taxonomy":"post_tag","embeddable":true,"href":"https:\/\/www.unihabit.com\/ca\/wp-json\/wp\/v2\/tags?post=9967"}],"curies":[{"name":"wp","href":"https:\/\/api.w.org\/{rel}","templated":true}]}}