{"id":13307,"date":"2024-04-15T15:00:30","date_gmt":"2024-04-15T13:00:30","guid":{"rendered":"https:\/\/www.unihabit.com\/?p=13307"},"modified":"2024-07-05T09:33:22","modified_gmt":"2024-07-05T07:33:22","slug":"recommended-books-sant-jordi-2024","status":"publish","type":"post","link":"https:\/\/www.unihabit.com\/en\/recommended-books-sant-jordi-2024\/","title":{"rendered":"Recommended books for Sant Jordi 2024"},"content":{"rendered":"<p><div class=\"fusion-fullwidth fullwidth-box fusion-builder-row-1 fusion-flex-container has-pattern-background has-mask-background nonhundred-percent-fullwidth non-hundred-percent-height-scrolling\" style=\"--awb-border-radius-top-left:0px;--awb-border-radius-top-right:0px;--awb-border-radius-bottom-right:0px;--awb-border-radius-bottom-left:0px;--awb-flex-wrap:wrap;\" ><div class=\"fusion-builder-row fusion-row fusion-flex-align-items-flex-start fusion-flex-content-wrap\" style=\"max-width:1248px;margin-left: calc(-4% \/ 2 );margin-right: calc(-4% \/ 2 );\"><div class=\"fusion-layout-column fusion_builder_column fusion-builder-column-0 fusion_builder_column_1_1 1_1 fusion-flex-column\" style=\"--awb-bg-size:cover;--awb-width-large:100%;--awb-margin-top-large:0px;--awb-spacing-right-large:1.92%;--awb-margin-bottom-large:20px;--awb-spacing-left-large:1.92%;--awb-width-medium:100%;--awb-order-medium:0;--awb-spacing-right-medium:1.92%;--awb-spacing-left-medium:1.92%;--awb-width-small:100%;--awb-order-small:0;--awb-spacing-right-small:1.92%;--awb-spacing-left-small:1.92%;\"><div class=\"fusion-column-wrapper fusion-column-has-shadow fusion-flex-justify-content-flex-start fusion-content-layout-column\"><div class=\"fusion-text fusion-text-1\">\n<\/div><div class=\"fusion-text fusion-text-2\" style=\"--awb-content-alignment:justify;\"><p>The festival of <strong>Sant Jordi<\/strong>, also known as the <strong>Day of the Book<\/strong> outside Catalonia, is celebrated on <strong>23 April every year<\/strong> throughout Catalonia. This festival is an <strong>opportunity to honour the patron saint of Catalonia, Saint George, and to celebrate culture and the love of reading.<\/strong><\/p>\n<p>During this festival, <strong>the streets of <a href=\"https:\/\/www.unihabit.com\/en\/universitary-residences-barcelona\/\">Barcelona<\/a> are filled with book stalls and roses<\/strong>, which are the <strong>symbols of the Sant Jordi festival<\/strong>. Renowned authors join in the celebration, signing copies of their works for lovers of reading. If you&#8217;re a university student in Barcelona, you can&#8217;t miss this unique celebration!<\/p>\n<\/div><\/div><\/div><div class=\"fusion-layout-column fusion_builder_column fusion-builder-column-1 fusion_builder_column_1_2 1_2 fusion-flex-column\" style=\"--awb-bg-size:cover;--awb-width-large:50%;--awb-margin-top-large:0px;--awb-spacing-right-large:3.84%;--awb-margin-bottom-large:20px;--awb-spacing-left-large:3.84%;--awb-width-medium:50%;--awb-order-medium:0;--awb-spacing-right-medium:3.84%;--awb-spacing-left-medium:3.84%;--awb-width-small:100%;--awb-order-small:0;--awb-spacing-right-small:1.92%;--awb-spacing-left-small:1.92%;\"><div class=\"fusion-column-wrapper fusion-column-has-shadow fusion-flex-justify-content-flex-start fusion-content-layout-column\"><div class=\"fusion-text fusion-text-3\" style=\"--awb-content-alignment:justify;\"><p>For the 2024 edition, it is expected that literature lovers will be able <strong>to find a large number of new releases at the book fair, from fiction novels to non-fiction and poetry.<\/strong> Many international authors are also expected to join this year&#8217;s celebration, which will increase the variety of books available.<\/p>\n<p>If you are a literature lover, you should know that <strong>this edition will have an island closed to traffic in the heart of the Eixample, between Diagonal, Gran Via, Balmes and Pau Claris streets.<\/strong> This space will also <strong>extend along the Rambla and Gran de Gr\u00e8cia.<\/strong> The rest of Barcelona will celebrate the festival with reserved spaces in the different districts of the city, where <strong>many shopkeepers will be able to set up their book and rose stalls in the street from 22 April.<\/strong><\/p>\n<\/div><\/div><\/div><div class=\"fusion-layout-column fusion_builder_column fusion-builder-column-2 fusion_builder_column_1_2 1_2 fusion-flex-column\" style=\"--awb-bg-size:cover;--awb-width-large:50%;--awb-margin-top-large:0px;--awb-spacing-right-large:3.84%;--awb-margin-bottom-large:20px;--awb-spacing-left-large:3.84%;--awb-width-medium:50%;--awb-order-medium:0;--awb-spacing-right-medium:3.84%;--awb-spacing-left-medium:3.84%;--awb-width-small:100%;--awb-order-small:0;--awb-spacing-right-small:1.92%;--awb-spacing-left-small:1.92%;\"><div class=\"fusion-column-wrapper fusion-column-has-shadow fusion-flex-justify-content-flex-start fusion-content-layout-column\"><div class=\"fusion-image-element \" style=\"text-align:center;--awb-caption-title-font-family:var(--h2_typography-font-family);--awb-caption-title-font-weight:var(--h2_typography-font-weight);--awb-caption-title-font-style:var(--h2_typography-font-style);--awb-caption-title-size:var(--h2_typography-font-size);--awb-caption-title-transform:var(--h2_typography-text-transform);--awb-caption-title-line-height:var(--h2_typography-line-height);--awb-caption-title-letter-spacing:var(--h2_typography-letter-spacing);\"><span class=\" fusion-imageframe imageframe-none imageframe-1 hover-type-none\"><img decoding=\"async\" width=\"600\" height=\"400\" alt=\"Libros recomendados Sant Jordi 2024\" title=\"Libros recomendados Sant Jordi 2024\" src=\"https:\/\/www.unihabit.com\/wp-content\/uploads\/2023\/04\/Libros-recomendados-Sant-Jordi-2024-600x400.jpg\" class=\"img-responsive wp-image-13240\" srcset=\"https:\/\/www.unihabit.com\/wp-content\/uploads\/2023\/04\/Libros-recomendados-Sant-Jordi-2024-200x133.jpg 200w, https:\/\/www.unihabit.com\/wp-content\/uploads\/2023\/04\/Libros-recomendados-Sant-Jordi-2024-400x267.jpg 400w, https:\/\/www.unihabit.com\/wp-content\/uploads\/2023\/04\/Libros-recomendados-Sant-Jordi-2024-600x400.jpg 600w, https:\/\/www.unihabit.com\/wp-content\/uploads\/2023\/04\/Libros-recomendados-Sant-Jordi-2024-800x533.jpg 800w, https:\/\/www.unihabit.com\/wp-content\/uploads\/2023\/04\/Libros-recomendados-Sant-Jordi-2024.jpg 900w\" sizes=\"(max-width: 640px) 100vw, 600px\" \/><\/span><\/div><\/div><\/div><\/div><\/div><div class=\"fusion-fullwidth fullwidth-box fusion-builder-row-2 fusion-flex-container has-pattern-background has-mask-background nonhundred-percent-fullwidth non-hundred-percent-height-scrolling\" style=\"--awb-border-radius-top-left:0px;--awb-border-radius-top-right:0px;--awb-border-radius-bottom-right:0px;--awb-border-radius-bottom-left:0px;--awb-flex-wrap:wrap;\" ><div class=\"fusion-builder-row fusion-row fusion-flex-align-items-flex-start fusion-flex-content-wrap\" style=\"max-width:1248px;margin-left: calc(-4% \/ 2 );margin-right: calc(-4% \/ 2 );\"><div class=\"fusion-layout-column fusion_builder_column fusion-builder-column-3 fusion_builder_column_1_1 1_1 fusion-flex-column\" style=\"--awb-bg-size:cover;--awb-width-large:100%;--awb-margin-top-large:0px;--awb-spacing-right-large:1.92%;--awb-margin-bottom-large:20px;--awb-spacing-left-large:1.92%;--awb-width-medium:100%;--awb-order-medium:0;--awb-spacing-right-medium:1.92%;--awb-spacing-left-medium:1.92%;--awb-width-small:100%;--awb-order-small:0;--awb-spacing-right-small:1.92%;--awb-spacing-left-small:1.92%;\"><div class=\"fusion-column-wrapper fusion-column-has-shadow fusion-flex-justify-content-flex-start fusion-content-layout-column\"><div class=\"fusion-title title fusion-title-1 fusion-sep-none fusion-title-text fusion-title-size-two\"><h2 class=\"fusion-title-heading title-heading-left\" style=\"margin:0;\"><strong>List of best-selling Sant Jordi books<\/strong><\/h2><\/div><div class=\"fusion-text fusion-text-4\" style=\"--awb-content-alignment:justify;\"><p>If you are looking for a book for yourself or to give as a gift this Sant Jordi and you don&#8217;t know where to start or which one to choose, here is a small <strong>list of the best-selling books for 2024<\/strong> in each category:<\/p>\n<\/div><\/div><\/div><div class=\"fusion-layout-column fusion_builder_column fusion-builder-column-4 fusion_builder_column_1_2 1_2 fusion-flex-column\" style=\"--awb-bg-size:cover;--awb-width-large:50%;--awb-margin-top-large:0px;--awb-spacing-right-large:3.84%;--awb-margin-bottom-large:20px;--awb-spacing-left-large:3.84%;--awb-width-medium:50%;--awb-order-medium:0;--awb-spacing-right-medium:3.84%;--awb-spacing-left-medium:3.84%;--awb-width-small:100%;--awb-order-small:0;--awb-spacing-right-small:1.92%;--awb-spacing-left-small:1.92%;\"><div class=\"fusion-column-wrapper fusion-column-has-shadow fusion-flex-justify-content-flex-start fusion-content-layout-column\"><div class=\"fusion-separator fusion-full-width-sep\" style=\"align-self: center;margin-left: auto;margin-right: auto;margin-bottom:80px;width:100%;\"><\/div><div class=\"fusion-image-element \" style=\"text-align:center;--awb-caption-title-font-family:var(--h2_typography-font-family);--awb-caption-title-font-weight:var(--h2_typography-font-weight);--awb-caption-title-font-style:var(--h2_typography-font-style);--awb-caption-title-size:var(--h2_typography-font-size);--awb-caption-title-transform:var(--h2_typography-text-transform);--awb-caption-title-line-height:var(--h2_typography-line-height);--awb-caption-title-letter-spacing:var(--h2_typography-letter-spacing);\"><span class=\" fusion-imageframe imageframe-none imageframe-2 hover-type-none\"><img decoding=\"async\" width=\"600\" height=\"898\" alt=\"Libros Sant Jordi\" title=\"Libros Sant Jordi\" src=\"https:\/\/www.unihabit.com\/wp-content\/uploads\/2023\/04\/Libros-Sant-Jordi-600x898.jpg\" class=\"img-responsive wp-image-13246\" srcset=\"https:\/\/www.unihabit.com\/wp-content\/uploads\/2023\/04\/Libros-Sant-Jordi-200x299.jpg 200w, https:\/\/www.unihabit.com\/wp-content\/uploads\/2023\/04\/Libros-Sant-Jordi-400x599.jpg 400w, https:\/\/www.unihabit.com\/wp-content\/uploads\/2023\/04\/Libros-Sant-Jordi-600x898.jpg 600w, https:\/\/www.unihabit.com\/wp-content\/uploads\/2023\/04\/Libros-Sant-Jordi-800x1198.jpg 800w, https:\/\/www.unihabit.com\/wp-content\/uploads\/2023\/04\/Libros-Sant-Jordi-1200x1796.jpg 1200w, https:\/\/www.unihabit.com\/wp-content\/uploads\/2023\/04\/Libros-Sant-Jordi.jpg 1710w\" sizes=\"(max-width: 640px) 100vw, 600px\" \/><\/span><\/div><\/div><\/div><div class=\"fusion-layout-column fusion_builder_column fusion-builder-column-5 fusion_builder_column_1_2 1_2 fusion-flex-column\" style=\"--awb-bg-size:cover;--awb-width-large:50%;--awb-margin-top-large:0px;--awb-spacing-right-large:3.84%;--awb-margin-bottom-large:20px;--awb-spacing-left-large:3.84%;--awb-width-medium:50%;--awb-order-medium:0;--awb-spacing-right-medium:3.84%;--awb-spacing-left-medium:3.84%;--awb-width-small:100%;--awb-order-small:0;--awb-spacing-right-small:1.92%;--awb-spacing-left-small:1.92%;\"><div class=\"fusion-column-wrapper fusion-column-has-shadow fusion-flex-justify-content-flex-start fusion-content-layout-column\"><div class=\"fusion-title title fusion-title-2 fusion-sep-none fusion-title-text fusion-title-size-three\"><h3 class=\"fusion-title-heading title-heading-left\" style=\"margin:0;\"><strong>Fiction<\/strong><\/h3><\/div><div class=\"fusion-text fusion-text-5\" style=\"--awb-content-alignment:justify;\"><ul>\n<li style=\"font-weight: 400;\" aria-level=\"1\"><span style=\"font-weight: 400;\">Tres enigmas para la organizaci\u00f3n &#8211; Eduardo Mendoza<\/span><\/li>\n<li style=\"font-weight: 400;\" aria-level=\"1\"><span style=\"font-weight: 400;\">El hijo olvidado &#8211; Mikel Santiago<\/span><\/li>\n<li style=\"font-weight: 400;\" aria-level=\"1\"><span style=\"font-weight: 400;\">Las hijas de la criada &#8211; Sonsoles \u00d3nega<\/span><\/li>\n<li style=\"font-weight: 400;\" aria-level=\"1\"><span style=\"font-weight: 400;\">La mujer fugitiva &#8211; Alicia Gim\u00e9nez Bartlett<\/span><\/li>\n<li style=\"font-weight: 400;\" aria-level=\"1\"><span style=\"font-weight: 400;\">Par\u00eds despertaba tarde &#8211; M\u00e1ximo Huerta<\/span><\/li>\n<\/ul>\n<\/div><div class=\"fusion-title title fusion-title-3 fusion-sep-none fusion-title-text fusion-title-size-three\"><h3 class=\"fusion-title-heading title-heading-left\" style=\"margin:0;\"><strong>Non-fiction<\/strong><\/h3><\/div><div class=\"fusion-text fusion-text-6\" style=\"--awb-content-alignment:justify;\"><ul>\n<li style=\"font-weight: 400;\" aria-level=\"1\"><span style=\"font-weight: 400;\">La sociedad de la nieve &#8211; Pablo Vierci<\/span><\/li>\n<li style=\"font-weight: 400;\" aria-level=\"1\"><span style=\"font-weight: 400;\">La llamada &#8211; Leila Guerriero<\/span><\/li>\n<li style=\"font-weight: 400;\" aria-level=\"1\"><span style=\"font-weight: 400;\">El abismo del olvido &#8211; Paco Roca y Rodrigo Terrasa<\/span><\/li>\n<li style=\"font-weight: 400;\" aria-level=\"1\"><span style=\"font-weight: 400;\">Detr\u00e1s del ruido &#8211; \u00c1ngel Mart\u00edn<\/span><\/li>\n<li style=\"font-weight: 400;\" aria-level=\"1\"><span style=\"font-weight: 400;\">Neurociencia del cuerpo &#8211; Nazareth Castellanos<\/span><\/li>\n<\/ul>\n<\/div><div class=\"fusion-title title fusion-title-4 fusion-sep-none fusion-title-text fusion-title-size-three\"><h3 class=\"fusion-title-heading title-heading-left\" style=\"margin:0;\"><strong>Poetry<\/strong><\/h3><\/div><div class=\"fusion-text fusion-text-7\" style=\"--awb-content-alignment:justify;\"><ul>\n<li style=\"font-weight: 400;\" aria-level=\"1\"><span style=\"font-weight: 400;\">Rocamboleska &#8211; Bebi Fern\u00e1ndez<\/span><\/li>\n<li style=\"font-weight: 400;\" aria-level=\"1\"><span style=\"font-weight: 400;\">Lo que pasa es que te quiero &#8211; Gloria Fuertes<\/span><\/li>\n<li style=\"font-weight: 400;\" aria-level=\"1\"><span style=\"font-weight: 400;\">Un cuerpo agotado &#8211; Patricia Benito<\/span><\/li>\n<li style=\"font-weight: 400;\" aria-level=\"1\"><span style=\"font-weight: 400;\">Lo que la poes\u00eda a\u00fan no ha escrito &#8211; Elvira Sastre<\/span><\/li>\n<li style=\"font-weight: 400;\" aria-level=\"1\"><span style=\"font-weight: 400;\">Ojal\u00e1 &#8211; Defreds<\/span><\/li>\n<\/ul>\n<\/div><div class=\"fusion-title title fusion-title-5 fusion-sep-none fusion-title-text fusion-title-size-three\"><h3 class=\"fusion-title-heading title-heading-left\" style=\"margin:0;\"><strong>Children and Youth<\/strong><\/h3><\/div><div class=\"fusion-text fusion-text-8\" style=\"--awb-content-alignment:justify;\"><ul>\n<li style=\"font-weight: 400;\" aria-level=\"1\"><span style=\"font-weight: 400;\">Alas de sangre &#8211; Rebecca Yarros<\/span><\/li>\n<li style=\"font-weight: 400;\" aria-level=\"1\"><span style=\"font-weight: 400;\">Invisible &#8211; Eloy Moreno<\/span><\/li>\n<li style=\"font-weight: 400;\" aria-level=\"1\"><span style=\"font-weight: 400;\">Una influencer muerta en Par\u00eds &#8211; Blue jeans<\/span><\/li>\n<li style=\"font-weight: 400;\" aria-level=\"1\"><span style=\"font-weight: 400;\">Aunque llueva en primavera &#8211; Cherry Chic<\/span><\/li>\n<li style=\"font-weight: 400;\" aria-level=\"1\"><span style=\"font-weight: 400;\">30 sunsets para enamorarte &#8211; Mercedes Ron<\/span><\/li>\n<\/ul>\n<\/div><\/div><\/div><div class=\"fusion-layout-column fusion_builder_column fusion-builder-column-6 fusion_builder_column_1_2 1_2 fusion-flex-column\" style=\"--awb-bg-size:cover;--awb-width-large:50%;--awb-margin-top-large:0px;--awb-spacing-right-large:3.84%;--awb-margin-bottom-large:20px;--awb-spacing-left-large:3.84%;--awb-width-medium:50%;--awb-order-medium:0;--awb-spacing-right-medium:3.84%;--awb-spacing-left-medium:3.84%;--awb-width-small:100%;--awb-order-small:0;--awb-spacing-right-small:1.92%;--awb-spacing-left-small:1.92%;\"><div class=\"fusion-column-wrapper fusion-column-has-shadow fusion-flex-justify-content-flex-start fusion-content-layout-column\"><div class=\"fusion-title title fusion-title-6 fusion-sep-none fusion-title-text fusion-title-size-three\"><h3 class=\"fusion-title-heading title-heading-left\" style=\"margin:0;\"><strong>Psychology and self-improvement<\/strong><\/h3><\/div><div class=\"fusion-text fusion-text-9\" style=\"--awb-content-alignment:justify;\"><ul>\n<li style=\"font-weight: 400;\" aria-level=\"1\"><span style=\"font-weight: 400;\">Recupera tu mente, reconquista tu vida &#8211; Marian Rojas Estap\u00e9<\/span><\/li>\n<li style=\"font-weight: 400;\" aria-level=\"1\"><span style=\"font-weight: 400;\">H\u00e1bitos at\u00f3micos &#8211; James Clear<\/span><\/li>\n<li style=\"font-weight: 400;\" aria-level=\"1\"><span style=\"font-weight: 400;\">Terapia para llevar &#8211; Ana P\u00e9rez<\/span><\/li>\n<li style=\"font-weight: 400;\" aria-level=\"1\"><span style=\"font-weight: 400;\">Me quiero, te quiero &#8211; Mar\u00eda Escaplez<\/span><\/li>\n<li style=\"font-weight: 400;\" aria-level=\"1\"><span style=\"font-weight: 400;\">Ama tu soledad &#8211; Borja Vilaseca<\/span><\/li>\n<\/ul>\n<\/div><div class=\"fusion-title title fusion-title-7 fusion-sep-none fusion-title-text fusion-title-size-three\"><h3 class=\"fusion-title-heading title-heading-left\" style=\"margin:0;\"><strong>Nutrition<\/strong><\/h3><\/div><div class=\"fusion-text fusion-text-10\" style=\"--awb-content-alignment:justify;\"><ul>\n<li style=\"font-weight: 400;\" aria-level=\"1\"><span style=\"font-weight: 400;\">Tu cerebro tiene hambre &#8211; Boticaria Garc\u00eda<\/span><\/li>\n<li style=\"font-weight: 400;\" aria-level=\"1\"><span style=\"font-weight: 400;\">Activa tus mitocondrias &#8211;\u00a0 Antonio Valenzuela<\/span><\/li>\n<li style=\"font-weight: 400;\" aria-level=\"1\"><span style=\"font-weight: 400;\">Ama lo que comes &#8211; Luc\u00eda G\u00f3mez<\/span><\/li>\n<li style=\"font-weight: 400;\" aria-level=\"1\"><span style=\"font-weight: 400;\">Micro recetas &#8211; Laura G\u00f3mez L\u00f3pez<\/span><\/li>\n<li style=\"font-weight: 400;\" aria-level=\"1\"><span style=\"font-weight: 400;\">La ciencia de la microbiota &#8211; Cristina S\u00e1ez y fundaci\u00f3n Al\u00edcia<\/span><\/li>\n<\/ul>\n<\/div><\/div><\/div><div class=\"fusion-layout-column fusion_builder_column fusion-builder-column-7 fusion_builder_column_1_2 1_2 fusion-flex-column fusion-flex-align-self-center\" style=\"--awb-bg-size:cover;--awb-width-large:50%;--awb-margin-top-large:0px;--awb-spacing-right-large:3.84%;--awb-margin-bottom-large:20px;--awb-spacing-left-large:3.84%;--awb-width-medium:50%;--awb-order-medium:0;--awb-spacing-right-medium:3.84%;--awb-spacing-left-medium:3.84%;--awb-width-small:100%;--awb-order-small:0;--awb-spacing-right-small:1.92%;--awb-spacing-left-small:1.92%;\" data-scroll-devices=\"small-visibility,medium-visibility,large-visibility\"><div class=\"fusion-column-wrapper fusion-column-has-shadow fusion-flex-justify-content-flex-start fusion-content-layout-column\"><div class=\"fusion-image-element \" style=\"--awb-caption-title-font-family:var(--h2_typography-font-family);--awb-caption-title-font-weight:var(--h2_typography-font-weight);--awb-caption-title-font-style:var(--h2_typography-font-style);--awb-caption-title-size:var(--h2_typography-font-size);--awb-caption-title-transform:var(--h2_typography-text-transform);--awb-caption-title-line-height:var(--h2_typography-line-height);--awb-caption-title-letter-spacing:var(--h2_typography-letter-spacing);\"><span class=\" fusion-imageframe imageframe-none imageframe-3 hover-type-none\"><img decoding=\"async\" width=\"600\" height=\"400\" alt=\"Firma libros Sant Jordi\" title=\"Firma libros Sant Jordi\" src=\"https:\/\/www.unihabit.com\/wp-content\/uploads\/2023\/04\/Firma-libros-Sant-Jordi-600x400.jpg\" class=\"img-responsive wp-image-13234\" srcset=\"https:\/\/www.unihabit.com\/wp-content\/uploads\/2023\/04\/Firma-libros-Sant-Jordi-200x133.jpg 200w, https:\/\/www.unihabit.com\/wp-content\/uploads\/2023\/04\/Firma-libros-Sant-Jordi-400x267.jpg 400w, https:\/\/www.unihabit.com\/wp-content\/uploads\/2023\/04\/Firma-libros-Sant-Jordi-600x400.jpg 600w, https:\/\/www.unihabit.com\/wp-content\/uploads\/2023\/04\/Firma-libros-Sant-Jordi-800x533.jpg 800w, https:\/\/www.unihabit.com\/wp-content\/uploads\/2023\/04\/Firma-libros-Sant-Jordi.jpg 900w\" sizes=\"(max-width: 640px) 100vw, 600px\" \/><\/span><\/div><\/div><\/div><\/div><\/div><div class=\"fusion-fullwidth fullwidth-box fusion-builder-row-3 fusion-flex-container has-pattern-background has-mask-background nonhundred-percent-fullwidth non-hundred-percent-height-scrolling\" style=\"--awb-border-radius-top-left:0px;--awb-border-radius-top-right:0px;--awb-border-radius-bottom-right:0px;--awb-border-radius-bottom-left:0px;--awb-flex-wrap:wrap;\" ><div class=\"fusion-builder-row fusion-row fusion-flex-align-items-flex-start fusion-flex-content-wrap\" style=\"max-width:1248px;margin-left: calc(-4% \/ 2 );margin-right: calc(-4% \/ 2 );\"><div class=\"fusion-layout-column fusion_builder_column fusion-builder-column-8 fusion_builder_column_1_1 1_1 fusion-flex-column\" style=\"--awb-bg-size:cover;--awb-width-large:100%;--awb-margin-top-large:0px;--awb-spacing-right-large:1.92%;--awb-margin-bottom-large:20px;--awb-spacing-left-large:1.92%;--awb-width-medium:100%;--awb-order-medium:0;--awb-spacing-right-medium:1.92%;--awb-spacing-left-medium:1.92%;--awb-width-small:100%;--awb-order-small:0;--awb-spacing-right-small:1.92%;--awb-spacing-left-small:1.92%;\"><div class=\"fusion-column-wrapper fusion-column-has-shadow fusion-flex-justify-content-flex-start fusion-content-layout-column\"><div class=\"fusion-title title fusion-title-8 fusion-sep-none fusion-title-text fusion-title-size-two\"><h2 class=\"fusion-title-heading title-heading-left\" style=\"margin:0;\"><strong>List of recommended Sant Jordi books for students<\/strong><\/h2><\/div><div class=\"fusion-text fusion-text-11\" style=\"--awb-content-alignment:justify;\"><p>If, on the other hand, you are clear about what type of book you want and are looking for the <strong>best books for students<\/strong>, here is a list of the best books for students, ideal for choosing the one that best suits you:<\/p>\n<\/div><\/div><\/div><div class=\"fusion-layout-column fusion_builder_column fusion-builder-column-9 fusion_builder_column_1_2 1_2 fusion-flex-column\" style=\"--awb-bg-size:cover;--awb-width-large:50%;--awb-margin-top-large:0px;--awb-spacing-right-large:3.84%;--awb-margin-bottom-large:20px;--awb-spacing-left-large:3.84%;--awb-width-medium:50%;--awb-order-medium:0;--awb-spacing-right-medium:3.84%;--awb-spacing-left-medium:3.84%;--awb-width-small:100%;--awb-order-small:0;--awb-spacing-right-small:1.92%;--awb-spacing-left-small:1.92%;\"><div class=\"fusion-column-wrapper fusion-column-has-shadow fusion-flex-justify-content-flex-start fusion-content-layout-column\"><div class=\"fusion-text fusion-text-12\" style=\"--awb-content-alignment:justify;\"><ul>\n<li style=\"font-weight: 400;\" aria-level=\"1\"><span style=\"font-weight: 400;\">La sangre del padre &#8211; Alfonso Goizueta (Novela contempor\u00e1nea)<\/span><\/li>\n<li style=\"font-weight: 400;\" aria-level=\"1\"><span style=\"font-weight: 400;\">Bajo tierra seca &#8211; C\u00e9sar P\u00e9rez Gellida (Novela negra)<\/span><\/li>\n<li style=\"font-weight: 400;\" aria-level=\"1\"><span style=\"font-weight: 400;\">El barrac\u00f3n de las mujeres de Fermina Ca\u00f1averas (Novela hist\u00f3rica)<\/span><\/li>\n<li style=\"font-weight: 400;\" aria-level=\"1\"><span style=\"font-weight: 400;\">La ciudad y sus muros inciertos &#8211; Haruki Murakami (Novela literaria)<\/span><\/li>\n<li style=\"font-weight: 400;\" aria-level=\"1\"><span style=\"font-weight: 400;\">Cumbre \u00edndigo &#8211; Devney Perry (Novela rom\u00e1ntica y er\u00f3tica)<\/span><\/li>\n<li style=\"font-weight: 400;\" aria-level=\"1\"><span style=\"font-weight: 400;\">El estrecho sendero entre deseos &#8211; Patrick Rothfuss (Narrativa de fantas\u00eda)<\/span><\/li>\n<li style=\"font-weight: 400;\" aria-level=\"1\"><span style=\"font-weight: 400;\">Detr\u00e1s del ruido &#8211; \u00c1ngel Mart\u00edn (Psicolog\u00eda y autoayuda)<\/span><\/li>\n<li style=\"font-weight: 400;\" aria-level=\"1\"><span style=\"font-weight: 400;\">Tu proyecto m\u00e1s importante eres t\u00fa &#8211; Luna Javierre (Psicolog\u00eda y autoayuda)<\/span><\/li>\n<li style=\"font-weight: 400;\" aria-level=\"1\"><span style=\"font-weight: 400;\">Los capullos regalan flores (Arte)<\/span><\/li>\n<li style=\"font-weight: 400;\" aria-level=\"1\"><span style=\"font-weight: 400;\">El ABC del arte &#8211; Phaidon Press (Arte)<\/span><\/li>\n<li style=\"font-weight: 400;\" aria-level=\"1\"><span style=\"font-weight: 400;\">Fahrenheit 451 &#8211; V\u00edctor Santos (C\u00f3mic y Manga)<\/span><\/li>\n<li style=\"font-weight: 400;\" aria-level=\"1\"><span style=\"font-weight: 400;\">No me cuentes cuentos &#8211; Sandra Sabat\u00e9s (Ciencias humanas y sociales)<\/span><\/li>\n<li style=\"font-weight: 400;\" aria-level=\"1\"><span style=\"font-weight: 400;\">De cero a uno &#8211; Peter Thiel (Empresarial)<\/span><\/li>\n<li style=\"font-weight: 400;\" aria-level=\"1\"><span style=\"font-weight: 400;\">On fashion photography &#8211; Peter Lindbergh (Fotograf\u00eda y moda)<\/span><\/li>\n<li style=\"font-weight: 400;\" aria-level=\"1\"><span style=\"font-weight: 400;\">Coco Chanel. Vida, obra y legado de la mujer que revolucion\u00f3 la moda &#8211; Pinolia (Moda)<\/span><\/li>\n<\/ul>\n<\/div><\/div><\/div><div class=\"fusion-layout-column fusion_builder_column fusion-builder-column-10 fusion_builder_column_1_2 1_2 fusion-flex-column fusion-flex-align-self-center\" style=\"--awb-bg-size:cover;--awb-width-large:50%;--awb-margin-top-large:0px;--awb-spacing-right-large:3.84%;--awb-margin-bottom-large:20px;--awb-spacing-left-large:3.84%;--awb-width-medium:50%;--awb-order-medium:0;--awb-spacing-right-medium:3.84%;--awb-spacing-left-medium:3.84%;--awb-width-small:100%;--awb-order-small:0;--awb-spacing-right-small:1.92%;--awb-spacing-left-small:1.92%;\" data-scroll-devices=\"small-visibility,medium-visibility,large-visibility\"><div class=\"fusion-column-wrapper fusion-column-has-shadow fusion-flex-justify-content-flex-start fusion-content-layout-column\"><div class=\"fusion-image-element \" style=\"text-align:center;--awb-caption-title-font-family:var(--h2_typography-font-family);--awb-caption-title-font-weight:var(--h2_typography-font-weight);--awb-caption-title-font-style:var(--h2_typography-font-style);--awb-caption-title-size:var(--h2_typography-font-size);--awb-caption-title-transform:var(--h2_typography-text-transform);--awb-caption-title-line-height:var(--h2_typography-line-height);--awb-caption-title-letter-spacing:var(--h2_typography-letter-spacing);\"><span class=\" fusion-imageframe imageframe-none imageframe-4 hover-type-none\"><img decoding=\"async\" width=\"600\" height=\"400\" alt=\"Firma libros Sant Jordi 2024\" title=\"Firma libros Sant Jordi 2024\" src=\"https:\/\/www.unihabit.com\/wp-content\/uploads\/2023\/04\/Firma-libros-Sant-Jordi-2024-600x400.jpg\" class=\"img-responsive wp-image-13249\" srcset=\"https:\/\/www.unihabit.com\/wp-content\/uploads\/2023\/04\/Firma-libros-Sant-Jordi-2024-200x133.jpg 200w, https:\/\/www.unihabit.com\/wp-content\/uploads\/2023\/04\/Firma-libros-Sant-Jordi-2024-400x267.jpg 400w, https:\/\/www.unihabit.com\/wp-content\/uploads\/2023\/04\/Firma-libros-Sant-Jordi-2024-600x400.jpg 600w, https:\/\/www.unihabit.com\/wp-content\/uploads\/2023\/04\/Firma-libros-Sant-Jordi-2024-800x533.jpg 800w, https:\/\/www.unihabit.com\/wp-content\/uploads\/2023\/04\/Firma-libros-Sant-Jordi-2024.jpg 900w\" sizes=\"(max-width: 640px) 100vw, 600px\" \/><\/span><\/div><\/div><\/div><div class=\"fusion-layout-column fusion_builder_column fusion-builder-column-11 fusion_builder_column_1_1 1_1 fusion-flex-column\" style=\"--awb-bg-size:cover;--awb-width-large:100%;--awb-margin-top-large:0px;--awb-spacing-right-large:1.92%;--awb-margin-bottom-large:20px;--awb-spacing-left-large:1.92%;--awb-width-medium:100%;--awb-order-medium:0;--awb-spacing-right-medium:1.92%;--awb-spacing-left-medium:1.92%;--awb-width-small:100%;--awb-order-small:0;--awb-spacing-right-small:1.92%;--awb-spacing-left-small:1.92%;\"><div class=\"fusion-column-wrapper fusion-column-has-shadow fusion-flex-justify-content-flex-start fusion-content-layout-column\"><div class=\"fusion-title title fusion-title-9 fusion-sep-none fusion-title-text fusion-title-size-two\"><h2 class=\"fusion-title-heading title-heading-left\" style=\"margin:0;\"><strong>Organisation of Barcelona for Sant Jordi 2024<\/strong><\/h2><\/div><div class=\"fusion-text fusion-text-13\" style=\"--awb-content-alignment:justify;\"><p>For Sant Jordi 2024, the city of Barcelona is repeating the literary superblock model, which was a great success last year.<\/p>\n<p>The <strong>main area will once again be Ciutat Vella along with the Ramblas<\/strong> to offer the biggest literary and flowery attraction with 94 stops. Passeig de Gr\u00e0cia and Gran de Gr\u00e0cia will also be filled with book and rose stalls.<\/p>\n<p>The <strong>neighbourhood of Les Corts will have 9 stops and Sant Mart\u00ed 8. Sant Andreu and Sarr\u00eca will also have 6 and 4 stops.<\/strong> To celebrate one of the most beautiful days of the year Barcelona will host writers and authors of books to offer different activities such as book signings. <strong>David Walliams, a British writer and actor will become the author of the reading proclamation next Monday 22nd April at the Gabriel Garc\u00eda M\u00e1rquez Library.<\/strong><\/p>\n<p>The proclamation is the starting signal for the Sant Jordi festival and has been promoted by the city&#8217;s network of libraries since 2003. Here are <strong>some of the stops and times of the signings for this Sant Jordi 2024<\/strong> in the city of Barcelona:<\/p>\n<\/div><\/div><\/div><div class=\"fusion-layout-column fusion_builder_column fusion-builder-column-12 fusion_builder_column_1_2 1_2 fusion-flex-column\" style=\"--awb-bg-size:cover;--awb-width-large:50%;--awb-margin-top-large:0px;--awb-spacing-right-large:3.84%;--awb-margin-bottom-large:20px;--awb-spacing-left-large:3.84%;--awb-width-medium:50%;--awb-order-medium:0;--awb-spacing-right-medium:3.84%;--awb-spacing-left-medium:3.84%;--awb-width-small:100%;--awb-order-small:0;--awb-spacing-right-small:1.92%;--awb-spacing-left-small:1.92%;\"><div class=\"fusion-column-wrapper fusion-column-has-shadow fusion-flex-justify-content-flex-start fusion-content-layout-column\"><div class=\"fusion-title title fusion-title-10 fusion-sep-none fusion-title-text fusion-title-size-three\"><h3 class=\"fusion-title-heading title-heading-left\" style=\"margin:0;\"><b>Alta\u00efr library<\/b><\/h3><\/div><div class=\"fusion-text fusion-text-14\" style=\"--awb-content-alignment:justify;\"><ul>\n<li style=\"font-weight: 400;\" aria-level=\"1\"><span style=\"font-weight: 400;\">Passeig de Gr\u00e0cia (stops 20-22-24-26)\u00a0<\/span><\/li>\n<li style=\"font-weight: 400;\" aria-level=\"1\"><span style=\"font-weight: 400;\">Gran Via de les Corts Catalanes, 616<\/span><\/li>\n<\/ul>\n<\/div><div class=\"fusion-title title fusion-title-11 fusion-sep-none fusion-title-text fusion-title-size-three\"><h3 class=\"fusion-title-heading title-heading-left\" style=\"margin:0;\"><b>La Casa del Libro<\/b><\/h3><\/div><div class=\"fusion-text fusion-text-15\" style=\"--awb-content-alignment:justify;\"><ul>\n<li style=\"font-weight: 400;\" aria-level=\"1\"><span style=\"font-weight: 400;\">Passeig de Gr\u00e0cia (between Aragon street and Valencia street)<\/span><\/li>\n<li style=\"font-weight: 400;\" aria-level=\"1\"><span style=\"font-weight: 400;\">Passeig de Gr\u00e0cia (between Diputaci\u00f3n street and Consell de Cent street)<\/span><\/li>\n<li style=\"font-weight: 400;\" aria-level=\"1\"><span style=\"font-weight: 400;\">Passeig de Sant Joan (between \u00c0usias Marc street and Casp street)<\/span><\/li>\n<\/ul>\n<\/div><div class=\"fusion-title title fusion-title-12 fusion-sep-none fusion-title-text fusion-title-size-three\"><h3 class=\"fusion-title-heading title-heading-left\" style=\"margin:0;\"><b>Fnac<\/b><\/h3><\/div><div class=\"fusion-text fusion-text-16\" style=\"--awb-content-alignment:justify;\"><ul>\n<li style=\"font-weight: 400;\" aria-level=\"1\"><span style=\"font-weight: 400;\">Fnac Triangle: Catalonia square, 4<\/span><\/li>\n<li style=\"font-weight: 400;\" aria-level=\"1\"><span style=\"font-weight: 400;\">Fnac Illa Diagonal: Diagonal Avenue, 549<\/span><\/li>\n<li style=\"font-weight: 400;\" aria-level=\"1\"><span style=\"font-weight: 400;\">Fnac Arenas: Gran Via, 373-385<\/span><\/li>\n<li style=\"font-weight: 400;\" aria-level=\"1\"><span style=\"font-weight: 400;\">Fnac Gl\u00f2ries: Gl\u00f2ries Shopping Centre<\/span><\/li>\n<\/ul>\n<\/div><\/div><\/div><div class=\"fusion-layout-column fusion_builder_column fusion-builder-column-13 fusion_builder_column_1_2 1_2 fusion-flex-column fusion-flex-align-self-center\" style=\"--awb-bg-size:cover;--awb-width-large:50%;--awb-margin-top-large:0px;--awb-spacing-right-large:3.84%;--awb-margin-bottom-large:20px;--awb-spacing-left-large:3.84%;--awb-width-medium:50%;--awb-order-medium:0;--awb-spacing-right-medium:3.84%;--awb-spacing-left-medium:3.84%;--awb-width-small:100%;--awb-order-small:0;--awb-spacing-right-small:1.92%;--awb-spacing-left-small:1.92%;\" data-scroll-devices=\"small-visibility,medium-visibility,large-visibility\"><div class=\"fusion-column-wrapper fusion-column-has-shadow fusion-flex-justify-content-flex-start fusion-content-layout-column\"><div class=\"fusion-image-element \" style=\"--awb-caption-title-font-family:var(--h2_typography-font-family);--awb-caption-title-font-weight:var(--h2_typography-font-weight);--awb-caption-title-font-style:var(--h2_typography-font-style);--awb-caption-title-size:var(--h2_typography-font-size);--awb-caption-title-transform:var(--h2_typography-text-transform);--awb-caption-title-line-height:var(--h2_typography-line-height);--awb-caption-title-letter-spacing:var(--h2_typography-letter-spacing);\"><span class=\" fusion-imageframe imageframe-none imageframe-5 hover-type-none\"><img decoding=\"async\" width=\"600\" height=\"400\" alt=\"Sant Jordi 2024\" title=\"Sant Jordi 2024\" src=\"https:\/\/www.unihabit.com\/wp-content\/uploads\/2023\/04\/Sant-Jordi-2024-600x400.jpg\" class=\"img-responsive wp-image-13243\" srcset=\"https:\/\/www.unihabit.com\/wp-content\/uploads\/2023\/04\/Sant-Jordi-2024-200x133.jpg 200w, https:\/\/www.unihabit.com\/wp-content\/uploads\/2023\/04\/Sant-Jordi-2024-400x267.jpg 400w, https:\/\/www.unihabit.com\/wp-content\/uploads\/2023\/04\/Sant-Jordi-2024-600x400.jpg 600w, https:\/\/www.unihabit.com\/wp-content\/uploads\/2023\/04\/Sant-Jordi-2024-800x533.jpg 800w, https:\/\/www.unihabit.com\/wp-content\/uploads\/2023\/04\/Sant-Jordi-2024.jpg 900w\" sizes=\"(max-width: 640px) 100vw, 600px\" \/><\/span><\/div><\/div><\/div><div class=\"fusion-layout-column fusion_builder_column fusion-builder-column-14 fusion_builder_column_1_1 1_1 fusion-flex-column\" style=\"--awb-bg-size:cover;--awb-width-large:100%;--awb-margin-top-large:0px;--awb-spacing-right-large:1.92%;--awb-margin-bottom-large:20px;--awb-spacing-left-large:1.92%;--awb-width-medium:100%;--awb-order-medium:0;--awb-spacing-right-medium:1.92%;--awb-spacing-left-medium:1.92%;--awb-width-small:100%;--awb-order-small:0;--awb-spacing-right-small:1.92%;--awb-spacing-left-small:1.92%;\"><div class=\"fusion-column-wrapper fusion-column-has-shadow fusion-flex-justify-content-flex-start fusion-content-layout-column\"><div class=\"fusion-text fusion-text-17\" style=\"--awb-content-alignment:justify;\"><p>Our residents of <a href=\"https:\/\/www.unihabit.com\/en\/universitary-residences-barcelona\/\">Unihabit Ciutat Vella<\/a> and <a href=\"https:\/\/www.unihabit.com\/en\/university-residence-barcelona-gracia\/\">Unihabit Gr\u00e0cia<\/a> will be able to enjoy an incredible day in the city of Barcelona and the stops located very close to our <a href=\"https:\/\/www.unihabit.com\/en\/\">university residences<\/a>.<\/p>\n<\/div><\/div><\/div><\/div><\/div><\/p>\n","protected":false},"excerpt":{"rendered":"","protected":false},"author":1,"featured_media":13237,"comment_status":"open","ping_status":"open","sticky":false,"template":"","format":"standard","meta":{"footnotes":""},"categories":[30],"tags":[],"class_list":["post-13307","post","type-post","status-publish","format-standard","has-post-thumbnail","hentry","category-blog"],"_links":{"self":[{"href":"https:\/\/www.unihabit.com\/en\/wp-json\/wp\/v2\/posts\/13307","targetHints":{"allow":["GET"]}}],"collection":[{"href":"https:\/\/www.unihabit.com\/en\/wp-json\/wp\/v2\/posts"}],"about":[{"href":"https:\/\/www.unihabit.com\/en\/wp-json\/wp\/v2\/types\/post"}],"author":[{"embeddable":true,"href":"https:\/\/www.unihabit.com\/en\/wp-json\/wp\/v2\/users\/1"}],"replies":[{"embeddable":true,"href":"https:\/\/www.unihabit.com\/en\/wp-json\/wp\/v2\/comments?post=13307"}],"version-history":[{"count":4,"href":"https:\/\/www.unihabit.com\/en\/wp-json\/wp\/v2\/posts\/13307\/revisions"}],"predecessor-version":[{"id":13779,"href":"https:\/\/www.unihabit.com\/en\/wp-json\/wp\/v2\/posts\/13307\/revisions\/13779"}],"wp:featuredmedia":[{"embeddable":true,"href":"https:\/\/www.unihabit.com\/en\/wp-json\/wp\/v2\/media\/13237"}],"wp:attachment":[{"href":"https:\/\/www.unihabit.com\/en\/wp-json\/wp\/v2\/media?parent=13307"}],"wp:term":[{"taxonomy":"category","embeddable":true,"href":"https:\/\/www.unihabit.com\/en\/wp-json\/wp\/v2\/categories?post=13307"},{"taxonomy":"post_tag","embeddable":true,"href":"https:\/\/www.unihabit.com\/en\/wp-json\/wp\/v2\/tags?post=13307"}],"curies":[{"name":"wp","href":"https:\/\/api.w.org\/{rel}","templated":true}]}}