{"id":3662,"date":"2018-08-22T10:50:44","date_gmt":"2018-08-22T08:50:44","guid":{"rendered":"https:\/\/www.unihabit.com\/blog\/turisme-unihabit-el-call-jueu-de-girona\/"},"modified":"2025-03-26T17:53:25","modified_gmt":"2025-03-26T15:53:25","slug":"turisme-unihabit-el-call-jueu-de-girona","status":"publish","type":"post","link":"https:\/\/www.unihabit.com\/en\/turisme-unihabit-el-call-jueu-de-girona\/","title":{"rendered":"Turisme Unihabit: el Call jueu de Girona"},"content":{"rendered":"<div class=\"fusion-fullwidth fullwidth-box fusion-builder-row-1 fusion-flex-container nonhundred-percent-fullwidth non-hundred-percent-height-scrolling\" style=\"--awb-border-radius-top-left:0px;--awb-border-radius-top-right:0px;--awb-border-radius-bottom-right:0px;--awb-border-radius-bottom-left:0px;--awb-flex-wrap:wrap;\" ><div class=\"fusion-builder-row fusion-row fusion-flex-align-items-flex-start fusion-flex-content-wrap\" style=\"max-width:1248px;margin-left: calc(-4% \/ 2 );margin-right: calc(-4% \/ 2 );\"><div class=\"fusion-layout-column fusion_builder_column fusion-builder-column-0 fusion_builder_column_1_1 1_1 fusion-flex-column\" style=\"--awb-bg-size:cover;--awb-width-large:100%;--awb-margin-top-large:0px;--awb-spacing-right-large:1.92%;--awb-margin-bottom-large:0px;--awb-spacing-left-large:1.92%;--awb-width-medium:100%;--awb-spacing-right-medium:1.92%;--awb-spacing-left-medium:1.92%;--awb-width-small:100%;--awb-spacing-right-small:1.92%;--awb-spacing-left-small:1.92%;\"><div class=\"fusion-column-wrapper fusion-flex-justify-content-flex-start fusion-content-layout-column\"><div class=\"fusion-text fusion-text-1\"><h2>El Call jueu de Girona, dins de la For\u00e7a Vella de Girona es un dels millor conservats de tot Europa i un exemple de la import\u00e0ncia que va tenir la comunitat hebraica medieval en l&#8217;evoluci\u00f3 de la ciutat. Si no sabeu en qu\u00e8 distreure-us aquest estiu, animeu-vos a descobrir-lo!<\/h2>\n<p>El Call jueu, est\u00e0 format per un laberint de carrerons i de patis que mantenen l&#8217;aura dels temps medievals i ja des de l&#8217;any 888 hi ha const\u00e0ncia documental de la pres\u00e8ncia d&#8217;unes 25 fam\u00edlies de la religi\u00f3 mosaica.<\/p>\n<div id=\"attachment_5438\" style=\"width: 990px\" class=\"wp-caption aligncenter\"><a href=\"https:\/\/www.unihabit.com\/wp-content\/uploads\/2020\/10\/barri-jueu_girona_unihabit-1.jpg\"><img decoding=\"async\" aria-describedby=\"caption-attachment-5438\" class=\"wp-image-5438 size-large\" src=\"https:\/\/www.unihabit.com\/wp-content\/uploads\/2020\/10\/barri-jueu_girona_unihabit-1.jpg\" alt=\"Call jueu de Girona_Unihabit resid\u00e8ncies universit\u00e0ries\" width=\"980\" height=\"735\" title=\"\"><\/a><p id=\"caption-attachment-5438\" class=\"wp-caption-text\">Font: Espanarusa.com<\/p><\/div>\n<p>El barri jueu es va comen\u00e7ar a formar a partir del segle XII, al carrer de la For\u00e7a degut al trasllat de diverses fam\u00edlies jueves a la zona que abans abans vivien al voltant de la catedral.<\/p>\n<p>Magn\u00edficament conservat, el call jueu permet al visitant, no nom\u00e9s descobrir els aspectes culturals i monumentals mantinguts a dia d&#8217;avui a la zona, sin\u00f3 gaudir d&#8217;un passeig agradable entre carrerons que et transporten a l&#8217;\u00e8poca medieval, de forma totalment realista.<\/p>\n<div id=\"attachment_5439\" style=\"width: 990px\" class=\"wp-caption aligncenter\"><a href=\"https:\/\/www.unihabit.com\/wp-content\/uploads\/2020\/10\/el-call-jueu-girona_unihabit.jpg\"><img decoding=\"async\" aria-describedby=\"caption-attachment-5439\" class=\"wp-image-5439 size-large\" src=\"https:\/\/www.unihabit.com\/wp-content\/uploads\/2020\/10\/el-call-jueu-girona_unihabit.jpg\" alt=\"Call jueu de Girona_Unihabit resid\u00e8ncies universit\u00e0ries\" width=\"980\" height=\"654\" title=\"\"><\/a><p id=\"caption-attachment-5439\" class=\"wp-caption-text\">Font: mislugaresfavoritosjbt.blogspot.com<\/p><\/div>\n<p>A la ciutat van desenvolupar les seves teories importants pensadors com\u00a0<a class=\"new\" title=\"Jacob ben Sehet Gerund\u00ed (encara no existeix)\" href=\"https:\/\/ca.wikipedia.org\/w\/index.php?title=Jacob_ben_Sehet_Gerund%C3%AD&amp;action=edit&amp;redlink=1\" target=\"_blank\" rel=\"noopener\">Jacob ben Sehet Gerund\u00ed<\/a>, el poeta\u00a0<a title=\"Mesulam ben Selom\u00f3 de Piera\" href=\"https:\/\/ca.wikipedia.org\/wiki\/Mesulam_ben_Selom%C3%B3_de_Piera\" target=\"_blank\" rel=\"noopener\">Mesulam ben Selom\u00f3 de Piera<\/a>, i els grans fil\u00f2sofs\u00a0<a class=\"new\" title=\"Ezra ben Salom\u00f3 (encara no existeix)\" href=\"https:\/\/ca.wikipedia.org\/w\/index.php?title=Ezra_ben_Salom%C3%B3&amp;action=edit&amp;redlink=1\" target=\"_blank\" rel=\"noopener\">Ezra ben Salom\u00f3<\/a>\u00a0i\u00a0<a title=\"Azriel de Girona\" href=\"https:\/\/ca.wikipedia.org\/wiki\/Azriel_de_Girona\" target=\"_blank\" rel=\"noopener\">Azriel de Girona<\/a>.<\/p>\n<p>Tanmateix la figura m\u00e9s rellevant va ser el metge, poeta, fil\u00f2sof i exegeta\u00a0<b>Mosse ben Nahman<\/b>, m\u00e9s conegut com a\u00a0<a title=\"Bonastruc \u00e7a Porta\" href=\"https:\/\/ca.wikipedia.org\/wiki\/Bonastruc_%C3%A7a_Porta\" target=\"_blank\" rel=\"noopener\">Bonastruc \u00e7a Porta<\/a>.<\/p>\n<p>Gr\u00e0cies al suport de l&#8217;ambaixada d&#8217;<a title=\"Israel\" href=\"https:\/\/ca.wikipedia.org\/wiki\/Israel\" target=\"_blank\" rel=\"noopener\">Israel<\/a>, s&#8217;ha rehabilitat part del call, on hi funciona el\u00a0<i>Centre Bonastruc \u00e7a Porta &#8211; Institut d&#8217;Estudis Nahm\u00e1nides<\/i>.<\/p>\n<p>T\u00e9 tamb\u00e9 el patrocini del &#8220;Patronat Municipal Call de Girona&#8221;.<\/p>\n<p>El call de Girona \u00e9s molt visitat per jueus i turistes en general, perqu\u00e8 \u00e9s sobretot una gran font de cultura d&#8217;altres \u00e8poques.<\/p>\n<div id=\"attachment_5441\" style=\"width: 990px\" class=\"wp-caption aligncenter\"><a href=\"https:\/\/www.unihabit.com\/wp-content\/uploads\/2020\/10\/call-jueu-de-Girona_UNIHABIT.jpg\"><img decoding=\"async\" aria-describedby=\"caption-attachment-5441\" class=\"wp-image-5441 size-large\" src=\"https:\/\/www.unihabit.com\/wp-content\/uploads\/2020\/10\/call-jueu-de-Girona_UNIHABIT.jpg\" alt=\"call jueu de Girona_Unihabit resid\u00e8ncies universit\u00e0ries\" width=\"980\" height=\"628\" title=\"\"><\/a><p id=\"caption-attachment-5441\" class=\"wp-caption-text\">Font: Flickr de windenric1<\/p><\/div>\n<p>Des de l&#8217;<a href=\"https:\/\/www.girona.cat\/agenda\/cat\/agenda_fitxa.php?id=11602&amp;ta=age\" target=\"_blank\" rel=\"noopener\">Ajuntament de Girona<\/a> s&#8217;organitzen visites guiades que acompa\u00f1en a aquell que ho desitgi en un itinerari pels carrers del call jueu de Girona i el Museu d&#8217;hist\u00f2ria dels Jueus.<\/p>\n<p>Des de <a href=\"https:\/\/www.unihabit.com\/ca\/residencia-universitaria-girona\/\" target=\"_blank\" rel=\"noopener\">Unihabit Resid\u00e8ncies universit\u00e0ries<\/a> us recomanem que no perdeu l&#8217;oportunitat de con\u00e8ixer aquest petit trosset d&#8217;hist\u00f2ria, detalls particulars de personatges de la comunitat i resoldre qualsevol tipus de dubte al respecte, durant una hora i mitja.<\/p>\n<p><b>Informaci\u00f3 i reserves de la visita al Call jueu de Girona i al Musue d&#8217;Hist\u00f2ria dels Jueus a<\/b>:\u00a0<a href=\"mailto:reserves.callgirona@ajgirona.cat\" target=\"_top\" rel=\"noopener\">reserves.callgirona@ajgirona.cat<\/a>\u00a0o al tel\u00e8fon 972 21 67 61<\/p>\n<p><strong>Preus:<\/strong>\u00a0de 3\u20ac a 6\u20ac<\/p>\n<p>A <a href=\"https:\/\/www.unihabit.com\/ca\/\" target=\"_blank\" rel=\"noopener\">Unihabit<\/a> sabem que, a vegades, all\u00f2 que tenim m\u00e9s aprop esdev\u00e9 el qu\u00e8 menys coneixem, perdent-nos aix\u00ed la possibilitat de disfrutar d&#8217;un bagatge cultural propi i a l&#8217;abast de gran rellev\u00e0ncia.<\/p>\n<h2>Des d&#8217;Unihabit us animem a que descobriu el Call jueu de Girona i que recordeu que el saber no ocupa espai!<\/h2>\n<\/div><\/div><\/div><\/div><\/div>\n","protected":false},"excerpt":{"rendered":"","protected":false},"author":1,"featured_media":16496,"comment_status":"open","ping_status":"open","sticky":false,"template":"","format":"standard","meta":{"footnotes":""},"categories":[339,30,338],"tags":[],"class_list":["post-3662","post","type-post","status-publish","format-standard","has-post-thumbnail","hentry","category-activities-cultura-girona","category-blog","category-blog-unihabit-girona"],"_links":{"self":[{"href":"https:\/\/www.unihabit.com\/en\/wp-json\/wp\/v2\/posts\/3662","targetHints":{"allow":["GET"]}}],"collection":[{"href":"https:\/\/www.unihabit.com\/en\/wp-json\/wp\/v2\/posts"}],"about":[{"href":"https:\/\/www.unihabit.com\/en\/wp-json\/wp\/v2\/types\/post"}],"author":[{"embeddable":true,"href":"https:\/\/www.unihabit.com\/en\/wp-json\/wp\/v2\/users\/1"}],"replies":[{"embeddable":true,"href":"https:\/\/www.unihabit.com\/en\/wp-json\/wp\/v2\/comments?post=3662"}],"version-history":[{"count":2,"href":"https:\/\/www.unihabit.com\/en\/wp-json\/wp\/v2\/posts\/3662\/revisions"}],"predecessor-version":[{"id":12005,"href":"https:\/\/www.unihabit.com\/en\/wp-json\/wp\/v2\/posts\/3662\/revisions\/12005"}],"wp:featuredmedia":[{"embeddable":true,"href":"https:\/\/www.unihabit.com\/en\/wp-json\/wp\/v2\/media\/16496"}],"wp:attachment":[{"href":"https:\/\/www.unihabit.com\/en\/wp-json\/wp\/v2\/media?parent=3662"}],"wp:term":[{"taxonomy":"category","embeddable":true,"href":"https:\/\/www.unihabit.com\/en\/wp-json\/wp\/v2\/categories?post=3662"},{"taxonomy":"post_tag","embeddable":true,"href":"https:\/\/www.unihabit.com\/en\/wp-json\/wp\/v2\/tags?post=3662"}],"curies":[{"name":"wp","href":"https:\/\/api.w.org\/{rel}","templated":true}]}}